{"id":36892,"date":"2021-03-17T09:49:56","date_gmt":"2021-03-17T14:19:56","guid":{"rendered":"https:\/\/seryhumano.com\/web\/?p=36892"},"modified":"2021-03-17T09:51:02","modified_gmt":"2021-03-17T14:21:02","slug":"dolor-de-cabeza-un-simple-malestar","status":"publish","type":"post","link":"https:\/\/seryhumano.com\/web\/?p=36892","title":{"rendered":"Dolor de Cabeza \u00bfUn simple malestar?"},"content":{"rendered":"\n<figure class=\"wp-block-image size-large\"><img loading=\"lazy\" decoding=\"async\" width=\"1024\" height=\"698\" src=\"https:\/\/seryhumano.com\/web\/wp-content\/uploads\/2021\/03\/pexels-andrea-piacquadio-3808016-1024x698.jpg\" alt=\"Dolor de Cabeza\" class=\"wp-image-36894\" srcset=\"https:\/\/seryhumano.com\/web\/wp-content\/uploads\/2021\/03\/pexels-andrea-piacquadio-3808016-1024x698.jpg 1024w, https:\/\/seryhumano.com\/web\/wp-content\/uploads\/2021\/03\/pexels-andrea-piacquadio-3808016-300x205.jpg 300w, https:\/\/seryhumano.com\/web\/wp-content\/uploads\/2021\/03\/pexels-andrea-piacquadio-3808016-768x524.jpg 768w, https:\/\/seryhumano.com\/web\/wp-content\/uploads\/2021\/03\/pexels-andrea-piacquadio-3808016.jpg 1280w\" sizes=\"auto, (max-width: 1024px) 100vw, 1024px\" \/><figcaption>Foto de&nbsp;<strong><a href=\"https:\/\/www.pexels.com\/es-es\/@olly?utm_content=attributionCopyText&amp;utm_medium=referral&amp;utm_source=pexels\">Andrea Piacquadio<\/a><\/strong>&nbsp;en&nbsp;<strong><a href=\"https:\/\/www.pexels.com\/es-es\/foto\/estudiante-sufre-de-dolor-de-cabeza-en-casa-3808016\/?utm_content=attributionCopyText&amp;utm_medium=referral&amp;utm_source=pexels\">Pexels<\/a><\/strong><\/figcaption><\/figure>\n\n\n\n<h2 class=\"wp-block-heading\">\u00bfQu\u00e9 es un dolor de cabeza?<\/h2>\n\n\n\n<p><strong>\u201cCefalea\u201d<\/strong> es la palabra empleada para definir lo que se llama com\u00fanmente dolor de cabeza, y viene a formar parte de un s\u00edntoma; mas no un diagn\u00f3stico. Es el dolor experimentado con mayor frecuencia en los seres humanos, teniendo las siguientes curiosidades:<\/p>\n\n\n\n<ul class=\"wp-block-list\"><li>Aproximadamente un 91.3 % de la poblaci\u00f3n a nivel mundial ha padecido un<\/li><li>dolor de cabeza.<\/li><li>Los diversos tipos de cefaleas lo sufren media mitad del mundo.<\/li><li>La migra\u00f1a la padece una (1) de cada siete (7) personas.<\/li><li>La cefalea cr\u00f3nica afecta a una (1) de cada veinte (20) personas con frecuencia diaria o interdiaria.<\/li><li>Una persona puede padecer varios tipos de cefalea (ejemplo: neuralgia y migra\u00f1a, cefalea tensi\u00f3n y migra\u00f1a, entre otras).<\/li><\/ul>\n\n\n\n<h3 class=\"wp-block-heading\">Tipos de Cefaleas:<\/h3>\n\n\n\n<ul class=\"wp-block-list\" id=\"block-08d5fb32-2456-4d92-b3e0-3a8d640fea58\"><li><strong>Cefaleas Primarias<\/strong>: Implica como s\u00edntoma principal o \u00fanico al dolor de cabeza, implica que el mismo no forma parte de otra patolog\u00eda, all\u00ed pertenecen: la cefalea en racimos, la migra\u00f1a, la cefalea de tensi\u00f3n, entre otras.<\/li><li><strong>Cefaleas Secundarias<\/strong>: Conlleva a que es producto de otras patolog\u00edas, tales como: meningitis, hemorragia cerebral, tumores, sinusitis. Las distintas formas del dolor de cabeza asociadas, detectaran la causa secundaria con previa revisi\u00f3n m\u00e9dica.<\/li><\/ul>\n\n\n\n<p>Cabe destacar que hay otras causas distintas que pueden generar dolor de<br>cabeza, como lo son los dolores faciales, las neuropat\u00edas craneales llamado\u201cneuralgias\u201d que la misma se origina en la lesi\u00f3n nervio y el dolor transita hacia<br>las ramificaciones y suele confundirse con una cefalea.<\/p>\n\n\n\n<h2 class=\"wp-block-heading\">\u00bfC\u00f3mo se diagnostica?<\/h2>\n\n\n\n<p>El dolor de cabeza o cefalea es la causa con mayor recurrencia tanto para las consultas de atenci\u00f3n primaria como las neurol\u00f3gicas; no obstante, se presentan algunas dificultades debido a las siguientes razones:\uf0b7 S\u00edntomas dif\u00edciles de detectar.<\/p>\n\n\n\n<ul class=\"wp-block-list\"><li>Manifestaciones individuales infinitas.<\/li><li>La vinculaci\u00f3n de dos (2) o m\u00e1s trastornos que posea alguna patolog\u00eda cefalea.<\/li><li>La inaccesibilidad a los tratamientos adecuados y acertados.<\/li><\/ul>\n\n\n\n<p>Por lo antes expuesto es de vital importancia llevar a cabo un abordaje id\u00f3neo de la cefalea, mediante una completa historia cl\u00ednica, permitiendo al especialista tratante la clasificaci\u00f3n acertada, bien sea cefaleas primarias o secundarias y de ser esta \u00faltima, revisar los signos de alarma para detectar cu\u00e1l otra patolog\u00eda o condici\u00f3n la est\u00e1 generando.<\/p>\n\n\n\n<p>Para el seguimiento de cualquier caso es necesario preguntar: Hora donde se origina el dolor de cabeza, tiempo en que la misma perdura para avanzar y cualquier otra caracter\u00edstica que conlleva el dolor, la actividad que no puede continuar el paciente cuando se est\u00e1 originando la cefalea, y el c\u00f3mo solventa para mejorar la condici\u00f3n.<\/p>\n\n\n\n<p>Durante el examen f\u00edsico, tanto para ni\u00f1os como adulto se debe hacer una evaluaci\u00f3n general del paciente, revisando los signos vitales (presi\u00f3n arterial, frecuencia cardiaca, temperatura), \u00e1rea cef\u00e1lica (sintomatolog\u00eda de hidrocefalia), diagnostico de o\u00eddos, piel, entre otros. Adem\u00e1s, si la evaluaci\u00f3n proviene de un neur\u00f3logo debe a\u00f1adir ex\u00e1menes de conciencia, pares craneales, fuerza muscular, habla, orientaci\u00f3n y de reflejos.<\/p>\n\n\n\n<div class=\"wp-block-image\"><figure class=\"aligncenter size-large\"><img loading=\"lazy\" decoding=\"async\" width=\"1024\" height=\"682\" src=\"https:\/\/seryhumano.com\/web\/wp-content\/uploads\/2021\/03\/pexels-karolina-grabowska-4021775-1024x682.jpg\" alt=\"Dolor de Cabeza: Prescripci\u00f3n\" class=\"wp-image-36896\" srcset=\"https:\/\/seryhumano.com\/web\/wp-content\/uploads\/2021\/03\/pexels-karolina-grabowska-4021775-1024x682.jpg 1024w, https:\/\/seryhumano.com\/web\/wp-content\/uploads\/2021\/03\/pexels-karolina-grabowska-4021775-300x200.jpg 300w, https:\/\/seryhumano.com\/web\/wp-content\/uploads\/2021\/03\/pexels-karolina-grabowska-4021775-768x512.jpg 768w, https:\/\/seryhumano.com\/web\/wp-content\/uploads\/2021\/03\/pexels-karolina-grabowska-4021775.jpg 1280w\" sizes=\"auto, (max-width: 1024px) 100vw, 1024px\" \/><figcaption>Foto de&nbsp;<strong><a href=\"https:\/\/www.pexels.com\/es-es\/@karolina-grabowska?utm_content=attributionCopyText&amp;utm_medium=referral&amp;utm_source=pexels\">Karolina Grabowska<\/a><\/strong>&nbsp;en&nbsp;<strong><a href=\"https:\/\/www.pexels.com\/es-es\/foto\/sano-hombre-boligrafo-reloj-de-pulsera-4021775\/?utm_content=attributionCopyText&amp;utm_medium=referral&amp;utm_source=pexels\">Pexels<\/a><\/strong><\/figcaption><\/figure><\/div>\n\n\n\n<h3 class=\"wp-block-heading\">Prescripci\u00f3n<\/h3>\n\n\n\n<p>Cualquier cefalea detectada necesita de un tratamiento, la finalidad del mismo es que sea eficaz, que el paciente pueda tolerarlo, reduciendo as\u00ed los posibles efectos secundarios; no obstante, es necesario entender que los dolores de cabeza var\u00edan, tienen patrones cambiantes, y que el especialista determinar\u00e1 el tratamiento adecuado y la colaboraci\u00f3n del paciente en cumplir con lo recetado.<\/p>\n\n\n\n<h3 class=\"wp-block-heading\">Medidas generales no farmacol\u00f3gicas<\/h3>\n\n\n\n<p>Es una forma de dar con las razones que originaron la cefalea para as\u00ed evitarse, aunado a h\u00e1bitos de higiene para as\u00ed reducir la incidencia de algunos dolores de cabeza.Cabe destacar que hay agentes que no se pueden controlar, como la migra\u00f1a menstrual o la intervenci\u00f3n de agentes atmosf\u00e9ricos, pero no es impedimento para controlar horarios, y el consumo de ciertos alimentos que predisponen a alguna cefalea.<\/p>\n\n\n\n<p><\/p>\n\n\n\n<p>Lee m\u00e1s art\u00edculos de Alexa en <a href=\"https:\/\/seryhumano.com\/web\/author\/alexarelatos\/\">Seryhumano.com<\/a><br>&nbsp;<\/p>\n\n\n\n<p>Lic. Alexandra Colmenares<br><strong>Bibliotec\u00f3logo \u2013 Universidad Central de Venezuela.<\/strong><br>Twitter: <a href=\"https:\/\/twitter.com\/alexarelatos\" target=\"_blank\" rel=\"noreferrer noopener\">@alexarelatos<\/a><br>Correo: <a href=\"mailto:alexandra.colmenares@gmail.com\" target=\"_blank\" rel=\"noreferrer noopener\">alexandra.colmenares@gmail.com<\/a><\/p>\n\n\n\n<h4 class=\"wp-block-heading\">Fuentes consultadas.<\/h4>\n\n\n\n<pre class=\"wp-block-preformatted\">G\u00f3mes, M.; Serna, L. (2015). Cefalea: M\u00e1s que un simple dolor. Revista<br>Mexicana de Neurociencia [Revista en l\u00ednea], 16 (6). Consultado el 24 de agosto de 2019 en : <a href=\"http:\/\/revmexneuroci.com\/wp-content\/uploads\/2016\/03\/RevMexNeuroci-No-6-Nov-Dic-2015-41-53-R.pdf\" target=\"_blank\" rel=\"noreferrer noopener\">http:\/\/revmexneuroci.com\/wp-content\/uploads\/2016\/03\/RevMexNeuroci-No-6-Nov-Dic-2015-41-53-R.pdf<\/a><br>Mi Dolor de Cabeza. (2019). [P\u00e1gina web en l\u00ednea]. Disponible en: <a href=\"https:\/\/www.midolordecabeza.org\/\" target=\"_blank\" rel=\"noreferrer noopener\">https:\/\/www.midolordecabeza.org\/<\/a><\/pre>\n","protected":false},"excerpt":{"rendered":"<p>\u00bfQu\u00e9 es un dolor de cabeza? \u201cCefalea\u201d es la palabra empleada para definir lo que se llama com\u00fanmente dolor de cabeza, y viene a formar parte de un s\u00edntoma; mas no un diagn\u00f3stico. Es el dolor experimentado con mayor frecuencia en los seres humanos, teniendo las siguientes curiosidades: Aproximadamente un 91.3 % de la poblaci\u00f3n&hellip;<\/p>\n","protected":false},"author":310,"featured_media":36894,"comment_status":"closed","ping_status":"closed","sticky":false,"template":"","format":"standard","meta":{"footnotes":""},"categories":[120],"tags":[],"class_list":["post-36892","post","type-post","status-publish","format-standard","has-post-thumbnail","hentry","category-ser-saludable","category-120","description-off"],"yoast_head":"<!-- This site is optimized with the Yoast SEO plugin v25.4 - https:\/\/yoast.com\/wordpress\/plugins\/seo\/ -->\n<title>Dolor de Cabeza \u00bfUn simple malestar? &#187; SeryHumano.com<\/title>\n<meta name=\"description\" content=\"\u201cCefalea\u201d es la palabra empleada para definir lo que se llama com\u00fanmente dolor de cabeza, y viene a formar parte de un s\u00edntoma\" \/>\n<meta name=\"robots\" content=\"index, follow, max-snippet:-1, max-image-preview:large, max-video-preview:-1\" \/>\n<link rel=\"canonical\" href=\"https:\/\/seryhumano.com\/web\/?p=36892\" \/>\n<meta property=\"og:locale\" content=\"es_ES\" \/>\n<meta property=\"og:type\" content=\"article\" \/>\n<meta property=\"og:title\" content=\"Dolor de Cabeza \u00bfUn simple malestar? &#187; SeryHumano.com\" \/>\n<meta property=\"og:description\" content=\"\u201cCefalea\u201d es la palabra empleada para definir lo que se llama com\u00fanmente dolor de cabeza, y viene a formar parte de un s\u00edntoma\" \/>\n<meta property=\"og:url\" content=\"https:\/\/seryhumano.com\/web\/?p=36892\" \/>\n<meta property=\"og:site_name\" content=\"SeryHumano.com\" \/>\n<meta property=\"article:publisher\" content=\"https:\/\/www.facebook.com\/seryhumano\/\" \/>\n<meta property=\"article:published_time\" content=\"2021-03-17T14:19:56+00:00\" \/>\n<meta property=\"article:modified_time\" content=\"2021-03-17T14:21:02+00:00\" \/>\n<meta property=\"og:image\" content=\"https:\/\/seryhumano.com\/web\/wp-content\/uploads\/2021\/03\/pexels-andrea-piacquadio-3808016.jpg\" \/>\n\t<meta property=\"og:image:width\" content=\"1280\" \/>\n\t<meta property=\"og:image:height\" content=\"873\" \/>\n\t<meta property=\"og:image:type\" content=\"image\/jpeg\" \/>\n<meta name=\"author\" content=\"Alexandra Colmenares\" \/>\n<meta name=\"twitter:card\" content=\"summary_large_image\" \/>\n<meta name=\"twitter:creator\" content=\"@alexarelatos\" \/>\n<meta name=\"twitter:site\" content=\"@SeryHumano\" \/>\n<meta name=\"twitter:label1\" content=\"Escrito por\" \/>\n\t<meta name=\"twitter:data1\" content=\"Alexandra Colmenares\" \/>\n\t<meta name=\"twitter:label2\" content=\"Tiempo de lectura\" \/>\n\t<meta name=\"twitter:data2\" content=\"4 minutos\" \/>\n<script type=\"application\/ld+json\" class=\"yoast-schema-graph\">{\"@context\":\"https:\/\/schema.org\",\"@graph\":[{\"@type\":\"Article\",\"@id\":\"https:\/\/seryhumano.com\/web\/?p=36892#article\",\"isPartOf\":{\"@id\":\"https:\/\/seryhumano.com\/web\/?p=36892\"},\"author\":{\"name\":\"Alexandra Colmenares\",\"@id\":\"https:\/\/seryhumano.com\/web\/#\/schema\/person\/8b64460098271f23abc999f5f38cdf87\"},\"headline\":\"Dolor de Cabeza \u00bfUn simple malestar?\",\"datePublished\":\"2021-03-17T14:19:56+00:00\",\"dateModified\":\"2021-03-17T14:21:02+00:00\",\"mainEntityOfPage\":{\"@id\":\"https:\/\/seryhumano.com\/web\/?p=36892\"},\"wordCount\":703,\"publisher\":{\"@id\":\"https:\/\/seryhumano.com\/web\/#organization\"},\"image\":{\"@id\":\"https:\/\/seryhumano.com\/web\/?p=36892#primaryimage\"},\"thumbnailUrl\":\"https:\/\/seryhumano.com\/web\/wp-content\/uploads\/2021\/03\/pexels-andrea-piacquadio-3808016.jpg\",\"articleSection\":[\"Ser Saludable\"],\"inLanguage\":\"es\"},{\"@type\":\"WebPage\",\"@id\":\"https:\/\/seryhumano.com\/web\/?p=36892\",\"url\":\"https:\/\/seryhumano.com\/web\/?p=36892\",\"name\":\"Dolor de Cabeza \u00bfUn simple malestar? &#187; SeryHumano.com\",\"isPartOf\":{\"@id\":\"https:\/\/seryhumano.com\/web\/#website\"},\"primaryImageOfPage\":{\"@id\":\"https:\/\/seryhumano.com\/web\/?p=36892#primaryimage\"},\"image\":{\"@id\":\"https:\/\/seryhumano.com\/web\/?p=36892#primaryimage\"},\"thumbnailUrl\":\"https:\/\/seryhumano.com\/web\/wp-content\/uploads\/2021\/03\/pexels-andrea-piacquadio-3808016.jpg\",\"datePublished\":\"2021-03-17T14:19:56+00:00\",\"dateModified\":\"2021-03-17T14:21:02+00:00\",\"description\":\"\u201cCefalea\u201d es la palabra empleada para definir lo que se llama com\u00fanmente dolor de cabeza, y viene a formar parte de un s\u00edntoma\",\"breadcrumb\":{\"@id\":\"https:\/\/seryhumano.com\/web\/?p=36892#breadcrumb\"},\"inLanguage\":\"es\",\"potentialAction\":[{\"@type\":\"ReadAction\",\"target\":[\"https:\/\/seryhumano.com\/web\/?p=36892\"]}]},{\"@type\":\"ImageObject\",\"inLanguage\":\"es\",\"@id\":\"https:\/\/seryhumano.com\/web\/?p=36892#primaryimage\",\"url\":\"https:\/\/seryhumano.com\/web\/wp-content\/uploads\/2021\/03\/pexels-andrea-piacquadio-3808016.jpg\",\"contentUrl\":\"https:\/\/seryhumano.com\/web\/wp-content\/uploads\/2021\/03\/pexels-andrea-piacquadio-3808016.jpg\",\"width\":1280,\"height\":873},{\"@type\":\"BreadcrumbList\",\"@id\":\"https:\/\/seryhumano.com\/web\/?p=36892#breadcrumb\",\"itemListElement\":[{\"@type\":\"ListItem\",\"position\":1,\"name\":\"Portada\",\"item\":\"https:\/\/seryhumano.com\/web\/\"},{\"@type\":\"ListItem\",\"position\":2,\"name\":\"Dolor de Cabeza \u00bfUn simple malestar?\"}]},{\"@type\":\"WebSite\",\"@id\":\"https:\/\/seryhumano.com\/web\/#website\",\"url\":\"https:\/\/seryhumano.com\/web\/\",\"name\":\"SeryHumano.com\",\"description\":\"Revista digital muy humana, donde lo mas importante es el Ser...\",\"publisher\":{\"@id\":\"https:\/\/seryhumano.com\/web\/#organization\"},\"potentialAction\":[{\"@type\":\"SearchAction\",\"target\":{\"@type\":\"EntryPoint\",\"urlTemplate\":\"https:\/\/seryhumano.com\/web\/?s={search_term_string}\"},\"query-input\":{\"@type\":\"PropertyValueSpecification\",\"valueRequired\":true,\"valueName\":\"search_term_string\"}}],\"inLanguage\":\"es\"},{\"@type\":\"Organization\",\"@id\":\"https:\/\/seryhumano.com\/web\/#organization\",\"name\":\"SeryHumano.com\",\"url\":\"https:\/\/seryhumano.com\/web\/\",\"logo\":{\"@type\":\"ImageObject\",\"inLanguage\":\"es\",\"@id\":\"https:\/\/seryhumano.com\/web\/#\/schema\/logo\/image\/\",\"url\":\"https:\/\/seryhumano.com\/web\/wp-content\/uploads\/2020\/02\/JNe5VRwH_400x400-2.jpg\",\"contentUrl\":\"https:\/\/seryhumano.com\/web\/wp-content\/uploads\/2020\/02\/JNe5VRwH_400x400-2.jpg\",\"width\":400,\"height\":400,\"caption\":\"SeryHumano.com\"},\"image\":{\"@id\":\"https:\/\/seryhumano.com\/web\/#\/schema\/logo\/image\/\"},\"sameAs\":[\"https:\/\/www.facebook.com\/seryhumano\/\",\"https:\/\/x.com\/SeryHumano\",\"https:\/\/www.instagram.com\/seryhumano\/\",\"https:\/\/www.linkedin.com\/company\/seryhumano-com\/\",\"https:\/\/www.youtube.com\/channel\/UCYfgIGSxygVnJAW0e9ZBZWg\"]},{\"@type\":\"Person\",\"@id\":\"https:\/\/seryhumano.com\/web\/#\/schema\/person\/8b64460098271f23abc999f5f38cdf87\",\"name\":\"Alexandra Colmenares\",\"sameAs\":[\"https:\/\/seryhumano.com\/\",\"https:\/\/x.com\/alexarelatos\"],\"url\":\"https:\/\/seryhumano.com\/web\/?author=310\"}]}<\/script>\n<!-- \/ Yoast SEO plugin. -->","yoast_head_json":{"title":"Dolor de Cabeza \u00bfUn simple malestar? &#187; SeryHumano.com","description":"\u201cCefalea\u201d es la palabra empleada para definir lo que se llama com\u00fanmente dolor de cabeza, y viene a formar parte de un s\u00edntoma","robots":{"index":"index","follow":"follow","max-snippet":"max-snippet:-1","max-image-preview":"max-image-preview:large","max-video-preview":"max-video-preview:-1"},"canonical":"https:\/\/seryhumano.com\/web\/?p=36892","og_locale":"es_ES","og_type":"article","og_title":"Dolor de Cabeza \u00bfUn simple malestar? &#187; SeryHumano.com","og_description":"\u201cCefalea\u201d es la palabra empleada para definir lo que se llama com\u00fanmente dolor de cabeza, y viene a formar parte de un s\u00edntoma","og_url":"https:\/\/seryhumano.com\/web\/?p=36892","og_site_name":"SeryHumano.com","article_publisher":"https:\/\/www.facebook.com\/seryhumano\/","article_published_time":"2021-03-17T14:19:56+00:00","article_modified_time":"2021-03-17T14:21:02+00:00","og_image":[{"width":1280,"height":873,"url":"https:\/\/seryhumano.com\/web\/wp-content\/uploads\/2021\/03\/pexels-andrea-piacquadio-3808016.jpg","type":"image\/jpeg"}],"author":"Alexandra Colmenares","twitter_card":"summary_large_image","twitter_creator":"@alexarelatos","twitter_site":"@SeryHumano","twitter_misc":{"Escrito por":"Alexandra Colmenares","Tiempo de lectura":"4 minutos"},"schema":{"@context":"https:\/\/schema.org","@graph":[{"@type":"Article","@id":"https:\/\/seryhumano.com\/web\/?p=36892#article","isPartOf":{"@id":"https:\/\/seryhumano.com\/web\/?p=36892"},"author":{"name":"Alexandra Colmenares","@id":"https:\/\/seryhumano.com\/web\/#\/schema\/person\/8b64460098271f23abc999f5f38cdf87"},"headline":"Dolor de Cabeza \u00bfUn simple malestar?","datePublished":"2021-03-17T14:19:56+00:00","dateModified":"2021-03-17T14:21:02+00:00","mainEntityOfPage":{"@id":"https:\/\/seryhumano.com\/web\/?p=36892"},"wordCount":703,"publisher":{"@id":"https:\/\/seryhumano.com\/web\/#organization"},"image":{"@id":"https:\/\/seryhumano.com\/web\/?p=36892#primaryimage"},"thumbnailUrl":"https:\/\/seryhumano.com\/web\/wp-content\/uploads\/2021\/03\/pexels-andrea-piacquadio-3808016.jpg","articleSection":["Ser Saludable"],"inLanguage":"es"},{"@type":"WebPage","@id":"https:\/\/seryhumano.com\/web\/?p=36892","url":"https:\/\/seryhumano.com\/web\/?p=36892","name":"Dolor de Cabeza \u00bfUn simple malestar? &#187; SeryHumano.com","isPartOf":{"@id":"https:\/\/seryhumano.com\/web\/#website"},"primaryImageOfPage":{"@id":"https:\/\/seryhumano.com\/web\/?p=36892#primaryimage"},"image":{"@id":"https:\/\/seryhumano.com\/web\/?p=36892#primaryimage"},"thumbnailUrl":"https:\/\/seryhumano.com\/web\/wp-content\/uploads\/2021\/03\/pexels-andrea-piacquadio-3808016.jpg","datePublished":"2021-03-17T14:19:56+00:00","dateModified":"2021-03-17T14:21:02+00:00","description":"\u201cCefalea\u201d es la palabra empleada para definir lo que se llama com\u00fanmente dolor de cabeza, y viene a formar parte de un s\u00edntoma","breadcrumb":{"@id":"https:\/\/seryhumano.com\/web\/?p=36892#breadcrumb"},"inLanguage":"es","potentialAction":[{"@type":"ReadAction","target":["https:\/\/seryhumano.com\/web\/?p=36892"]}]},{"@type":"ImageObject","inLanguage":"es","@id":"https:\/\/seryhumano.com\/web\/?p=36892#primaryimage","url":"https:\/\/seryhumano.com\/web\/wp-content\/uploads\/2021\/03\/pexels-andrea-piacquadio-3808016.jpg","contentUrl":"https:\/\/seryhumano.com\/web\/wp-content\/uploads\/2021\/03\/pexels-andrea-piacquadio-3808016.jpg","width":1280,"height":873},{"@type":"BreadcrumbList","@id":"https:\/\/seryhumano.com\/web\/?p=36892#breadcrumb","itemListElement":[{"@type":"ListItem","position":1,"name":"Portada","item":"https:\/\/seryhumano.com\/web\/"},{"@type":"ListItem","position":2,"name":"Dolor de Cabeza \u00bfUn simple malestar?"}]},{"@type":"WebSite","@id":"https:\/\/seryhumano.com\/web\/#website","url":"https:\/\/seryhumano.com\/web\/","name":"SeryHumano.com","description":"Revista digital muy humana, donde lo mas importante es el Ser...","publisher":{"@id":"https:\/\/seryhumano.com\/web\/#organization"},"potentialAction":[{"@type":"SearchAction","target":{"@type":"EntryPoint","urlTemplate":"https:\/\/seryhumano.com\/web\/?s={search_term_string}"},"query-input":{"@type":"PropertyValueSpecification","valueRequired":true,"valueName":"search_term_string"}}],"inLanguage":"es"},{"@type":"Organization","@id":"https:\/\/seryhumano.com\/web\/#organization","name":"SeryHumano.com","url":"https:\/\/seryhumano.com\/web\/","logo":{"@type":"ImageObject","inLanguage":"es","@id":"https:\/\/seryhumano.com\/web\/#\/schema\/logo\/image\/","url":"https:\/\/seryhumano.com\/web\/wp-content\/uploads\/2020\/02\/JNe5VRwH_400x400-2.jpg","contentUrl":"https:\/\/seryhumano.com\/web\/wp-content\/uploads\/2020\/02\/JNe5VRwH_400x400-2.jpg","width":400,"height":400,"caption":"SeryHumano.com"},"image":{"@id":"https:\/\/seryhumano.com\/web\/#\/schema\/logo\/image\/"},"sameAs":["https:\/\/www.facebook.com\/seryhumano\/","https:\/\/x.com\/SeryHumano","https:\/\/www.instagram.com\/seryhumano\/","https:\/\/www.linkedin.com\/company\/seryhumano-com\/","https:\/\/www.youtube.com\/channel\/UCYfgIGSxygVnJAW0e9ZBZWg"]},{"@type":"Person","@id":"https:\/\/seryhumano.com\/web\/#\/schema\/person\/8b64460098271f23abc999f5f38cdf87","name":"Alexandra Colmenares","sameAs":["https:\/\/seryhumano.com\/","https:\/\/x.com\/alexarelatos"],"url":"https:\/\/seryhumano.com\/web\/?author=310"}]}},"_links":{"self":[{"href":"https:\/\/seryhumano.com\/web\/index.php?rest_route=\/wp\/v2\/posts\/36892","targetHints":{"allow":["GET"]}}],"collection":[{"href":"https:\/\/seryhumano.com\/web\/index.php?rest_route=\/wp\/v2\/posts"}],"about":[{"href":"https:\/\/seryhumano.com\/web\/index.php?rest_route=\/wp\/v2\/types\/post"}],"author":[{"embeddable":true,"href":"https:\/\/seryhumano.com\/web\/index.php?rest_route=\/wp\/v2\/users\/310"}],"replies":[{"embeddable":true,"href":"https:\/\/seryhumano.com\/web\/index.php?rest_route=%2Fwp%2Fv2%2Fcomments&post=36892"}],"version-history":[{"count":0,"href":"https:\/\/seryhumano.com\/web\/index.php?rest_route=\/wp\/v2\/posts\/36892\/revisions"}],"wp:featuredmedia":[{"embeddable":true,"href":"https:\/\/seryhumano.com\/web\/index.php?rest_route=\/wp\/v2\/media\/36894"}],"wp:attachment":[{"href":"https:\/\/seryhumano.com\/web\/index.php?rest_route=%2Fwp%2Fv2%2Fmedia&parent=36892"}],"wp:term":[{"taxonomy":"category","embeddable":true,"href":"https:\/\/seryhumano.com\/web\/index.php?rest_route=%2Fwp%2Fv2%2Fcategories&post=36892"},{"taxonomy":"post_tag","embeddable":true,"href":"https:\/\/seryhumano.com\/web\/index.php?rest_route=%2Fwp%2Fv2%2Ftags&post=36892"}],"curies":[{"name":"wp","href":"https:\/\/api.w.org\/{rel}","templated":true}]}}