{"id":37132,"date":"2021-04-29T03:58:50","date_gmt":"2021-04-29T08:28:50","guid":{"rendered":"https:\/\/seryhumano.com\/web\/?p=37132"},"modified":"2021-04-29T03:58:57","modified_gmt":"2021-04-29T08:28:57","slug":"celebra-el-dia-de-la-danza-junto-al-ballet-de-santiago-y-participa-en-una-clase-con-sus-bailarines","status":"publish","type":"post","link":"https:\/\/seryhumano.com\/web\/?p=37132","title":{"rendered":"Celebra el D\u00eda de la Danza junto al Ballet de Santiago y participa en una clase con sus bailarines"},"content":{"rendered":"\n<blockquote class=\"wp-block-quote is-layout-flow wp-block-quote-is-layout-flow\"><p><strong>Las sesiones ser\u00e1n online:<\/strong><\/p><\/blockquote>\n\n\n\n<div class=\"wp-block-image\"><figure class=\"aligncenter size-large\"><img loading=\"lazy\" decoding=\"async\" width=\"1024\" height=\"656\" src=\"https:\/\/seryhumano.com\/web\/wp-content\/uploads\/2021\/04\/Clase-ballet-1024x656.jpg\" alt=\"Celebra\" class=\"wp-image-37133\" srcset=\"https:\/\/seryhumano.com\/web\/wp-content\/uploads\/2021\/04\/Clase-ballet-1024x656.jpg 1024w, https:\/\/seryhumano.com\/web\/wp-content\/uploads\/2021\/04\/Clase-ballet-300x192.jpg 300w, https:\/\/seryhumano.com\/web\/wp-content\/uploads\/2021\/04\/Clase-ballet-768x492.jpg 768w, https:\/\/seryhumano.com\/web\/wp-content\/uploads\/2021\/04\/Clase-ballet-1536x984.jpg 1536w, https:\/\/seryhumano.com\/web\/wp-content\/uploads\/2021\/04\/Clase-ballet-2048x1312.jpg 2048w\" sizes=\"auto, (max-width: 1024px) 100vw, 1024px\" \/><\/figure><\/div>\n\n\n\n<p>Este jueves 29 de abril, el cuerpo estable del Teatro Municipal de Santiago ofrecer\u00e1 dos clases gratuitas, una abierta al p\u00fablico general y otra dirigida a escuelas y academias de danza. Los cupos son limitados, previa inscripci\u00f3n en municipal.cl.<\/p>\n\n\n\n<p>A solo d\u00edas de haber cumplido 62 a\u00f1os, el Ballet de Santiago se prepara para otra celebraci\u00f3n. En el marco del D\u00eda Internacional de la Danza, que se conmemora el 29 de abril, la compa\u00f1\u00eda de ballet del Teatro Municipal de Santiago ofrecer\u00e1 por primera vez clases abiertas al p\u00fablico.<\/p>\n\n\n\n<p>Dirigidas a personas desde los 12 a\u00f1os, estas clases gratuitas y online estar\u00e1n a cargo de maestros, bailarines y bailarinas del Ballet de Santiago. La primera de ellas se realizar\u00e1 el jueves 29 a las 10:30 horas y estar\u00e1 abierta a todas las personas. La segunda, en tanto, se realizar\u00e1 a las 16:30 horas del mismo jueves 29 y estar\u00e1 dirigida a escuelas y academias de danza cl\u00e1sica.<\/p>\n\n\n\n<p>Al finalizar cada clase, se realizar\u00e1 un conversatorio en el que los participantes podr\u00e1n interactuar de manera distendida con sus maestros. Para participar, es necesario inscribirse en municipal.cl.<\/p>\n\n\n\n<p>\u201c<em>Estamos muy contentos de celebrar el D\u00eda Internacional de la Danza compartiendo con p\u00fablicos de todo Chile. Las personas que siguen nuestro trabajo quieren tambi\u00e9n ver y ser parte de la rutina diaria de entrenamiento del Ballet de Santiago<\/em>\u201d, dice Luis Ortigoza, director art\u00edstico de este ballet.<\/p>\n\n\n\n<p>\u201c<em>Esperamos ansiosos el momento de volver a encontrarnos en el escenario, y mientras llega ese d\u00eda, nos motiva la idea de mostrar y compartir c\u00f3mo estamos trabajando en estos tiempos. As\u00ed es que los invitamos a ser parte de esta clase, porque el Ballet de Santiago se construye junto al p\u00fablico<\/em>\u201d.<\/p>\n\n\n\n<p>Formado en 1959 con el nombre de Ballet de Arte Moderno, el Ballet de Santiago es la \u00fanica compa\u00f1\u00eda de danza cl\u00e1sica profesional de Chile, adem\u00e1s de una de las m\u00e1s importantes de Latinoam\u00e9rica, por su dominio del repertorio cl\u00e1sico, su cercana relaci\u00f3n con core\u00f3grafos contempor\u00e1neos, la calidad de sus artistas y la experiencia de sus maestros.<\/p>\n\n\n\n<p>Tras 20 a\u00f1os bajo la direcci\u00f3n art\u00edstica de la bailarina Marcia Hayd\u00e9e, en 2021 Luis Ortigoza, bailar\u00edn y core\u00f3grafo argentino nacionalizado chileno, pas\u00f3 a estar al frente de este cuerpo de danza.<\/p>\n\n\n\n<p><a href=\"https:\/\/seryhumano.com\/web\/\">seryhumano.com<\/a><\/p>\n\n\n\n<p>M\u00e1s informaci\u00f3n en <a href=\"http:\/\/www.municipal.cl\">www.municipal.cl<\/a><\/p>\n\n\n\n<p>Si quiere recibir en su celular esta y otras informaciones y art\u00edculos descargue Telegram, ingrese al link <a href=\"htts:\/\/t.me\/seryhumano\">htts:\/\/t.me\/seryhumano<\/a> y dele clic a +Unirme<\/p>\n","protected":false},"excerpt":{"rendered":"<p>Las sesiones ser\u00e1n online: Este jueves 29 de abril, el cuerpo estable del Teatro Municipal de Santiago ofrecer\u00e1 dos clases gratuitas, una abierta al p\u00fablico general y otra dirigida a escuelas y academias de danza. Los cupos son limitados, previa inscripci\u00f3n en municipal.cl. A solo d\u00edas de haber cumplido 62 a\u00f1os, el Ballet de Santiago&hellip;<\/p>\n","protected":false},"author":305,"featured_media":37133,"comment_status":"closed","ping_status":"closed","sticky":false,"template":"","format":"standard","meta":{"footnotes":""},"categories":[110],"tags":[1050,7131,3532,1301,167,959,7130,6860,7129,6040],"class_list":["post-37132","post","type-post","status-publish","format-standard","has-post-thumbnail","hentry","category-noticias","tag-ballet","tag-ballet-de-santiago","tag-celebra","tag-chile","tag-cultura","tag-danza","tag-dia-de-la-danza","tag-online","tag-sesiones","tag-teatro-municipal","category-110","description-off"],"yoast_head":"<!-- This site is optimized with the Yoast SEO plugin v25.4 - https:\/\/yoast.com\/wordpress\/plugins\/seo\/ -->\n<title>Celebra el D\u00eda de la Danza junto al Ballet de Santiago<\/title>\n<meta name=\"description\" content=\"Celebra el D\u00eda de la Danza junto al Ballet de Santiago y participa en una clase con sus bailarines. Formado en 1959 con el nombre de Ballet\" \/>\n<meta name=\"robots\" content=\"index, follow, max-snippet:-1, max-image-preview:large, max-video-preview:-1\" \/>\n<link rel=\"canonical\" href=\"https:\/\/seryhumano.com\/web\/?p=37132\" \/>\n<meta property=\"og:locale\" content=\"es_ES\" \/>\n<meta property=\"og:type\" content=\"article\" \/>\n<meta property=\"og:title\" content=\"Celebra el D\u00eda de la Danza junto al Ballet de Santiago\" \/>\n<meta property=\"og:description\" content=\"Celebra el D\u00eda de la Danza junto al Ballet de Santiago y participa en una clase con sus bailarines. Formado en 1959 con el nombre de Ballet\" \/>\n<meta property=\"og:url\" content=\"https:\/\/seryhumano.com\/web\/?p=37132\" \/>\n<meta property=\"og:site_name\" content=\"SeryHumano.com\" \/>\n<meta property=\"article:publisher\" content=\"https:\/\/www.facebook.com\/seryhumano\/\" \/>\n<meta property=\"article:published_time\" content=\"2021-04-29T08:28:50+00:00\" \/>\n<meta property=\"article:modified_time\" content=\"2021-04-29T08:28:57+00:00\" \/>\n<meta property=\"og:image\" content=\"https:\/\/seryhumano.com\/web\/wp-content\/uploads\/2021\/04\/Clase-ballet-scaled.jpg\" \/>\n\t<meta property=\"og:image:width\" content=\"2560\" \/>\n\t<meta property=\"og:image:height\" content=\"1640\" \/>\n\t<meta property=\"og:image:type\" content=\"image\/jpeg\" \/>\n<meta name=\"author\" content=\"Redacci\u00f3n SeryHumano.com\" \/>\n<meta name=\"twitter:card\" content=\"summary_large_image\" \/>\n<meta name=\"twitter:creator\" content=\"@SeryHumano\" \/>\n<meta name=\"twitter:site\" content=\"@SeryHumano\" \/>\n<meta name=\"twitter:label1\" content=\"Escrito por\" \/>\n\t<meta name=\"twitter:data1\" content=\"Redacci\u00f3n SeryHumano.com\" \/>\n\t<meta name=\"twitter:label2\" content=\"Tiempo de lectura\" \/>\n\t<meta name=\"twitter:data2\" content=\"2 minutos\" \/>\n<script type=\"application\/ld+json\" class=\"yoast-schema-graph\">{\"@context\":\"https:\/\/schema.org\",\"@graph\":[{\"@type\":\"Article\",\"@id\":\"https:\/\/seryhumano.com\/web\/?p=37132#article\",\"isPartOf\":{\"@id\":\"https:\/\/seryhumano.com\/web\/?p=37132\"},\"author\":{\"name\":\"Redacci\u00f3n SeryHumano.com\",\"@id\":\"https:\/\/seryhumano.com\/web\/#\/schema\/person\/f4adb88e2944ce8c1d005724eb1186d6\"},\"headline\":\"Celebra el D\u00eda de la Danza junto al Ballet de Santiago y participa en una clase con sus bailarines\",\"datePublished\":\"2021-04-29T08:28:50+00:00\",\"dateModified\":\"2021-04-29T08:28:57+00:00\",\"mainEntityOfPage\":{\"@id\":\"https:\/\/seryhumano.com\/web\/?p=37132\"},\"wordCount\":459,\"publisher\":{\"@id\":\"https:\/\/seryhumano.com\/web\/#organization\"},\"image\":{\"@id\":\"https:\/\/seryhumano.com\/web\/?p=37132#primaryimage\"},\"thumbnailUrl\":\"https:\/\/seryhumano.com\/web\/wp-content\/uploads\/2021\/04\/Clase-ballet-scaled.jpg\",\"keywords\":[\"Ballet\",\"Ballet de Santiago\",\"Celebra\",\"Chile\",\"cultura\",\"Danza\",\"D\u00eda de la Danza\",\"online\",\"sesiones\",\"Teatro Municipal\"],\"articleSection\":[\"Noticias\"],\"inLanguage\":\"es\"},{\"@type\":\"WebPage\",\"@id\":\"https:\/\/seryhumano.com\/web\/?p=37132\",\"url\":\"https:\/\/seryhumano.com\/web\/?p=37132\",\"name\":\"Celebra el D\u00eda de la Danza junto al Ballet de Santiago\",\"isPartOf\":{\"@id\":\"https:\/\/seryhumano.com\/web\/#website\"},\"primaryImageOfPage\":{\"@id\":\"https:\/\/seryhumano.com\/web\/?p=37132#primaryimage\"},\"image\":{\"@id\":\"https:\/\/seryhumano.com\/web\/?p=37132#primaryimage\"},\"thumbnailUrl\":\"https:\/\/seryhumano.com\/web\/wp-content\/uploads\/2021\/04\/Clase-ballet-scaled.jpg\",\"datePublished\":\"2021-04-29T08:28:50+00:00\",\"dateModified\":\"2021-04-29T08:28:57+00:00\",\"description\":\"Celebra el D\u00eda de la Danza junto al Ballet de Santiago y participa en una clase con sus bailarines. Formado en 1959 con el nombre de Ballet\",\"breadcrumb\":{\"@id\":\"https:\/\/seryhumano.com\/web\/?p=37132#breadcrumb\"},\"inLanguage\":\"es\",\"potentialAction\":[{\"@type\":\"ReadAction\",\"target\":[\"https:\/\/seryhumano.com\/web\/?p=37132\"]}]},{\"@type\":\"ImageObject\",\"inLanguage\":\"es\",\"@id\":\"https:\/\/seryhumano.com\/web\/?p=37132#primaryimage\",\"url\":\"https:\/\/seryhumano.com\/web\/wp-content\/uploads\/2021\/04\/Clase-ballet-scaled.jpg\",\"contentUrl\":\"https:\/\/seryhumano.com\/web\/wp-content\/uploads\/2021\/04\/Clase-ballet-scaled.jpg\",\"width\":2560,\"height\":1640},{\"@type\":\"BreadcrumbList\",\"@id\":\"https:\/\/seryhumano.com\/web\/?p=37132#breadcrumb\",\"itemListElement\":[{\"@type\":\"ListItem\",\"position\":1,\"name\":\"Portada\",\"item\":\"https:\/\/seryhumano.com\/web\/\"},{\"@type\":\"ListItem\",\"position\":2,\"name\":\"Celebra el D\u00eda de la Danza junto al Ballet de Santiago y participa en una clase con sus bailarines\"}]},{\"@type\":\"WebSite\",\"@id\":\"https:\/\/seryhumano.com\/web\/#website\",\"url\":\"https:\/\/seryhumano.com\/web\/\",\"name\":\"SeryHumano.com\",\"description\":\"Revista digital muy humana, donde lo mas importante es el Ser...\",\"publisher\":{\"@id\":\"https:\/\/seryhumano.com\/web\/#organization\"},\"potentialAction\":[{\"@type\":\"SearchAction\",\"target\":{\"@type\":\"EntryPoint\",\"urlTemplate\":\"https:\/\/seryhumano.com\/web\/?s={search_term_string}\"},\"query-input\":{\"@type\":\"PropertyValueSpecification\",\"valueRequired\":true,\"valueName\":\"search_term_string\"}}],\"inLanguage\":\"es\"},{\"@type\":\"Organization\",\"@id\":\"https:\/\/seryhumano.com\/web\/#organization\",\"name\":\"SeryHumano.com\",\"url\":\"https:\/\/seryhumano.com\/web\/\",\"logo\":{\"@type\":\"ImageObject\",\"inLanguage\":\"es\",\"@id\":\"https:\/\/seryhumano.com\/web\/#\/schema\/logo\/image\/\",\"url\":\"https:\/\/seryhumano.com\/web\/wp-content\/uploads\/2020\/02\/JNe5VRwH_400x400-2.jpg\",\"contentUrl\":\"https:\/\/seryhumano.com\/web\/wp-content\/uploads\/2020\/02\/JNe5VRwH_400x400-2.jpg\",\"width\":400,\"height\":400,\"caption\":\"SeryHumano.com\"},\"image\":{\"@id\":\"https:\/\/seryhumano.com\/web\/#\/schema\/logo\/image\/\"},\"sameAs\":[\"https:\/\/www.facebook.com\/seryhumano\/\",\"https:\/\/x.com\/SeryHumano\",\"https:\/\/www.instagram.com\/seryhumano\/\",\"https:\/\/www.linkedin.com\/company\/seryhumano-com\/\",\"https:\/\/www.youtube.com\/channel\/UCYfgIGSxygVnJAW0e9ZBZWg\"]},{\"@type\":\"Person\",\"@id\":\"https:\/\/seryhumano.com\/web\/#\/schema\/person\/f4adb88e2944ce8c1d005724eb1186d6\",\"name\":\"Redacci\u00f3n SeryHumano.com\",\"sameAs\":[\"http:\/\/seryhumano.com\"],\"url\":\"https:\/\/seryhumano.com\/web\/?author=305\"}]}<\/script>\n<!-- \/ Yoast SEO plugin. -->","yoast_head_json":{"title":"Celebra el D\u00eda de la Danza junto al Ballet de Santiago","description":"Celebra el D\u00eda de la Danza junto al Ballet de Santiago y participa en una clase con sus bailarines. Formado en 1959 con el nombre de Ballet","robots":{"index":"index","follow":"follow","max-snippet":"max-snippet:-1","max-image-preview":"max-image-preview:large","max-video-preview":"max-video-preview:-1"},"canonical":"https:\/\/seryhumano.com\/web\/?p=37132","og_locale":"es_ES","og_type":"article","og_title":"Celebra el D\u00eda de la Danza junto al Ballet de Santiago","og_description":"Celebra el D\u00eda de la Danza junto al Ballet de Santiago y participa en una clase con sus bailarines. Formado en 1959 con el nombre de Ballet","og_url":"https:\/\/seryhumano.com\/web\/?p=37132","og_site_name":"SeryHumano.com","article_publisher":"https:\/\/www.facebook.com\/seryhumano\/","article_published_time":"2021-04-29T08:28:50+00:00","article_modified_time":"2021-04-29T08:28:57+00:00","og_image":[{"width":2560,"height":1640,"url":"https:\/\/seryhumano.com\/web\/wp-content\/uploads\/2021\/04\/Clase-ballet-scaled.jpg","type":"image\/jpeg"}],"author":"Redacci\u00f3n SeryHumano.com","twitter_card":"summary_large_image","twitter_creator":"@SeryHumano","twitter_site":"@SeryHumano","twitter_misc":{"Escrito por":"Redacci\u00f3n SeryHumano.com","Tiempo de lectura":"2 minutos"},"schema":{"@context":"https:\/\/schema.org","@graph":[{"@type":"Article","@id":"https:\/\/seryhumano.com\/web\/?p=37132#article","isPartOf":{"@id":"https:\/\/seryhumano.com\/web\/?p=37132"},"author":{"name":"Redacci\u00f3n SeryHumano.com","@id":"https:\/\/seryhumano.com\/web\/#\/schema\/person\/f4adb88e2944ce8c1d005724eb1186d6"},"headline":"Celebra el D\u00eda de la Danza junto al Ballet de Santiago y participa en una clase con sus bailarines","datePublished":"2021-04-29T08:28:50+00:00","dateModified":"2021-04-29T08:28:57+00:00","mainEntityOfPage":{"@id":"https:\/\/seryhumano.com\/web\/?p=37132"},"wordCount":459,"publisher":{"@id":"https:\/\/seryhumano.com\/web\/#organization"},"image":{"@id":"https:\/\/seryhumano.com\/web\/?p=37132#primaryimage"},"thumbnailUrl":"https:\/\/seryhumano.com\/web\/wp-content\/uploads\/2021\/04\/Clase-ballet-scaled.jpg","keywords":["Ballet","Ballet de Santiago","Celebra","Chile","cultura","Danza","D\u00eda de la Danza","online","sesiones","Teatro Municipal"],"articleSection":["Noticias"],"inLanguage":"es"},{"@type":"WebPage","@id":"https:\/\/seryhumano.com\/web\/?p=37132","url":"https:\/\/seryhumano.com\/web\/?p=37132","name":"Celebra el D\u00eda de la Danza junto al Ballet de Santiago","isPartOf":{"@id":"https:\/\/seryhumano.com\/web\/#website"},"primaryImageOfPage":{"@id":"https:\/\/seryhumano.com\/web\/?p=37132#primaryimage"},"image":{"@id":"https:\/\/seryhumano.com\/web\/?p=37132#primaryimage"},"thumbnailUrl":"https:\/\/seryhumano.com\/web\/wp-content\/uploads\/2021\/04\/Clase-ballet-scaled.jpg","datePublished":"2021-04-29T08:28:50+00:00","dateModified":"2021-04-29T08:28:57+00:00","description":"Celebra el D\u00eda de la Danza junto al Ballet de Santiago y participa en una clase con sus bailarines. Formado en 1959 con el nombre de Ballet","breadcrumb":{"@id":"https:\/\/seryhumano.com\/web\/?p=37132#breadcrumb"},"inLanguage":"es","potentialAction":[{"@type":"ReadAction","target":["https:\/\/seryhumano.com\/web\/?p=37132"]}]},{"@type":"ImageObject","inLanguage":"es","@id":"https:\/\/seryhumano.com\/web\/?p=37132#primaryimage","url":"https:\/\/seryhumano.com\/web\/wp-content\/uploads\/2021\/04\/Clase-ballet-scaled.jpg","contentUrl":"https:\/\/seryhumano.com\/web\/wp-content\/uploads\/2021\/04\/Clase-ballet-scaled.jpg","width":2560,"height":1640},{"@type":"BreadcrumbList","@id":"https:\/\/seryhumano.com\/web\/?p=37132#breadcrumb","itemListElement":[{"@type":"ListItem","position":1,"name":"Portada","item":"https:\/\/seryhumano.com\/web\/"},{"@type":"ListItem","position":2,"name":"Celebra el D\u00eda de la Danza junto al Ballet de Santiago y participa en una clase con sus bailarines"}]},{"@type":"WebSite","@id":"https:\/\/seryhumano.com\/web\/#website","url":"https:\/\/seryhumano.com\/web\/","name":"SeryHumano.com","description":"Revista digital muy humana, donde lo mas importante es el Ser...","publisher":{"@id":"https:\/\/seryhumano.com\/web\/#organization"},"potentialAction":[{"@type":"SearchAction","target":{"@type":"EntryPoint","urlTemplate":"https:\/\/seryhumano.com\/web\/?s={search_term_string}"},"query-input":{"@type":"PropertyValueSpecification","valueRequired":true,"valueName":"search_term_string"}}],"inLanguage":"es"},{"@type":"Organization","@id":"https:\/\/seryhumano.com\/web\/#organization","name":"SeryHumano.com","url":"https:\/\/seryhumano.com\/web\/","logo":{"@type":"ImageObject","inLanguage":"es","@id":"https:\/\/seryhumano.com\/web\/#\/schema\/logo\/image\/","url":"https:\/\/seryhumano.com\/web\/wp-content\/uploads\/2020\/02\/JNe5VRwH_400x400-2.jpg","contentUrl":"https:\/\/seryhumano.com\/web\/wp-content\/uploads\/2020\/02\/JNe5VRwH_400x400-2.jpg","width":400,"height":400,"caption":"SeryHumano.com"},"image":{"@id":"https:\/\/seryhumano.com\/web\/#\/schema\/logo\/image\/"},"sameAs":["https:\/\/www.facebook.com\/seryhumano\/","https:\/\/x.com\/SeryHumano","https:\/\/www.instagram.com\/seryhumano\/","https:\/\/www.linkedin.com\/company\/seryhumano-com\/","https:\/\/www.youtube.com\/channel\/UCYfgIGSxygVnJAW0e9ZBZWg"]},{"@type":"Person","@id":"https:\/\/seryhumano.com\/web\/#\/schema\/person\/f4adb88e2944ce8c1d005724eb1186d6","name":"Redacci\u00f3n SeryHumano.com","sameAs":["http:\/\/seryhumano.com"],"url":"https:\/\/seryhumano.com\/web\/?author=305"}]}},"_links":{"self":[{"href":"https:\/\/seryhumano.com\/web\/index.php?rest_route=\/wp\/v2\/posts\/37132","targetHints":{"allow":["GET"]}}],"collection":[{"href":"https:\/\/seryhumano.com\/web\/index.php?rest_route=\/wp\/v2\/posts"}],"about":[{"href":"https:\/\/seryhumano.com\/web\/index.php?rest_route=\/wp\/v2\/types\/post"}],"author":[{"embeddable":true,"href":"https:\/\/seryhumano.com\/web\/index.php?rest_route=\/wp\/v2\/users\/305"}],"replies":[{"embeddable":true,"href":"https:\/\/seryhumano.com\/web\/index.php?rest_route=%2Fwp%2Fv2%2Fcomments&post=37132"}],"version-history":[{"count":0,"href":"https:\/\/seryhumano.com\/web\/index.php?rest_route=\/wp\/v2\/posts\/37132\/revisions"}],"wp:featuredmedia":[{"embeddable":true,"href":"https:\/\/seryhumano.com\/web\/index.php?rest_route=\/wp\/v2\/media\/37133"}],"wp:attachment":[{"href":"https:\/\/seryhumano.com\/web\/index.php?rest_route=%2Fwp%2Fv2%2Fmedia&parent=37132"}],"wp:term":[{"taxonomy":"category","embeddable":true,"href":"https:\/\/seryhumano.com\/web\/index.php?rest_route=%2Fwp%2Fv2%2Fcategories&post=37132"},{"taxonomy":"post_tag","embeddable":true,"href":"https:\/\/seryhumano.com\/web\/index.php?rest_route=%2Fwp%2Fv2%2Ftags&post=37132"}],"curies":[{"name":"wp","href":"https:\/\/api.w.org\/{rel}","templated":true}]}}