{"id":37414,"date":"2021-06-07T09:38:35","date_gmt":"2021-06-07T14:08:35","guid":{"rendered":"https:\/\/seryhumano.com\/web\/?p=37414"},"modified":"2021-06-07T09:38:36","modified_gmt":"2021-06-07T14:08:36","slug":"dios-mi-senor-es-buen-momento-para-mirar-al-cielo-y-decirte-gracias-padre","status":"publish","type":"post","link":"https:\/\/seryhumano.com\/web\/?p=37414","title":{"rendered":"ORACI\u00d3N DIARIA: Dios, \u00a1mi Se\u00f1or es buen momento para mirar al cielo y decirte gracias Padre!"},"content":{"rendered":"\n<div class=\"wp-block-image\"><figure class=\"aligncenter size-large\"><img loading=\"lazy\" decoding=\"async\" width=\"1024\" height=\"683\" src=\"https:\/\/seryhumano.com\/web\/wp-content\/uploads\/2021\/06\/buen-momento-para-mirar-al-cielo-1024x683.jpg\" alt=\"buen momento\" class=\"wp-image-37415\" srcset=\"https:\/\/seryhumano.com\/web\/wp-content\/uploads\/2021\/06\/buen-momento-para-mirar-al-cielo-1024x683.jpg 1024w, https:\/\/seryhumano.com\/web\/wp-content\/uploads\/2021\/06\/buen-momento-para-mirar-al-cielo-300x200.jpg 300w, https:\/\/seryhumano.com\/web\/wp-content\/uploads\/2021\/06\/buen-momento-para-mirar-al-cielo-768x512.jpg 768w, https:\/\/seryhumano.com\/web\/wp-content\/uploads\/2021\/06\/buen-momento-para-mirar-al-cielo.jpg 1280w\" sizes=\"auto, (max-width: 1024px) 100vw, 1024px\" \/><\/figure><\/div>\n\n\n\n<blockquote class=\"wp-block-quote has-text-align-center is-layout-flow wp-block-quote-is-layout-flow\"><p>Dios, mi Se\u00f1or, es buen momento para mirar al cielo y decirte gracias Padre.<\/p><\/blockquote>\n\n\n\n<p>T\u00fa todo lo haces perfecto, gracias porque me concedes en tu tiempo lo que necesito, guardando mis caminos y aliment\u00e1ndome con tu Palabra.<\/p>\n\n\n\n<p>Se\u00f1or, comienza una nueva semana de oportunidades para continuar con mi misi\u00f3n de vida, con obras que te agraden y lleven felicidad a mi familia y mi pr\u00f3jimo.<\/p>\n\n\n\n<p>Gracias Dios por la vida que me diste, por cada momento, por mi historia, por el camino que he recorrido y los pasos que de tu mano he dado.<\/p>\n\n\n\n<p>Gracias Dios del cielo, por mi hogar y mi familia, por los seres que han pasado por mi lado y por los que hoy acompa\u00f1an mis momentos.<\/p>\n\n\n\n<p>Se\u00f1or de bondad, te pido con amor y humildad les otorgues toda la gracia a cada una de los llamados a tu presencia, para que sean \u00e1ngeles felices en tu glorioso Reino.<\/p>\n\n\n\n<p>\u00a1Gracias Dios!<\/p>\n\n\n\n<p>Am\u00e9n, am\u00e9n, y am\u00e9n.<\/p>\n\n\n\n<p>DIOS TE BENDIGA.<\/p>\n\n\n\n<p><strong><a href=\"https:\/\/seryhumano.com\/web\/oracion-diaria-dios-gracias-por-tu-presencia-en-mi\/\">\u00a1Dios, gracias por tu presencia en m\u00ed!<\/a><\/strong><\/p>\n\n\n\n<h2 class=\"has-text-align-center wp-block-heading\"><strong>Padre Nuestro<\/strong><\/h2>\n\n\n\n<p class=\"has-text-align-center\">Padre Nuestro, que est\u00e1s en el cielo,<\/p>\n\n\n\n<p class=\"has-text-align-center\">santificado sea tu nombre;<\/p>\n\n\n\n<p class=\"has-text-align-center\">venga a nosotros tu reino;<\/p>\n\n\n\n<p class=\"has-text-align-center\">h\u00e1gase tu voluntad, en la tierra como en el cielo.<\/p>\n\n\n\n<p class=\"has-text-align-center\">Danos hoy nuestro pan de cada d\u00eda;<\/p>\n\n\n\n<p class=\"has-text-align-center\">perdona nuestras ofensas,<\/p>\n\n\n\n<p class=\"has-text-align-center\">como tambi\u00e9n nosotros perdonamos a los que nos ofenden;<\/p>\n\n\n\n<p class=\"has-text-align-center\">no nos dejes caer en la tentaci\u00f3n,<\/p>\n\n\n\n<p class=\"has-text-align-center\">y l\u00edbranos del mal.<\/p>\n\n\n\n<p class=\"has-text-align-center\">Am\u00e9n.<\/p>\n\n\n\n<h2 class=\"has-text-align-center wp-block-heading\"><strong>Padre Nuestro en lat\u00edn \u2013 Pater Noster<\/strong><\/h2>\n\n\n\n<p class=\"has-text-align-center\">Pater noster, qui es in caelis:<\/p>\n\n\n\n<p class=\"has-text-align-center\">sanctificetur Nomen Tuum;<\/p>\n\n\n\n<p class=\"has-text-align-center\">adveniat Regnum Tuum;<\/p>\n\n\n\n<p class=\"has-text-align-center\">fiat voluntas Tua,<\/p>\n\n\n\n<p class=\"has-text-align-center\">sicut in caelo, et in terra.<\/p>\n\n\n\n<p class=\"has-text-align-center\">Panem nostrum cotidianum da nobis hodie;<\/p>\n\n\n\n<p class=\"has-text-align-center\">et dimitte nobis debita nostra,<\/p>\n\n\n\n<p class=\"has-text-align-center\">sicut et nos dimittimus debitoribus nostris;<\/p>\n\n\n\n<p class=\"has-text-align-center\">et ne nos inducas in tentationem;<\/p>\n\n\n\n<p class=\"has-text-align-center\">sed libera nos a Malo.<\/p>\n\n\n\n<p><a href=\"https:\/\/seryhumano.com\/web\/\">seryhumano.com<\/a><\/p>\n\n\n\n<p>Si quiere recibir en su celular esta y otras informaciones y art\u00edculos descargue Telegram, ingrese al link <a href=\"https:\/\/t.me\/s\/seryhumano\" target=\"_blank\" rel=\"noreferrer noopener\">https:\/\/t.me\/s\/seryhumano <\/a>\u00a0y dele clic a +Unirme<\/p>\n","protected":false},"excerpt":{"rendered":"<p>Dios, mi Se\u00f1or, es buen momento para mirar al cielo y decirte gracias Padre. T\u00fa todo lo haces perfecto, gracias porque me concedes en tu tiempo lo que necesito, guardando mis caminos y aliment\u00e1ndome con tu Palabra. Se\u00f1or, comienza una nueva semana de oportunidades para continuar con mi misi\u00f3n de vida, con obras que te&hellip;<\/p>\n","protected":false},"author":305,"featured_media":37415,"comment_status":"closed","ping_status":"closed","sticky":false,"template":"","format":"standard","meta":{"footnotes":""},"categories":[5614],"tags":[1044,6761,5484,6109,6700,6311],"class_list":["post-37414","post","type-post","status-publish","format-standard","has-post-thumbnail","hentry","category-oracion","tag-catolicismo","tag-cielo","tag-oracion","tag-padre-nuestro","tag-religiosidad","tag-senor","category-5614","description-off"],"yoast_head":"<!-- This site is optimized with the Yoast SEO plugin v25.4 - https:\/\/yoast.com\/wordpress\/plugins\/seo\/ -->\n<title>Dios, \u00a1mi Se\u00f1or es buen momento para decirte gracias Padre!<\/title>\n<meta name=\"description\" content=\"ORACI\u00d3N DIARIA: Dios, \u00a1mi Se\u00f1or es buen momento para mirar al cielo y decirte gracias Padre! Se\u00f1or, comienza una nueva semana de oportunidades\" \/>\n<meta name=\"robots\" content=\"index, follow, max-snippet:-1, max-image-preview:large, max-video-preview:-1\" \/>\n<link rel=\"canonical\" href=\"https:\/\/seryhumano.com\/web\/?p=37414\" \/>\n<meta property=\"og:locale\" content=\"es_ES\" \/>\n<meta property=\"og:type\" content=\"article\" \/>\n<meta property=\"og:title\" content=\"Dios, \u00a1mi Se\u00f1or es buen momento para decirte gracias Padre!\" \/>\n<meta property=\"og:description\" content=\"ORACI\u00d3N DIARIA: Dios, \u00a1mi Se\u00f1or es buen momento para mirar al cielo y decirte gracias Padre! Se\u00f1or, comienza una nueva semana de oportunidades\" \/>\n<meta property=\"og:url\" content=\"https:\/\/seryhumano.com\/web\/?p=37414\" \/>\n<meta property=\"og:site_name\" content=\"SeryHumano.com\" \/>\n<meta property=\"article:publisher\" content=\"https:\/\/www.facebook.com\/seryhumano\/\" \/>\n<meta property=\"article:published_time\" content=\"2021-06-07T14:08:35+00:00\" \/>\n<meta property=\"article:modified_time\" content=\"2021-06-07T14:08:36+00:00\" \/>\n<meta property=\"og:image\" content=\"https:\/\/seryhumano.com\/web\/wp-content\/uploads\/2021\/06\/buen-momento-para-mirar-al-cielo.jpg\" \/>\n\t<meta property=\"og:image:width\" content=\"1280\" \/>\n\t<meta property=\"og:image:height\" content=\"854\" \/>\n\t<meta property=\"og:image:type\" content=\"image\/jpeg\" \/>\n<meta name=\"author\" content=\"Redacci\u00f3n SeryHumano.com\" \/>\n<meta name=\"twitter:card\" content=\"summary_large_image\" \/>\n<meta name=\"twitter:creator\" content=\"@SeryHumano\" \/>\n<meta name=\"twitter:site\" content=\"@SeryHumano\" \/>\n<meta name=\"twitter:label1\" content=\"Escrito por\" \/>\n\t<meta name=\"twitter:data1\" content=\"Redacci\u00f3n SeryHumano.com\" \/>\n\t<meta name=\"twitter:label2\" content=\"Tiempo de lectura\" \/>\n\t<meta name=\"twitter:data2\" content=\"2 minutos\" \/>\n<script type=\"application\/ld+json\" class=\"yoast-schema-graph\">{\"@context\":\"https:\/\/schema.org\",\"@graph\":[{\"@type\":\"Article\",\"@id\":\"https:\/\/seryhumano.com\/web\/?p=37414#article\",\"isPartOf\":{\"@id\":\"https:\/\/seryhumano.com\/web\/?p=37414\"},\"author\":{\"name\":\"Redacci\u00f3n SeryHumano.com\",\"@id\":\"https:\/\/seryhumano.com\/web\/#\/schema\/person\/f4adb88e2944ce8c1d005724eb1186d6\"},\"headline\":\"ORACI\u00d3N DIARIA: Dios, \u00a1mi Se\u00f1or es buen momento para mirar al cielo y decirte gracias Padre!\",\"datePublished\":\"2021-06-07T14:08:35+00:00\",\"dateModified\":\"2021-06-07T14:08:36+00:00\",\"mainEntityOfPage\":{\"@id\":\"https:\/\/seryhumano.com\/web\/?p=37414\"},\"wordCount\":349,\"publisher\":{\"@id\":\"https:\/\/seryhumano.com\/web\/#organization\"},\"image\":{\"@id\":\"https:\/\/seryhumano.com\/web\/?p=37414#primaryimage\"},\"thumbnailUrl\":\"https:\/\/seryhumano.com\/web\/wp-content\/uploads\/2021\/06\/buen-momento-para-mirar-al-cielo.jpg\",\"keywords\":[\"Catolicismo\",\"cielo\",\"Oraci\u00f3n\",\"Padre Nuestro\",\"religiosidad\",\"Se\u00f1or\"],\"articleSection\":[\"Oraci\u00f3n\"],\"inLanguage\":\"es\"},{\"@type\":\"WebPage\",\"@id\":\"https:\/\/seryhumano.com\/web\/?p=37414\",\"url\":\"https:\/\/seryhumano.com\/web\/?p=37414\",\"name\":\"Dios, \u00a1mi Se\u00f1or es buen momento para decirte gracias Padre!\",\"isPartOf\":{\"@id\":\"https:\/\/seryhumano.com\/web\/#website\"},\"primaryImageOfPage\":{\"@id\":\"https:\/\/seryhumano.com\/web\/?p=37414#primaryimage\"},\"image\":{\"@id\":\"https:\/\/seryhumano.com\/web\/?p=37414#primaryimage\"},\"thumbnailUrl\":\"https:\/\/seryhumano.com\/web\/wp-content\/uploads\/2021\/06\/buen-momento-para-mirar-al-cielo.jpg\",\"datePublished\":\"2021-06-07T14:08:35+00:00\",\"dateModified\":\"2021-06-07T14:08:36+00:00\",\"description\":\"ORACI\u00d3N DIARIA: Dios, \u00a1mi Se\u00f1or es buen momento para mirar al cielo y decirte gracias Padre! Se\u00f1or, comienza una nueva semana de oportunidades\",\"breadcrumb\":{\"@id\":\"https:\/\/seryhumano.com\/web\/?p=37414#breadcrumb\"},\"inLanguage\":\"es\",\"potentialAction\":[{\"@type\":\"ReadAction\",\"target\":[\"https:\/\/seryhumano.com\/web\/?p=37414\"]}]},{\"@type\":\"ImageObject\",\"inLanguage\":\"es\",\"@id\":\"https:\/\/seryhumano.com\/web\/?p=37414#primaryimage\",\"url\":\"https:\/\/seryhumano.com\/web\/wp-content\/uploads\/2021\/06\/buen-momento-para-mirar-al-cielo.jpg\",\"contentUrl\":\"https:\/\/seryhumano.com\/web\/wp-content\/uploads\/2021\/06\/buen-momento-para-mirar-al-cielo.jpg\",\"width\":1280,\"height\":854},{\"@type\":\"BreadcrumbList\",\"@id\":\"https:\/\/seryhumano.com\/web\/?p=37414#breadcrumb\",\"itemListElement\":[{\"@type\":\"ListItem\",\"position\":1,\"name\":\"Portada\",\"item\":\"https:\/\/seryhumano.com\/web\/\"},{\"@type\":\"ListItem\",\"position\":2,\"name\":\"ORACI\u00d3N DIARIA: Dios, \u00a1mi Se\u00f1or es buen momento para mirar al cielo y decirte gracias Padre!\"}]},{\"@type\":\"WebSite\",\"@id\":\"https:\/\/seryhumano.com\/web\/#website\",\"url\":\"https:\/\/seryhumano.com\/web\/\",\"name\":\"SeryHumano.com\",\"description\":\"Revista digital muy humana, donde lo mas importante es el Ser...\",\"publisher\":{\"@id\":\"https:\/\/seryhumano.com\/web\/#organization\"},\"potentialAction\":[{\"@type\":\"SearchAction\",\"target\":{\"@type\":\"EntryPoint\",\"urlTemplate\":\"https:\/\/seryhumano.com\/web\/?s={search_term_string}\"},\"query-input\":{\"@type\":\"PropertyValueSpecification\",\"valueRequired\":true,\"valueName\":\"search_term_string\"}}],\"inLanguage\":\"es\"},{\"@type\":\"Organization\",\"@id\":\"https:\/\/seryhumano.com\/web\/#organization\",\"name\":\"SeryHumano.com\",\"url\":\"https:\/\/seryhumano.com\/web\/\",\"logo\":{\"@type\":\"ImageObject\",\"inLanguage\":\"es\",\"@id\":\"https:\/\/seryhumano.com\/web\/#\/schema\/logo\/image\/\",\"url\":\"https:\/\/seryhumano.com\/web\/wp-content\/uploads\/2020\/02\/JNe5VRwH_400x400-2.jpg\",\"contentUrl\":\"https:\/\/seryhumano.com\/web\/wp-content\/uploads\/2020\/02\/JNe5VRwH_400x400-2.jpg\",\"width\":400,\"height\":400,\"caption\":\"SeryHumano.com\"},\"image\":{\"@id\":\"https:\/\/seryhumano.com\/web\/#\/schema\/logo\/image\/\"},\"sameAs\":[\"https:\/\/www.facebook.com\/seryhumano\/\",\"https:\/\/x.com\/SeryHumano\",\"https:\/\/www.instagram.com\/seryhumano\/\",\"https:\/\/www.linkedin.com\/company\/seryhumano-com\/\",\"https:\/\/www.youtube.com\/channel\/UCYfgIGSxygVnJAW0e9ZBZWg\"]},{\"@type\":\"Person\",\"@id\":\"https:\/\/seryhumano.com\/web\/#\/schema\/person\/f4adb88e2944ce8c1d005724eb1186d6\",\"name\":\"Redacci\u00f3n SeryHumano.com\",\"sameAs\":[\"http:\/\/seryhumano.com\"],\"url\":\"https:\/\/seryhumano.com\/web\/?author=305\"}]}<\/script>\n<!-- \/ Yoast SEO plugin. -->","yoast_head_json":{"title":"Dios, \u00a1mi Se\u00f1or es buen momento para decirte gracias Padre!","description":"ORACI\u00d3N DIARIA: Dios, \u00a1mi Se\u00f1or es buen momento para mirar al cielo y decirte gracias Padre! Se\u00f1or, comienza una nueva semana de oportunidades","robots":{"index":"index","follow":"follow","max-snippet":"max-snippet:-1","max-image-preview":"max-image-preview:large","max-video-preview":"max-video-preview:-1"},"canonical":"https:\/\/seryhumano.com\/web\/?p=37414","og_locale":"es_ES","og_type":"article","og_title":"Dios, \u00a1mi Se\u00f1or es buen momento para decirte gracias Padre!","og_description":"ORACI\u00d3N DIARIA: Dios, \u00a1mi Se\u00f1or es buen momento para mirar al cielo y decirte gracias Padre! Se\u00f1or, comienza una nueva semana de oportunidades","og_url":"https:\/\/seryhumano.com\/web\/?p=37414","og_site_name":"SeryHumano.com","article_publisher":"https:\/\/www.facebook.com\/seryhumano\/","article_published_time":"2021-06-07T14:08:35+00:00","article_modified_time":"2021-06-07T14:08:36+00:00","og_image":[{"width":1280,"height":854,"url":"https:\/\/seryhumano.com\/web\/wp-content\/uploads\/2021\/06\/buen-momento-para-mirar-al-cielo.jpg","type":"image\/jpeg"}],"author":"Redacci\u00f3n SeryHumano.com","twitter_card":"summary_large_image","twitter_creator":"@SeryHumano","twitter_site":"@SeryHumano","twitter_misc":{"Escrito por":"Redacci\u00f3n SeryHumano.com","Tiempo de lectura":"2 minutos"},"schema":{"@context":"https:\/\/schema.org","@graph":[{"@type":"Article","@id":"https:\/\/seryhumano.com\/web\/?p=37414#article","isPartOf":{"@id":"https:\/\/seryhumano.com\/web\/?p=37414"},"author":{"name":"Redacci\u00f3n SeryHumano.com","@id":"https:\/\/seryhumano.com\/web\/#\/schema\/person\/f4adb88e2944ce8c1d005724eb1186d6"},"headline":"ORACI\u00d3N DIARIA: Dios, \u00a1mi Se\u00f1or es buen momento para mirar al cielo y decirte gracias Padre!","datePublished":"2021-06-07T14:08:35+00:00","dateModified":"2021-06-07T14:08:36+00:00","mainEntityOfPage":{"@id":"https:\/\/seryhumano.com\/web\/?p=37414"},"wordCount":349,"publisher":{"@id":"https:\/\/seryhumano.com\/web\/#organization"},"image":{"@id":"https:\/\/seryhumano.com\/web\/?p=37414#primaryimage"},"thumbnailUrl":"https:\/\/seryhumano.com\/web\/wp-content\/uploads\/2021\/06\/buen-momento-para-mirar-al-cielo.jpg","keywords":["Catolicismo","cielo","Oraci\u00f3n","Padre Nuestro","religiosidad","Se\u00f1or"],"articleSection":["Oraci\u00f3n"],"inLanguage":"es"},{"@type":"WebPage","@id":"https:\/\/seryhumano.com\/web\/?p=37414","url":"https:\/\/seryhumano.com\/web\/?p=37414","name":"Dios, \u00a1mi Se\u00f1or es buen momento para decirte gracias Padre!","isPartOf":{"@id":"https:\/\/seryhumano.com\/web\/#website"},"primaryImageOfPage":{"@id":"https:\/\/seryhumano.com\/web\/?p=37414#primaryimage"},"image":{"@id":"https:\/\/seryhumano.com\/web\/?p=37414#primaryimage"},"thumbnailUrl":"https:\/\/seryhumano.com\/web\/wp-content\/uploads\/2021\/06\/buen-momento-para-mirar-al-cielo.jpg","datePublished":"2021-06-07T14:08:35+00:00","dateModified":"2021-06-07T14:08:36+00:00","description":"ORACI\u00d3N DIARIA: Dios, \u00a1mi Se\u00f1or es buen momento para mirar al cielo y decirte gracias Padre! Se\u00f1or, comienza una nueva semana de oportunidades","breadcrumb":{"@id":"https:\/\/seryhumano.com\/web\/?p=37414#breadcrumb"},"inLanguage":"es","potentialAction":[{"@type":"ReadAction","target":["https:\/\/seryhumano.com\/web\/?p=37414"]}]},{"@type":"ImageObject","inLanguage":"es","@id":"https:\/\/seryhumano.com\/web\/?p=37414#primaryimage","url":"https:\/\/seryhumano.com\/web\/wp-content\/uploads\/2021\/06\/buen-momento-para-mirar-al-cielo.jpg","contentUrl":"https:\/\/seryhumano.com\/web\/wp-content\/uploads\/2021\/06\/buen-momento-para-mirar-al-cielo.jpg","width":1280,"height":854},{"@type":"BreadcrumbList","@id":"https:\/\/seryhumano.com\/web\/?p=37414#breadcrumb","itemListElement":[{"@type":"ListItem","position":1,"name":"Portada","item":"https:\/\/seryhumano.com\/web\/"},{"@type":"ListItem","position":2,"name":"ORACI\u00d3N DIARIA: Dios, \u00a1mi Se\u00f1or es buen momento para mirar al cielo y decirte gracias Padre!"}]},{"@type":"WebSite","@id":"https:\/\/seryhumano.com\/web\/#website","url":"https:\/\/seryhumano.com\/web\/","name":"SeryHumano.com","description":"Revista digital muy humana, donde lo mas importante es el Ser...","publisher":{"@id":"https:\/\/seryhumano.com\/web\/#organization"},"potentialAction":[{"@type":"SearchAction","target":{"@type":"EntryPoint","urlTemplate":"https:\/\/seryhumano.com\/web\/?s={search_term_string}"},"query-input":{"@type":"PropertyValueSpecification","valueRequired":true,"valueName":"search_term_string"}}],"inLanguage":"es"},{"@type":"Organization","@id":"https:\/\/seryhumano.com\/web\/#organization","name":"SeryHumano.com","url":"https:\/\/seryhumano.com\/web\/","logo":{"@type":"ImageObject","inLanguage":"es","@id":"https:\/\/seryhumano.com\/web\/#\/schema\/logo\/image\/","url":"https:\/\/seryhumano.com\/web\/wp-content\/uploads\/2020\/02\/JNe5VRwH_400x400-2.jpg","contentUrl":"https:\/\/seryhumano.com\/web\/wp-content\/uploads\/2020\/02\/JNe5VRwH_400x400-2.jpg","width":400,"height":400,"caption":"SeryHumano.com"},"image":{"@id":"https:\/\/seryhumano.com\/web\/#\/schema\/logo\/image\/"},"sameAs":["https:\/\/www.facebook.com\/seryhumano\/","https:\/\/x.com\/SeryHumano","https:\/\/www.instagram.com\/seryhumano\/","https:\/\/www.linkedin.com\/company\/seryhumano-com\/","https:\/\/www.youtube.com\/channel\/UCYfgIGSxygVnJAW0e9ZBZWg"]},{"@type":"Person","@id":"https:\/\/seryhumano.com\/web\/#\/schema\/person\/f4adb88e2944ce8c1d005724eb1186d6","name":"Redacci\u00f3n SeryHumano.com","sameAs":["http:\/\/seryhumano.com"],"url":"https:\/\/seryhumano.com\/web\/?author=305"}]}},"_links":{"self":[{"href":"https:\/\/seryhumano.com\/web\/index.php?rest_route=\/wp\/v2\/posts\/37414","targetHints":{"allow":["GET"]}}],"collection":[{"href":"https:\/\/seryhumano.com\/web\/index.php?rest_route=\/wp\/v2\/posts"}],"about":[{"href":"https:\/\/seryhumano.com\/web\/index.php?rest_route=\/wp\/v2\/types\/post"}],"author":[{"embeddable":true,"href":"https:\/\/seryhumano.com\/web\/index.php?rest_route=\/wp\/v2\/users\/305"}],"replies":[{"embeddable":true,"href":"https:\/\/seryhumano.com\/web\/index.php?rest_route=%2Fwp%2Fv2%2Fcomments&post=37414"}],"version-history":[{"count":0,"href":"https:\/\/seryhumano.com\/web\/index.php?rest_route=\/wp\/v2\/posts\/37414\/revisions"}],"wp:featuredmedia":[{"embeddable":true,"href":"https:\/\/seryhumano.com\/web\/index.php?rest_route=\/wp\/v2\/media\/37415"}],"wp:attachment":[{"href":"https:\/\/seryhumano.com\/web\/index.php?rest_route=%2Fwp%2Fv2%2Fmedia&parent=37414"}],"wp:term":[{"taxonomy":"category","embeddable":true,"href":"https:\/\/seryhumano.com\/web\/index.php?rest_route=%2Fwp%2Fv2%2Fcategories&post=37414"},{"taxonomy":"post_tag","embeddable":true,"href":"https:\/\/seryhumano.com\/web\/index.php?rest_route=%2Fwp%2Fv2%2Ftags&post=37414"}],"curies":[{"name":"wp","href":"https:\/\/api.w.org\/{rel}","templated":true}]}}