{"id":37417,"date":"2021-06-07T10:04:48","date_gmt":"2021-06-07T14:34:48","guid":{"rendered":"https:\/\/seryhumano.com\/web\/?p=37417"},"modified":"2021-06-07T10:04:50","modified_gmt":"2021-06-07T14:34:50","slug":"cuidado-de-padres-adultos-mayores","status":"publish","type":"post","link":"https:\/\/seryhumano.com\/web\/?p=37417","title":{"rendered":"Cuidado de padres adultos mayores"},"content":{"rendered":"\n<div class=\"wp-block-image\"><figure class=\"aligncenter size-large\"><img loading=\"lazy\" decoding=\"async\" width=\"1024\" height=\"508\" src=\"https:\/\/seryhumano.com\/web\/wp-content\/uploads\/2021\/06\/cuidado-de-padres-adultos-mayores-1024x508.jpg\" alt=\"Cuidado de padres \" class=\"wp-image-37418\" srcset=\"https:\/\/seryhumano.com\/web\/wp-content\/uploads\/2021\/06\/cuidado-de-padres-adultos-mayores-1024x508.jpg 1024w, https:\/\/seryhumano.com\/web\/wp-content\/uploads\/2021\/06\/cuidado-de-padres-adultos-mayores-300x149.jpg 300w, https:\/\/seryhumano.com\/web\/wp-content\/uploads\/2021\/06\/cuidado-de-padres-adultos-mayores-768x381.jpg 768w, https:\/\/seryhumano.com\/web\/wp-content\/uploads\/2021\/06\/cuidado-de-padres-adultos-mayores.jpg 1292w\" sizes=\"auto, (max-width: 1024px) 100vw, 1024px\" \/><\/figure><\/div>\n\n\n\n<blockquote class=\"wp-block-quote has-text-align-center is-layout-flow wp-block-quote-is-layout-flow\"><p><strong>Si tu mam\u00e1 o pap\u00e1 son adultos mayores, esto debes saber para cuidarlos mejor<\/strong><\/p><\/blockquote>\n\n\n\n<p>Es normal preocuparnos por nuestros padres durante sus a\u00f1os dorados, ya que todo el mundo se vuelve m\u00e1s fr\u00e1gil con el tiempo. Cada d\u00eda, nos movemos un poco m\u00e1s lento. El tiempo incluso roba nuestras voces de su calidad juvenil, debilit\u00e1ndolas gradualmente a un tono completamente diferente.<\/p>\n\n\n\n<p>Con el tiempo y la vejez vienen varias complicaciones, lo que provoca que muchos hijos inviertan los roles y ahora sean los cuidadores de sus padres, es por eso que los especialistas del <a href=\"https:\/\/twitter.com\/methodisthosp?lang=es#:~:text=Houston%20Methodist%20(%40MethodistHosp)%20%7C%20Twitter\" target=\"_blank\" rel=\"noreferrer noopener\">Hospital Houston Methodist<\/a> nos comentan c\u00f3mo puedes cuidarlos mejor.<\/p>\n\n\n\n<p>Quiz\u00e1 te interese leer: <strong><a href=\"https:\/\/seryhumano.com\/web\/siete-habitos-saludables-para-cuidar-tu-diabetes\/\">Siete h\u00e1bitos saludables para cuidar tu diabetes<\/a><\/strong><\/p>\n\n\n\n<h2 class=\"wp-block-heading\"><strong>Cambiando roles a medida que tus padres envejecen<\/strong><\/h2>\n\n\n\n<p>El hecho de que los hijos adultos intervengan ya sea de forma temporal o permanente, como cuidadores, puede complicar la relaci\u00f3n entre padres e hijos, as\u00ed como las otras relaciones del cuidador principal, incluidas las que tienen hermanos y un c\u00f3nyuge o pareja. Aquel que tradicionalmente nutr\u00eda, apoyaba y preocupaba al otro ahora se convierte en objeto de tales sentimientos porque los roles se invierten.<\/p>\n\n\n\n<p>Estos tipos de cuidado pueden comenzar despu\u00e9s de un evento importante, como que tu mam\u00e1 sufra una ca\u00edda, o el diagn\u00f3stico de una enfermedad cr\u00f3nica o una cirug\u00eda mayor, o puede suceder gradualmente debido al deterioro de la salud de ambos padres, cuando enviudan, o al aumentar los lapsos de falta de memoria.<\/p>\n\n\n\n<p>Es entonces cuando, por necesidad, muchos deben considerar involucrarse m\u00e1s en la vida diaria y el cuidado de la salud de sus padres, o si pueden asumir el papel de convertirse en cuidadores a tiempo parcial o completo.<\/p>\n\n\n\n<h2 class=\"wp-block-heading\"><strong>S\u00e9 parte de las decisiones m\u00e9dicas<\/strong><\/h2>\n\n\n\n<p>Una vez que te conviertes en cuidador, una de tus nuevas responsabilidades incluye coordinar la atenci\u00f3n m\u00e9dica de tus padres. Es importante permitir que ellos tomen sus propias decisiones si pueden hacerlo. Tu funci\u00f3n es servir como asesor informado.<\/p>\n\n\n\n<h2 class=\"wp-block-heading\"><strong>Asesora de forma clara<\/strong><\/h2>\n\n\n\n<p>Debido a que no podemos predecir cu\u00e1ndo o si nuestra salud puede empeorar, es importante que toda la familia hable sobre los deseos respecto a la atenci\u00f3n m\u00e9dica. Cuanto antes tengas estas conversaciones, mejor, especialmente con tus padres.<\/p>\n\n\n\n<p>Habla sobre los deseos de tus padres en caso de que no puedan tomar sus propias decisiones. Esto se recomienda para todos, no solo para los adultos mayores. Recuerda comunicar tus propios deseos para su atenci\u00f3n m\u00e9dica en caso de que no puedan tomar sus propias decisiones.<\/p>\n\n\n\n<h2 class=\"wp-block-heading\"><strong>Procura tener autorizaciones legales<\/strong><\/h2>\n\n\n\n<p>Debido a que existen restricciones legales en cuanto a hablar sobre la atenci\u00f3n m\u00e9dica de otra persona con el personal m\u00e9dico, as\u00ed como a tomar decisiones por ellos, alienta a los miembros adultos de tu familia a que expresen sus deseos por escrito.<\/p>\n\n\n\n<p><a href=\"https:\/\/seryhumano.com\/web\/\">seryhumano.com<\/a><\/p>\n\n\n\n<p>Si quiere recibir en su celular esta y otras informaciones y art\u00edculos descargue Telegram, ingrese al link <a href=\"https:\/\/t.me\/s\/seryhumano\">https:\/\/t.me\/s\/seryhumano<\/a> \u00a0y dele clic a +Unirme<\/p>\n","protected":false},"excerpt":{"rendered":"<p>Si tu mam\u00e1 o pap\u00e1 son adultos mayores, esto debes saber para cuidarlos mejor Es normal preocuparnos por nuestros padres durante sus a\u00f1os dorados, ya que todo el mundo se vuelve m\u00e1s fr\u00e1gil con el tiempo. Cada d\u00eda, nos movemos un poco m\u00e1s lento. El tiempo incluso roba nuestras voces de su calidad juvenil, debilit\u00e1ndolas&hellip;<\/p>\n","protected":false},"author":305,"featured_media":37418,"comment_status":"closed","ping_status":"closed","sticky":false,"template":"","format":"standard","meta":{"footnotes":""},"categories":[120],"tags":[7259,6791,3196,172,5717],"class_list":["post-37417","post","type-post","status-publish","format-standard","has-post-thumbnail","hentry","category-ser-saludable","tag-adultos-mayores","tag-cuidado","tag-padres","tag-salud","tag-saludable","category-120","description-off"],"yoast_head":"<!-- This site is optimized with the Yoast SEO plugin v25.4 - https:\/\/yoast.com\/wordpress\/plugins\/seo\/ -->\n<title>Cuidado de padres adultos mayores &#187; SeryHumano.com<\/title>\n<meta name=\"description\" content=\"Cuidado de padres adultos mayores. Debido a que existen restricciones legales en cuanto a hablar sobre la atenci\u00f3n m\u00e9dica de otra persona con\" \/>\n<meta name=\"robots\" content=\"index, follow, max-snippet:-1, max-image-preview:large, max-video-preview:-1\" \/>\n<link rel=\"canonical\" href=\"https:\/\/seryhumano.com\/web\/?p=37417\" \/>\n<meta property=\"og:locale\" content=\"es_ES\" \/>\n<meta property=\"og:type\" content=\"article\" \/>\n<meta property=\"og:title\" content=\"Cuidado de padres adultos mayores &#187; SeryHumano.com\" \/>\n<meta property=\"og:description\" content=\"Cuidado de padres adultos mayores. Debido a que existen restricciones legales en cuanto a hablar sobre la atenci\u00f3n m\u00e9dica de otra persona con\" \/>\n<meta property=\"og:url\" content=\"https:\/\/seryhumano.com\/web\/?p=37417\" \/>\n<meta property=\"og:site_name\" content=\"SeryHumano.com\" \/>\n<meta property=\"article:publisher\" content=\"https:\/\/www.facebook.com\/seryhumano\/\" \/>\n<meta property=\"article:published_time\" content=\"2021-06-07T14:34:48+00:00\" \/>\n<meta property=\"article:modified_time\" content=\"2021-06-07T14:34:50+00:00\" \/>\n<meta property=\"og:image\" content=\"https:\/\/seryhumano.com\/web\/wp-content\/uploads\/2021\/06\/cuidado-de-padres-adultos-mayores.jpg\" \/>\n\t<meta property=\"og:image:width\" content=\"1292\" \/>\n\t<meta property=\"og:image:height\" content=\"641\" \/>\n\t<meta property=\"og:image:type\" content=\"image\/jpeg\" \/>\n<meta name=\"author\" content=\"Redacci\u00f3n SeryHumano.com\" \/>\n<meta name=\"twitter:card\" content=\"summary_large_image\" \/>\n<meta name=\"twitter:creator\" content=\"@SeryHumano\" \/>\n<meta name=\"twitter:site\" content=\"@SeryHumano\" \/>\n<meta name=\"twitter:label1\" content=\"Escrito por\" \/>\n\t<meta name=\"twitter:data1\" content=\"Redacci\u00f3n SeryHumano.com\" \/>\n\t<meta name=\"twitter:label2\" content=\"Tiempo de lectura\" \/>\n\t<meta name=\"twitter:data2\" content=\"3 minutos\" \/>\n<script type=\"application\/ld+json\" class=\"yoast-schema-graph\">{\"@context\":\"https:\/\/schema.org\",\"@graph\":[{\"@type\":\"Article\",\"@id\":\"https:\/\/seryhumano.com\/web\/?p=37417#article\",\"isPartOf\":{\"@id\":\"https:\/\/seryhumano.com\/web\/?p=37417\"},\"author\":{\"name\":\"Redacci\u00f3n SeryHumano.com\",\"@id\":\"https:\/\/seryhumano.com\/web\/#\/schema\/person\/f4adb88e2944ce8c1d005724eb1186d6\"},\"headline\":\"Cuidado de padres adultos mayores\",\"datePublished\":\"2021-06-07T14:34:48+00:00\",\"dateModified\":\"2021-06-07T14:34:50+00:00\",\"mainEntityOfPage\":{\"@id\":\"https:\/\/seryhumano.com\/web\/?p=37417\"},\"wordCount\":523,\"publisher\":{\"@id\":\"https:\/\/seryhumano.com\/web\/#organization\"},\"image\":{\"@id\":\"https:\/\/seryhumano.com\/web\/?p=37417#primaryimage\"},\"thumbnailUrl\":\"https:\/\/seryhumano.com\/web\/wp-content\/uploads\/2021\/06\/cuidado-de-padres-adultos-mayores.jpg\",\"keywords\":[\"adultos mayores\",\"cuidado\",\"Padres\",\"salud\",\"Saludable\"],\"articleSection\":[\"Ser Saludable\"],\"inLanguage\":\"es\"},{\"@type\":\"WebPage\",\"@id\":\"https:\/\/seryhumano.com\/web\/?p=37417\",\"url\":\"https:\/\/seryhumano.com\/web\/?p=37417\",\"name\":\"Cuidado de padres adultos mayores &#187; SeryHumano.com\",\"isPartOf\":{\"@id\":\"https:\/\/seryhumano.com\/web\/#website\"},\"primaryImageOfPage\":{\"@id\":\"https:\/\/seryhumano.com\/web\/?p=37417#primaryimage\"},\"image\":{\"@id\":\"https:\/\/seryhumano.com\/web\/?p=37417#primaryimage\"},\"thumbnailUrl\":\"https:\/\/seryhumano.com\/web\/wp-content\/uploads\/2021\/06\/cuidado-de-padres-adultos-mayores.jpg\",\"datePublished\":\"2021-06-07T14:34:48+00:00\",\"dateModified\":\"2021-06-07T14:34:50+00:00\",\"description\":\"Cuidado de padres adultos mayores. Debido a que existen restricciones legales en cuanto a hablar sobre la atenci\u00f3n m\u00e9dica de otra persona con\",\"breadcrumb\":{\"@id\":\"https:\/\/seryhumano.com\/web\/?p=37417#breadcrumb\"},\"inLanguage\":\"es\",\"potentialAction\":[{\"@type\":\"ReadAction\",\"target\":[\"https:\/\/seryhumano.com\/web\/?p=37417\"]}]},{\"@type\":\"ImageObject\",\"inLanguage\":\"es\",\"@id\":\"https:\/\/seryhumano.com\/web\/?p=37417#primaryimage\",\"url\":\"https:\/\/seryhumano.com\/web\/wp-content\/uploads\/2021\/06\/cuidado-de-padres-adultos-mayores.jpg\",\"contentUrl\":\"https:\/\/seryhumano.com\/web\/wp-content\/uploads\/2021\/06\/cuidado-de-padres-adultos-mayores.jpg\",\"width\":1292,\"height\":641},{\"@type\":\"BreadcrumbList\",\"@id\":\"https:\/\/seryhumano.com\/web\/?p=37417#breadcrumb\",\"itemListElement\":[{\"@type\":\"ListItem\",\"position\":1,\"name\":\"Portada\",\"item\":\"https:\/\/seryhumano.com\/web\/\"},{\"@type\":\"ListItem\",\"position\":2,\"name\":\"Cuidado de padres adultos mayores\"}]},{\"@type\":\"WebSite\",\"@id\":\"https:\/\/seryhumano.com\/web\/#website\",\"url\":\"https:\/\/seryhumano.com\/web\/\",\"name\":\"SeryHumano.com\",\"description\":\"Revista digital muy humana, donde lo mas importante es el Ser...\",\"publisher\":{\"@id\":\"https:\/\/seryhumano.com\/web\/#organization\"},\"potentialAction\":[{\"@type\":\"SearchAction\",\"target\":{\"@type\":\"EntryPoint\",\"urlTemplate\":\"https:\/\/seryhumano.com\/web\/?s={search_term_string}\"},\"query-input\":{\"@type\":\"PropertyValueSpecification\",\"valueRequired\":true,\"valueName\":\"search_term_string\"}}],\"inLanguage\":\"es\"},{\"@type\":\"Organization\",\"@id\":\"https:\/\/seryhumano.com\/web\/#organization\",\"name\":\"SeryHumano.com\",\"url\":\"https:\/\/seryhumano.com\/web\/\",\"logo\":{\"@type\":\"ImageObject\",\"inLanguage\":\"es\",\"@id\":\"https:\/\/seryhumano.com\/web\/#\/schema\/logo\/image\/\",\"url\":\"https:\/\/seryhumano.com\/web\/wp-content\/uploads\/2020\/02\/JNe5VRwH_400x400-2.jpg\",\"contentUrl\":\"https:\/\/seryhumano.com\/web\/wp-content\/uploads\/2020\/02\/JNe5VRwH_400x400-2.jpg\",\"width\":400,\"height\":400,\"caption\":\"SeryHumano.com\"},\"image\":{\"@id\":\"https:\/\/seryhumano.com\/web\/#\/schema\/logo\/image\/\"},\"sameAs\":[\"https:\/\/www.facebook.com\/seryhumano\/\",\"https:\/\/x.com\/SeryHumano\",\"https:\/\/www.instagram.com\/seryhumano\/\",\"https:\/\/www.linkedin.com\/company\/seryhumano-com\/\",\"https:\/\/www.youtube.com\/channel\/UCYfgIGSxygVnJAW0e9ZBZWg\"]},{\"@type\":\"Person\",\"@id\":\"https:\/\/seryhumano.com\/web\/#\/schema\/person\/f4adb88e2944ce8c1d005724eb1186d6\",\"name\":\"Redacci\u00f3n SeryHumano.com\",\"sameAs\":[\"http:\/\/seryhumano.com\"],\"url\":\"https:\/\/seryhumano.com\/web\/?author=305\"}]}<\/script>\n<!-- \/ Yoast SEO plugin. -->","yoast_head_json":{"title":"Cuidado de padres adultos mayores &#187; SeryHumano.com","description":"Cuidado de padres adultos mayores. Debido a que existen restricciones legales en cuanto a hablar sobre la atenci\u00f3n m\u00e9dica de otra persona con","robots":{"index":"index","follow":"follow","max-snippet":"max-snippet:-1","max-image-preview":"max-image-preview:large","max-video-preview":"max-video-preview:-1"},"canonical":"https:\/\/seryhumano.com\/web\/?p=37417","og_locale":"es_ES","og_type":"article","og_title":"Cuidado de padres adultos mayores &#187; SeryHumano.com","og_description":"Cuidado de padres adultos mayores. Debido a que existen restricciones legales en cuanto a hablar sobre la atenci\u00f3n m\u00e9dica de otra persona con","og_url":"https:\/\/seryhumano.com\/web\/?p=37417","og_site_name":"SeryHumano.com","article_publisher":"https:\/\/www.facebook.com\/seryhumano\/","article_published_time":"2021-06-07T14:34:48+00:00","article_modified_time":"2021-06-07T14:34:50+00:00","og_image":[{"width":1292,"height":641,"url":"https:\/\/seryhumano.com\/web\/wp-content\/uploads\/2021\/06\/cuidado-de-padres-adultos-mayores.jpg","type":"image\/jpeg"}],"author":"Redacci\u00f3n SeryHumano.com","twitter_card":"summary_large_image","twitter_creator":"@SeryHumano","twitter_site":"@SeryHumano","twitter_misc":{"Escrito por":"Redacci\u00f3n SeryHumano.com","Tiempo de lectura":"3 minutos"},"schema":{"@context":"https:\/\/schema.org","@graph":[{"@type":"Article","@id":"https:\/\/seryhumano.com\/web\/?p=37417#article","isPartOf":{"@id":"https:\/\/seryhumano.com\/web\/?p=37417"},"author":{"name":"Redacci\u00f3n SeryHumano.com","@id":"https:\/\/seryhumano.com\/web\/#\/schema\/person\/f4adb88e2944ce8c1d005724eb1186d6"},"headline":"Cuidado de padres adultos mayores","datePublished":"2021-06-07T14:34:48+00:00","dateModified":"2021-06-07T14:34:50+00:00","mainEntityOfPage":{"@id":"https:\/\/seryhumano.com\/web\/?p=37417"},"wordCount":523,"publisher":{"@id":"https:\/\/seryhumano.com\/web\/#organization"},"image":{"@id":"https:\/\/seryhumano.com\/web\/?p=37417#primaryimage"},"thumbnailUrl":"https:\/\/seryhumano.com\/web\/wp-content\/uploads\/2021\/06\/cuidado-de-padres-adultos-mayores.jpg","keywords":["adultos mayores","cuidado","Padres","salud","Saludable"],"articleSection":["Ser Saludable"],"inLanguage":"es"},{"@type":"WebPage","@id":"https:\/\/seryhumano.com\/web\/?p=37417","url":"https:\/\/seryhumano.com\/web\/?p=37417","name":"Cuidado de padres adultos mayores &#187; SeryHumano.com","isPartOf":{"@id":"https:\/\/seryhumano.com\/web\/#website"},"primaryImageOfPage":{"@id":"https:\/\/seryhumano.com\/web\/?p=37417#primaryimage"},"image":{"@id":"https:\/\/seryhumano.com\/web\/?p=37417#primaryimage"},"thumbnailUrl":"https:\/\/seryhumano.com\/web\/wp-content\/uploads\/2021\/06\/cuidado-de-padres-adultos-mayores.jpg","datePublished":"2021-06-07T14:34:48+00:00","dateModified":"2021-06-07T14:34:50+00:00","description":"Cuidado de padres adultos mayores. Debido a que existen restricciones legales en cuanto a hablar sobre la atenci\u00f3n m\u00e9dica de otra persona con","breadcrumb":{"@id":"https:\/\/seryhumano.com\/web\/?p=37417#breadcrumb"},"inLanguage":"es","potentialAction":[{"@type":"ReadAction","target":["https:\/\/seryhumano.com\/web\/?p=37417"]}]},{"@type":"ImageObject","inLanguage":"es","@id":"https:\/\/seryhumano.com\/web\/?p=37417#primaryimage","url":"https:\/\/seryhumano.com\/web\/wp-content\/uploads\/2021\/06\/cuidado-de-padres-adultos-mayores.jpg","contentUrl":"https:\/\/seryhumano.com\/web\/wp-content\/uploads\/2021\/06\/cuidado-de-padres-adultos-mayores.jpg","width":1292,"height":641},{"@type":"BreadcrumbList","@id":"https:\/\/seryhumano.com\/web\/?p=37417#breadcrumb","itemListElement":[{"@type":"ListItem","position":1,"name":"Portada","item":"https:\/\/seryhumano.com\/web\/"},{"@type":"ListItem","position":2,"name":"Cuidado de padres adultos mayores"}]},{"@type":"WebSite","@id":"https:\/\/seryhumano.com\/web\/#website","url":"https:\/\/seryhumano.com\/web\/","name":"SeryHumano.com","description":"Revista digital muy humana, donde lo mas importante es el Ser...","publisher":{"@id":"https:\/\/seryhumano.com\/web\/#organization"},"potentialAction":[{"@type":"SearchAction","target":{"@type":"EntryPoint","urlTemplate":"https:\/\/seryhumano.com\/web\/?s={search_term_string}"},"query-input":{"@type":"PropertyValueSpecification","valueRequired":true,"valueName":"search_term_string"}}],"inLanguage":"es"},{"@type":"Organization","@id":"https:\/\/seryhumano.com\/web\/#organization","name":"SeryHumano.com","url":"https:\/\/seryhumano.com\/web\/","logo":{"@type":"ImageObject","inLanguage":"es","@id":"https:\/\/seryhumano.com\/web\/#\/schema\/logo\/image\/","url":"https:\/\/seryhumano.com\/web\/wp-content\/uploads\/2020\/02\/JNe5VRwH_400x400-2.jpg","contentUrl":"https:\/\/seryhumano.com\/web\/wp-content\/uploads\/2020\/02\/JNe5VRwH_400x400-2.jpg","width":400,"height":400,"caption":"SeryHumano.com"},"image":{"@id":"https:\/\/seryhumano.com\/web\/#\/schema\/logo\/image\/"},"sameAs":["https:\/\/www.facebook.com\/seryhumano\/","https:\/\/x.com\/SeryHumano","https:\/\/www.instagram.com\/seryhumano\/","https:\/\/www.linkedin.com\/company\/seryhumano-com\/","https:\/\/www.youtube.com\/channel\/UCYfgIGSxygVnJAW0e9ZBZWg"]},{"@type":"Person","@id":"https:\/\/seryhumano.com\/web\/#\/schema\/person\/f4adb88e2944ce8c1d005724eb1186d6","name":"Redacci\u00f3n SeryHumano.com","sameAs":["http:\/\/seryhumano.com"],"url":"https:\/\/seryhumano.com\/web\/?author=305"}]}},"_links":{"self":[{"href":"https:\/\/seryhumano.com\/web\/index.php?rest_route=\/wp\/v2\/posts\/37417","targetHints":{"allow":["GET"]}}],"collection":[{"href":"https:\/\/seryhumano.com\/web\/index.php?rest_route=\/wp\/v2\/posts"}],"about":[{"href":"https:\/\/seryhumano.com\/web\/index.php?rest_route=\/wp\/v2\/types\/post"}],"author":[{"embeddable":true,"href":"https:\/\/seryhumano.com\/web\/index.php?rest_route=\/wp\/v2\/users\/305"}],"replies":[{"embeddable":true,"href":"https:\/\/seryhumano.com\/web\/index.php?rest_route=%2Fwp%2Fv2%2Fcomments&post=37417"}],"version-history":[{"count":0,"href":"https:\/\/seryhumano.com\/web\/index.php?rest_route=\/wp\/v2\/posts\/37417\/revisions"}],"wp:featuredmedia":[{"embeddable":true,"href":"https:\/\/seryhumano.com\/web\/index.php?rest_route=\/wp\/v2\/media\/37418"}],"wp:attachment":[{"href":"https:\/\/seryhumano.com\/web\/index.php?rest_route=%2Fwp%2Fv2%2Fmedia&parent=37417"}],"wp:term":[{"taxonomy":"category","embeddable":true,"href":"https:\/\/seryhumano.com\/web\/index.php?rest_route=%2Fwp%2Fv2%2Fcategories&post=37417"},{"taxonomy":"post_tag","embeddable":true,"href":"https:\/\/seryhumano.com\/web\/index.php?rest_route=%2Fwp%2Fv2%2Ftags&post=37417"}],"curies":[{"name":"wp","href":"https:\/\/api.w.org\/{rel}","templated":true}]}}