{"id":37678,"date":"2021-08-02T06:25:59","date_gmt":"2021-08-02T10:55:59","guid":{"rendered":"https:\/\/seryhumano.com\/web\/?p=37678"},"modified":"2021-08-02T06:26:00","modified_gmt":"2021-08-02T10:56:00","slug":"oracion-diaria-dios-de-infinita-majestad-gracias-por-mi-despertar","status":"publish","type":"post","link":"https:\/\/seryhumano.com\/web\/?p=37678","title":{"rendered":"ORACI\u00d3N DIARIA: \u00a1Dios, de infinita majestad, gracias por mi despertar!"},"content":{"rendered":"\n<blockquote class=\"wp-block-quote has-text-align-right is-layout-flow wp-block-quote-is-layout-flow\"><p><strong><em>\u201cYo me acost\u00e9 y me dorm\u00ed; despert\u00e9, pues el SE\u00d1OR me sostiene\u201d.<\/em><\/strong><\/p><cite><br><strong>Salmos 3:5<\/strong><\/cite><\/blockquote>\n\n\n\n<div class=\"wp-block-image\"><figure class=\"aligncenter size-full\"><img loading=\"lazy\" decoding=\"async\" width=\"512\" height=\"296\" src=\"https:\/\/seryhumano.com\/web\/wp-content\/uploads\/2021\/08\/despertar.jpg\" alt=\"despertar\" class=\"wp-image-37679\" srcset=\"https:\/\/seryhumano.com\/web\/wp-content\/uploads\/2021\/08\/despertar.jpg 512w, https:\/\/seryhumano.com\/web\/wp-content\/uploads\/2021\/08\/despertar-300x173.jpg 300w\" sizes=\"auto, (max-width: 512px) 100vw, 512px\" \/><\/figure><\/div>\n\n\n\n<p>Despertar<\/p>\n\n\n\n<p>Dios, de infinita majestad, gracias por mi despertar.<\/p>\n\n\n\n<p>Gracias por los dones que me dan lo suficiente para lograr mi misi\u00f3n de vida, porque tu santidad colma mi coraz\u00f3n y el de todos tus elegidos, de quienes creemos en ti, en tu misericordia, justicia y amor que engrandece nuestras almas.<\/p>\n\n\n\n<p>Porque esa es T\u00fa voluntad, porque mis alegr\u00edas son las tuyas, mis logros son para tu gloria mi Dios.<\/p>\n\n\n\n<p>Gracias por cada oportunidad que la vida me da, por los dones que tengo, mi fuerza est\u00e1 en ti al igual que mi fe y que todo lo que espero T\u00fa lo tienes para m\u00ed.<\/p>\n\n\n\n<p>Gracias Dios. Am\u00e9n, am\u00e9n y am\u00e9n.<\/p>\n\n\n\n<p>\u00a1DIOS TE BENDIGA!<\/p>\n\n\n\n<p><strong><a href=\"https:\/\/seryhumano.com\/web\/oracion-diaria-dios-de-amor-y-perdon\/\">\u00a1Dios de Amor y Perd\u00f3n!<\/a><\/strong><\/p>\n\n\n\n<p><\/p>\n\n\n\n<h2 class=\"has-text-align-center wp-block-heading\"><strong>Padre Nuestro<\/strong><\/h2>\n\n\n\n<p class=\"has-text-align-center\">Padre Nuestro, que est\u00e1s en el cielo,<\/p>\n\n\n\n<p class=\"has-text-align-center\">santificado sea tu nombre;<\/p>\n\n\n\n<p class=\"has-text-align-center\">venga a nosotros tu reino;<\/p>\n\n\n\n<p class=\"has-text-align-center\">h\u00e1gase tu voluntad, en la tierra como en el cielo.<\/p>\n\n\n\n<p class=\"has-text-align-center\">Danos hoy nuestro pan de cada d\u00eda;<\/p>\n\n\n\n<p class=\"has-text-align-center\">perdona nuestras ofensas,<\/p>\n\n\n\n<p class=\"has-text-align-center\">como tambi\u00e9n nosotros perdonamos a los que nos ofenden;<\/p>\n\n\n\n<p class=\"has-text-align-center\">no nos dejes caer en la tentaci\u00f3n,<\/p>\n\n\n\n<p class=\"has-text-align-center\">y l\u00edbranos del mal.<\/p>\n\n\n\n<p class=\"has-text-align-center\">Am\u00e9n.<\/p>\n\n\n\n<p><\/p>\n\n\n\n<p class=\"has-text-align-center\"><strong>Padre Nuestro en lat\u00edn \u2013 Pater Noster<\/strong><\/p>\n\n\n\n<p class=\"has-text-align-center\">Pater noster, qui es in caelis:<\/p>\n\n\n\n<p class=\"has-text-align-center\">sanctificetur Nomen Tuum;<\/p>\n\n\n\n<p class=\"has-text-align-center\">adveniat Regnum Tuum;<\/p>\n\n\n\n<p class=\"has-text-align-center\">fiat voluntas Tua,<\/p>\n\n\n\n<p class=\"has-text-align-center\">sicut in caelo, et in terra.<\/p>\n\n\n\n<p class=\"has-text-align-center\">Panem nostrum cotidianum da nobis hodie;<\/p>\n\n\n\n<p class=\"has-text-align-center\">et dimitte nobis debita nostra,<\/p>\n\n\n\n<p class=\"has-text-align-center\">sicut et nos dimittimus debitoribus nostris;<\/p>\n\n\n\n<p class=\"has-text-align-center\">et ne nos inducas in tentationem;<\/p>\n\n\n\n<p class=\"has-text-align-center\">sed libera nos a Malo.<\/p>\n\n\n\n<p><a href=\"https:\/\/seryhumano.com\/web\/\">seryhumano.com<\/a> \/ <a href=\"https:\/\/twitter.com\/kiklikian\" target=\"_blank\" rel=\"noreferrer noopener\">Juan Kiklikian<\/a><\/p>\n\n\n\n<p>Si quiere recibir en su celular esta y otras informaciones y art\u00edculos descargue Telegram, ingrese al link <a href=\"htts:\/\/t.me\/seryhumano\">htts:\/\/t.me\/seryhumano<\/a> y dele clic a +Unirme<\/p>\n","protected":false},"excerpt":{"rendered":"<p>\u201cYo me acost\u00e9 y me dorm\u00ed; despert\u00e9, pues el SE\u00d1OR me sostiene\u201d. Salmos 3:5 Despertar Dios, de infinita majestad, gracias por mi despertar. Gracias por los dones que me dan lo suficiente para lograr mi misi\u00f3n de vida, porque tu santidad colma mi coraz\u00f3n y el de todos tus elegidos, de quienes creemos en ti,&hellip;<\/p>\n","protected":false},"author":305,"featured_media":37679,"comment_status":"closed","ping_status":"closed","sticky":false,"template":"","format":"standard","meta":{"footnotes":""},"categories":[5614],"tags":[1044,6053,7330,262,2951,7331,5484,6700],"class_list":["post-37678","post","type-post","status-publish","format-standard","has-post-thumbnail","hentry","category-oracion","tag-catolicismo","tag-creencia","tag-despertar","tag-dios","tag-fe","tag-gracia","tag-oracion","tag-religiosidad","category-5614","description-off"],"yoast_head":"<!-- This site is optimized with the Yoast SEO plugin v25.4 - https:\/\/yoast.com\/wordpress\/plugins\/seo\/ -->\n<title>ORACI\u00d3N DIARIA: \u00a1Dios, de infinita majestad, gracias por mi despertar!<\/title>\n<meta name=\"description\" content=\"ORACI\u00d3N DIARIA: \u00a1Dios, de infinita majestad, gracias por mi despertar! Gracias por los dones que me dan lo suficiente para lograr mi misi\u00f3n de\" \/>\n<meta name=\"robots\" content=\"index, follow, max-snippet:-1, max-image-preview:large, max-video-preview:-1\" \/>\n<link rel=\"canonical\" href=\"https:\/\/seryhumano.com\/web\/?p=37678\" \/>\n<meta property=\"og:locale\" content=\"es_ES\" \/>\n<meta property=\"og:type\" content=\"article\" \/>\n<meta property=\"og:title\" content=\"ORACI\u00d3N DIARIA: \u00a1Dios, de infinita majestad, gracias por mi despertar!\" \/>\n<meta property=\"og:description\" content=\"ORACI\u00d3N DIARIA: \u00a1Dios, de infinita majestad, gracias por mi despertar! Gracias por los dones que me dan lo suficiente para lograr mi misi\u00f3n de\" \/>\n<meta property=\"og:url\" content=\"https:\/\/seryhumano.com\/web\/?p=37678\" \/>\n<meta property=\"og:site_name\" content=\"SeryHumano.com\" \/>\n<meta property=\"article:publisher\" content=\"https:\/\/www.facebook.com\/seryhumano\/\" \/>\n<meta property=\"article:published_time\" content=\"2021-08-02T10:55:59+00:00\" \/>\n<meta property=\"article:modified_time\" content=\"2021-08-02T10:56:00+00:00\" \/>\n<meta property=\"og:image\" content=\"https:\/\/seryhumano.com\/web\/wp-content\/uploads\/2021\/08\/despertar.jpg\" \/>\n\t<meta property=\"og:image:width\" content=\"512\" \/>\n\t<meta property=\"og:image:height\" content=\"296\" \/>\n\t<meta property=\"og:image:type\" content=\"image\/jpeg\" \/>\n<meta name=\"author\" content=\"Redacci\u00f3n SeryHumano.com\" \/>\n<meta name=\"twitter:card\" content=\"summary_large_image\" \/>\n<meta name=\"twitter:creator\" content=\"@SeryHumano\" \/>\n<meta name=\"twitter:site\" content=\"@SeryHumano\" \/>\n<meta name=\"twitter:label1\" content=\"Escrito por\" \/>\n\t<meta name=\"twitter:data1\" content=\"Redacci\u00f3n SeryHumano.com\" \/>\n\t<meta name=\"twitter:label2\" content=\"Tiempo de lectura\" \/>\n\t<meta name=\"twitter:data2\" content=\"2 minutos\" \/>\n<script type=\"application\/ld+json\" class=\"yoast-schema-graph\">{\"@context\":\"https:\/\/schema.org\",\"@graph\":[{\"@type\":\"Article\",\"@id\":\"https:\/\/seryhumano.com\/web\/?p=37678#article\",\"isPartOf\":{\"@id\":\"https:\/\/seryhumano.com\/web\/?p=37678\"},\"author\":{\"name\":\"Redacci\u00f3n SeryHumano.com\",\"@id\":\"https:\/\/seryhumano.com\/web\/#\/schema\/person\/f4adb88e2944ce8c1d005724eb1186d6\"},\"headline\":\"ORACI\u00d3N DIARIA: \u00a1Dios, de infinita majestad, gracias por mi despertar!\",\"datePublished\":\"2021-08-02T10:55:59+00:00\",\"dateModified\":\"2021-08-02T10:56:00+00:00\",\"mainEntityOfPage\":{\"@id\":\"https:\/\/seryhumano.com\/web\/?p=37678\"},\"wordCount\":304,\"publisher\":{\"@id\":\"https:\/\/seryhumano.com\/web\/#organization\"},\"image\":{\"@id\":\"https:\/\/seryhumano.com\/web\/?p=37678#primaryimage\"},\"thumbnailUrl\":\"https:\/\/seryhumano.com\/web\/wp-content\/uploads\/2021\/08\/despertar.jpg\",\"keywords\":[\"Catolicismo\",\"Creencia\",\"despertar\",\"Dios\",\"fe\",\"gracia\",\"Oraci\u00f3n\",\"religiosidad\"],\"articleSection\":[\"Oraci\u00f3n\"],\"inLanguage\":\"es\"},{\"@type\":\"WebPage\",\"@id\":\"https:\/\/seryhumano.com\/web\/?p=37678\",\"url\":\"https:\/\/seryhumano.com\/web\/?p=37678\",\"name\":\"ORACI\u00d3N DIARIA: \u00a1Dios, de infinita majestad, gracias por mi despertar!\",\"isPartOf\":{\"@id\":\"https:\/\/seryhumano.com\/web\/#website\"},\"primaryImageOfPage\":{\"@id\":\"https:\/\/seryhumano.com\/web\/?p=37678#primaryimage\"},\"image\":{\"@id\":\"https:\/\/seryhumano.com\/web\/?p=37678#primaryimage\"},\"thumbnailUrl\":\"https:\/\/seryhumano.com\/web\/wp-content\/uploads\/2021\/08\/despertar.jpg\",\"datePublished\":\"2021-08-02T10:55:59+00:00\",\"dateModified\":\"2021-08-02T10:56:00+00:00\",\"description\":\"ORACI\u00d3N DIARIA: \u00a1Dios, de infinita majestad, gracias por mi despertar! Gracias por los dones que me dan lo suficiente para lograr mi misi\u00f3n de\",\"breadcrumb\":{\"@id\":\"https:\/\/seryhumano.com\/web\/?p=37678#breadcrumb\"},\"inLanguage\":\"es\",\"potentialAction\":[{\"@type\":\"ReadAction\",\"target\":[\"https:\/\/seryhumano.com\/web\/?p=37678\"]}]},{\"@type\":\"ImageObject\",\"inLanguage\":\"es\",\"@id\":\"https:\/\/seryhumano.com\/web\/?p=37678#primaryimage\",\"url\":\"https:\/\/seryhumano.com\/web\/wp-content\/uploads\/2021\/08\/despertar.jpg\",\"contentUrl\":\"https:\/\/seryhumano.com\/web\/wp-content\/uploads\/2021\/08\/despertar.jpg\",\"width\":512,\"height\":296},{\"@type\":\"BreadcrumbList\",\"@id\":\"https:\/\/seryhumano.com\/web\/?p=37678#breadcrumb\",\"itemListElement\":[{\"@type\":\"ListItem\",\"position\":1,\"name\":\"Portada\",\"item\":\"https:\/\/seryhumano.com\/web\/\"},{\"@type\":\"ListItem\",\"position\":2,\"name\":\"ORACI\u00d3N DIARIA: \u00a1Dios, de infinita majestad, gracias por mi despertar!\"}]},{\"@type\":\"WebSite\",\"@id\":\"https:\/\/seryhumano.com\/web\/#website\",\"url\":\"https:\/\/seryhumano.com\/web\/\",\"name\":\"SeryHumano.com\",\"description\":\"Revista digital muy humana, donde lo mas importante es el Ser...\",\"publisher\":{\"@id\":\"https:\/\/seryhumano.com\/web\/#organization\"},\"potentialAction\":[{\"@type\":\"SearchAction\",\"target\":{\"@type\":\"EntryPoint\",\"urlTemplate\":\"https:\/\/seryhumano.com\/web\/?s={search_term_string}\"},\"query-input\":{\"@type\":\"PropertyValueSpecification\",\"valueRequired\":true,\"valueName\":\"search_term_string\"}}],\"inLanguage\":\"es\"},{\"@type\":\"Organization\",\"@id\":\"https:\/\/seryhumano.com\/web\/#organization\",\"name\":\"SeryHumano.com\",\"url\":\"https:\/\/seryhumano.com\/web\/\",\"logo\":{\"@type\":\"ImageObject\",\"inLanguage\":\"es\",\"@id\":\"https:\/\/seryhumano.com\/web\/#\/schema\/logo\/image\/\",\"url\":\"https:\/\/seryhumano.com\/web\/wp-content\/uploads\/2020\/02\/JNe5VRwH_400x400-2.jpg\",\"contentUrl\":\"https:\/\/seryhumano.com\/web\/wp-content\/uploads\/2020\/02\/JNe5VRwH_400x400-2.jpg\",\"width\":400,\"height\":400,\"caption\":\"SeryHumano.com\"},\"image\":{\"@id\":\"https:\/\/seryhumano.com\/web\/#\/schema\/logo\/image\/\"},\"sameAs\":[\"https:\/\/www.facebook.com\/seryhumano\/\",\"https:\/\/x.com\/SeryHumano\",\"https:\/\/www.instagram.com\/seryhumano\/\",\"https:\/\/www.linkedin.com\/company\/seryhumano-com\/\",\"https:\/\/www.youtube.com\/channel\/UCYfgIGSxygVnJAW0e9ZBZWg\"]},{\"@type\":\"Person\",\"@id\":\"https:\/\/seryhumano.com\/web\/#\/schema\/person\/f4adb88e2944ce8c1d005724eb1186d6\",\"name\":\"Redacci\u00f3n SeryHumano.com\",\"sameAs\":[\"http:\/\/seryhumano.com\"],\"url\":\"https:\/\/seryhumano.com\/web\/?author=305\"}]}<\/script>\n<!-- \/ Yoast SEO plugin. -->","yoast_head_json":{"title":"ORACI\u00d3N DIARIA: \u00a1Dios, de infinita majestad, gracias por mi despertar!","description":"ORACI\u00d3N DIARIA: \u00a1Dios, de infinita majestad, gracias por mi despertar! Gracias por los dones que me dan lo suficiente para lograr mi misi\u00f3n de","robots":{"index":"index","follow":"follow","max-snippet":"max-snippet:-1","max-image-preview":"max-image-preview:large","max-video-preview":"max-video-preview:-1"},"canonical":"https:\/\/seryhumano.com\/web\/?p=37678","og_locale":"es_ES","og_type":"article","og_title":"ORACI\u00d3N DIARIA: \u00a1Dios, de infinita majestad, gracias por mi despertar!","og_description":"ORACI\u00d3N DIARIA: \u00a1Dios, de infinita majestad, gracias por mi despertar! Gracias por los dones que me dan lo suficiente para lograr mi misi\u00f3n de","og_url":"https:\/\/seryhumano.com\/web\/?p=37678","og_site_name":"SeryHumano.com","article_publisher":"https:\/\/www.facebook.com\/seryhumano\/","article_published_time":"2021-08-02T10:55:59+00:00","article_modified_time":"2021-08-02T10:56:00+00:00","og_image":[{"width":512,"height":296,"url":"https:\/\/seryhumano.com\/web\/wp-content\/uploads\/2021\/08\/despertar.jpg","type":"image\/jpeg"}],"author":"Redacci\u00f3n SeryHumano.com","twitter_card":"summary_large_image","twitter_creator":"@SeryHumano","twitter_site":"@SeryHumano","twitter_misc":{"Escrito por":"Redacci\u00f3n SeryHumano.com","Tiempo de lectura":"2 minutos"},"schema":{"@context":"https:\/\/schema.org","@graph":[{"@type":"Article","@id":"https:\/\/seryhumano.com\/web\/?p=37678#article","isPartOf":{"@id":"https:\/\/seryhumano.com\/web\/?p=37678"},"author":{"name":"Redacci\u00f3n SeryHumano.com","@id":"https:\/\/seryhumano.com\/web\/#\/schema\/person\/f4adb88e2944ce8c1d005724eb1186d6"},"headline":"ORACI\u00d3N DIARIA: \u00a1Dios, de infinita majestad, gracias por mi despertar!","datePublished":"2021-08-02T10:55:59+00:00","dateModified":"2021-08-02T10:56:00+00:00","mainEntityOfPage":{"@id":"https:\/\/seryhumano.com\/web\/?p=37678"},"wordCount":304,"publisher":{"@id":"https:\/\/seryhumano.com\/web\/#organization"},"image":{"@id":"https:\/\/seryhumano.com\/web\/?p=37678#primaryimage"},"thumbnailUrl":"https:\/\/seryhumano.com\/web\/wp-content\/uploads\/2021\/08\/despertar.jpg","keywords":["Catolicismo","Creencia","despertar","Dios","fe","gracia","Oraci\u00f3n","religiosidad"],"articleSection":["Oraci\u00f3n"],"inLanguage":"es"},{"@type":"WebPage","@id":"https:\/\/seryhumano.com\/web\/?p=37678","url":"https:\/\/seryhumano.com\/web\/?p=37678","name":"ORACI\u00d3N DIARIA: \u00a1Dios, de infinita majestad, gracias por mi despertar!","isPartOf":{"@id":"https:\/\/seryhumano.com\/web\/#website"},"primaryImageOfPage":{"@id":"https:\/\/seryhumano.com\/web\/?p=37678#primaryimage"},"image":{"@id":"https:\/\/seryhumano.com\/web\/?p=37678#primaryimage"},"thumbnailUrl":"https:\/\/seryhumano.com\/web\/wp-content\/uploads\/2021\/08\/despertar.jpg","datePublished":"2021-08-02T10:55:59+00:00","dateModified":"2021-08-02T10:56:00+00:00","description":"ORACI\u00d3N DIARIA: \u00a1Dios, de infinita majestad, gracias por mi despertar! Gracias por los dones que me dan lo suficiente para lograr mi misi\u00f3n de","breadcrumb":{"@id":"https:\/\/seryhumano.com\/web\/?p=37678#breadcrumb"},"inLanguage":"es","potentialAction":[{"@type":"ReadAction","target":["https:\/\/seryhumano.com\/web\/?p=37678"]}]},{"@type":"ImageObject","inLanguage":"es","@id":"https:\/\/seryhumano.com\/web\/?p=37678#primaryimage","url":"https:\/\/seryhumano.com\/web\/wp-content\/uploads\/2021\/08\/despertar.jpg","contentUrl":"https:\/\/seryhumano.com\/web\/wp-content\/uploads\/2021\/08\/despertar.jpg","width":512,"height":296},{"@type":"BreadcrumbList","@id":"https:\/\/seryhumano.com\/web\/?p=37678#breadcrumb","itemListElement":[{"@type":"ListItem","position":1,"name":"Portada","item":"https:\/\/seryhumano.com\/web\/"},{"@type":"ListItem","position":2,"name":"ORACI\u00d3N DIARIA: \u00a1Dios, de infinita majestad, gracias por mi despertar!"}]},{"@type":"WebSite","@id":"https:\/\/seryhumano.com\/web\/#website","url":"https:\/\/seryhumano.com\/web\/","name":"SeryHumano.com","description":"Revista digital muy humana, donde lo mas importante es el Ser...","publisher":{"@id":"https:\/\/seryhumano.com\/web\/#organization"},"potentialAction":[{"@type":"SearchAction","target":{"@type":"EntryPoint","urlTemplate":"https:\/\/seryhumano.com\/web\/?s={search_term_string}"},"query-input":{"@type":"PropertyValueSpecification","valueRequired":true,"valueName":"search_term_string"}}],"inLanguage":"es"},{"@type":"Organization","@id":"https:\/\/seryhumano.com\/web\/#organization","name":"SeryHumano.com","url":"https:\/\/seryhumano.com\/web\/","logo":{"@type":"ImageObject","inLanguage":"es","@id":"https:\/\/seryhumano.com\/web\/#\/schema\/logo\/image\/","url":"https:\/\/seryhumano.com\/web\/wp-content\/uploads\/2020\/02\/JNe5VRwH_400x400-2.jpg","contentUrl":"https:\/\/seryhumano.com\/web\/wp-content\/uploads\/2020\/02\/JNe5VRwH_400x400-2.jpg","width":400,"height":400,"caption":"SeryHumano.com"},"image":{"@id":"https:\/\/seryhumano.com\/web\/#\/schema\/logo\/image\/"},"sameAs":["https:\/\/www.facebook.com\/seryhumano\/","https:\/\/x.com\/SeryHumano","https:\/\/www.instagram.com\/seryhumano\/","https:\/\/www.linkedin.com\/company\/seryhumano-com\/","https:\/\/www.youtube.com\/channel\/UCYfgIGSxygVnJAW0e9ZBZWg"]},{"@type":"Person","@id":"https:\/\/seryhumano.com\/web\/#\/schema\/person\/f4adb88e2944ce8c1d005724eb1186d6","name":"Redacci\u00f3n SeryHumano.com","sameAs":["http:\/\/seryhumano.com"],"url":"https:\/\/seryhumano.com\/web\/?author=305"}]}},"_links":{"self":[{"href":"https:\/\/seryhumano.com\/web\/index.php?rest_route=\/wp\/v2\/posts\/37678","targetHints":{"allow":["GET"]}}],"collection":[{"href":"https:\/\/seryhumano.com\/web\/index.php?rest_route=\/wp\/v2\/posts"}],"about":[{"href":"https:\/\/seryhumano.com\/web\/index.php?rest_route=\/wp\/v2\/types\/post"}],"author":[{"embeddable":true,"href":"https:\/\/seryhumano.com\/web\/index.php?rest_route=\/wp\/v2\/users\/305"}],"replies":[{"embeddable":true,"href":"https:\/\/seryhumano.com\/web\/index.php?rest_route=%2Fwp%2Fv2%2Fcomments&post=37678"}],"version-history":[{"count":0,"href":"https:\/\/seryhumano.com\/web\/index.php?rest_route=\/wp\/v2\/posts\/37678\/revisions"}],"wp:featuredmedia":[{"embeddable":true,"href":"https:\/\/seryhumano.com\/web\/index.php?rest_route=\/wp\/v2\/media\/37679"}],"wp:attachment":[{"href":"https:\/\/seryhumano.com\/web\/index.php?rest_route=%2Fwp%2Fv2%2Fmedia&parent=37678"}],"wp:term":[{"taxonomy":"category","embeddable":true,"href":"https:\/\/seryhumano.com\/web\/index.php?rest_route=%2Fwp%2Fv2%2Fcategories&post=37678"},{"taxonomy":"post_tag","embeddable":true,"href":"https:\/\/seryhumano.com\/web\/index.php?rest_route=%2Fwp%2Fv2%2Ftags&post=37678"}],"curies":[{"name":"wp","href":"https:\/\/api.w.org\/{rel}","templated":true}]}}