{"id":38102,"date":"2022-02-07T11:17:54","date_gmt":"2022-02-07T15:47:54","guid":{"rendered":"https:\/\/seryhumano.com\/web\/?p=38102"},"modified":"2022-02-07T11:17:56","modified_gmt":"2022-02-07T15:47:56","slug":"convoy-de-la-libertad-freedomconvoy2022","status":"publish","type":"post","link":"https:\/\/seryhumano.com\/web\/?p=38102","title":{"rendered":"Convoy de la libertad  #freedomconvoy2022"},"content":{"rendered":"\n<p class=\"has-text-align-center\">Ottawa en estado de emergencia ante las protestas de camioneros<\/p>\n\n\n\n<div class=\"wp-block-image\"><figure class=\"aligncenter size-full\"><img loading=\"lazy\" decoding=\"async\" width=\"700\" height=\"450\" src=\"https:\/\/seryhumano.com\/web\/wp-content\/uploads\/2022\/02\/Freedom-Convoy.jpg\" alt=\"Convoy de la libertad \" class=\"wp-image-38103\" srcset=\"https:\/\/seryhumano.com\/web\/wp-content\/uploads\/2022\/02\/Freedom-Convoy.jpg 700w, https:\/\/seryhumano.com\/web\/wp-content\/uploads\/2022\/02\/Freedom-Convoy-300x193.jpg 300w\" sizes=\"auto, (max-width: 700px) 100vw, 700px\" \/><\/figure><\/div>\n\n\n\n<p><strong>\u00bfQu\u00e9 sucede en Canad\u00e1?<\/strong><\/p>\n\n\n\n<p>El alcalde de Ottawa, Jim Watson, ha declarado el estado de emergencia en la capital canadiense en medio de las protestas contra la vacunaci\u00f3n obligatoria para los transportistas; protesta que se prolongan desde hace m\u00e1s de una semana.<\/p>\n\n\n\n<p>Los transportistas llegaron el pasado 29 de enero a la capital del pa\u00eds en el denominado <em>&#8216;convoy de la libertad&#8217;<\/em>, para protestar pac\u00edficamente contra el primer ministro Justin Trudeau y la decisi\u00f3n de las autoridades canadienses de obligar a los camioneros a vacunarse, que entr\u00f3 en vigor el pasado 15 de enero.<\/p>\n\n\n\n<figure class=\"wp-block-embed is-type-video is-provider-youtube wp-block-embed-youtube wp-embed-aspect-16-9 wp-has-aspect-ratio\"><div class=\"wp-block-embed__wrapper\">\n<span class=\"embed-youtube\" style=\"text-align:center; display: block;\"><iframe loading=\"lazy\" class=\"youtube-player\" width=\"1200\" height=\"675\" src=\"https:\/\/www.youtube.com\/embed\/ZiFkM-9tWWw?version=3&#038;rel=1&#038;showsearch=0&#038;showinfo=1&#038;iv_load_policy=1&#038;fs=1&#038;hl=es-ES&#038;autohide=2&#038;wmode=transparent\" allowfullscreen=\"true\" style=\"border:0;\" sandbox=\"allow-scripts allow-same-origin allow-popups allow-presentation allow-popups-to-escape-sandbox\"><\/iframe><\/span>\n<\/div><\/figure>\n\n\n\n<p>En un art\u00edculo escrito por Pablo Iturralde (residente de Canad\u00e1) titulado \u201cLa revoluci\u00f3n de los CAMIONEROS en Canad\u00e1\u201d explica que \u201c<em>si no fuese por las redes sociales y grupos de Telegram, posiblemente nadie se hubiese enterado del convoy gigantesco con miles de camiones en Canad\u00e1 camino a Ottawa y que ha originado un movimiento pol\u00edtico sin precedentes<\/em>.\u201d<\/p>\n\n\n\n<p>En este video se desmenuza el tema a profundidad:<\/p>\n\n\n\n<figure class=\"wp-block-embed is-type-video is-provider-youtube wp-block-embed-youtube wp-embed-aspect-16-9 wp-has-aspect-ratio\"><div class=\"wp-block-embed__wrapper\">\n<iframe loading=\"lazy\" title=\"La contrarrevoluci\u00f3n de los CAMIONEROS en Canad\u00e1 \ud83c\udde8\ud83c\udde6 \ud83d\ude9b\ud83d\ude9b\ud83d\ude9b\" width=\"1200\" height=\"675\" src=\"https:\/\/www.youtube.com\/embed\/hbY-Tv1QTl8?feature=oembed\" frameborder=\"0\" allow=\"accelerometer; autoplay; clipboard-write; encrypted-media; gyroscope; picture-in-picture; web-share\" referrerpolicy=\"strict-origin-when-cross-origin\" allowfullscreen><\/iframe>\n<\/div><\/figure>\n\n\n\n<p>En el blog de este mismo autor podr\u00e1s encontrar las verdaderas razones por las que los camioneros de Canad\u00e1 est\u00e1n protestando, las cuales NO tienen que ver con teor\u00edas de conspiraci\u00f3n ni afiliaci\u00f3n a la <a href=\"https:\/\/www.un.org\/sustainabledevelopment\/es\/2015\/09\/la-asamblea-general-adopta-la-agenda-2030-para-el-desarrollo-sostenible\/\" target=\"_blank\" rel=\"noreferrer noopener\">Agenda 2030<\/a>.<\/p>\n\n\n\n<p><a href=\"https:\/\/pablomunoziturrieta.com\/2022\/02\/02\/la-revolucion-de-los-camioneros-en-canada\/\" target=\"_blank\" rel=\"noreferrer noopener\">Los camioneros y las teor\u00edas de la conspiraci\u00f3n<\/a><\/p>\n\n\n\n<p><strong>Y t\u00fa, \u00bfsabes lo que est\u00e1 sucediendo en Canad\u00e1?<\/strong><\/p>\n\n\n\n<p><a href=\"https:\/\/seryhumano.com\/web\/\">seryhumano.com<\/a><\/p>\n\n\n\n<p>Si quiere recibir en su celular esta y otras informaciones y art\u00edculos descargue Telegram, ingrese al link <a href=\"htts:\/\/t.me\/seryhumano\">htts:\/\/t.me\/seryhumano<\/a> y dele clic a +Unirme<\/p>\n","protected":false},"excerpt":{"rendered":"<p>Ottawa en estado de emergencia ante las protestas de camioneros \u00bfQu\u00e9 sucede en Canad\u00e1? El alcalde de Ottawa, Jim Watson, ha declarado el estado de emergencia en la capital canadiense en medio de las protestas contra la vacunaci\u00f3n obligatoria para los transportistas; protesta que se prolongan desde hace m\u00e1s de una semana. Los transportistas llegaron&hellip;<\/p>\n","protected":false},"author":305,"featured_media":38103,"comment_status":"closed","ping_status":"closed","sticky":false,"template":"","format":"standard","meta":{"footnotes":""},"categories":[110],"tags":[7608,665,7609,5288,555,7611,7610,677],"class_list":["post-38102","post","type-post","status-publish","format-standard","has-post-thumbnail","hentry","category-noticias","tag-freedomconvoy2022","tag-canada","tag-convoy","tag-ddhh","tag-libertad","tag-obligatoria","tag-pasaportecovid","tag-vacuna","category-110","description-off"],"yoast_head":"<!-- This site is optimized with the Yoast SEO plugin v25.4 - https:\/\/yoast.com\/wordpress\/plugins\/seo\/ -->\n<title>Convoy de la libertad #freedomconvoy2022 &#187; SeryHumano.com<\/title>\n<meta name=\"description\" content=\"Convoy de la libertad #freedomconvoy2022 El alcalde de Ottawa, Jim Watson, ha declarado el estado de emergencia en la capital canadiense en me\" \/>\n<meta name=\"robots\" content=\"index, follow, max-snippet:-1, max-image-preview:large, max-video-preview:-1\" \/>\n<link rel=\"canonical\" href=\"https:\/\/seryhumano.com\/web\/?p=38102\" \/>\n<meta property=\"og:locale\" content=\"es_ES\" \/>\n<meta property=\"og:type\" content=\"article\" \/>\n<meta property=\"og:title\" content=\"Convoy de la libertad #freedomconvoy2022 &#187; SeryHumano.com\" \/>\n<meta property=\"og:description\" content=\"Convoy de la libertad #freedomconvoy2022 El alcalde de Ottawa, Jim Watson, ha declarado el estado de emergencia en la capital canadiense en me\" \/>\n<meta property=\"og:url\" content=\"https:\/\/seryhumano.com\/web\/?p=38102\" \/>\n<meta property=\"og:site_name\" content=\"SeryHumano.com\" \/>\n<meta property=\"article:publisher\" content=\"https:\/\/www.facebook.com\/seryhumano\/\" \/>\n<meta property=\"article:published_time\" content=\"2022-02-07T15:47:54+00:00\" \/>\n<meta property=\"article:modified_time\" content=\"2022-02-07T15:47:56+00:00\" \/>\n<meta property=\"og:image\" content=\"https:\/\/seryhumano.com\/web\/wp-content\/uploads\/2022\/02\/Freedom-Convoy.jpg\" \/>\n\t<meta property=\"og:image:width\" content=\"700\" \/>\n\t<meta property=\"og:image:height\" content=\"450\" \/>\n\t<meta property=\"og:image:type\" content=\"image\/jpeg\" \/>\n<meta name=\"author\" content=\"Redacci\u00f3n SeryHumano.com\" \/>\n<meta name=\"twitter:card\" content=\"summary_large_image\" \/>\n<meta name=\"twitter:creator\" content=\"@SeryHumano\" \/>\n<meta name=\"twitter:site\" content=\"@SeryHumano\" \/>\n<meta name=\"twitter:label1\" content=\"Escrito por\" \/>\n\t<meta name=\"twitter:data1\" content=\"Redacci\u00f3n SeryHumano.com\" \/>\n\t<meta name=\"twitter:label2\" content=\"Tiempo de lectura\" \/>\n\t<meta name=\"twitter:data2\" content=\"2 minutos\" \/>\n<script type=\"application\/ld+json\" class=\"yoast-schema-graph\">{\"@context\":\"https:\/\/schema.org\",\"@graph\":[{\"@type\":\"Article\",\"@id\":\"https:\/\/seryhumano.com\/web\/?p=38102#article\",\"isPartOf\":{\"@id\":\"https:\/\/seryhumano.com\/web\/?p=38102\"},\"author\":{\"name\":\"Redacci\u00f3n SeryHumano.com\",\"@id\":\"https:\/\/seryhumano.com\/web\/#\/schema\/person\/f4adb88e2944ce8c1d005724eb1186d6\"},\"headline\":\"Convoy de la libertad #freedomconvoy2022\",\"datePublished\":\"2022-02-07T15:47:54+00:00\",\"dateModified\":\"2022-02-07T15:47:56+00:00\",\"mainEntityOfPage\":{\"@id\":\"https:\/\/seryhumano.com\/web\/?p=38102\"},\"wordCount\":294,\"publisher\":{\"@id\":\"https:\/\/seryhumano.com\/web\/#organization\"},\"image\":{\"@id\":\"https:\/\/seryhumano.com\/web\/?p=38102#primaryimage\"},\"thumbnailUrl\":\"https:\/\/seryhumano.com\/web\/wp-content\/uploads\/2022\/02\/Freedom-Convoy.jpg\",\"keywords\":[\"#freedomconvoy2022\",\"Canad\u00e1\",\"Convoy\",\"DDHH\",\"Libertad\",\"obligatoria\",\"PasaporteCovid\",\"Vacuna\"],\"articleSection\":[\"Noticias\"],\"inLanguage\":\"es\"},{\"@type\":\"WebPage\",\"@id\":\"https:\/\/seryhumano.com\/web\/?p=38102\",\"url\":\"https:\/\/seryhumano.com\/web\/?p=38102\",\"name\":\"Convoy de la libertad #freedomconvoy2022 &#187; SeryHumano.com\",\"isPartOf\":{\"@id\":\"https:\/\/seryhumano.com\/web\/#website\"},\"primaryImageOfPage\":{\"@id\":\"https:\/\/seryhumano.com\/web\/?p=38102#primaryimage\"},\"image\":{\"@id\":\"https:\/\/seryhumano.com\/web\/?p=38102#primaryimage\"},\"thumbnailUrl\":\"https:\/\/seryhumano.com\/web\/wp-content\/uploads\/2022\/02\/Freedom-Convoy.jpg\",\"datePublished\":\"2022-02-07T15:47:54+00:00\",\"dateModified\":\"2022-02-07T15:47:56+00:00\",\"description\":\"Convoy de la libertad #freedomconvoy2022 El alcalde de Ottawa, Jim Watson, ha declarado el estado de emergencia en la capital canadiense en me\",\"breadcrumb\":{\"@id\":\"https:\/\/seryhumano.com\/web\/?p=38102#breadcrumb\"},\"inLanguage\":\"es\",\"potentialAction\":[{\"@type\":\"ReadAction\",\"target\":[\"https:\/\/seryhumano.com\/web\/?p=38102\"]}]},{\"@type\":\"ImageObject\",\"inLanguage\":\"es\",\"@id\":\"https:\/\/seryhumano.com\/web\/?p=38102#primaryimage\",\"url\":\"https:\/\/seryhumano.com\/web\/wp-content\/uploads\/2022\/02\/Freedom-Convoy.jpg\",\"contentUrl\":\"https:\/\/seryhumano.com\/web\/wp-content\/uploads\/2022\/02\/Freedom-Convoy.jpg\",\"width\":700,\"height\":450},{\"@type\":\"BreadcrumbList\",\"@id\":\"https:\/\/seryhumano.com\/web\/?p=38102#breadcrumb\",\"itemListElement\":[{\"@type\":\"ListItem\",\"position\":1,\"name\":\"Portada\",\"item\":\"https:\/\/seryhumano.com\/web\/\"},{\"@type\":\"ListItem\",\"position\":2,\"name\":\"Convoy de la libertad #freedomconvoy2022\"}]},{\"@type\":\"WebSite\",\"@id\":\"https:\/\/seryhumano.com\/web\/#website\",\"url\":\"https:\/\/seryhumano.com\/web\/\",\"name\":\"SeryHumano.com\",\"description\":\"Revista digital muy humana, donde lo mas importante es el Ser...\",\"publisher\":{\"@id\":\"https:\/\/seryhumano.com\/web\/#organization\"},\"potentialAction\":[{\"@type\":\"SearchAction\",\"target\":{\"@type\":\"EntryPoint\",\"urlTemplate\":\"https:\/\/seryhumano.com\/web\/?s={search_term_string}\"},\"query-input\":{\"@type\":\"PropertyValueSpecification\",\"valueRequired\":true,\"valueName\":\"search_term_string\"}}],\"inLanguage\":\"es\"},{\"@type\":\"Organization\",\"@id\":\"https:\/\/seryhumano.com\/web\/#organization\",\"name\":\"SeryHumano.com\",\"url\":\"https:\/\/seryhumano.com\/web\/\",\"logo\":{\"@type\":\"ImageObject\",\"inLanguage\":\"es\",\"@id\":\"https:\/\/seryhumano.com\/web\/#\/schema\/logo\/image\/\",\"url\":\"https:\/\/seryhumano.com\/web\/wp-content\/uploads\/2020\/02\/JNe5VRwH_400x400-2.jpg\",\"contentUrl\":\"https:\/\/seryhumano.com\/web\/wp-content\/uploads\/2020\/02\/JNe5VRwH_400x400-2.jpg\",\"width\":400,\"height\":400,\"caption\":\"SeryHumano.com\"},\"image\":{\"@id\":\"https:\/\/seryhumano.com\/web\/#\/schema\/logo\/image\/\"},\"sameAs\":[\"https:\/\/www.facebook.com\/seryhumano\/\",\"https:\/\/x.com\/SeryHumano\",\"https:\/\/www.instagram.com\/seryhumano\/\",\"https:\/\/www.linkedin.com\/company\/seryhumano-com\/\",\"https:\/\/www.youtube.com\/channel\/UCYfgIGSxygVnJAW0e9ZBZWg\"]},{\"@type\":\"Person\",\"@id\":\"https:\/\/seryhumano.com\/web\/#\/schema\/person\/f4adb88e2944ce8c1d005724eb1186d6\",\"name\":\"Redacci\u00f3n SeryHumano.com\",\"sameAs\":[\"http:\/\/seryhumano.com\"],\"url\":\"https:\/\/seryhumano.com\/web\/?author=305\"}]}<\/script>\n<!-- \/ Yoast SEO plugin. -->","yoast_head_json":{"title":"Convoy de la libertad #freedomconvoy2022 &#187; SeryHumano.com","description":"Convoy de la libertad #freedomconvoy2022 El alcalde de Ottawa, Jim Watson, ha declarado el estado de emergencia en la capital canadiense en me","robots":{"index":"index","follow":"follow","max-snippet":"max-snippet:-1","max-image-preview":"max-image-preview:large","max-video-preview":"max-video-preview:-1"},"canonical":"https:\/\/seryhumano.com\/web\/?p=38102","og_locale":"es_ES","og_type":"article","og_title":"Convoy de la libertad #freedomconvoy2022 &#187; SeryHumano.com","og_description":"Convoy de la libertad #freedomconvoy2022 El alcalde de Ottawa, Jim Watson, ha declarado el estado de emergencia en la capital canadiense en me","og_url":"https:\/\/seryhumano.com\/web\/?p=38102","og_site_name":"SeryHumano.com","article_publisher":"https:\/\/www.facebook.com\/seryhumano\/","article_published_time":"2022-02-07T15:47:54+00:00","article_modified_time":"2022-02-07T15:47:56+00:00","og_image":[{"width":700,"height":450,"url":"https:\/\/seryhumano.com\/web\/wp-content\/uploads\/2022\/02\/Freedom-Convoy.jpg","type":"image\/jpeg"}],"author":"Redacci\u00f3n SeryHumano.com","twitter_card":"summary_large_image","twitter_creator":"@SeryHumano","twitter_site":"@SeryHumano","twitter_misc":{"Escrito por":"Redacci\u00f3n SeryHumano.com","Tiempo de lectura":"2 minutos"},"schema":{"@context":"https:\/\/schema.org","@graph":[{"@type":"Article","@id":"https:\/\/seryhumano.com\/web\/?p=38102#article","isPartOf":{"@id":"https:\/\/seryhumano.com\/web\/?p=38102"},"author":{"name":"Redacci\u00f3n SeryHumano.com","@id":"https:\/\/seryhumano.com\/web\/#\/schema\/person\/f4adb88e2944ce8c1d005724eb1186d6"},"headline":"Convoy de la libertad #freedomconvoy2022","datePublished":"2022-02-07T15:47:54+00:00","dateModified":"2022-02-07T15:47:56+00:00","mainEntityOfPage":{"@id":"https:\/\/seryhumano.com\/web\/?p=38102"},"wordCount":294,"publisher":{"@id":"https:\/\/seryhumano.com\/web\/#organization"},"image":{"@id":"https:\/\/seryhumano.com\/web\/?p=38102#primaryimage"},"thumbnailUrl":"https:\/\/seryhumano.com\/web\/wp-content\/uploads\/2022\/02\/Freedom-Convoy.jpg","keywords":["#freedomconvoy2022","Canad\u00e1","Convoy","DDHH","Libertad","obligatoria","PasaporteCovid","Vacuna"],"articleSection":["Noticias"],"inLanguage":"es"},{"@type":"WebPage","@id":"https:\/\/seryhumano.com\/web\/?p=38102","url":"https:\/\/seryhumano.com\/web\/?p=38102","name":"Convoy de la libertad #freedomconvoy2022 &#187; SeryHumano.com","isPartOf":{"@id":"https:\/\/seryhumano.com\/web\/#website"},"primaryImageOfPage":{"@id":"https:\/\/seryhumano.com\/web\/?p=38102#primaryimage"},"image":{"@id":"https:\/\/seryhumano.com\/web\/?p=38102#primaryimage"},"thumbnailUrl":"https:\/\/seryhumano.com\/web\/wp-content\/uploads\/2022\/02\/Freedom-Convoy.jpg","datePublished":"2022-02-07T15:47:54+00:00","dateModified":"2022-02-07T15:47:56+00:00","description":"Convoy de la libertad #freedomconvoy2022 El alcalde de Ottawa, Jim Watson, ha declarado el estado de emergencia en la capital canadiense en me","breadcrumb":{"@id":"https:\/\/seryhumano.com\/web\/?p=38102#breadcrumb"},"inLanguage":"es","potentialAction":[{"@type":"ReadAction","target":["https:\/\/seryhumano.com\/web\/?p=38102"]}]},{"@type":"ImageObject","inLanguage":"es","@id":"https:\/\/seryhumano.com\/web\/?p=38102#primaryimage","url":"https:\/\/seryhumano.com\/web\/wp-content\/uploads\/2022\/02\/Freedom-Convoy.jpg","contentUrl":"https:\/\/seryhumano.com\/web\/wp-content\/uploads\/2022\/02\/Freedom-Convoy.jpg","width":700,"height":450},{"@type":"BreadcrumbList","@id":"https:\/\/seryhumano.com\/web\/?p=38102#breadcrumb","itemListElement":[{"@type":"ListItem","position":1,"name":"Portada","item":"https:\/\/seryhumano.com\/web\/"},{"@type":"ListItem","position":2,"name":"Convoy de la libertad #freedomconvoy2022"}]},{"@type":"WebSite","@id":"https:\/\/seryhumano.com\/web\/#website","url":"https:\/\/seryhumano.com\/web\/","name":"SeryHumano.com","description":"Revista digital muy humana, donde lo mas importante es el Ser...","publisher":{"@id":"https:\/\/seryhumano.com\/web\/#organization"},"potentialAction":[{"@type":"SearchAction","target":{"@type":"EntryPoint","urlTemplate":"https:\/\/seryhumano.com\/web\/?s={search_term_string}"},"query-input":{"@type":"PropertyValueSpecification","valueRequired":true,"valueName":"search_term_string"}}],"inLanguage":"es"},{"@type":"Organization","@id":"https:\/\/seryhumano.com\/web\/#organization","name":"SeryHumano.com","url":"https:\/\/seryhumano.com\/web\/","logo":{"@type":"ImageObject","inLanguage":"es","@id":"https:\/\/seryhumano.com\/web\/#\/schema\/logo\/image\/","url":"https:\/\/seryhumano.com\/web\/wp-content\/uploads\/2020\/02\/JNe5VRwH_400x400-2.jpg","contentUrl":"https:\/\/seryhumano.com\/web\/wp-content\/uploads\/2020\/02\/JNe5VRwH_400x400-2.jpg","width":400,"height":400,"caption":"SeryHumano.com"},"image":{"@id":"https:\/\/seryhumano.com\/web\/#\/schema\/logo\/image\/"},"sameAs":["https:\/\/www.facebook.com\/seryhumano\/","https:\/\/x.com\/SeryHumano","https:\/\/www.instagram.com\/seryhumano\/","https:\/\/www.linkedin.com\/company\/seryhumano-com\/","https:\/\/www.youtube.com\/channel\/UCYfgIGSxygVnJAW0e9ZBZWg"]},{"@type":"Person","@id":"https:\/\/seryhumano.com\/web\/#\/schema\/person\/f4adb88e2944ce8c1d005724eb1186d6","name":"Redacci\u00f3n SeryHumano.com","sameAs":["http:\/\/seryhumano.com"],"url":"https:\/\/seryhumano.com\/web\/?author=305"}]}},"_links":{"self":[{"href":"https:\/\/seryhumano.com\/web\/index.php?rest_route=\/wp\/v2\/posts\/38102","targetHints":{"allow":["GET"]}}],"collection":[{"href":"https:\/\/seryhumano.com\/web\/index.php?rest_route=\/wp\/v2\/posts"}],"about":[{"href":"https:\/\/seryhumano.com\/web\/index.php?rest_route=\/wp\/v2\/types\/post"}],"author":[{"embeddable":true,"href":"https:\/\/seryhumano.com\/web\/index.php?rest_route=\/wp\/v2\/users\/305"}],"replies":[{"embeddable":true,"href":"https:\/\/seryhumano.com\/web\/index.php?rest_route=%2Fwp%2Fv2%2Fcomments&post=38102"}],"version-history":[{"count":0,"href":"https:\/\/seryhumano.com\/web\/index.php?rest_route=\/wp\/v2\/posts\/38102\/revisions"}],"wp:featuredmedia":[{"embeddable":true,"href":"https:\/\/seryhumano.com\/web\/index.php?rest_route=\/wp\/v2\/media\/38103"}],"wp:attachment":[{"href":"https:\/\/seryhumano.com\/web\/index.php?rest_route=%2Fwp%2Fv2%2Fmedia&parent=38102"}],"wp:term":[{"taxonomy":"category","embeddable":true,"href":"https:\/\/seryhumano.com\/web\/index.php?rest_route=%2Fwp%2Fv2%2Fcategories&post=38102"},{"taxonomy":"post_tag","embeddable":true,"href":"https:\/\/seryhumano.com\/web\/index.php?rest_route=%2Fwp%2Fv2%2Ftags&post=38102"}],"curies":[{"name":"wp","href":"https:\/\/api.w.org\/{rel}","templated":true}]}}