{"id":38866,"date":"2022-11-02T04:41:13","date_gmt":"2022-11-02T09:11:13","guid":{"rendered":"https:\/\/seryhumano.com\/web\/?p=38866"},"modified":"2022-11-02T04:41:15","modified_gmt":"2022-11-02T09:11:15","slug":"dia-de-difuntos","status":"publish","type":"post","link":"https:\/\/seryhumano.com\/web\/?p=38866","title":{"rendered":"D\u00eda de Difuntos"},"content":{"rendered":"\n<blockquote class=\"wp-block-quote has-text-align-center is-layout-flow wp-block-quote-is-layout-flow\"><p><strong>El 2 de noviembre se dedica a la celebraci\u00f3n del D\u00eda de Difuntos o D\u00eda de los Fieles Difuntos, para honrar y conmemorar a los difuntos fieles de la religi\u00f3n cat\u00f3lica y cristiana<\/strong><\/p><\/blockquote>\n\n\n<div class=\"wp-block-image\">\n<figure class=\"aligncenter size-full\"><img loading=\"lazy\" decoding=\"async\" width=\"500\" height=\"333\" src=\"https:\/\/seryhumano.com\/web\/wp-content\/uploads\/2022\/11\/Consummatum-Est-.jpg\" alt=\" D\u00eda de Difuntos \" class=\"wp-image-38867\" srcset=\"https:\/\/seryhumano.com\/web\/wp-content\/uploads\/2022\/11\/Consummatum-Est-.jpg 500w, https:\/\/seryhumano.com\/web\/wp-content\/uploads\/2022\/11\/Consummatum-Est--300x200.jpg 300w\" sizes=\"auto, (max-width: 500px) 100vw, 500px\" \/><figcaption>Cementerio Amador en Ciudad de Panam\u00e1 Foto Francisco Lizarazo<br><\/figcaption><\/figure><\/div>\n\n\n<p>Esta efem\u00e9ride fue instituida en el a\u00f1o 998 por el monje benedictino San Odil\u00f3n de Francia, siendo adoptada por Roma en el siglo XVI y posteriormente difundida en todo el mundo.<\/p>\n\n\n\n<p><\/p>\n\n\n\n<h2 class=\"wp-block-heading\"><strong>\u00bfQu\u00e9 es el D\u00eda de Difuntos?<\/strong><\/h2>\n\n\n\n<p>El D\u00eda de Difuntos es un d\u00eda festivo religioso celebrado por algunas iglesias cristianas (Iglesias Cristianas Ortodoxas Occidentales, Uni\u00f3n de Utrecht, Comunidad de Provoo, Comuni\u00f3n Anglicana e Iglesia Cat\u00f3lica), en memoria de los fallecidos.<\/p>\n\n\n\n<p>Esta efem\u00e9ride es igualmente conocida como \u00ab<strong><em>D\u00eda de los Fieles Difuntos<\/em><\/strong>\u00bb o \u00ab<strong><em>Conmemoraci\u00f3n de Todos los Fieles Difuntos\u00bb.<\/em><\/strong><\/p>\n\n\n\n<p>Est\u00e1 vinculada a la celebraci\u00f3n cat\u00f3lica del \u201c<strong><em>D\u00eda de Todos los Santos<\/em><\/strong>\u00bb y el \u00ab<strong><em>D\u00eda de los Muertos<\/em><\/strong>\u00ab. Tiene como finalidad orar por los fieles que han muerto y por aquellos que se encuentran en estado de purificaci\u00f3n en el Purgatorio, de acuerdo con la religi\u00f3n cat\u00f3lica.<\/p>\n\n\n\n<p>Esta celebraci\u00f3n se sustenta en la doctrina que establece que al morir las almas de los fieles no han sido limpiadas de pecados veniales, o bien no han sido expiadas por trasgresiones del pasado. Debido a que dichas almas no pueden alcanzar la Visi\u00f3n Beat\u00edfica, se realizan rezos y el sacrificio de la misa.<\/p>\n\n\n\n<p>Durante este d\u00eda los creyentes ofrecen sus oraciones o sufragios, sacrificios y la misa para que los fieles difuntos lleguen a la presencia de Dios.<\/p>\n\n\n\n<p><\/p>\n\n\n\n<h2 class=\"wp-block-heading\"><strong>\u00bfPor qu\u00e9 se celebra el D\u00eda de Difuntos?<\/strong><\/h2>\n\n\n\n<p>El D\u00eda de Difuntos o D\u00eda de los Fieles Difuntos conmemora a aquellas personas que han muerto, denominadas fieles difuntos.<\/p>\n\n\n\n<p>Existen algunas creencias populares y de origen pagano acerca del <strong>D\u00eda de los Difuntos<\/strong>. Por ejemplo, los campesinos de varios pa\u00edses cat\u00f3licos tienen la ferviente creencia que en la noche de los difuntos los muertos vuelven a las casas donde habitaban antes de fallecer.<\/p>\n\n\n\n<p><\/p>\n\n\n\n<h2 class=\"wp-block-heading\"><strong>\u00bfCu\u00e1l es la diferencia entre el D\u00eda de Difuntos y el D\u00eda de Todos los Santos?<\/strong><\/h2>\n\n\n\n<p>El <strong>D\u00eda de Difuntos<\/strong> o<strong> D\u00eda de los Fieles Difuntos<\/strong>, tambi\u00e9n conocido como la <strong>Conmemoraci\u00f3n de Todos los Fieles Difuntos<\/strong> es un d\u00eda festivo religioso cat\u00f3lico que se celebra en memoria de los fallecidos y las almas que se encuentran en estado de purificaci\u00f3n en el Purgatorio. Se realiza el 2 de noviembre.<\/p>\n\n\n\n<p>Se recuerda a los difuntos realizando misas en las iglesias para rezar por el alma de los difuntos, as\u00ed como visitas a los sepulcros para rendirles homenaje.<\/p>\n\n\n\n<p>En cambio, el <strong>D\u00eda de Todos los Santos<\/strong> es una celebraci\u00f3n cristiana que se conmemora el 1\u00b0 de noviembre, por parte de las iglesias cat\u00f3licas de rito latino, el primer domingo de Pentecost\u00e9s en la Iglesia Ortodoxa y las iglesias cat\u00f3licas de rito bizantino.<\/p>\n\n\n\n<p>Es una celebraci\u00f3n solemne por todos los difuntos que han superado el purgatorio y gozan de la vida eterna en la presencia de Dios. Tambi\u00e9n se celebra en honor a los beatos o santos que est\u00e1n en la lista de los canonizados y los no canonizados.<\/p>\n\n\n\n<p>Por su parte, el <strong>D\u00eda de Muertos<\/strong> es una celebraci\u00f3n tradicional mexicana que se extendi\u00f3 hacia otros pa\u00edses de Latinoam\u00e9rica, para celebrar y honrar a los muertos. Se lleva a cabo los d\u00edas 1 y 2 de noviembre.<\/p>\n\n\n\n<p><strong>Pa\u00edses que celebran el D\u00eda de Difuntos<\/strong><\/p>\n\n\n\n<p>A continuaci\u00f3n, mencionamos las tradiciones de algunos pa\u00edses para celebrar el D\u00eda de Difuntos y venerar a las personas fallecidas:<\/p>\n\n\n\n<p><strong>Bolivia:<\/strong><\/p>\n\n\n\n<p>Se comienza a celebrar el 1 de noviembre con la preparaci\u00f3n de las ofrendas (panes con formas alusivas: animales, escaleras, cruces), que se colocan en casas de familias.<\/p>\n\n\n\n<p>Se decora una mesa con las ofrendas, se encienden velas y se colocan flores, a la espera del alma de la persona fallecida.<\/p>\n\n\n\n<p>El 2 de noviembre se realiza un rezo y se recoge la mesa, repartiendo las ofrendas entre familiares, amigos y vecinos que participaron en la celebraci\u00f3n.<\/p>\n\n\n\n<p>Se visita a los difuntos en el cementerio, colocando en su tumba flores y coronas florales.<\/p>\n\n\n\n<p><strong>Ecuador:<\/strong><\/p>\n\n\n\n<p>Esta fecha es declarada d\u00eda festivo en el calendario anual.<\/p>\n\n\n\n<p>Se prepara e intercambia entre familiares y amigos guaguas de pan, para consumir con colada morada hecha con especies de la zona, considerado como un rito ind\u00edgena tradicional.<\/p>\n\n\n\n<p><strong>El Salvador:<\/strong><\/p>\n\n\n\n<p>Se considera un d\u00eda de asueto nacional.<\/p>\n\n\n\n<p>Familiares y seres queridos visitan los cementerios para visitar a los difuntos, con coronas y cruces elaboradas con flores naturales y artificiales.<\/p>\n\n\n\n<p><strong>Espa\u00f1a:<\/strong><\/p>\n\n\n\n<p>Se asiste al cementerio para rezar por las almas de las personas que ya abandonaron este mundo con suma devoci\u00f3n.<\/p>\n\n\n\n<p>Este d\u00eda es conocido en las Islas Canarias como D\u00eda de Finaos o Finados, en donde amigos y familiares se re\u00fanen para velar esa noche contando cuentos e historias.<\/p>\n\n\n\n<p>Degustan frutos t\u00edpicos de la \u00e9poca, acompa\u00f1ados con an\u00eds o ron miel.<\/p>\n\n\n\n<p><strong>Francia:<\/strong><\/p>\n\n\n\n<p>Esta festividad es conocida como F\u00eate des morts.<\/p>\n\n\n\n<p>Se acostumbra a decorar los sepulcros y las l\u00e1pidas.<\/p>\n\n\n\n<p><strong>Guatemala:<\/strong><\/p>\n\n\n\n<p>Es tradici\u00f3n llevar una serenata al camposanto cuando sale el sol, adornando las tumbas con flores naturales.<\/p>\n\n\n\n<p>Al regresar a sus hogares las personas acostumbran a degustar un plato t\u00edpico de verduras y embutidos, denominado \u00ab<em>fiambre<\/em>\u00ab.<\/p>\n\n\n\n<p><strong>Panam\u00e1:<\/strong><\/p>\n\n\n\n<p>Este d\u00eda se celebra con marchas o romer\u00edas de colegios e instituciones civiles hacia los cementerios o camposantos arreglados con flores.<\/p>\n\n\n\n<p>Las autoridades y personalidades entregan ofrendas florales en las tumbas de personajes notables que han contribuido con el desarrollo hist\u00f3rico del pa\u00eds.<\/p>\n\n\n\n<p>Durante este d\u00eda queda restringida la compra y venta de bebidas alcoh\u00f3licas hasta despu\u00e9s de la medianoche.<\/p>\n\n\n\n<p><strong>Per\u00fa:<\/strong><\/p>\n\n\n\n<p>Se visitan a los cementerios, colocando ofrendas delante de las im\u00e1genes y recuerdos de los difuntos: guaguas de pan, pan de ma\u00edz y de centeno, as\u00ed como platos tradicionales favoritos de los difuntos.<\/p>\n\n\n\n<p>Familiares, amigos y conocidos se re\u00fanen para recordar a sus seres queridos fallecidos, degustando licores, platos y potajes.<\/p>\n\n\n\n<p><strong>Venezuela:<\/strong><\/p>\n\n\n\n<p>Se visitan los cementerios, para llevar flores a las tumbas de los difuntos.<\/p>\n\n\n\n<p>Se realizan rezos en los hogares y misas en las iglesias, en honor a los fallecidos.<\/p>\n\n\n\n<p>En algunos estados se realiza una festividad de sincretismo religioso, denominado el <strong>Baile de Llora<\/strong>. Es una danza cultural de tradici\u00f3n ind\u00edgena.<\/p>\n\n\n\n<p><\/p>\n\n\n\n<h2 class=\"wp-block-heading\"><strong>\u00bfC\u00f3mo se celebra el D\u00eda de los Muertos en M\u00e9xico?<\/strong><\/h2>\n\n\n\n<p>En M\u00e9xico el <strong>D\u00eda de los Muertos<\/strong> constituye una celebraci\u00f3n tradicional que se lleva a cabo durante los d\u00edas 1 y 2 de noviembre, con ciertas variaciones en las costumbres y tradiciones en cada estado. Est\u00e1 vinculada a las celebraciones cat\u00f3licas del <strong>D\u00eda de los Fieles Difuntos<\/strong> y el <strong>D\u00eda de Todos los Santos<\/strong>.<\/p>\n\n\n\n<p>Esta festividad ha sido declarada por la UNESCO como Patrimonio Cultural Inmaterial de la Humanidad de M\u00e9xico, cuya celebraci\u00f3n se extiende a otros pa\u00edses latinoamericanos como Ecuador, Per\u00fa, Bolivia y Guatemala, as\u00ed como otros pa\u00edses de Am\u00e9rica Central y de Am\u00e9rica del Sur.<\/p>\n\n\n\n<p>La calavera es el s\u00edmbolo ic\u00f3nico de esta celebraci\u00f3n, destacando el uso de rimas y versos sat\u00edricos conocidos como \u00ab<em>calaveras literarias<\/em>\u00ab.<\/p>\n\n\n\n<p>Asimismo, las personas se disfrazan y decoran sus rostros con figuras de calaveras muy coloridas y llamativas, para emular la figura de <strong>La Catrina<\/strong> o la <strong>Calavera Garbancera<\/strong>.<\/p>\n\n\n\n<p>Es un personaje ic\u00f3nico de la cultura popular mexicana creado en el a\u00f1o 1912 por Jos\u00e9 Guadalupe Posada, que representa a una mujer muy alta y delgada con aspecto cadav\u00e9rico, sonriente, elegante con sombrero de ala con flores y con una expresi\u00f3n burlona, creado como una mofa hacia las clases m\u00e1s privilegiadas de M\u00e9xico.<\/p>\n\n\n\n<p>Se hacen visitas a los cementerios y se colocan ofrendas en las l\u00e1pidas y en los altares, elevando oraciones, alabanzas, rezos y cantos por los muertos.<\/p>\n\n\n\n<p>Es una tradici\u00f3n llevar las siguientes ofrendas a las tumbas de los seres queridos o colocarlos en los altares ubicados en los hogares, en caso de no poder asistir al cementerio durante este d\u00eda:<\/p>\n\n\n\n<ul class=\"wp-block-list\"><li>Calaveras de dulce, con el nombre del difunto escrito en la frente.<\/li><li>Pan de Muerto, es un tipo de pan dulce elaborado con an\u00eds, tienen formas de huesos y cr\u00e1neos.<\/li><li>Se limpian y decoran las tumbas con coronas de flores, utilizando rosas, girasoles, flor de terciopelo y flor de muerto (cempax\u00fachitl), ya que existe la creencia que estas flores atraen y gu\u00edan las almas de los muertos.<\/li><li>En los hogares se colocan altares con las fotos o retratos de los difuntos, acompa\u00f1ados de veladoras, platos de comida, vasos de agua, tequila, mezcal, atole o pulque, cigarrillos y juguetes para las almas de los ni\u00f1os.<\/li><li>Fotos o retratos de los seres queridos fallecidos, se colocan de espaldas en la parte m\u00e1s alta del altar y frente a un espejo para que el difunto pueda ver el reflejo de sus seres queridos.<\/li><li>Se coloca una cruz en la parte superior del altar y a un lado de la imagen del difunto. Tambi\u00e9n se coloca un copal e incienso, para limpiar, purificar y santificar las energ\u00edas.<\/li><li>Imagen de las \u00c1nimas del Purgatorio, para pedir la salida del alma del difunto del purgatorio.<\/li><li>Se colocan doce cirios de color morado en forma de cruz que simbolizan el color del duelo, con coronas y flores de cera. Esto simboliza los cuatro puntos cardinales, para orientar el \u00e1nima del difunto.<\/li><li>Se prepara calabaza en tacha, para colocarlo en el altar, as\u00ed como la comida o alimentos favoritos de la persona fallecida.<\/li><li>Un elemento decorativo muy utilizado es el papel picado, elaborado con papel de China o de seda, recortado con figuras de esqueletos y calaveras. Asimismo, se acostumbra a elaborar un arco de ca\u00f1a y flores, representando el paso a la purificaci\u00f3n del alma y el abandono del cuerpo terrenal.<\/li><li>Se colocan las bebidas preferidas del difunto, siendo las m\u00e1s populares tequila, pulque, mezcal y cerveza.<\/li><\/ul>\n\n\n\n<p><\/p>\n\n\n\n<h2 class=\"wp-block-heading\"><strong>Filmograf\u00eda sobre el D\u00eda de Difuntos<\/strong><\/h2>\n\n\n\n<p>Compartimos algunos t\u00edtulos de pel\u00edculas, cuyo tema central es el D\u00eda de Difuntos, para disfrutar y compartir con familia y amigos:<\/p>\n\n\n\n<p><strong>D\u00eda de Muertos<\/strong> (M\u00e9xico. Director: Carlos Gutierrez Medrano. A\u00f1o 2019): esta pel\u00edcula animada se ubica en una ciudad muy especial en donde se origin\u00f3 la leyenda del D\u00eda de los Muertos. Un valiente joven descubrir\u00e1 un antiguo secreto que est\u00e1 a punto de revelarse.<\/p>\n\n\n\n<p><strong>Coco<\/strong> (EE. UU. Directores: Adri\u00e1n Molina, Lee Unkrich. A\u00f1o 2017): un ni\u00f1o de 12 a\u00f1os est\u00e1 obsesionado con la m\u00fasica y la vida del cantante Ernesto de la Cruz, desafiando a la tradici\u00f3n de su familia. Inicia un viaje al lugar donde los muertos viven: La Tierra de los Muertos.<\/p>\n\n\n\n<p><strong>El Libro de la Vida<\/strong> (EE. UU. Director: Guillermo del Toro. A\u00f1o 2014): dos amigos de la infancia luchan por conquistar el coraz\u00f3n de la hija de un general en el barrio de San Angel, embarc\u00e1ndose en una aventura hacia la tierra de los recordados y los olvidados.<\/p>\n\n\n\n<p><strong>D\u00eda de los Muertos<\/strong> (EE. UU. Directora: Lindsey St. Pierre . A\u00f1o 2013): una ni\u00f1a que visitaba la tumba de su madre es transportada al lugar en donde est\u00e1n todos los muertos, un lugar llamativo por sus colores, sonidos y festejos perpetuos.<\/p>\n\n\n\n<p><strong>La Leyenda de la Nahuala<\/strong> (M\u00e9xico. Director: A\u00f1o 2007): un ni\u00f1o inseguro vive con su abuela y su hermano mayor, quien lo asusta con la Leyenda de la Nahuala. Es una bruja que se apodera de los esp\u00edritus el D\u00eda de los Muertos, amenazando a todos los habitantes de la ciudad.<\/p>\n\n\n\n<p><strong>All Souls Day<\/strong>: D\u00eda de los Muertos (EE. UU. Director: Jeremy Kasten. A\u00f1o 2005): los difuntos asesinados del pueblo de Santa Bonita salen de sus tumbas durante el D\u00eda de Todos los Santos. Dos j\u00f3venes americanos quedan atrapados en el pueblo, donde sus vidas corren peligro.<\/p>\n\n\n\n<p><strong>Scooby Doo y el Monstruo de M\u00e9xico<\/strong> (EE. UU. Director: Scott Jeralds. A\u00f1o 2003): en esta divertida comedia animada Fred y sus amigos son invitados a Veracruz (M\u00e9xico), para celebrar el D\u00eda de Muertos, atravesando por un sinf\u00edn de aventuras.<\/p>\n\n\n\n<p><strong>Hasta los Huesos<\/strong> (M\u00e9xico. Director: Ren\u00e9 Castillo. A\u00f1o 2002): este cortometraje animado con la t\u00e9cnica de stop-motion refleja el viaje de una persona hacia el mundo de los muertos, luego de fallecer.<\/p>\n\n\n\n<p><strong>D\u00eda de los Difuntos<\/strong> (Espa\u00f1a. Director: Luis Alcoriza . A\u00f1o 1988): el licenciado Talamantes visita el pante\u00f3n para colocar una cruz en la tumba de un amigo. Se encuentra con otros deudos que visitan a sus muertos, compartiendo risas y tristezas con ellos.<\/p>\n\n\n\n<p><strong>Macario<\/strong> (M\u00e9xico. Director: Roberto Gavald\u00f3n. A\u00f1o 1960): la mujer de un humilde campesino roba un pavo para la cena del D\u00eda de Muertos. Aparece la Muerte, regal\u00e1ndole un brebaje para curar cualquier enfermedad y dar vida eterna a aquellas personas que lo prueben.<\/p>\n\n\n\n<p>Recomiendo el libro sobre cementerios del periodista <a href=\"https:\/\/twitter.com\/visionesp\" target=\"_blank\" rel=\"noreferrer noopener\">Francisco Lizarazo<\/a> cuyo t\u00edtulo es: <a href=\"https:\/\/consummatumest01.wixsite.com\/libro\/home\" target=\"_blank\" rel=\"noreferrer noopener\">Consummatum Est<\/a> es sumamente interesante.<\/p>\n\n\n\n<p><a href=\"https:\/\/seryhumano.com\/web\/\">seryhumano.com<\/a><\/p>\n\n\n\n<p>Original: <a href=\"https:\/\/www.diainternacionalde.com\/ficha\/dia-difuntos\" target=\"_blank\" rel=\"noreferrer noopener\">https:\/\/www.diainternacionalde.com\/ficha\/dia-difuntos<\/a><\/p>\n\n\n\n<p>Si quiere recibir en su celular esta y otras informaciones y art\u00edculos descargue Telegram, ingrese al enlace <a href=\"htts:\/\/t.ime\/seryhumano\">htts:\/\/t.ime\/seryhumano <\/a>y dele clic a +Unirme<\/p>\n","protected":false},"excerpt":{"rendered":"<p>El 2 de noviembre se dedica a la celebraci\u00f3n del D\u00eda de Difuntos o D\u00eda de los Fieles Difuntos, para honrar y conmemorar a los difuntos fieles de la religi\u00f3n cat\u00f3lica y cristiana Esta efem\u00e9ride fue instituida en el a\u00f1o 998 por el monje benedictino San Odil\u00f3n de Francia, siendo adoptada por Roma en el&hellip;<\/p>\n","protected":false},"author":2,"featured_media":38867,"comment_status":"closed","ping_status":"closed","sticky":false,"template":"","format":"standard","meta":{"footnotes":""},"categories":[2131],"tags":[6968,1775,1219,8201,2166,339,1218,593],"class_list":["post-38866","post","type-post","status-publish","format-standard","has-post-thumbnail","hentry","category-festividades","tag-celebraciones","tag-cementerios","tag-consummatum-est","tag-dia-de-difuntos","tag-dia-de-los-muertos","tag-festividades","tag-francisco-lizarazo","tag-mexico","category-2131","description-off"],"yoast_head":"<!-- This site is optimized with the Yoast SEO plugin v25.4 - https:\/\/yoast.com\/wordpress\/plugins\/seo\/ -->\n<title>D\u00eda de Difuntos &#187; SeryHumano.com<\/title>\n<meta name=\"description\" content=\"D\u00eda de Difuntos. Macario (M\u00e9xico. Director: Roberto Gavald\u00f3n. A\u00f1o 1960): la mujer de un humilde campesino roba un pavo para la cena del D\u00eda de\" \/>\n<meta name=\"robots\" content=\"index, follow, max-snippet:-1, max-image-preview:large, max-video-preview:-1\" \/>\n<link rel=\"canonical\" href=\"https:\/\/seryhumano.com\/web\/?p=38866\" \/>\n<meta property=\"og:locale\" content=\"es_ES\" \/>\n<meta property=\"og:type\" content=\"article\" \/>\n<meta property=\"og:title\" content=\"D\u00eda de Difuntos &#187; SeryHumano.com\" \/>\n<meta property=\"og:description\" content=\"D\u00eda de Difuntos. Macario (M\u00e9xico. Director: Roberto Gavald\u00f3n. A\u00f1o 1960): la mujer de un humilde campesino roba un pavo para la cena del D\u00eda de\" \/>\n<meta property=\"og:url\" content=\"https:\/\/seryhumano.com\/web\/?p=38866\" \/>\n<meta property=\"og:site_name\" content=\"SeryHumano.com\" \/>\n<meta property=\"article:publisher\" content=\"https:\/\/www.facebook.com\/seryhumano\/\" \/>\n<meta property=\"article:published_time\" content=\"2022-11-02T09:11:13+00:00\" \/>\n<meta property=\"article:modified_time\" content=\"2022-11-02T09:11:15+00:00\" \/>\n<meta property=\"og:image\" content=\"https:\/\/seryhumano.com\/web\/wp-content\/uploads\/2022\/11\/Consummatum-Est-.jpg\" \/>\n\t<meta property=\"og:image:width\" content=\"500\" \/>\n\t<meta property=\"og:image:height\" content=\"333\" \/>\n\t<meta property=\"og:image:type\" content=\"image\/jpeg\" \/>\n<meta name=\"author\" content=\"@herrera_yosmar\" \/>\n<meta name=\"twitter:card\" content=\"summary_large_image\" \/>\n<meta name=\"twitter:creator\" content=\"@SeryHumano\" \/>\n<meta name=\"twitter:site\" content=\"@SeryHumano\" \/>\n<meta name=\"twitter:label1\" content=\"Escrito por\" \/>\n\t<meta name=\"twitter:data1\" content=\"@herrera_yosmar\" \/>\n\t<meta name=\"twitter:label2\" content=\"Tiempo de lectura\" \/>\n\t<meta name=\"twitter:data2\" content=\"10 minutos\" \/>\n<script type=\"application\/ld+json\" class=\"yoast-schema-graph\">{\"@context\":\"https:\/\/schema.org\",\"@graph\":[{\"@type\":\"Article\",\"@id\":\"https:\/\/seryhumano.com\/web\/?p=38866#article\",\"isPartOf\":{\"@id\":\"https:\/\/seryhumano.com\/web\/?p=38866\"},\"author\":{\"name\":\"@herrera_yosmar\",\"@id\":\"https:\/\/seryhumano.com\/web\/#\/schema\/person\/fd30e8e0b394a62344b44d9b0fe75795\"},\"headline\":\"D\u00eda de Difuntos\",\"datePublished\":\"2022-11-02T09:11:13+00:00\",\"dateModified\":\"2022-11-02T09:11:15+00:00\",\"mainEntityOfPage\":{\"@id\":\"https:\/\/seryhumano.com\/web\/?p=38866\"},\"wordCount\":2287,\"publisher\":{\"@id\":\"https:\/\/seryhumano.com\/web\/#organization\"},\"image\":{\"@id\":\"https:\/\/seryhumano.com\/web\/?p=38866#primaryimage\"},\"thumbnailUrl\":\"https:\/\/seryhumano.com\/web\/wp-content\/uploads\/2022\/11\/Consummatum-Est-.jpg\",\"keywords\":[\"celebraciones\",\"Cementerios\",\"Consummatum est\",\"D\u00eda de Difuntos\",\"D\u00eda de los Muertos\",\"festividades\",\"Francisco Lizarazo\",\"M\u00e9xico\"],\"articleSection\":[\"Festividades\"],\"inLanguage\":\"es\"},{\"@type\":\"WebPage\",\"@id\":\"https:\/\/seryhumano.com\/web\/?p=38866\",\"url\":\"https:\/\/seryhumano.com\/web\/?p=38866\",\"name\":\"D\u00eda de Difuntos &#187; SeryHumano.com\",\"isPartOf\":{\"@id\":\"https:\/\/seryhumano.com\/web\/#website\"},\"primaryImageOfPage\":{\"@id\":\"https:\/\/seryhumano.com\/web\/?p=38866#primaryimage\"},\"image\":{\"@id\":\"https:\/\/seryhumano.com\/web\/?p=38866#primaryimage\"},\"thumbnailUrl\":\"https:\/\/seryhumano.com\/web\/wp-content\/uploads\/2022\/11\/Consummatum-Est-.jpg\",\"datePublished\":\"2022-11-02T09:11:13+00:00\",\"dateModified\":\"2022-11-02T09:11:15+00:00\",\"description\":\"D\u00eda de Difuntos. Macario (M\u00e9xico. Director: Roberto Gavald\u00f3n. A\u00f1o 1960): la mujer de un humilde campesino roba un pavo para la cena del D\u00eda de\",\"breadcrumb\":{\"@id\":\"https:\/\/seryhumano.com\/web\/?p=38866#breadcrumb\"},\"inLanguage\":\"es\",\"potentialAction\":[{\"@type\":\"ReadAction\",\"target\":[\"https:\/\/seryhumano.com\/web\/?p=38866\"]}]},{\"@type\":\"ImageObject\",\"inLanguage\":\"es\",\"@id\":\"https:\/\/seryhumano.com\/web\/?p=38866#primaryimage\",\"url\":\"https:\/\/seryhumano.com\/web\/wp-content\/uploads\/2022\/11\/Consummatum-Est-.jpg\",\"contentUrl\":\"https:\/\/seryhumano.com\/web\/wp-content\/uploads\/2022\/11\/Consummatum-Est-.jpg\",\"width\":500,\"height\":333,\"caption\":\"Cementerio Amador en Ciudad de Panam\u00e1 Foto Francisco Lizarazo\"},{\"@type\":\"BreadcrumbList\",\"@id\":\"https:\/\/seryhumano.com\/web\/?p=38866#breadcrumb\",\"itemListElement\":[{\"@type\":\"ListItem\",\"position\":1,\"name\":\"Portada\",\"item\":\"https:\/\/seryhumano.com\/web\/\"},{\"@type\":\"ListItem\",\"position\":2,\"name\":\"D\u00eda de Difuntos\"}]},{\"@type\":\"WebSite\",\"@id\":\"https:\/\/seryhumano.com\/web\/#website\",\"url\":\"https:\/\/seryhumano.com\/web\/\",\"name\":\"SeryHumano.com\",\"description\":\"Revista digital muy humana, donde lo mas importante es el Ser...\",\"publisher\":{\"@id\":\"https:\/\/seryhumano.com\/web\/#organization\"},\"potentialAction\":[{\"@type\":\"SearchAction\",\"target\":{\"@type\":\"EntryPoint\",\"urlTemplate\":\"https:\/\/seryhumano.com\/web\/?s={search_term_string}\"},\"query-input\":{\"@type\":\"PropertyValueSpecification\",\"valueRequired\":true,\"valueName\":\"search_term_string\"}}],\"inLanguage\":\"es\"},{\"@type\":\"Organization\",\"@id\":\"https:\/\/seryhumano.com\/web\/#organization\",\"name\":\"SeryHumano.com\",\"url\":\"https:\/\/seryhumano.com\/web\/\",\"logo\":{\"@type\":\"ImageObject\",\"inLanguage\":\"es\",\"@id\":\"https:\/\/seryhumano.com\/web\/#\/schema\/logo\/image\/\",\"url\":\"https:\/\/seryhumano.com\/web\/wp-content\/uploads\/2020\/02\/JNe5VRwH_400x400-2.jpg\",\"contentUrl\":\"https:\/\/seryhumano.com\/web\/wp-content\/uploads\/2020\/02\/JNe5VRwH_400x400-2.jpg\",\"width\":400,\"height\":400,\"caption\":\"SeryHumano.com\"},\"image\":{\"@id\":\"https:\/\/seryhumano.com\/web\/#\/schema\/logo\/image\/\"},\"sameAs\":[\"https:\/\/www.facebook.com\/seryhumano\/\",\"https:\/\/x.com\/SeryHumano\",\"https:\/\/www.instagram.com\/seryhumano\/\",\"https:\/\/www.linkedin.com\/company\/seryhumano-com\/\",\"https:\/\/www.youtube.com\/channel\/UCYfgIGSxygVnJAW0e9ZBZWg\"]},{\"@type\":\"Person\",\"@id\":\"https:\/\/seryhumano.com\/web\/#\/schema\/person\/fd30e8e0b394a62344b44d9b0fe75795\",\"name\":\"@herrera_yosmar\",\"description\":\"Eterna enamorada de la vida, comunicadora, mam\u00e1 de tres\",\"sameAs\":[\"http:\/\/seryhumano.com\"],\"url\":\"https:\/\/seryhumano.com\/web\/?author=2\"}]}<\/script>\n<!-- \/ Yoast SEO plugin. -->","yoast_head_json":{"title":"D\u00eda de Difuntos &#187; SeryHumano.com","description":"D\u00eda de Difuntos. Macario (M\u00e9xico. Director: Roberto Gavald\u00f3n. A\u00f1o 1960): la mujer de un humilde campesino roba un pavo para la cena del D\u00eda de","robots":{"index":"index","follow":"follow","max-snippet":"max-snippet:-1","max-image-preview":"max-image-preview:large","max-video-preview":"max-video-preview:-1"},"canonical":"https:\/\/seryhumano.com\/web\/?p=38866","og_locale":"es_ES","og_type":"article","og_title":"D\u00eda de Difuntos &#187; SeryHumano.com","og_description":"D\u00eda de Difuntos. Macario (M\u00e9xico. Director: Roberto Gavald\u00f3n. A\u00f1o 1960): la mujer de un humilde campesino roba un pavo para la cena del D\u00eda de","og_url":"https:\/\/seryhumano.com\/web\/?p=38866","og_site_name":"SeryHumano.com","article_publisher":"https:\/\/www.facebook.com\/seryhumano\/","article_published_time":"2022-11-02T09:11:13+00:00","article_modified_time":"2022-11-02T09:11:15+00:00","og_image":[{"width":500,"height":333,"url":"https:\/\/seryhumano.com\/web\/wp-content\/uploads\/2022\/11\/Consummatum-Est-.jpg","type":"image\/jpeg"}],"author":"@herrera_yosmar","twitter_card":"summary_large_image","twitter_creator":"@SeryHumano","twitter_site":"@SeryHumano","twitter_misc":{"Escrito por":"@herrera_yosmar","Tiempo de lectura":"10 minutos"},"schema":{"@context":"https:\/\/schema.org","@graph":[{"@type":"Article","@id":"https:\/\/seryhumano.com\/web\/?p=38866#article","isPartOf":{"@id":"https:\/\/seryhumano.com\/web\/?p=38866"},"author":{"name":"@herrera_yosmar","@id":"https:\/\/seryhumano.com\/web\/#\/schema\/person\/fd30e8e0b394a62344b44d9b0fe75795"},"headline":"D\u00eda de Difuntos","datePublished":"2022-11-02T09:11:13+00:00","dateModified":"2022-11-02T09:11:15+00:00","mainEntityOfPage":{"@id":"https:\/\/seryhumano.com\/web\/?p=38866"},"wordCount":2287,"publisher":{"@id":"https:\/\/seryhumano.com\/web\/#organization"},"image":{"@id":"https:\/\/seryhumano.com\/web\/?p=38866#primaryimage"},"thumbnailUrl":"https:\/\/seryhumano.com\/web\/wp-content\/uploads\/2022\/11\/Consummatum-Est-.jpg","keywords":["celebraciones","Cementerios","Consummatum est","D\u00eda de Difuntos","D\u00eda de los Muertos","festividades","Francisco Lizarazo","M\u00e9xico"],"articleSection":["Festividades"],"inLanguage":"es"},{"@type":"WebPage","@id":"https:\/\/seryhumano.com\/web\/?p=38866","url":"https:\/\/seryhumano.com\/web\/?p=38866","name":"D\u00eda de Difuntos &#187; SeryHumano.com","isPartOf":{"@id":"https:\/\/seryhumano.com\/web\/#website"},"primaryImageOfPage":{"@id":"https:\/\/seryhumano.com\/web\/?p=38866#primaryimage"},"image":{"@id":"https:\/\/seryhumano.com\/web\/?p=38866#primaryimage"},"thumbnailUrl":"https:\/\/seryhumano.com\/web\/wp-content\/uploads\/2022\/11\/Consummatum-Est-.jpg","datePublished":"2022-11-02T09:11:13+00:00","dateModified":"2022-11-02T09:11:15+00:00","description":"D\u00eda de Difuntos. Macario (M\u00e9xico. Director: Roberto Gavald\u00f3n. A\u00f1o 1960): la mujer de un humilde campesino roba un pavo para la cena del D\u00eda de","breadcrumb":{"@id":"https:\/\/seryhumano.com\/web\/?p=38866#breadcrumb"},"inLanguage":"es","potentialAction":[{"@type":"ReadAction","target":["https:\/\/seryhumano.com\/web\/?p=38866"]}]},{"@type":"ImageObject","inLanguage":"es","@id":"https:\/\/seryhumano.com\/web\/?p=38866#primaryimage","url":"https:\/\/seryhumano.com\/web\/wp-content\/uploads\/2022\/11\/Consummatum-Est-.jpg","contentUrl":"https:\/\/seryhumano.com\/web\/wp-content\/uploads\/2022\/11\/Consummatum-Est-.jpg","width":500,"height":333,"caption":"Cementerio Amador en Ciudad de Panam\u00e1 Foto Francisco Lizarazo"},{"@type":"BreadcrumbList","@id":"https:\/\/seryhumano.com\/web\/?p=38866#breadcrumb","itemListElement":[{"@type":"ListItem","position":1,"name":"Portada","item":"https:\/\/seryhumano.com\/web\/"},{"@type":"ListItem","position":2,"name":"D\u00eda de Difuntos"}]},{"@type":"WebSite","@id":"https:\/\/seryhumano.com\/web\/#website","url":"https:\/\/seryhumano.com\/web\/","name":"SeryHumano.com","description":"Revista digital muy humana, donde lo mas importante es el Ser...","publisher":{"@id":"https:\/\/seryhumano.com\/web\/#organization"},"potentialAction":[{"@type":"SearchAction","target":{"@type":"EntryPoint","urlTemplate":"https:\/\/seryhumano.com\/web\/?s={search_term_string}"},"query-input":{"@type":"PropertyValueSpecification","valueRequired":true,"valueName":"search_term_string"}}],"inLanguage":"es"},{"@type":"Organization","@id":"https:\/\/seryhumano.com\/web\/#organization","name":"SeryHumano.com","url":"https:\/\/seryhumano.com\/web\/","logo":{"@type":"ImageObject","inLanguage":"es","@id":"https:\/\/seryhumano.com\/web\/#\/schema\/logo\/image\/","url":"https:\/\/seryhumano.com\/web\/wp-content\/uploads\/2020\/02\/JNe5VRwH_400x400-2.jpg","contentUrl":"https:\/\/seryhumano.com\/web\/wp-content\/uploads\/2020\/02\/JNe5VRwH_400x400-2.jpg","width":400,"height":400,"caption":"SeryHumano.com"},"image":{"@id":"https:\/\/seryhumano.com\/web\/#\/schema\/logo\/image\/"},"sameAs":["https:\/\/www.facebook.com\/seryhumano\/","https:\/\/x.com\/SeryHumano","https:\/\/www.instagram.com\/seryhumano\/","https:\/\/www.linkedin.com\/company\/seryhumano-com\/","https:\/\/www.youtube.com\/channel\/UCYfgIGSxygVnJAW0e9ZBZWg"]},{"@type":"Person","@id":"https:\/\/seryhumano.com\/web\/#\/schema\/person\/fd30e8e0b394a62344b44d9b0fe75795","name":"@herrera_yosmar","description":"Eterna enamorada de la vida, comunicadora, mam\u00e1 de tres","sameAs":["http:\/\/seryhumano.com"],"url":"https:\/\/seryhumano.com\/web\/?author=2"}]}},"_links":{"self":[{"href":"https:\/\/seryhumano.com\/web\/index.php?rest_route=\/wp\/v2\/posts\/38866","targetHints":{"allow":["GET"]}}],"collection":[{"href":"https:\/\/seryhumano.com\/web\/index.php?rest_route=\/wp\/v2\/posts"}],"about":[{"href":"https:\/\/seryhumano.com\/web\/index.php?rest_route=\/wp\/v2\/types\/post"}],"author":[{"embeddable":true,"href":"https:\/\/seryhumano.com\/web\/index.php?rest_route=\/wp\/v2\/users\/2"}],"replies":[{"embeddable":true,"href":"https:\/\/seryhumano.com\/web\/index.php?rest_route=%2Fwp%2Fv2%2Fcomments&post=38866"}],"version-history":[{"count":0,"href":"https:\/\/seryhumano.com\/web\/index.php?rest_route=\/wp\/v2\/posts\/38866\/revisions"}],"wp:featuredmedia":[{"embeddable":true,"href":"https:\/\/seryhumano.com\/web\/index.php?rest_route=\/wp\/v2\/media\/38867"}],"wp:attachment":[{"href":"https:\/\/seryhumano.com\/web\/index.php?rest_route=%2Fwp%2Fv2%2Fmedia&parent=38866"}],"wp:term":[{"taxonomy":"category","embeddable":true,"href":"https:\/\/seryhumano.com\/web\/index.php?rest_route=%2Fwp%2Fv2%2Fcategories&post=38866"},{"taxonomy":"post_tag","embeddable":true,"href":"https:\/\/seryhumano.com\/web\/index.php?rest_route=%2Fwp%2Fv2%2Ftags&post=38866"}],"curies":[{"name":"wp","href":"https:\/\/api.w.org\/{rel}","templated":true}]}}