{"id":39360,"date":"2023-01-23T10:57:30","date_gmt":"2023-01-23T15:27:30","guid":{"rendered":"https:\/\/seryhumano.com\/web\/?p=39360"},"modified":"2023-01-23T10:57:31","modified_gmt":"2023-01-23T15:27:31","slug":"posible-vinculo-entre-alisadores-de-cabello-y-cancer-endometrial","status":"publish","type":"post","link":"https:\/\/seryhumano.com\/web\/?p=39360","title":{"rendered":"\u00bfPosible v\u00ednculo entre alisadores de cabello y c\u00e1ncer endometrial?"},"content":{"rendered":"<div class=\"wp-block-image\">\n<figure class=\"aligncenter size-large\"><img loading=\"lazy\" decoding=\"async\" width=\"1024\" height=\"507\" src=\"https:\/\/seryhumano.com\/web\/wp-content\/uploads\/2023\/01\/alisadores-de-cabello-1024x507.jpg\" alt=\"\u00bfPosible v\u00ednculo entre alisadores de cabello y c\u00e1ncer endometrial?\" class=\"wp-image-39361\" srcset=\"https:\/\/seryhumano.com\/web\/wp-content\/uploads\/2023\/01\/alisadores-de-cabello-1024x507.jpg 1024w, https:\/\/seryhumano.com\/web\/wp-content\/uploads\/2023\/01\/alisadores-de-cabello-300x148.jpg 300w, https:\/\/seryhumano.com\/web\/wp-content\/uploads\/2023\/01\/alisadores-de-cabello-768x380.jpg 768w, https:\/\/seryhumano.com\/web\/wp-content\/uploads\/2023\/01\/alisadores-de-cabello.jpg 1477w\" sizes=\"auto, (max-width: 1024px) 100vw, 1024px\" \/><figcaption class=\"wp-element-caption\">Close up hands of professional hairdresser beauty salon, straighteners curling female hair.<\/figcaption><\/figure><\/div>\n\n\n<p>\u00bfPosible v\u00ednculo entre alisadores de cabello y c\u00e1ncer endometrial?<\/p>\n\n\n\n<p>En M\u00e9xico, de acuerdo con la Organizaci\u00f3n Mundial de la Salud y la Direcci\u00f3n de Epidemiolog\u00eda de la Secretar\u00eda de Salud, en 2018, se registraron 7 mil 266 casos de c\u00e1ncer de \u00fatero o c\u00e1ncer endometrial lo que lo ubic\u00f3 en el segundo lugar de neoplasias malignas tan solo por debajo del c\u00e1ncer cervicouterino, desplazando al c\u00e1ncer de ovario cuya frecuencia hab\u00eda ocupado el segundo lugar (1,2).<\/p>\n\n\n\n<p>De acuerdo con la <a href=\"https:\/\/twitter.com\/aparnak101\" target=\"_blank\" rel=\"noreferrer noopener\">Dra. Aparna Kamat<\/a>, m\u00e9dico gineco-onc\u00f3loga y directora de la Divisi\u00f3n de Gineco-oncolog\u00eda del <a href=\"https:\/\/twitter.com\/MethodistHosp\" target=\"_blank\" rel=\"noreferrer noopener\">Hospital Houston Methodist<\/a>, \u201c<em>el c\u00e1ncer de \u00fatero tambi\u00e9n se conoce como c\u00e1ncer de endometrio, el cual es el c\u00e1ncer del revestimiento uterino y, generalmente, el m\u00e1s com\u00fan que vemos en Estados Unidos<\/em>.\u201d<\/p>\n\n\n\n<p>Agreg\u00f3 que, \u201c<em>los principales factores de riesgo para este c\u00e1ncer son la exposici\u00f3n indiscriminada a los estr\u00f3genos. Por lo general, los factores de riesgo m\u00e1s comunes que vemos son en mujeres que tienen obesidad o sobrepeso, diabetes, presi\u00f3n arterial alta y\/o que toman suplementos de estr\u00f3geno. Estas personas tienen un mayor riesgo de desarrollar este tipo de c\u00e1ncer, el cual es curable si se detecta a tiempo<\/em>.\u201d<\/p>\n\n\n\n<p>Adem\u00e1s de los factores de riesgo ligados al tema hormonal, recientemente los National Institutes of Health (NIH), llevaron a cabo un estudio que revel\u00f3 que las mujeres que usaban productos qu\u00edmicos para alaciar el cabello ten\u00edan un mayor riesgo de presentar c\u00e1ncer de \u00fatero en comparaci\u00f3n con las mujeres que no informaron haber usado estos productos.<\/p>\n\n\n\n<p>Los datos del estudio incluyen a 33 mil 497 mujeres estadounidenses de 35 a 74 a\u00f1os que participaron en el Sister Study, dirigido por el National Institute of Environmental Health Sciences (NIEHS), parte de los NIH, y que busca identificar los factores de riesgo para el c\u00e1ncer de mama y otras condiciones de salud. Las mujeres tuvieron un seguimiento durante casi 11 a\u00f1os y durante ese tiempo se diagnosticaron 378 casos de c\u00e1ncer de \u00fatero.<\/p>\n\n\n\n<p>De acuerdo con la Dra. Kamat, a pesar del seguimiento de este estudio, \u201c<em><u>no se ha demostrado un enlace directo, entre el uso de productos para alaciar el cabello y el c\u00e1ncer de \u00fatero.<\/u> Este estudio buscaba ver los factores de riesgo del c\u00e1ncer de mama y otras afecciones, entonces lo que hicieron fue hacer a estas mujeres todo tipo de preguntas diferentes y una de ellas fue si usaron diferentes tipos de productos para el cabello durante el \u00faltimo a\u00f1o, incluidos tintes, alaciadores, permanentes y otros productos<\/em>.\u201d<\/p>\n\n\n\n<p>Luego dieron seguimiento a estas mujeres durante casi 11 a\u00f1os, y lo que encontraron fue que \u201c<em>de entre esas m\u00e1s de 33 mil, cerca de 378 presentaron c\u00e1ncer de endometrio. Fue entonces cuando compararon a las mujeres que usaron cualquier producto versus las mujeres que nunca los emplearon. Las mujeres que utilizaron estos productos ten\u00edan un riesgo dos veces mayor de desarrollar c\u00e1ncer, especialmente aquellas que usaban alaciadores. Y aquellas que los aplicaron m\u00e1s de cuatro veces en el a\u00f1o anterior, tuvieron 2.5 veces m\u00e1s riesgo de desarrollar c\u00e1ncer de \u00fatero<\/em>,\u201d explic\u00f3 la experta en gineco-oncolog\u00eda del Hospital Houston Methodist.<\/p>\n\n\n\n<p>Agreg\u00f3 que, \u201c<em><u>si bien no hay un v\u00ednculo directo, lo que sabemos es que muchos de estos alaciadores tienen qu\u00edmicos como queratina, ciclosiloxanos y otras cosas que, cuando se calientan, pueden liberar formaldeh\u00eddo que es cancer\u00edgeno y se absorbe a trav\u00e9s de la ra\u00edz<\/u><\/em>.\u201d<\/p>\n\n\n\n<p>Asimismo, en el estudio \u201c<em>se encontr\u00f3 que las mujeres que usan estos tratamientos y que comenzaron a hacerlo a una edad m\u00e1s temprana ten\u00edan mayores probabilidades de desarrollar c\u00e1ncer de endometrio. Cabe se\u00f1alar que no encontraron ninguna asociaci\u00f3n entre las mujeres que usan tintes para el cabello o que usan permanentes, la \u00fanica asociaci\u00f3n que encontraron fue con quienes usan alaciadores<\/em>\u201d, enfatiz\u00f3 la especialista del Hospital Houston Methodist.<\/p>\n\n\n\n<p>Respecto a la poblaci\u00f3n m\u00e1s afectada, la Dra. Kamat coment\u00f3 que, \u201c<em>las m\u00e1s de 33 mil mujeres todas ten\u00edan etnias diferentes, pero entre las pacientes mujeres que realmente dijeron que utilizaban estos alaciadores, el 60% de ellas se identificaron como de raza negra. Culturalmente hablando, las mujeres de raza negra tienden a alaciarse el cabello con m\u00e1s frecuencia, y aunque no hubo correlaci\u00f3n con ninguna raza en particular sabemos que, entre la comunidad negra latina, ha habido un aumento en el c\u00e1ncer de endometrio, especialmente entre las mujeres m\u00e1s j\u00f3venes<\/em>.\u201d<\/p>\n\n\n\n<p>Para finalizar, la Dra. Kamat dijo que \u201c<em>hay muchos factores de riesgo diferentes para desarrollar c\u00e1ncer de endometrio, obviamente, esto es solo una asociaci\u00f3n, por lo que una recomendaci\u00f3n ser\u00eda tratar de no usar alaciadores de cabello con tanta frecuencia. Pero no hay que olvidar que el mayor factor de riesgo para este tipo de c\u00e1ncer es el sobrepeso, la diabetes e hipertensi\u00f3n arterial y estos se pueden controlar<\/em>.\u201d<\/p>\n\n\n\n<p>\u201c<em>Mi m\u00e1s importante recomendaci\u00f3n para las que las mujeres es que si presentan alg\u00fan sangrado anormal acudan a su m\u00e9dico, ya que esto puede ser grave<\/em>,\u201d finaliz\u00f3 la Dra. Aparna Kamat del Hospital Houston Methodist.<\/p>\n\n\n\n<h2 class=\"wp-block-heading\">Fuente:<\/h2>\n\n\n\n<p>1 &#8211; Rtveladze K, et al. Obesity prevalence in Mexico: impact on health and economic burden. Public Health Nutrition 2014; 17 (1): 233-39. <a href=\"https:\/\/doi.org\/10.1017\/S1368980013000086\" target=\"_blank\" rel=\"noreferrer noopener\">https:\/\/doi.org\/10.1017\/S1368980013000086<\/a><\/p>\n\n\n\n<p>2 &#8211; Fern\u00e1ndez CSB, et al. Perfil epidemiol\u00f3gico de los tumores malignos en M\u00e9xico. Direcci\u00f3n General de Epidemiolog\u00eda. (SINAIS\/SINAVE\/DGE\/Salud). Ciudad de M\u00e9xico: Secretar\u00eda de Salud, 2011; 46-122.<\/p>\n\n\n\n<p><a href=\"https:\/\/seryhumano.com\/web\/\">seryhumano.com<\/a><\/p>\n\n\n\n<p>Si quiere recibir en su celular esta y otras informaciones y art\u00edculos descargue Telegram, ingrese al enlace <a href=\"htts:\/\/t.ime\/seryhumano\">htts:\/\/t.ime\/seryhumano<\/a> y dele clic a +Unirme<\/p>\n","protected":false},"excerpt":{"rendered":"<p>\u00bfPosible v\u00ednculo entre alisadores de cabello y c\u00e1ncer endometrial? En M\u00e9xico, de acuerdo con la Organizaci\u00f3n Mundial de la Salud y la Direcci\u00f3n de Epidemiolog\u00eda de la Secretar\u00eda de Salud, en 2018, se registraron 7 mil 266 casos de c\u00e1ncer de \u00fatero o c\u00e1ncer endometrial lo que lo ubic\u00f3 en el segundo lugar de neoplasias&hellip;<\/p>\n","protected":false},"author":2,"featured_media":39361,"comment_status":"closed","ping_status":"closed","sticky":false,"template":"","format":"standard","meta":{"footnotes":""},"categories":[120],"tags":[8478,8479,5377,1931,8477,7396,476,6627,593,172],"class_list":["post-39360","post","type-post","status-publish","format-standard","has-post-thumbnail","hentry","category-ser-saludable","tag-alisadores-de-cabello","tag-cancer-endometrial","tag-ciencia-2","tag-cientificos","tag-dra-aparna-kamat","tag-ee-uu-4","tag-estudio","tag-hospital-houston-methodist","tag-mexico","tag-salud","category-120","description-off"],"yoast_head":"<!-- This site is optimized with the Yoast SEO plugin v25.4 - https:\/\/yoast.com\/wordpress\/plugins\/seo\/ -->\n<title>\u00bfPosible v\u00ednculo entre alisadores de cabello y c\u00e1ncer endometrial?<\/title>\n<meta name=\"description\" content=\"\u00bfPosible v\u00ednculo entre alisadores de cabello y c\u00e1ncer endometrial? \u201cMi m\u00e1s importante recomendaci\u00f3n para las que las mujeres es que si presen\" \/>\n<meta name=\"robots\" content=\"index, follow, max-snippet:-1, max-image-preview:large, max-video-preview:-1\" \/>\n<link rel=\"canonical\" href=\"https:\/\/seryhumano.com\/web\/?p=39360\" \/>\n<meta property=\"og:locale\" content=\"es_ES\" \/>\n<meta property=\"og:type\" content=\"article\" \/>\n<meta property=\"og:title\" content=\"\u00bfPosible v\u00ednculo entre alisadores de cabello y c\u00e1ncer endometrial?\" \/>\n<meta property=\"og:description\" content=\"\u00bfPosible v\u00ednculo entre alisadores de cabello y c\u00e1ncer endometrial? \u201cMi m\u00e1s importante recomendaci\u00f3n para las que las mujeres es que si presen\" \/>\n<meta property=\"og:url\" content=\"https:\/\/seryhumano.com\/web\/?p=39360\" \/>\n<meta property=\"og:site_name\" content=\"SeryHumano.com\" \/>\n<meta property=\"article:publisher\" content=\"https:\/\/www.facebook.com\/seryhumano\/\" \/>\n<meta property=\"article:published_time\" content=\"2023-01-23T15:27:30+00:00\" \/>\n<meta property=\"article:modified_time\" content=\"2023-01-23T15:27:31+00:00\" \/>\n<meta property=\"og:image\" content=\"https:\/\/seryhumano.com\/web\/wp-content\/uploads\/2023\/01\/alisadores-de-cabello.jpg\" \/>\n\t<meta property=\"og:image:width\" content=\"1477\" \/>\n\t<meta property=\"og:image:height\" content=\"731\" \/>\n\t<meta property=\"og:image:type\" content=\"image\/jpeg\" \/>\n<meta name=\"author\" content=\"@herrera_yosmar\" \/>\n<meta name=\"twitter:card\" content=\"summary_large_image\" \/>\n<meta name=\"twitter:creator\" content=\"@SeryHumano\" \/>\n<meta name=\"twitter:site\" content=\"@SeryHumano\" \/>\n<meta name=\"twitter:label1\" content=\"Escrito por\" \/>\n\t<meta name=\"twitter:data1\" content=\"@herrera_yosmar\" \/>\n\t<meta name=\"twitter:label2\" content=\"Tiempo de lectura\" \/>\n\t<meta name=\"twitter:data2\" content=\"5 minutos\" \/>\n<script type=\"application\/ld+json\" class=\"yoast-schema-graph\">{\"@context\":\"https:\/\/schema.org\",\"@graph\":[{\"@type\":\"Article\",\"@id\":\"https:\/\/seryhumano.com\/web\/?p=39360#article\",\"isPartOf\":{\"@id\":\"https:\/\/seryhumano.com\/web\/?p=39360\"},\"author\":{\"name\":\"@herrera_yosmar\",\"@id\":\"https:\/\/seryhumano.com\/web\/#\/schema\/person\/fd30e8e0b394a62344b44d9b0fe75795\"},\"headline\":\"\u00bfPosible v\u00ednculo entre alisadores de cabello y c\u00e1ncer endometrial?\",\"datePublished\":\"2023-01-23T15:27:30+00:00\",\"dateModified\":\"2023-01-23T15:27:31+00:00\",\"mainEntityOfPage\":{\"@id\":\"https:\/\/seryhumano.com\/web\/?p=39360\"},\"wordCount\":995,\"publisher\":{\"@id\":\"https:\/\/seryhumano.com\/web\/#organization\"},\"image\":{\"@id\":\"https:\/\/seryhumano.com\/web\/?p=39360#primaryimage\"},\"thumbnailUrl\":\"https:\/\/seryhumano.com\/web\/wp-content\/uploads\/2023\/01\/alisadores-de-cabello.jpg\",\"keywords\":[\"alisadores de cabello\",\"c\u00e1ncer endometrial\",\"Ciencia\",\"cient\u00edficos\",\"Dra. Aparna Kamat\",\"EE. UU.\",\"Estudio\",\"Hospital Houston Methodist\",\"M\u00e9xico\",\"salud\"],\"articleSection\":[\"Ser Saludable\"],\"inLanguage\":\"es\"},{\"@type\":\"WebPage\",\"@id\":\"https:\/\/seryhumano.com\/web\/?p=39360\",\"url\":\"https:\/\/seryhumano.com\/web\/?p=39360\",\"name\":\"\u00bfPosible v\u00ednculo entre alisadores de cabello y c\u00e1ncer endometrial?\",\"isPartOf\":{\"@id\":\"https:\/\/seryhumano.com\/web\/#website\"},\"primaryImageOfPage\":{\"@id\":\"https:\/\/seryhumano.com\/web\/?p=39360#primaryimage\"},\"image\":{\"@id\":\"https:\/\/seryhumano.com\/web\/?p=39360#primaryimage\"},\"thumbnailUrl\":\"https:\/\/seryhumano.com\/web\/wp-content\/uploads\/2023\/01\/alisadores-de-cabello.jpg\",\"datePublished\":\"2023-01-23T15:27:30+00:00\",\"dateModified\":\"2023-01-23T15:27:31+00:00\",\"description\":\"\u00bfPosible v\u00ednculo entre alisadores de cabello y c\u00e1ncer endometrial? \u201cMi m\u00e1s importante recomendaci\u00f3n para las que las mujeres es que si presen\",\"breadcrumb\":{\"@id\":\"https:\/\/seryhumano.com\/web\/?p=39360#breadcrumb\"},\"inLanguage\":\"es\",\"potentialAction\":[{\"@type\":\"ReadAction\",\"target\":[\"https:\/\/seryhumano.com\/web\/?p=39360\"]}]},{\"@type\":\"ImageObject\",\"inLanguage\":\"es\",\"@id\":\"https:\/\/seryhumano.com\/web\/?p=39360#primaryimage\",\"url\":\"https:\/\/seryhumano.com\/web\/wp-content\/uploads\/2023\/01\/alisadores-de-cabello.jpg\",\"contentUrl\":\"https:\/\/seryhumano.com\/web\/wp-content\/uploads\/2023\/01\/alisadores-de-cabello.jpg\",\"width\":1477,\"height\":731,\"caption\":\"Close up hands of professional hairdresser beauty salon, straighteners curling female hair.\"},{\"@type\":\"BreadcrumbList\",\"@id\":\"https:\/\/seryhumano.com\/web\/?p=39360#breadcrumb\",\"itemListElement\":[{\"@type\":\"ListItem\",\"position\":1,\"name\":\"Portada\",\"item\":\"https:\/\/seryhumano.com\/web\/\"},{\"@type\":\"ListItem\",\"position\":2,\"name\":\"\u00bfPosible v\u00ednculo entre alisadores de cabello y c\u00e1ncer endometrial?\"}]},{\"@type\":\"WebSite\",\"@id\":\"https:\/\/seryhumano.com\/web\/#website\",\"url\":\"https:\/\/seryhumano.com\/web\/\",\"name\":\"SeryHumano.com\",\"description\":\"Revista digital muy humana, donde lo mas importante es el Ser...\",\"publisher\":{\"@id\":\"https:\/\/seryhumano.com\/web\/#organization\"},\"potentialAction\":[{\"@type\":\"SearchAction\",\"target\":{\"@type\":\"EntryPoint\",\"urlTemplate\":\"https:\/\/seryhumano.com\/web\/?s={search_term_string}\"},\"query-input\":{\"@type\":\"PropertyValueSpecification\",\"valueRequired\":true,\"valueName\":\"search_term_string\"}}],\"inLanguage\":\"es\"},{\"@type\":\"Organization\",\"@id\":\"https:\/\/seryhumano.com\/web\/#organization\",\"name\":\"SeryHumano.com\",\"url\":\"https:\/\/seryhumano.com\/web\/\",\"logo\":{\"@type\":\"ImageObject\",\"inLanguage\":\"es\",\"@id\":\"https:\/\/seryhumano.com\/web\/#\/schema\/logo\/image\/\",\"url\":\"https:\/\/seryhumano.com\/web\/wp-content\/uploads\/2020\/02\/JNe5VRwH_400x400-2.jpg\",\"contentUrl\":\"https:\/\/seryhumano.com\/web\/wp-content\/uploads\/2020\/02\/JNe5VRwH_400x400-2.jpg\",\"width\":400,\"height\":400,\"caption\":\"SeryHumano.com\"},\"image\":{\"@id\":\"https:\/\/seryhumano.com\/web\/#\/schema\/logo\/image\/\"},\"sameAs\":[\"https:\/\/www.facebook.com\/seryhumano\/\",\"https:\/\/x.com\/SeryHumano\",\"https:\/\/www.instagram.com\/seryhumano\/\",\"https:\/\/www.linkedin.com\/company\/seryhumano-com\/\",\"https:\/\/www.youtube.com\/channel\/UCYfgIGSxygVnJAW0e9ZBZWg\"]},{\"@type\":\"Person\",\"@id\":\"https:\/\/seryhumano.com\/web\/#\/schema\/person\/fd30e8e0b394a62344b44d9b0fe75795\",\"name\":\"@herrera_yosmar\",\"description\":\"Eterna enamorada de la vida, comunicadora, mam\u00e1 de tres\",\"sameAs\":[\"http:\/\/seryhumano.com\"],\"url\":\"https:\/\/seryhumano.com\/web\/?author=2\"}]}<\/script>\n<!-- \/ Yoast SEO plugin. -->","yoast_head_json":{"title":"\u00bfPosible v\u00ednculo entre alisadores de cabello y c\u00e1ncer endometrial?","description":"\u00bfPosible v\u00ednculo entre alisadores de cabello y c\u00e1ncer endometrial? \u201cMi m\u00e1s importante recomendaci\u00f3n para las que las mujeres es que si presen","robots":{"index":"index","follow":"follow","max-snippet":"max-snippet:-1","max-image-preview":"max-image-preview:large","max-video-preview":"max-video-preview:-1"},"canonical":"https:\/\/seryhumano.com\/web\/?p=39360","og_locale":"es_ES","og_type":"article","og_title":"\u00bfPosible v\u00ednculo entre alisadores de cabello y c\u00e1ncer endometrial?","og_description":"\u00bfPosible v\u00ednculo entre alisadores de cabello y c\u00e1ncer endometrial? \u201cMi m\u00e1s importante recomendaci\u00f3n para las que las mujeres es que si presen","og_url":"https:\/\/seryhumano.com\/web\/?p=39360","og_site_name":"SeryHumano.com","article_publisher":"https:\/\/www.facebook.com\/seryhumano\/","article_published_time":"2023-01-23T15:27:30+00:00","article_modified_time":"2023-01-23T15:27:31+00:00","og_image":[{"width":1477,"height":731,"url":"https:\/\/seryhumano.com\/web\/wp-content\/uploads\/2023\/01\/alisadores-de-cabello.jpg","type":"image\/jpeg"}],"author":"@herrera_yosmar","twitter_card":"summary_large_image","twitter_creator":"@SeryHumano","twitter_site":"@SeryHumano","twitter_misc":{"Escrito por":"@herrera_yosmar","Tiempo de lectura":"5 minutos"},"schema":{"@context":"https:\/\/schema.org","@graph":[{"@type":"Article","@id":"https:\/\/seryhumano.com\/web\/?p=39360#article","isPartOf":{"@id":"https:\/\/seryhumano.com\/web\/?p=39360"},"author":{"name":"@herrera_yosmar","@id":"https:\/\/seryhumano.com\/web\/#\/schema\/person\/fd30e8e0b394a62344b44d9b0fe75795"},"headline":"\u00bfPosible v\u00ednculo entre alisadores de cabello y c\u00e1ncer endometrial?","datePublished":"2023-01-23T15:27:30+00:00","dateModified":"2023-01-23T15:27:31+00:00","mainEntityOfPage":{"@id":"https:\/\/seryhumano.com\/web\/?p=39360"},"wordCount":995,"publisher":{"@id":"https:\/\/seryhumano.com\/web\/#organization"},"image":{"@id":"https:\/\/seryhumano.com\/web\/?p=39360#primaryimage"},"thumbnailUrl":"https:\/\/seryhumano.com\/web\/wp-content\/uploads\/2023\/01\/alisadores-de-cabello.jpg","keywords":["alisadores de cabello","c\u00e1ncer endometrial","Ciencia","cient\u00edficos","Dra. Aparna Kamat","EE. UU.","Estudio","Hospital Houston Methodist","M\u00e9xico","salud"],"articleSection":["Ser Saludable"],"inLanguage":"es"},{"@type":"WebPage","@id":"https:\/\/seryhumano.com\/web\/?p=39360","url":"https:\/\/seryhumano.com\/web\/?p=39360","name":"\u00bfPosible v\u00ednculo entre alisadores de cabello y c\u00e1ncer endometrial?","isPartOf":{"@id":"https:\/\/seryhumano.com\/web\/#website"},"primaryImageOfPage":{"@id":"https:\/\/seryhumano.com\/web\/?p=39360#primaryimage"},"image":{"@id":"https:\/\/seryhumano.com\/web\/?p=39360#primaryimage"},"thumbnailUrl":"https:\/\/seryhumano.com\/web\/wp-content\/uploads\/2023\/01\/alisadores-de-cabello.jpg","datePublished":"2023-01-23T15:27:30+00:00","dateModified":"2023-01-23T15:27:31+00:00","description":"\u00bfPosible v\u00ednculo entre alisadores de cabello y c\u00e1ncer endometrial? \u201cMi m\u00e1s importante recomendaci\u00f3n para las que las mujeres es que si presen","breadcrumb":{"@id":"https:\/\/seryhumano.com\/web\/?p=39360#breadcrumb"},"inLanguage":"es","potentialAction":[{"@type":"ReadAction","target":["https:\/\/seryhumano.com\/web\/?p=39360"]}]},{"@type":"ImageObject","inLanguage":"es","@id":"https:\/\/seryhumano.com\/web\/?p=39360#primaryimage","url":"https:\/\/seryhumano.com\/web\/wp-content\/uploads\/2023\/01\/alisadores-de-cabello.jpg","contentUrl":"https:\/\/seryhumano.com\/web\/wp-content\/uploads\/2023\/01\/alisadores-de-cabello.jpg","width":1477,"height":731,"caption":"Close up hands of professional hairdresser beauty salon, straighteners curling female hair."},{"@type":"BreadcrumbList","@id":"https:\/\/seryhumano.com\/web\/?p=39360#breadcrumb","itemListElement":[{"@type":"ListItem","position":1,"name":"Portada","item":"https:\/\/seryhumano.com\/web\/"},{"@type":"ListItem","position":2,"name":"\u00bfPosible v\u00ednculo entre alisadores de cabello y c\u00e1ncer endometrial?"}]},{"@type":"WebSite","@id":"https:\/\/seryhumano.com\/web\/#website","url":"https:\/\/seryhumano.com\/web\/","name":"SeryHumano.com","description":"Revista digital muy humana, donde lo mas importante es el Ser...","publisher":{"@id":"https:\/\/seryhumano.com\/web\/#organization"},"potentialAction":[{"@type":"SearchAction","target":{"@type":"EntryPoint","urlTemplate":"https:\/\/seryhumano.com\/web\/?s={search_term_string}"},"query-input":{"@type":"PropertyValueSpecification","valueRequired":true,"valueName":"search_term_string"}}],"inLanguage":"es"},{"@type":"Organization","@id":"https:\/\/seryhumano.com\/web\/#organization","name":"SeryHumano.com","url":"https:\/\/seryhumano.com\/web\/","logo":{"@type":"ImageObject","inLanguage":"es","@id":"https:\/\/seryhumano.com\/web\/#\/schema\/logo\/image\/","url":"https:\/\/seryhumano.com\/web\/wp-content\/uploads\/2020\/02\/JNe5VRwH_400x400-2.jpg","contentUrl":"https:\/\/seryhumano.com\/web\/wp-content\/uploads\/2020\/02\/JNe5VRwH_400x400-2.jpg","width":400,"height":400,"caption":"SeryHumano.com"},"image":{"@id":"https:\/\/seryhumano.com\/web\/#\/schema\/logo\/image\/"},"sameAs":["https:\/\/www.facebook.com\/seryhumano\/","https:\/\/x.com\/SeryHumano","https:\/\/www.instagram.com\/seryhumano\/","https:\/\/www.linkedin.com\/company\/seryhumano-com\/","https:\/\/www.youtube.com\/channel\/UCYfgIGSxygVnJAW0e9ZBZWg"]},{"@type":"Person","@id":"https:\/\/seryhumano.com\/web\/#\/schema\/person\/fd30e8e0b394a62344b44d9b0fe75795","name":"@herrera_yosmar","description":"Eterna enamorada de la vida, comunicadora, mam\u00e1 de tres","sameAs":["http:\/\/seryhumano.com"],"url":"https:\/\/seryhumano.com\/web\/?author=2"}]}},"_links":{"self":[{"href":"https:\/\/seryhumano.com\/web\/index.php?rest_route=\/wp\/v2\/posts\/39360","targetHints":{"allow":["GET"]}}],"collection":[{"href":"https:\/\/seryhumano.com\/web\/index.php?rest_route=\/wp\/v2\/posts"}],"about":[{"href":"https:\/\/seryhumano.com\/web\/index.php?rest_route=\/wp\/v2\/types\/post"}],"author":[{"embeddable":true,"href":"https:\/\/seryhumano.com\/web\/index.php?rest_route=\/wp\/v2\/users\/2"}],"replies":[{"embeddable":true,"href":"https:\/\/seryhumano.com\/web\/index.php?rest_route=%2Fwp%2Fv2%2Fcomments&post=39360"}],"version-history":[{"count":0,"href":"https:\/\/seryhumano.com\/web\/index.php?rest_route=\/wp\/v2\/posts\/39360\/revisions"}],"wp:featuredmedia":[{"embeddable":true,"href":"https:\/\/seryhumano.com\/web\/index.php?rest_route=\/wp\/v2\/media\/39361"}],"wp:attachment":[{"href":"https:\/\/seryhumano.com\/web\/index.php?rest_route=%2Fwp%2Fv2%2Fmedia&parent=39360"}],"wp:term":[{"taxonomy":"category","embeddable":true,"href":"https:\/\/seryhumano.com\/web\/index.php?rest_route=%2Fwp%2Fv2%2Fcategories&post=39360"},{"taxonomy":"post_tag","embeddable":true,"href":"https:\/\/seryhumano.com\/web\/index.php?rest_route=%2Fwp%2Fv2%2Ftags&post=39360"}],"curies":[{"name":"wp","href":"https:\/\/api.w.org\/{rel}","templated":true}]}}