{"id":4643,"date":"2013-07-13T07:32:32","date_gmt":"2013-07-13T12:02:32","guid":{"rendered":"https:\/\/seryhumano.com\/web\/?p=4643"},"modified":"2013-07-13T12:53:43","modified_gmt":"2013-07-13T17:23:43","slug":"concierto-popular-en-el-paseo-los-proceres-con-la-osv","status":"publish","type":"post","link":"https:\/\/seryhumano.com\/web\/?p=4643","title":{"rendered":"Concierto Popular en el Paseo Los Pr\u00f3ceres con la OSV"},"content":{"rendered":"<p><a href=\"https:\/\/seryhumano.com\/web\/?attachment_id=4644\" rel=\"attachment wp-att-4644\"><img loading=\"lazy\" decoding=\"async\" class=\"alignleft size-medium wp-image-4644\" alt=\"2011-04-01 Los Proceres 046\" src=\"https:\/\/seryhumano.com\/web\/wp-content\/uploads\/2013\/07\/2011-04-01-Los-Proceres-046-300x199.jpg\" width=\"300\" height=\"199\" srcset=\"https:\/\/seryhumano.com\/web\/wp-content\/uploads\/2013\/07\/2011-04-01-Los-Proceres-046-300x199.jpg 300w, https:\/\/seryhumano.com\/web\/wp-content\/uploads\/2013\/07\/2011-04-01-Los-Proceres-046-1024x680.jpg 1024w, https:\/\/seryhumano.com\/web\/wp-content\/uploads\/2013\/07\/2011-04-01-Los-Proceres-046.jpg 1504w\" sizes=\"auto, (max-width: 300px) 100vw, 300px\" \/><\/a>La Orquesta Sinf\u00f3nica de Venezuela, <i>Patrimonio Art\u00edstico y Cultural de la Naci\u00f3n<\/i>, compartir\u00e1 con el p\u00fablico caraque\u00f1o el <b><i>Concierto Popular<\/i><\/b>, engalanando con hermosas melod\u00edas este domingo 14 de julio a las 5 p.m. las ic\u00f3nicas instalaciones del Paseo Los Pr\u00f3ceres.<\/p>\n<p>El director invitado es el maestro Alfonso L\u00f3pez Chollet, quien ha seleccionado un repertorio muy especial para la ocasi\u00f3n y que estamos seguro ser\u00e1 del total agrado del p\u00fablico: <i>Kanaima <\/i>de Yuri Hung; <i>Concierto en la Llanura<\/i>\u00a0de Juan Vicente Torrealba\/Arr. Rafael Osuna; <i>Brisas del Torbes <\/i>de Luis F. Ram\u00f3n y Rivera\/Arr. Rafael Osuna; <i>Fantas\u00eda Larense de <\/i>varios autores\/Arr. Sergio Elgu\u00edn; <i>Suite Onda Nueva <\/i>de Aldemaro Romero; <i>Canto a Caracas <\/i>de Billo Fr\u00f3meta\/Arr. Andr\u00e9s E. Rodr\u00edguez; <i>Motivos\u00a0<\/i>de Pizzolante\/Arr. Pedrito L\u00f3pez; <i>El Carite <\/i>de Folk. Nueva Esparta\/Arr. Rafael Osuna; <i>Woman del Callao\u00a0<\/i>de Julio Delgado\/Arr. Rafael Osuna; <i>Venezuela-Viva Venezuela-Alma Llanera<\/i>\u00a0de varios autores\/Arr. Pedrito L\u00f3pez.<a href=\"https:\/\/seryhumano.com\/web\/?attachment_id=4647\" rel=\"attachment wp-att-4647\"><img loading=\"lazy\" decoding=\"async\" class=\"alignright size-medium wp-image-4647\" alt=\"alfonso lopez chollet\" src=\"https:\/\/seryhumano.com\/web\/wp-content\/uploads\/2013\/07\/alfonso-lopez-chollet-199x300.jpg\" width=\"199\" height=\"300\" srcset=\"https:\/\/seryhumano.com\/web\/wp-content\/uploads\/2013\/07\/alfonso-lopez-chollet-199x300.jpg 199w, https:\/\/seryhumano.com\/web\/wp-content\/uploads\/2013\/07\/alfonso-lopez-chollet.jpg 425w\" sizes=\"auto, (max-width: 199px) 100vw, 199px\" \/><\/a><\/p>\n<p>La Orquesta Sinf\u00f3nica de Venezuela se une as\u00ed al programa La Cultura se Expresa en Los Pr\u00f3ceres, que organiza el Gobierno Bolivariano de Venezuela desde la Vicepresidencia de la Rep\u00fablica y el Ministerio del Poder Popular para la Cultura a trav\u00e9s del Centro de la Diversidad Cultural.<\/p>\n<p>Sin duda, ser\u00e1 una gran oportunidad para compartir con el plantel de los 100 m\u00fasicos que conforman a la primera orquesta creada en nuestro pa\u00eds y en Latinoam\u00e9rica hace 83 a\u00f1os y que desde sus inicios ha incursionado en todos los g\u00e9neros posibles de la manifestaci\u00f3n orquestal: \u00f3pera, ballet, musicales, m\u00fasica de c\u00e1mara, espect\u00e1culos sinf\u00f3nicos, entre los cuales destacan conciertos acad\u00e9micos, did\u00e1ctico-infantiles, navide\u00f1os y de m\u00fasica popular.<\/p>\n<p>seryhumano.com \/ Evelyn Navas<\/p>\n<p>[youtube]http:\/\/www.youtube.com\/watch?v=bcF5uf1-4Vs[\/youtube]<\/p>\n","protected":false},"excerpt":{"rendered":"<p>La Orquesta Sinf\u00f3nica de Venezuela, Patrimonio Art\u00edstico y Cultural de la Naci\u00f3n, compartir\u00e1 con el p\u00fablico caraque\u00f1o el Concierto Popular, engalanando con hermosas melod\u00edas este domingo 14 de julio a las 5 p.m. las ic\u00f3nicas instalaciones del Paseo Los Pr\u00f3ceres. El director invitado es el maestro Alfonso L\u00f3pez Chollet, quien ha seleccionado un repertorio muy&hellip;<\/p>\n","protected":false},"author":2,"featured_media":4644,"comment_status":"closed","ping_status":"closed","sticky":false,"template":"","format":"standard","meta":{"footnotes":""},"categories":[114],"tags":[111],"class_list":["post-4643","post","type-post","status-publish","format-standard","has-post-thumbnail","hentry","category-sonidos","tag-slider","category-114","description-off"],"yoast_head":"<!-- This site is optimized with the Yoast SEO plugin v25.4 - https:\/\/yoast.com\/wordpress\/plugins\/seo\/ -->\n<title>Concierto Popular en el Paseo Los Pr\u00f3ceres con la OSV &#187; SeryHumano.com<\/title>\n<meta name=\"robots\" content=\"index, follow, max-snippet:-1, max-image-preview:large, max-video-preview:-1\" \/>\n<link rel=\"canonical\" href=\"https:\/\/seryhumano.com\/web\/?p=4643\" \/>\n<meta property=\"og:locale\" content=\"es_ES\" \/>\n<meta property=\"og:type\" content=\"article\" \/>\n<meta property=\"og:title\" content=\"Concierto Popular en el Paseo Los Pr\u00f3ceres con la OSV &#187; SeryHumano.com\" \/>\n<meta property=\"og:description\" content=\"La Orquesta Sinf\u00f3nica de Venezuela, Patrimonio Art\u00edstico y Cultural de la Naci\u00f3n, compartir\u00e1 con el p\u00fablico caraque\u00f1o el Concierto Popular, engalanando con hermosas melod\u00edas este domingo 14 de julio a las 5 p.m. las ic\u00f3nicas instalaciones del Paseo Los Pr\u00f3ceres. El director invitado es el maestro Alfonso L\u00f3pez Chollet, quien ha seleccionado un repertorio muy&hellip;\" \/>\n<meta property=\"og:url\" content=\"https:\/\/seryhumano.com\/web\/?p=4643\" \/>\n<meta property=\"og:site_name\" content=\"SeryHumano.com\" \/>\n<meta property=\"article:publisher\" content=\"https:\/\/www.facebook.com\/seryhumano\/\" \/>\n<meta property=\"article:published_time\" content=\"2013-07-13T12:02:32+00:00\" \/>\n<meta property=\"article:modified_time\" content=\"2013-07-13T17:23:43+00:00\" \/>\n<meta property=\"og:image\" content=\"https:\/\/seryhumano.com\/web\/wp-content\/uploads\/2013\/07\/2011-04-01-Los-Proceres-046.jpg\" \/>\n\t<meta property=\"og:image:width\" content=\"1504\" \/>\n\t<meta property=\"og:image:height\" content=\"1000\" \/>\n\t<meta property=\"og:image:type\" content=\"image\/jpeg\" \/>\n<meta name=\"author\" content=\"@herrera_yosmar\" \/>\n<meta name=\"twitter:card\" content=\"summary_large_image\" \/>\n<meta name=\"twitter:creator\" content=\"@SeryHumano\" \/>\n<meta name=\"twitter:site\" content=\"@SeryHumano\" \/>\n<meta name=\"twitter:label1\" content=\"Escrito por\" \/>\n\t<meta name=\"twitter:data1\" content=\"@herrera_yosmar\" \/>\n\t<meta name=\"twitter:label2\" content=\"Tiempo de lectura\" \/>\n\t<meta name=\"twitter:data2\" content=\"2 minutos\" \/>\n<script type=\"application\/ld+json\" class=\"yoast-schema-graph\">{\"@context\":\"https:\/\/schema.org\",\"@graph\":[{\"@type\":\"Article\",\"@id\":\"https:\/\/seryhumano.com\/web\/?p=4643#article\",\"isPartOf\":{\"@id\":\"https:\/\/seryhumano.com\/web\/?p=4643\"},\"author\":{\"name\":\"@herrera_yosmar\",\"@id\":\"https:\/\/seryhumano.com\/web\/#\/schema\/person\/fd30e8e0b394a62344b44d9b0fe75795\"},\"headline\":\"Concierto Popular en el Paseo Los Pr\u00f3ceres con la OSV\",\"datePublished\":\"2013-07-13T12:02:32+00:00\",\"dateModified\":\"2013-07-13T17:23:43+00:00\",\"mainEntityOfPage\":{\"@id\":\"https:\/\/seryhumano.com\/web\/?p=4643\"},\"wordCount\":328,\"publisher\":{\"@id\":\"https:\/\/seryhumano.com\/web\/#organization\"},\"image\":{\"@id\":\"https:\/\/seryhumano.com\/web\/?p=4643#primaryimage\"},\"thumbnailUrl\":\"https:\/\/seryhumano.com\/web\/wp-content\/uploads\/2013\/07\/2011-04-01-Los-Proceres-046.jpg\",\"keywords\":[\"Slider\"],\"articleSection\":[\"Sonidos del Ser\"],\"inLanguage\":\"es\"},{\"@type\":\"WebPage\",\"@id\":\"https:\/\/seryhumano.com\/web\/?p=4643\",\"url\":\"https:\/\/seryhumano.com\/web\/?p=4643\",\"name\":\"Concierto Popular en el Paseo Los Pr\u00f3ceres con la OSV &#187; SeryHumano.com\",\"isPartOf\":{\"@id\":\"https:\/\/seryhumano.com\/web\/#website\"},\"primaryImageOfPage\":{\"@id\":\"https:\/\/seryhumano.com\/web\/?p=4643#primaryimage\"},\"image\":{\"@id\":\"https:\/\/seryhumano.com\/web\/?p=4643#primaryimage\"},\"thumbnailUrl\":\"https:\/\/seryhumano.com\/web\/wp-content\/uploads\/2013\/07\/2011-04-01-Los-Proceres-046.jpg\",\"datePublished\":\"2013-07-13T12:02:32+00:00\",\"dateModified\":\"2013-07-13T17:23:43+00:00\",\"breadcrumb\":{\"@id\":\"https:\/\/seryhumano.com\/web\/?p=4643#breadcrumb\"},\"inLanguage\":\"es\",\"potentialAction\":[{\"@type\":\"ReadAction\",\"target\":[\"https:\/\/seryhumano.com\/web\/?p=4643\"]}]},{\"@type\":\"ImageObject\",\"inLanguage\":\"es\",\"@id\":\"https:\/\/seryhumano.com\/web\/?p=4643#primaryimage\",\"url\":\"https:\/\/seryhumano.com\/web\/wp-content\/uploads\/2013\/07\/2011-04-01-Los-Proceres-046.jpg\",\"contentUrl\":\"https:\/\/seryhumano.com\/web\/wp-content\/uploads\/2013\/07\/2011-04-01-Los-Proceres-046.jpg\",\"width\":1504,\"height\":1000},{\"@type\":\"BreadcrumbList\",\"@id\":\"https:\/\/seryhumano.com\/web\/?p=4643#breadcrumb\",\"itemListElement\":[{\"@type\":\"ListItem\",\"position\":1,\"name\":\"Portada\",\"item\":\"https:\/\/seryhumano.com\/web\/\"},{\"@type\":\"ListItem\",\"position\":2,\"name\":\"Concierto Popular en el Paseo Los Pr\u00f3ceres con la OSV\"}]},{\"@type\":\"WebSite\",\"@id\":\"https:\/\/seryhumano.com\/web\/#website\",\"url\":\"https:\/\/seryhumano.com\/web\/\",\"name\":\"SeryHumano.com\",\"description\":\"Revista digital muy humana, donde lo mas importante es el Ser...\",\"publisher\":{\"@id\":\"https:\/\/seryhumano.com\/web\/#organization\"},\"potentialAction\":[{\"@type\":\"SearchAction\",\"target\":{\"@type\":\"EntryPoint\",\"urlTemplate\":\"https:\/\/seryhumano.com\/web\/?s={search_term_string}\"},\"query-input\":{\"@type\":\"PropertyValueSpecification\",\"valueRequired\":true,\"valueName\":\"search_term_string\"}}],\"inLanguage\":\"es\"},{\"@type\":\"Organization\",\"@id\":\"https:\/\/seryhumano.com\/web\/#organization\",\"name\":\"SeryHumano.com\",\"url\":\"https:\/\/seryhumano.com\/web\/\",\"logo\":{\"@type\":\"ImageObject\",\"inLanguage\":\"es\",\"@id\":\"https:\/\/seryhumano.com\/web\/#\/schema\/logo\/image\/\",\"url\":\"https:\/\/seryhumano.com\/web\/wp-content\/uploads\/2020\/02\/JNe5VRwH_400x400-2.jpg\",\"contentUrl\":\"https:\/\/seryhumano.com\/web\/wp-content\/uploads\/2020\/02\/JNe5VRwH_400x400-2.jpg\",\"width\":400,\"height\":400,\"caption\":\"SeryHumano.com\"},\"image\":{\"@id\":\"https:\/\/seryhumano.com\/web\/#\/schema\/logo\/image\/\"},\"sameAs\":[\"https:\/\/www.facebook.com\/seryhumano\/\",\"https:\/\/x.com\/SeryHumano\",\"https:\/\/www.instagram.com\/seryhumano\/\",\"https:\/\/www.linkedin.com\/company\/seryhumano-com\/\",\"https:\/\/www.youtube.com\/channel\/UCYfgIGSxygVnJAW0e9ZBZWg\"]},{\"@type\":\"Person\",\"@id\":\"https:\/\/seryhumano.com\/web\/#\/schema\/person\/fd30e8e0b394a62344b44d9b0fe75795\",\"name\":\"@herrera_yosmar\",\"description\":\"Eterna enamorada de la vida, comunicadora, mam\u00e1 de tres\",\"sameAs\":[\"http:\/\/seryhumano.com\"],\"url\":\"https:\/\/seryhumano.com\/web\/?author=2\"}]}<\/script>\n<!-- \/ Yoast SEO plugin. -->","yoast_head_json":{"title":"Concierto Popular en el Paseo Los Pr\u00f3ceres con la OSV &#187; SeryHumano.com","robots":{"index":"index","follow":"follow","max-snippet":"max-snippet:-1","max-image-preview":"max-image-preview:large","max-video-preview":"max-video-preview:-1"},"canonical":"https:\/\/seryhumano.com\/web\/?p=4643","og_locale":"es_ES","og_type":"article","og_title":"Concierto Popular en el Paseo Los Pr\u00f3ceres con la OSV &#187; SeryHumano.com","og_description":"La Orquesta Sinf\u00f3nica de Venezuela, Patrimonio Art\u00edstico y Cultural de la Naci\u00f3n, compartir\u00e1 con el p\u00fablico caraque\u00f1o el Concierto Popular, engalanando con hermosas melod\u00edas este domingo 14 de julio a las 5 p.m. las ic\u00f3nicas instalaciones del Paseo Los Pr\u00f3ceres. El director invitado es el maestro Alfonso L\u00f3pez Chollet, quien ha seleccionado un repertorio muy&hellip;","og_url":"https:\/\/seryhumano.com\/web\/?p=4643","og_site_name":"SeryHumano.com","article_publisher":"https:\/\/www.facebook.com\/seryhumano\/","article_published_time":"2013-07-13T12:02:32+00:00","article_modified_time":"2013-07-13T17:23:43+00:00","og_image":[{"width":1504,"height":1000,"url":"https:\/\/seryhumano.com\/web\/wp-content\/uploads\/2013\/07\/2011-04-01-Los-Proceres-046.jpg","type":"image\/jpeg"}],"author":"@herrera_yosmar","twitter_card":"summary_large_image","twitter_creator":"@SeryHumano","twitter_site":"@SeryHumano","twitter_misc":{"Escrito por":"@herrera_yosmar","Tiempo de lectura":"2 minutos"},"schema":{"@context":"https:\/\/schema.org","@graph":[{"@type":"Article","@id":"https:\/\/seryhumano.com\/web\/?p=4643#article","isPartOf":{"@id":"https:\/\/seryhumano.com\/web\/?p=4643"},"author":{"name":"@herrera_yosmar","@id":"https:\/\/seryhumano.com\/web\/#\/schema\/person\/fd30e8e0b394a62344b44d9b0fe75795"},"headline":"Concierto Popular en el Paseo Los Pr\u00f3ceres con la OSV","datePublished":"2013-07-13T12:02:32+00:00","dateModified":"2013-07-13T17:23:43+00:00","mainEntityOfPage":{"@id":"https:\/\/seryhumano.com\/web\/?p=4643"},"wordCount":328,"publisher":{"@id":"https:\/\/seryhumano.com\/web\/#organization"},"image":{"@id":"https:\/\/seryhumano.com\/web\/?p=4643#primaryimage"},"thumbnailUrl":"https:\/\/seryhumano.com\/web\/wp-content\/uploads\/2013\/07\/2011-04-01-Los-Proceres-046.jpg","keywords":["Slider"],"articleSection":["Sonidos del Ser"],"inLanguage":"es"},{"@type":"WebPage","@id":"https:\/\/seryhumano.com\/web\/?p=4643","url":"https:\/\/seryhumano.com\/web\/?p=4643","name":"Concierto Popular en el Paseo Los Pr\u00f3ceres con la OSV &#187; SeryHumano.com","isPartOf":{"@id":"https:\/\/seryhumano.com\/web\/#website"},"primaryImageOfPage":{"@id":"https:\/\/seryhumano.com\/web\/?p=4643#primaryimage"},"image":{"@id":"https:\/\/seryhumano.com\/web\/?p=4643#primaryimage"},"thumbnailUrl":"https:\/\/seryhumano.com\/web\/wp-content\/uploads\/2013\/07\/2011-04-01-Los-Proceres-046.jpg","datePublished":"2013-07-13T12:02:32+00:00","dateModified":"2013-07-13T17:23:43+00:00","breadcrumb":{"@id":"https:\/\/seryhumano.com\/web\/?p=4643#breadcrumb"},"inLanguage":"es","potentialAction":[{"@type":"ReadAction","target":["https:\/\/seryhumano.com\/web\/?p=4643"]}]},{"@type":"ImageObject","inLanguage":"es","@id":"https:\/\/seryhumano.com\/web\/?p=4643#primaryimage","url":"https:\/\/seryhumano.com\/web\/wp-content\/uploads\/2013\/07\/2011-04-01-Los-Proceres-046.jpg","contentUrl":"https:\/\/seryhumano.com\/web\/wp-content\/uploads\/2013\/07\/2011-04-01-Los-Proceres-046.jpg","width":1504,"height":1000},{"@type":"BreadcrumbList","@id":"https:\/\/seryhumano.com\/web\/?p=4643#breadcrumb","itemListElement":[{"@type":"ListItem","position":1,"name":"Portada","item":"https:\/\/seryhumano.com\/web\/"},{"@type":"ListItem","position":2,"name":"Concierto Popular en el Paseo Los Pr\u00f3ceres con la OSV"}]},{"@type":"WebSite","@id":"https:\/\/seryhumano.com\/web\/#website","url":"https:\/\/seryhumano.com\/web\/","name":"SeryHumano.com","description":"Revista digital muy humana, donde lo mas importante es el Ser...","publisher":{"@id":"https:\/\/seryhumano.com\/web\/#organization"},"potentialAction":[{"@type":"SearchAction","target":{"@type":"EntryPoint","urlTemplate":"https:\/\/seryhumano.com\/web\/?s={search_term_string}"},"query-input":{"@type":"PropertyValueSpecification","valueRequired":true,"valueName":"search_term_string"}}],"inLanguage":"es"},{"@type":"Organization","@id":"https:\/\/seryhumano.com\/web\/#organization","name":"SeryHumano.com","url":"https:\/\/seryhumano.com\/web\/","logo":{"@type":"ImageObject","inLanguage":"es","@id":"https:\/\/seryhumano.com\/web\/#\/schema\/logo\/image\/","url":"https:\/\/seryhumano.com\/web\/wp-content\/uploads\/2020\/02\/JNe5VRwH_400x400-2.jpg","contentUrl":"https:\/\/seryhumano.com\/web\/wp-content\/uploads\/2020\/02\/JNe5VRwH_400x400-2.jpg","width":400,"height":400,"caption":"SeryHumano.com"},"image":{"@id":"https:\/\/seryhumano.com\/web\/#\/schema\/logo\/image\/"},"sameAs":["https:\/\/www.facebook.com\/seryhumano\/","https:\/\/x.com\/SeryHumano","https:\/\/www.instagram.com\/seryhumano\/","https:\/\/www.linkedin.com\/company\/seryhumano-com\/","https:\/\/www.youtube.com\/channel\/UCYfgIGSxygVnJAW0e9ZBZWg"]},{"@type":"Person","@id":"https:\/\/seryhumano.com\/web\/#\/schema\/person\/fd30e8e0b394a62344b44d9b0fe75795","name":"@herrera_yosmar","description":"Eterna enamorada de la vida, comunicadora, mam\u00e1 de tres","sameAs":["http:\/\/seryhumano.com"],"url":"https:\/\/seryhumano.com\/web\/?author=2"}]}},"_links":{"self":[{"href":"https:\/\/seryhumano.com\/web\/index.php?rest_route=\/wp\/v2\/posts\/4643","targetHints":{"allow":["GET"]}}],"collection":[{"href":"https:\/\/seryhumano.com\/web\/index.php?rest_route=\/wp\/v2\/posts"}],"about":[{"href":"https:\/\/seryhumano.com\/web\/index.php?rest_route=\/wp\/v2\/types\/post"}],"author":[{"embeddable":true,"href":"https:\/\/seryhumano.com\/web\/index.php?rest_route=\/wp\/v2\/users\/2"}],"replies":[{"embeddable":true,"href":"https:\/\/seryhumano.com\/web\/index.php?rest_route=%2Fwp%2Fv2%2Fcomments&post=4643"}],"version-history":[{"count":0,"href":"https:\/\/seryhumano.com\/web\/index.php?rest_route=\/wp\/v2\/posts\/4643\/revisions"}],"wp:featuredmedia":[{"embeddable":true,"href":"https:\/\/seryhumano.com\/web\/index.php?rest_route=\/wp\/v2\/media\/4644"}],"wp:attachment":[{"href":"https:\/\/seryhumano.com\/web\/index.php?rest_route=%2Fwp%2Fv2%2Fmedia&parent=4643"}],"wp:term":[{"taxonomy":"category","embeddable":true,"href":"https:\/\/seryhumano.com\/web\/index.php?rest_route=%2Fwp%2Fv2%2Fcategories&post=4643"},{"taxonomy":"post_tag","embeddable":true,"href":"https:\/\/seryhumano.com\/web\/index.php?rest_route=%2Fwp%2Fv2%2Ftags&post=4643"}],"curies":[{"name":"wp","href":"https:\/\/api.w.org\/{rel}","templated":true}]}}