{"id":4674,"date":"2013-07-14T14:15:27","date_gmt":"2013-07-14T18:45:27","guid":{"rendered":"https:\/\/seryhumano.com\/web\/?p=4674"},"modified":"2013-07-15T08:45:04","modified_gmt":"2013-07-15T13:15:04","slug":"la-contaminacion-del-aire-es-perjudicial-en-todo-el-mundo","status":"publish","type":"post","link":"https:\/\/seryhumano.com\/web\/?p=4674","title":{"rendered":"La contaminaci\u00f3n del aire es perjudicial en todo el mundo"},"content":{"rendered":"<p><a href=\"https:\/\/seryhumano.com\/web\/?attachment_id=4675\" rel=\"attachment wp-att-4675\"><img loading=\"lazy\" decoding=\"async\" class=\"alignleft size-medium wp-image-4675\" alt=\"contaminaci\u00f3n del aire\" src=\"https:\/\/seryhumano.com\/web\/wp-content\/uploads\/2013\/07\/contaminaci\u00f3n-del-aire-300x200.jpg\" width=\"300\" height=\"200\" srcset=\"https:\/\/seryhumano.com\/web\/wp-content\/uploads\/2013\/07\/contaminaci\u00f3n-del-aire-300x200.jpg 300w, https:\/\/seryhumano.com\/web\/wp-content\/uploads\/2013\/07\/contaminaci\u00f3n-del-aire.jpg 555w\" sizes=\"auto, (max-width: 300px) 100vw, 300px\" \/><\/a>M\u00e1s de dos millones de muertes ocurren cada a\u00f1o como consecuencia directa de la contaminaci\u00f3n atmosf\u00e9rica \u00a0causada por <i>los humanos<\/i>, seg\u00fan concluye un nuevo estudio publicado en &#8216;Environmental Research Letters&#8217;.<\/p>\n<p>En concreto, en el an\u00e1lisis se calcula que alrededor de 470.000 personas mueren cada a\u00f1o debido a los aumentos causados por el hombre en la capa de ozono y que alrededor de 2,1 millones de muertes se producen anualmente por los incrementos provocados por la actividad <i>humana<\/i> en las part\u00edculas finas suspendidas en el aire (PM2.5), que pueden penetrar profundamente en los pulmones, causando c\u00e1ncer y otras enfermedades respiratorias.<\/p>\n<p>Uno de los autores de la investigaci\u00f3n, Jason West, de la Universidad de Carolina del Norte, en Estados Unidos, destac\u00f3: \u00abNuestras estimaciones se\u00f1alan que la contaminaci\u00f3n del aire est\u00e1 entre los factores ambientales de riesgo m\u00e1s importantes para la salud. Muchas de estas muertes se calcula que se producir\u00e1n en Asia oriental y Asia meridional, donde la poblaci\u00f3n es alta y la contaminaci\u00f3n del aire es grave\u00bb.<a href=\"https:\/\/seryhumano.com\/web\/?attachment_id=4677\" rel=\"attachment wp-att-4677\"><img loading=\"lazy\" decoding=\"async\" class=\"alignright size-full wp-image-4677\" alt=\"contaminaci\u00f3n del aire 1\" src=\"https:\/\/seryhumano.com\/web\/wp-content\/uploads\/2013\/07\/contaminaci\u00f3n-del-aire-1.jpg\" width=\"294\" height=\"171\" \/><\/a><\/p>\n<p>Seg\u00fan el estudio, el n\u00famero de estas muertes que se pueden atribuir a los cambios en el clima desde la era industrial es, sin embargo, relativamente peque\u00f1a. Se estima que un cambio clim\u00e1tico dar\u00eda como resultado 1.500 muertes por ozono y 2.200 fallecimientos relacionados con las part\u00edculas PM2.5 cada a\u00f1o.<\/p>\n<p>El cambio clim\u00e1tico afecta a la contaminaci\u00f3n del aire en muchos sentidos, provocando incrementos o disminuciones locales. Por ejemplo, la temperatura y la humedad pueden cambiar las velocidades de reacci\u00f3n que determinan la formaci\u00f3n o la vida de un contaminante y la lluvia es capaz de fijar el tiempo que los contaminantes pueden acumularse, adem\u00e1s de que las altas temperaturas tambi\u00e9n pueden aumentar las emisiones de compuestos org\u00e1nicos de los \u00e1rboles, que pueden reaccionar en la atm\u00f3sfera para formar ozono y part\u00edculas.<\/p>\n<p><a href=\"https:\/\/seryhumano.com\/web\/?attachment_id=4679\" rel=\"attachment wp-att-4679\"><img loading=\"lazy\" decoding=\"async\" class=\"alignleft size-full wp-image-4679\" alt=\"contaminaci\u00f3n del aire 2\" src=\"https:\/\/seryhumano.com\/web\/wp-content\/uploads\/2013\/07\/contaminaci\u00f3n-del-aire-2.jpg\" width=\"259\" height=\"194\" \/><\/a>\u00abMuy pocos estudios han intentado estimar los efectos de los cambios clim\u00e1ticos del pasado en la calidad del aire y la salud. Encontramos que los efectos de los cambios clim\u00e1ticos del pasado es probable que sean un componente muy peque\u00f1o de los efectos generales de la contaminaci\u00f3n del aire\u00bb, continu\u00f3 West.<\/p>\n<p>En su estudio, los investigadores utilizaron un conjunto de modelos clim\u00e1ticos para simular las concentraciones de ozono y PM2.5 en los a\u00f1os 2000 y 1850, con un total de 14 modelos de simulaci\u00f3n de los niveles de ozono y seis modelos de simulaci\u00f3n de los niveles de PM2.5. Se utilizaron estudios epidemiol\u00f3gicos previos para evaluar c\u00f3mo las concentraciones espec\u00edficas de contaminaci\u00f3n del aire de los modelos clim\u00e1ticos est\u00e1n relacionadas con las tasas de mortalidad globales actuales.<\/p>\n<p>Los resultados de los investigadores fueron comparables a los estudios anteriores que han analizado la contaminaci\u00f3n del aire y la mortalidad, sin embargo, hubo alguna variaci\u00f3n dependiendo del modelo clim\u00e1tico utilizado.<a href=\"https:\/\/seryhumano.com\/web\/?attachment_id=4680\" rel=\"attachment wp-att-4680\"><img loading=\"lazy\" decoding=\"async\" class=\"alignright size-full wp-image-4680\" alt=\"contaminaci\u00f3n del aire 3\" src=\"https:\/\/seryhumano.com\/web\/wp-content\/uploads\/2013\/07\/contaminaci\u00f3n-del-aire-3.jpg\" width=\"256\" height=\"197\" \/><\/a><\/p>\n<p>\u00abTambi\u00e9n hemos encontrado que existe una incertidumbre significativa sobre la base de la difusi\u00f3n de los diferentes modelos atmosf\u00e9ricos\u00bb, concluy\u00f3 este investigador.<\/p>\n<p>seryhumano.com<\/p>\n<p>Fuente: Ecoticias.com<\/p>\n<p>&nbsp;<\/p>\n","protected":false},"excerpt":{"rendered":"<p>M\u00e1s de dos millones de muertes ocurren cada a\u00f1o como consecuencia directa de la contaminaci\u00f3n atmosf\u00e9rica \u00a0causada por los humanos, seg\u00fan concluye un nuevo estudio publicado en &#8216;Environmental Research Letters&#8217;. En concreto, en el an\u00e1lisis se calcula que alrededor de 470.000 personas mueren cada a\u00f1o debido a los aumentos causados por el hombre en la&hellip;<\/p>\n","protected":false},"author":2,"featured_media":4720,"comment_status":"closed","ping_status":"closed","sticky":false,"template":"","format":"standard","meta":{"footnotes":""},"categories":[116],"tags":[111],"class_list":["post-4674","post","type-post","status-publish","format-standard","has-post-thumbnail","hentry","category-ser-ecologico","tag-slider","category-116","description-off"],"yoast_head":"<!-- This site is optimized with the Yoast SEO plugin v25.4 - https:\/\/yoast.com\/wordpress\/plugins\/seo\/ -->\n<title>La contaminaci\u00f3n del aire es perjudicial en todo el mundo &#187; SeryHumano.com<\/title>\n<meta name=\"robots\" content=\"index, follow, max-snippet:-1, max-image-preview:large, max-video-preview:-1\" \/>\n<link rel=\"canonical\" href=\"https:\/\/seryhumano.com\/web\/?p=4674\" \/>\n<meta property=\"og:locale\" content=\"es_ES\" \/>\n<meta property=\"og:type\" content=\"article\" \/>\n<meta property=\"og:title\" content=\"La contaminaci\u00f3n del aire es perjudicial en todo el mundo &#187; SeryHumano.com\" \/>\n<meta property=\"og:description\" content=\"M\u00e1s de dos millones de muertes ocurren cada a\u00f1o como consecuencia directa de la contaminaci\u00f3n atmosf\u00e9rica \u00a0causada por los humanos, seg\u00fan concluye un nuevo estudio publicado en &#8216;Environmental Research Letters&#8217;. En concreto, en el an\u00e1lisis se calcula que alrededor de 470.000 personas mueren cada a\u00f1o debido a los aumentos causados por el hombre en la&hellip;\" \/>\n<meta property=\"og:url\" content=\"https:\/\/seryhumano.com\/web\/?p=4674\" \/>\n<meta property=\"og:site_name\" content=\"SeryHumano.com\" \/>\n<meta property=\"article:publisher\" content=\"https:\/\/www.facebook.com\/seryhumano\/\" \/>\n<meta property=\"article:published_time\" content=\"2013-07-14T18:45:27+00:00\" \/>\n<meta property=\"article:modified_time\" content=\"2013-07-15T13:15:04+00:00\" \/>\n<meta property=\"og:image\" content=\"https:\/\/seryhumano.com\/web\/wp-content\/uploads\/2013\/07\/featureslider_tos.jpg\" \/>\n\t<meta property=\"og:image:width\" content=\"910\" \/>\n\t<meta property=\"og:image:height\" content=\"227\" \/>\n\t<meta property=\"og:image:type\" content=\"image\/jpeg\" \/>\n<meta name=\"author\" content=\"@herrera_yosmar\" \/>\n<meta name=\"twitter:card\" content=\"summary_large_image\" \/>\n<meta name=\"twitter:creator\" content=\"@SeryHumano\" \/>\n<meta name=\"twitter:site\" content=\"@SeryHumano\" \/>\n<meta name=\"twitter:label1\" content=\"Escrito por\" \/>\n\t<meta name=\"twitter:data1\" content=\"@herrera_yosmar\" \/>\n\t<meta name=\"twitter:label2\" content=\"Tiempo de lectura\" \/>\n\t<meta name=\"twitter:data2\" content=\"3 minutos\" \/>\n<script type=\"application\/ld+json\" class=\"yoast-schema-graph\">{\"@context\":\"https:\/\/schema.org\",\"@graph\":[{\"@type\":\"Article\",\"@id\":\"https:\/\/seryhumano.com\/web\/?p=4674#article\",\"isPartOf\":{\"@id\":\"https:\/\/seryhumano.com\/web\/?p=4674\"},\"author\":{\"name\":\"@herrera_yosmar\",\"@id\":\"https:\/\/seryhumano.com\/web\/#\/schema\/person\/fd30e8e0b394a62344b44d9b0fe75795\"},\"headline\":\"La contaminaci\u00f3n del aire es perjudicial en todo el mundo\",\"datePublished\":\"2013-07-14T18:45:27+00:00\",\"dateModified\":\"2013-07-15T13:15:04+00:00\",\"mainEntityOfPage\":{\"@id\":\"https:\/\/seryhumano.com\/web\/?p=4674\"},\"wordCount\":540,\"publisher\":{\"@id\":\"https:\/\/seryhumano.com\/web\/#organization\"},\"image\":{\"@id\":\"https:\/\/seryhumano.com\/web\/?p=4674#primaryimage\"},\"thumbnailUrl\":\"https:\/\/seryhumano.com\/web\/wp-content\/uploads\/2013\/07\/featureslider_tos.jpg\",\"keywords\":[\"Slider\"],\"articleSection\":[\"Ser Ecol\u00f3gico\"],\"inLanguage\":\"es\"},{\"@type\":\"WebPage\",\"@id\":\"https:\/\/seryhumano.com\/web\/?p=4674\",\"url\":\"https:\/\/seryhumano.com\/web\/?p=4674\",\"name\":\"La contaminaci\u00f3n del aire es perjudicial en todo el mundo &#187; SeryHumano.com\",\"isPartOf\":{\"@id\":\"https:\/\/seryhumano.com\/web\/#website\"},\"primaryImageOfPage\":{\"@id\":\"https:\/\/seryhumano.com\/web\/?p=4674#primaryimage\"},\"image\":{\"@id\":\"https:\/\/seryhumano.com\/web\/?p=4674#primaryimage\"},\"thumbnailUrl\":\"https:\/\/seryhumano.com\/web\/wp-content\/uploads\/2013\/07\/featureslider_tos.jpg\",\"datePublished\":\"2013-07-14T18:45:27+00:00\",\"dateModified\":\"2013-07-15T13:15:04+00:00\",\"breadcrumb\":{\"@id\":\"https:\/\/seryhumano.com\/web\/?p=4674#breadcrumb\"},\"inLanguage\":\"es\",\"potentialAction\":[{\"@type\":\"ReadAction\",\"target\":[\"https:\/\/seryhumano.com\/web\/?p=4674\"]}]},{\"@type\":\"ImageObject\",\"inLanguage\":\"es\",\"@id\":\"https:\/\/seryhumano.com\/web\/?p=4674#primaryimage\",\"url\":\"https:\/\/seryhumano.com\/web\/wp-content\/uploads\/2013\/07\/featureslider_tos.jpg\",\"contentUrl\":\"https:\/\/seryhumano.com\/web\/wp-content\/uploads\/2013\/07\/featureslider_tos.jpg\",\"width\":910,\"height\":227},{\"@type\":\"BreadcrumbList\",\"@id\":\"https:\/\/seryhumano.com\/web\/?p=4674#breadcrumb\",\"itemListElement\":[{\"@type\":\"ListItem\",\"position\":1,\"name\":\"Portada\",\"item\":\"https:\/\/seryhumano.com\/web\/\"},{\"@type\":\"ListItem\",\"position\":2,\"name\":\"La contaminaci\u00f3n del aire es perjudicial en todo el mundo\"}]},{\"@type\":\"WebSite\",\"@id\":\"https:\/\/seryhumano.com\/web\/#website\",\"url\":\"https:\/\/seryhumano.com\/web\/\",\"name\":\"SeryHumano.com\",\"description\":\"Revista digital muy humana, donde lo mas importante es el Ser...\",\"publisher\":{\"@id\":\"https:\/\/seryhumano.com\/web\/#organization\"},\"potentialAction\":[{\"@type\":\"SearchAction\",\"target\":{\"@type\":\"EntryPoint\",\"urlTemplate\":\"https:\/\/seryhumano.com\/web\/?s={search_term_string}\"},\"query-input\":{\"@type\":\"PropertyValueSpecification\",\"valueRequired\":true,\"valueName\":\"search_term_string\"}}],\"inLanguage\":\"es\"},{\"@type\":\"Organization\",\"@id\":\"https:\/\/seryhumano.com\/web\/#organization\",\"name\":\"SeryHumano.com\",\"url\":\"https:\/\/seryhumano.com\/web\/\",\"logo\":{\"@type\":\"ImageObject\",\"inLanguage\":\"es\",\"@id\":\"https:\/\/seryhumano.com\/web\/#\/schema\/logo\/image\/\",\"url\":\"https:\/\/seryhumano.com\/web\/wp-content\/uploads\/2020\/02\/JNe5VRwH_400x400-2.jpg\",\"contentUrl\":\"https:\/\/seryhumano.com\/web\/wp-content\/uploads\/2020\/02\/JNe5VRwH_400x400-2.jpg\",\"width\":400,\"height\":400,\"caption\":\"SeryHumano.com\"},\"image\":{\"@id\":\"https:\/\/seryhumano.com\/web\/#\/schema\/logo\/image\/\"},\"sameAs\":[\"https:\/\/www.facebook.com\/seryhumano\/\",\"https:\/\/x.com\/SeryHumano\",\"https:\/\/www.instagram.com\/seryhumano\/\",\"https:\/\/www.linkedin.com\/company\/seryhumano-com\/\",\"https:\/\/www.youtube.com\/channel\/UCYfgIGSxygVnJAW0e9ZBZWg\"]},{\"@type\":\"Person\",\"@id\":\"https:\/\/seryhumano.com\/web\/#\/schema\/person\/fd30e8e0b394a62344b44d9b0fe75795\",\"name\":\"@herrera_yosmar\",\"description\":\"Eterna enamorada de la vida, comunicadora, mam\u00e1 de tres\",\"sameAs\":[\"http:\/\/seryhumano.com\"],\"url\":\"https:\/\/seryhumano.com\/web\/?author=2\"}]}<\/script>\n<!-- \/ Yoast SEO plugin. -->","yoast_head_json":{"title":"La contaminaci\u00f3n del aire es perjudicial en todo el mundo &#187; SeryHumano.com","robots":{"index":"index","follow":"follow","max-snippet":"max-snippet:-1","max-image-preview":"max-image-preview:large","max-video-preview":"max-video-preview:-1"},"canonical":"https:\/\/seryhumano.com\/web\/?p=4674","og_locale":"es_ES","og_type":"article","og_title":"La contaminaci\u00f3n del aire es perjudicial en todo el mundo &#187; SeryHumano.com","og_description":"M\u00e1s de dos millones de muertes ocurren cada a\u00f1o como consecuencia directa de la contaminaci\u00f3n atmosf\u00e9rica \u00a0causada por los humanos, seg\u00fan concluye un nuevo estudio publicado en &#8216;Environmental Research Letters&#8217;. En concreto, en el an\u00e1lisis se calcula que alrededor de 470.000 personas mueren cada a\u00f1o debido a los aumentos causados por el hombre en la&hellip;","og_url":"https:\/\/seryhumano.com\/web\/?p=4674","og_site_name":"SeryHumano.com","article_publisher":"https:\/\/www.facebook.com\/seryhumano\/","article_published_time":"2013-07-14T18:45:27+00:00","article_modified_time":"2013-07-15T13:15:04+00:00","og_image":[{"width":910,"height":227,"url":"https:\/\/seryhumano.com\/web\/wp-content\/uploads\/2013\/07\/featureslider_tos.jpg","type":"image\/jpeg"}],"author":"@herrera_yosmar","twitter_card":"summary_large_image","twitter_creator":"@SeryHumano","twitter_site":"@SeryHumano","twitter_misc":{"Escrito por":"@herrera_yosmar","Tiempo de lectura":"3 minutos"},"schema":{"@context":"https:\/\/schema.org","@graph":[{"@type":"Article","@id":"https:\/\/seryhumano.com\/web\/?p=4674#article","isPartOf":{"@id":"https:\/\/seryhumano.com\/web\/?p=4674"},"author":{"name":"@herrera_yosmar","@id":"https:\/\/seryhumano.com\/web\/#\/schema\/person\/fd30e8e0b394a62344b44d9b0fe75795"},"headline":"La contaminaci\u00f3n del aire es perjudicial en todo el mundo","datePublished":"2013-07-14T18:45:27+00:00","dateModified":"2013-07-15T13:15:04+00:00","mainEntityOfPage":{"@id":"https:\/\/seryhumano.com\/web\/?p=4674"},"wordCount":540,"publisher":{"@id":"https:\/\/seryhumano.com\/web\/#organization"},"image":{"@id":"https:\/\/seryhumano.com\/web\/?p=4674#primaryimage"},"thumbnailUrl":"https:\/\/seryhumano.com\/web\/wp-content\/uploads\/2013\/07\/featureslider_tos.jpg","keywords":["Slider"],"articleSection":["Ser Ecol\u00f3gico"],"inLanguage":"es"},{"@type":"WebPage","@id":"https:\/\/seryhumano.com\/web\/?p=4674","url":"https:\/\/seryhumano.com\/web\/?p=4674","name":"La contaminaci\u00f3n del aire es perjudicial en todo el mundo &#187; SeryHumano.com","isPartOf":{"@id":"https:\/\/seryhumano.com\/web\/#website"},"primaryImageOfPage":{"@id":"https:\/\/seryhumano.com\/web\/?p=4674#primaryimage"},"image":{"@id":"https:\/\/seryhumano.com\/web\/?p=4674#primaryimage"},"thumbnailUrl":"https:\/\/seryhumano.com\/web\/wp-content\/uploads\/2013\/07\/featureslider_tos.jpg","datePublished":"2013-07-14T18:45:27+00:00","dateModified":"2013-07-15T13:15:04+00:00","breadcrumb":{"@id":"https:\/\/seryhumano.com\/web\/?p=4674#breadcrumb"},"inLanguage":"es","potentialAction":[{"@type":"ReadAction","target":["https:\/\/seryhumano.com\/web\/?p=4674"]}]},{"@type":"ImageObject","inLanguage":"es","@id":"https:\/\/seryhumano.com\/web\/?p=4674#primaryimage","url":"https:\/\/seryhumano.com\/web\/wp-content\/uploads\/2013\/07\/featureslider_tos.jpg","contentUrl":"https:\/\/seryhumano.com\/web\/wp-content\/uploads\/2013\/07\/featureslider_tos.jpg","width":910,"height":227},{"@type":"BreadcrumbList","@id":"https:\/\/seryhumano.com\/web\/?p=4674#breadcrumb","itemListElement":[{"@type":"ListItem","position":1,"name":"Portada","item":"https:\/\/seryhumano.com\/web\/"},{"@type":"ListItem","position":2,"name":"La contaminaci\u00f3n del aire es perjudicial en todo el mundo"}]},{"@type":"WebSite","@id":"https:\/\/seryhumano.com\/web\/#website","url":"https:\/\/seryhumano.com\/web\/","name":"SeryHumano.com","description":"Revista digital muy humana, donde lo mas importante es el Ser...","publisher":{"@id":"https:\/\/seryhumano.com\/web\/#organization"},"potentialAction":[{"@type":"SearchAction","target":{"@type":"EntryPoint","urlTemplate":"https:\/\/seryhumano.com\/web\/?s={search_term_string}"},"query-input":{"@type":"PropertyValueSpecification","valueRequired":true,"valueName":"search_term_string"}}],"inLanguage":"es"},{"@type":"Organization","@id":"https:\/\/seryhumano.com\/web\/#organization","name":"SeryHumano.com","url":"https:\/\/seryhumano.com\/web\/","logo":{"@type":"ImageObject","inLanguage":"es","@id":"https:\/\/seryhumano.com\/web\/#\/schema\/logo\/image\/","url":"https:\/\/seryhumano.com\/web\/wp-content\/uploads\/2020\/02\/JNe5VRwH_400x400-2.jpg","contentUrl":"https:\/\/seryhumano.com\/web\/wp-content\/uploads\/2020\/02\/JNe5VRwH_400x400-2.jpg","width":400,"height":400,"caption":"SeryHumano.com"},"image":{"@id":"https:\/\/seryhumano.com\/web\/#\/schema\/logo\/image\/"},"sameAs":["https:\/\/www.facebook.com\/seryhumano\/","https:\/\/x.com\/SeryHumano","https:\/\/www.instagram.com\/seryhumano\/","https:\/\/www.linkedin.com\/company\/seryhumano-com\/","https:\/\/www.youtube.com\/channel\/UCYfgIGSxygVnJAW0e9ZBZWg"]},{"@type":"Person","@id":"https:\/\/seryhumano.com\/web\/#\/schema\/person\/fd30e8e0b394a62344b44d9b0fe75795","name":"@herrera_yosmar","description":"Eterna enamorada de la vida, comunicadora, mam\u00e1 de tres","sameAs":["http:\/\/seryhumano.com"],"url":"https:\/\/seryhumano.com\/web\/?author=2"}]}},"_links":{"self":[{"href":"https:\/\/seryhumano.com\/web\/index.php?rest_route=\/wp\/v2\/posts\/4674","targetHints":{"allow":["GET"]}}],"collection":[{"href":"https:\/\/seryhumano.com\/web\/index.php?rest_route=\/wp\/v2\/posts"}],"about":[{"href":"https:\/\/seryhumano.com\/web\/index.php?rest_route=\/wp\/v2\/types\/post"}],"author":[{"embeddable":true,"href":"https:\/\/seryhumano.com\/web\/index.php?rest_route=\/wp\/v2\/users\/2"}],"replies":[{"embeddable":true,"href":"https:\/\/seryhumano.com\/web\/index.php?rest_route=%2Fwp%2Fv2%2Fcomments&post=4674"}],"version-history":[{"count":0,"href":"https:\/\/seryhumano.com\/web\/index.php?rest_route=\/wp\/v2\/posts\/4674\/revisions"}],"wp:featuredmedia":[{"embeddable":true,"href":"https:\/\/seryhumano.com\/web\/index.php?rest_route=\/wp\/v2\/media\/4720"}],"wp:attachment":[{"href":"https:\/\/seryhumano.com\/web\/index.php?rest_route=%2Fwp%2Fv2%2Fmedia&parent=4674"}],"wp:term":[{"taxonomy":"category","embeddable":true,"href":"https:\/\/seryhumano.com\/web\/index.php?rest_route=%2Fwp%2Fv2%2Fcategories&post=4674"},{"taxonomy":"post_tag","embeddable":true,"href":"https:\/\/seryhumano.com\/web\/index.php?rest_route=%2Fwp%2Fv2%2Ftags&post=4674"}],"curies":[{"name":"wp","href":"https:\/\/api.w.org\/{rel}","templated":true}]}}