{"id":4807,"date":"2013-07-18T12:58:23","date_gmt":"2013-07-18T17:28:23","guid":{"rendered":"https:\/\/seryhumano.com\/web\/?p=4807"},"modified":"2013-07-18T13:37:41","modified_gmt":"2013-07-18T18:07:41","slug":"gabriela-vergara-conversa-con-ismael-cala","status":"publish","type":"post","link":"https:\/\/seryhumano.com\/web\/?p=4807","title":{"rendered":"Gabriela Vergara conversa con Ismael Cala"},"content":{"rendered":"<p><i><a href=\"https:\/\/seryhumano.com\/web\/?attachment_id=4808\" rel=\"attachment wp-att-4808\"><img loading=\"lazy\" decoding=\"async\" class=\"alignleft size-medium wp-image-4808\" alt=\"2 (1)\" src=\"https:\/\/seryhumano.com\/web\/wp-content\/uploads\/2013\/07\/2-1-192x300.jpg\" width=\"192\" height=\"300\" srcset=\"https:\/\/seryhumano.com\/web\/wp-content\/uploads\/2013\/07\/2-1-192x300.jpg 192w, https:\/\/seryhumano.com\/web\/wp-content\/uploads\/2013\/07\/2-1.jpg 616w\" sizes=\"auto, (max-width: 192px) 100vw, 192px\" \/><\/a>Cala<\/i>, un espacio \u00edntimo con el periodista Ismael Cala, que se transmite de lunes a viernes a las 8:30 p.m, presenta este viernes 19 de julio \u00a0a \u00a0<b><i>Gabriela Vergara<\/i><\/b>, la bella actriz venezolana, quien \u00a0hablar\u00e1 sobre su rol de madre, los \u00e9xitos en las telenovelas en su pa\u00eds y en Latinoam\u00e9rica, y contar\u00e1 su m\u00e1s reciente proyecto creado exclusivamente para la Web.<a href=\"https:\/\/seryhumano.com\/web\/?attachment_id=4809\" rel=\"attachment wp-att-4809\"><img loading=\"lazy\" decoding=\"async\" class=\"alignright size-full wp-image-4809\" alt=\"Gabriela Vergara\" src=\"https:\/\/seryhumano.com\/web\/wp-content\/uploads\/2013\/07\/Gabriela-Vergara.jpg\" width=\"194\" height=\"259\" \/><\/a><\/p>\n<p>Antes, durante la primera parte de ese programa, hablar\u00e1 con\u00a0 <b><i>Juan Rivera<\/i><\/b>, cantante regional mexicano y hermano menor de la desaparecida Jenni Rivera,\u00a0 quien llegar\u00e1 a Cala para presentar su m\u00e1s reciente producci\u00f3n discogr\u00e1fica, \u201cOveja Negra\u201d. Adem\u00e1s hablar\u00e1 sobre su controversial y exitosa carrera, y tambi\u00e9n revelar\u00e1 c\u00f3mo ha cambiado su vida y la de su familia despu\u00e9s de la muerte de su hermana.<\/p>\n<p><i>Cala<\/i>, este viernes 19 de julio, a las 8:30 p.m, por CNN en Espa\u00f1ol.<\/p>\n<p>seryhumano.com<\/p>\n<p>&nbsp;<\/p>\n<p>&nbsp;<\/p>\n","protected":false},"excerpt":{"rendered":"<p>Cala, un espacio \u00edntimo con el periodista Ismael Cala, que se transmite de lunes a viernes a las 8:30 p.m, presenta este viernes 19 de julio \u00a0a \u00a0Gabriela Vergara, la bella actriz venezolana, quien \u00a0hablar\u00e1 sobre su rol de madre, los \u00e9xitos en las telenovelas en su pa\u00eds y en Latinoam\u00e9rica, y contar\u00e1 su m\u00e1s&hellip;<\/p>\n","protected":false},"author":2,"featured_media":4815,"comment_status":"closed","ping_status":"closed","sticky":false,"template":"","format":"standard","meta":{"footnotes":""},"categories":[110,127],"tags":[111],"class_list":["post-4807","post","type-post","status-publish","format-standard","has-post-thumbnail","hentry","category-noticias","category-corporativo","tag-slider","category-110","category-127","description-off"],"yoast_head":"<!-- This site is optimized with the Yoast SEO plugin v25.4 - https:\/\/yoast.com\/wordpress\/plugins\/seo\/ -->\n<title>Gabriela Vergara conversa con Ismael Cala  &#187; SeryHumano.com<\/title>\n<meta name=\"robots\" content=\"index, follow, max-snippet:-1, max-image-preview:large, max-video-preview:-1\" \/>\n<link rel=\"canonical\" href=\"https:\/\/seryhumano.com\/web\/?p=4807\" \/>\n<meta property=\"og:locale\" content=\"es_ES\" \/>\n<meta property=\"og:type\" content=\"article\" \/>\n<meta property=\"og:title\" content=\"Gabriela Vergara conversa con Ismael Cala  &#187; SeryHumano.com\" \/>\n<meta property=\"og:description\" content=\"Cala, un espacio \u00edntimo con el periodista Ismael Cala, que se transmite de lunes a viernes a las 8:30 p.m, presenta este viernes 19 de julio \u00a0a \u00a0Gabriela Vergara, la bella actriz venezolana, quien \u00a0hablar\u00e1 sobre su rol de madre, los \u00e9xitos en las telenovelas en su pa\u00eds y en Latinoam\u00e9rica, y contar\u00e1 su m\u00e1s&hellip;\" \/>\n<meta property=\"og:url\" content=\"https:\/\/seryhumano.com\/web\/?p=4807\" \/>\n<meta property=\"og:site_name\" content=\"SeryHumano.com\" \/>\n<meta property=\"article:publisher\" content=\"https:\/\/www.facebook.com\/seryhumano\/\" \/>\n<meta property=\"article:published_time\" content=\"2013-07-18T17:28:23+00:00\" \/>\n<meta property=\"article:modified_time\" content=\"2013-07-18T18:07:41+00:00\" \/>\n<meta property=\"og:image\" content=\"https:\/\/seryhumano.com\/web\/wp-content\/uploads\/2013\/07\/featureslider_gabi.jpg\" \/>\n\t<meta property=\"og:image:width\" content=\"910\" \/>\n\t<meta property=\"og:image:height\" content=\"227\" \/>\n\t<meta property=\"og:image:type\" content=\"image\/jpeg\" \/>\n<meta name=\"author\" content=\"@herrera_yosmar\" \/>\n<meta name=\"twitter:card\" content=\"summary_large_image\" \/>\n<meta name=\"twitter:creator\" content=\"@SeryHumano\" \/>\n<meta name=\"twitter:site\" content=\"@SeryHumano\" \/>\n<meta name=\"twitter:label1\" content=\"Escrito por\" \/>\n\t<meta name=\"twitter:data1\" content=\"@herrera_yosmar\" \/>\n\t<meta name=\"twitter:label2\" content=\"Tiempo de lectura\" \/>\n\t<meta name=\"twitter:data2\" content=\"1 minuto\" \/>\n<script type=\"application\/ld+json\" class=\"yoast-schema-graph\">{\"@context\":\"https:\/\/schema.org\",\"@graph\":[{\"@type\":\"Article\",\"@id\":\"https:\/\/seryhumano.com\/web\/?p=4807#article\",\"isPartOf\":{\"@id\":\"https:\/\/seryhumano.com\/web\/?p=4807\"},\"author\":{\"name\":\"@herrera_yosmar\",\"@id\":\"https:\/\/seryhumano.com\/web\/#\/schema\/person\/fd30e8e0b394a62344b44d9b0fe75795\"},\"headline\":\"Gabriela Vergara conversa con Ismael Cala\",\"datePublished\":\"2013-07-18T17:28:23+00:00\",\"dateModified\":\"2013-07-18T18:07:41+00:00\",\"mainEntityOfPage\":{\"@id\":\"https:\/\/seryhumano.com\/web\/?p=4807\"},\"wordCount\":159,\"publisher\":{\"@id\":\"https:\/\/seryhumano.com\/web\/#organization\"},\"image\":{\"@id\":\"https:\/\/seryhumano.com\/web\/?p=4807#primaryimage\"},\"thumbnailUrl\":\"https:\/\/seryhumano.com\/web\/wp-content\/uploads\/2013\/07\/featureslider_gabi.jpg\",\"keywords\":[\"Slider\"],\"articleSection\":[\"Noticias\",\"Ser Corporativo\"],\"inLanguage\":\"es\"},{\"@type\":\"WebPage\",\"@id\":\"https:\/\/seryhumano.com\/web\/?p=4807\",\"url\":\"https:\/\/seryhumano.com\/web\/?p=4807\",\"name\":\"Gabriela Vergara conversa con Ismael Cala &#187; SeryHumano.com\",\"isPartOf\":{\"@id\":\"https:\/\/seryhumano.com\/web\/#website\"},\"primaryImageOfPage\":{\"@id\":\"https:\/\/seryhumano.com\/web\/?p=4807#primaryimage\"},\"image\":{\"@id\":\"https:\/\/seryhumano.com\/web\/?p=4807#primaryimage\"},\"thumbnailUrl\":\"https:\/\/seryhumano.com\/web\/wp-content\/uploads\/2013\/07\/featureslider_gabi.jpg\",\"datePublished\":\"2013-07-18T17:28:23+00:00\",\"dateModified\":\"2013-07-18T18:07:41+00:00\",\"breadcrumb\":{\"@id\":\"https:\/\/seryhumano.com\/web\/?p=4807#breadcrumb\"},\"inLanguage\":\"es\",\"potentialAction\":[{\"@type\":\"ReadAction\",\"target\":[\"https:\/\/seryhumano.com\/web\/?p=4807\"]}]},{\"@type\":\"ImageObject\",\"inLanguage\":\"es\",\"@id\":\"https:\/\/seryhumano.com\/web\/?p=4807#primaryimage\",\"url\":\"https:\/\/seryhumano.com\/web\/wp-content\/uploads\/2013\/07\/featureslider_gabi.jpg\",\"contentUrl\":\"https:\/\/seryhumano.com\/web\/wp-content\/uploads\/2013\/07\/featureslider_gabi.jpg\",\"width\":910,\"height\":227},{\"@type\":\"BreadcrumbList\",\"@id\":\"https:\/\/seryhumano.com\/web\/?p=4807#breadcrumb\",\"itemListElement\":[{\"@type\":\"ListItem\",\"position\":1,\"name\":\"Portada\",\"item\":\"https:\/\/seryhumano.com\/web\/\"},{\"@type\":\"ListItem\",\"position\":2,\"name\":\"Gabriela Vergara conversa con Ismael Cala\"}]},{\"@type\":\"WebSite\",\"@id\":\"https:\/\/seryhumano.com\/web\/#website\",\"url\":\"https:\/\/seryhumano.com\/web\/\",\"name\":\"SeryHumano.com\",\"description\":\"Revista digital muy humana, donde lo mas importante es el Ser...\",\"publisher\":{\"@id\":\"https:\/\/seryhumano.com\/web\/#organization\"},\"potentialAction\":[{\"@type\":\"SearchAction\",\"target\":{\"@type\":\"EntryPoint\",\"urlTemplate\":\"https:\/\/seryhumano.com\/web\/?s={search_term_string}\"},\"query-input\":{\"@type\":\"PropertyValueSpecification\",\"valueRequired\":true,\"valueName\":\"search_term_string\"}}],\"inLanguage\":\"es\"},{\"@type\":\"Organization\",\"@id\":\"https:\/\/seryhumano.com\/web\/#organization\",\"name\":\"SeryHumano.com\",\"url\":\"https:\/\/seryhumano.com\/web\/\",\"logo\":{\"@type\":\"ImageObject\",\"inLanguage\":\"es\",\"@id\":\"https:\/\/seryhumano.com\/web\/#\/schema\/logo\/image\/\",\"url\":\"https:\/\/seryhumano.com\/web\/wp-content\/uploads\/2020\/02\/JNe5VRwH_400x400-2.jpg\",\"contentUrl\":\"https:\/\/seryhumano.com\/web\/wp-content\/uploads\/2020\/02\/JNe5VRwH_400x400-2.jpg\",\"width\":400,\"height\":400,\"caption\":\"SeryHumano.com\"},\"image\":{\"@id\":\"https:\/\/seryhumano.com\/web\/#\/schema\/logo\/image\/\"},\"sameAs\":[\"https:\/\/www.facebook.com\/seryhumano\/\",\"https:\/\/x.com\/SeryHumano\",\"https:\/\/www.instagram.com\/seryhumano\/\",\"https:\/\/www.linkedin.com\/company\/seryhumano-com\/\",\"https:\/\/www.youtube.com\/channel\/UCYfgIGSxygVnJAW0e9ZBZWg\"]},{\"@type\":\"Person\",\"@id\":\"https:\/\/seryhumano.com\/web\/#\/schema\/person\/fd30e8e0b394a62344b44d9b0fe75795\",\"name\":\"@herrera_yosmar\",\"description\":\"Eterna enamorada de la vida, comunicadora, mam\u00e1 de tres\",\"sameAs\":[\"http:\/\/seryhumano.com\"],\"url\":\"https:\/\/seryhumano.com\/web\/?author=2\"}]}<\/script>\n<!-- \/ Yoast SEO plugin. -->","yoast_head_json":{"title":"Gabriela Vergara conversa con Ismael Cala  &#187; SeryHumano.com","robots":{"index":"index","follow":"follow","max-snippet":"max-snippet:-1","max-image-preview":"max-image-preview:large","max-video-preview":"max-video-preview:-1"},"canonical":"https:\/\/seryhumano.com\/web\/?p=4807","og_locale":"es_ES","og_type":"article","og_title":"Gabriela Vergara conversa con Ismael Cala  &#187; SeryHumano.com","og_description":"Cala, un espacio \u00edntimo con el periodista Ismael Cala, que se transmite de lunes a viernes a las 8:30 p.m, presenta este viernes 19 de julio \u00a0a \u00a0Gabriela Vergara, la bella actriz venezolana, quien \u00a0hablar\u00e1 sobre su rol de madre, los \u00e9xitos en las telenovelas en su pa\u00eds y en Latinoam\u00e9rica, y contar\u00e1 su m\u00e1s&hellip;","og_url":"https:\/\/seryhumano.com\/web\/?p=4807","og_site_name":"SeryHumano.com","article_publisher":"https:\/\/www.facebook.com\/seryhumano\/","article_published_time":"2013-07-18T17:28:23+00:00","article_modified_time":"2013-07-18T18:07:41+00:00","og_image":[{"width":910,"height":227,"url":"https:\/\/seryhumano.com\/web\/wp-content\/uploads\/2013\/07\/featureslider_gabi.jpg","type":"image\/jpeg"}],"author":"@herrera_yosmar","twitter_card":"summary_large_image","twitter_creator":"@SeryHumano","twitter_site":"@SeryHumano","twitter_misc":{"Escrito por":"@herrera_yosmar","Tiempo de lectura":"1 minuto"},"schema":{"@context":"https:\/\/schema.org","@graph":[{"@type":"Article","@id":"https:\/\/seryhumano.com\/web\/?p=4807#article","isPartOf":{"@id":"https:\/\/seryhumano.com\/web\/?p=4807"},"author":{"name":"@herrera_yosmar","@id":"https:\/\/seryhumano.com\/web\/#\/schema\/person\/fd30e8e0b394a62344b44d9b0fe75795"},"headline":"Gabriela Vergara conversa con Ismael Cala","datePublished":"2013-07-18T17:28:23+00:00","dateModified":"2013-07-18T18:07:41+00:00","mainEntityOfPage":{"@id":"https:\/\/seryhumano.com\/web\/?p=4807"},"wordCount":159,"publisher":{"@id":"https:\/\/seryhumano.com\/web\/#organization"},"image":{"@id":"https:\/\/seryhumano.com\/web\/?p=4807#primaryimage"},"thumbnailUrl":"https:\/\/seryhumano.com\/web\/wp-content\/uploads\/2013\/07\/featureslider_gabi.jpg","keywords":["Slider"],"articleSection":["Noticias","Ser Corporativo"],"inLanguage":"es"},{"@type":"WebPage","@id":"https:\/\/seryhumano.com\/web\/?p=4807","url":"https:\/\/seryhumano.com\/web\/?p=4807","name":"Gabriela Vergara conversa con Ismael Cala &#187; SeryHumano.com","isPartOf":{"@id":"https:\/\/seryhumano.com\/web\/#website"},"primaryImageOfPage":{"@id":"https:\/\/seryhumano.com\/web\/?p=4807#primaryimage"},"image":{"@id":"https:\/\/seryhumano.com\/web\/?p=4807#primaryimage"},"thumbnailUrl":"https:\/\/seryhumano.com\/web\/wp-content\/uploads\/2013\/07\/featureslider_gabi.jpg","datePublished":"2013-07-18T17:28:23+00:00","dateModified":"2013-07-18T18:07:41+00:00","breadcrumb":{"@id":"https:\/\/seryhumano.com\/web\/?p=4807#breadcrumb"},"inLanguage":"es","potentialAction":[{"@type":"ReadAction","target":["https:\/\/seryhumano.com\/web\/?p=4807"]}]},{"@type":"ImageObject","inLanguage":"es","@id":"https:\/\/seryhumano.com\/web\/?p=4807#primaryimage","url":"https:\/\/seryhumano.com\/web\/wp-content\/uploads\/2013\/07\/featureslider_gabi.jpg","contentUrl":"https:\/\/seryhumano.com\/web\/wp-content\/uploads\/2013\/07\/featureslider_gabi.jpg","width":910,"height":227},{"@type":"BreadcrumbList","@id":"https:\/\/seryhumano.com\/web\/?p=4807#breadcrumb","itemListElement":[{"@type":"ListItem","position":1,"name":"Portada","item":"https:\/\/seryhumano.com\/web\/"},{"@type":"ListItem","position":2,"name":"Gabriela Vergara conversa con Ismael Cala"}]},{"@type":"WebSite","@id":"https:\/\/seryhumano.com\/web\/#website","url":"https:\/\/seryhumano.com\/web\/","name":"SeryHumano.com","description":"Revista digital muy humana, donde lo mas importante es el Ser...","publisher":{"@id":"https:\/\/seryhumano.com\/web\/#organization"},"potentialAction":[{"@type":"SearchAction","target":{"@type":"EntryPoint","urlTemplate":"https:\/\/seryhumano.com\/web\/?s={search_term_string}"},"query-input":{"@type":"PropertyValueSpecification","valueRequired":true,"valueName":"search_term_string"}}],"inLanguage":"es"},{"@type":"Organization","@id":"https:\/\/seryhumano.com\/web\/#organization","name":"SeryHumano.com","url":"https:\/\/seryhumano.com\/web\/","logo":{"@type":"ImageObject","inLanguage":"es","@id":"https:\/\/seryhumano.com\/web\/#\/schema\/logo\/image\/","url":"https:\/\/seryhumano.com\/web\/wp-content\/uploads\/2020\/02\/JNe5VRwH_400x400-2.jpg","contentUrl":"https:\/\/seryhumano.com\/web\/wp-content\/uploads\/2020\/02\/JNe5VRwH_400x400-2.jpg","width":400,"height":400,"caption":"SeryHumano.com"},"image":{"@id":"https:\/\/seryhumano.com\/web\/#\/schema\/logo\/image\/"},"sameAs":["https:\/\/www.facebook.com\/seryhumano\/","https:\/\/x.com\/SeryHumano","https:\/\/www.instagram.com\/seryhumano\/","https:\/\/www.linkedin.com\/company\/seryhumano-com\/","https:\/\/www.youtube.com\/channel\/UCYfgIGSxygVnJAW0e9ZBZWg"]},{"@type":"Person","@id":"https:\/\/seryhumano.com\/web\/#\/schema\/person\/fd30e8e0b394a62344b44d9b0fe75795","name":"@herrera_yosmar","description":"Eterna enamorada de la vida, comunicadora, mam\u00e1 de tres","sameAs":["http:\/\/seryhumano.com"],"url":"https:\/\/seryhumano.com\/web\/?author=2"}]}},"_links":{"self":[{"href":"https:\/\/seryhumano.com\/web\/index.php?rest_route=\/wp\/v2\/posts\/4807","targetHints":{"allow":["GET"]}}],"collection":[{"href":"https:\/\/seryhumano.com\/web\/index.php?rest_route=\/wp\/v2\/posts"}],"about":[{"href":"https:\/\/seryhumano.com\/web\/index.php?rest_route=\/wp\/v2\/types\/post"}],"author":[{"embeddable":true,"href":"https:\/\/seryhumano.com\/web\/index.php?rest_route=\/wp\/v2\/users\/2"}],"replies":[{"embeddable":true,"href":"https:\/\/seryhumano.com\/web\/index.php?rest_route=%2Fwp%2Fv2%2Fcomments&post=4807"}],"version-history":[{"count":0,"href":"https:\/\/seryhumano.com\/web\/index.php?rest_route=\/wp\/v2\/posts\/4807\/revisions"}],"wp:featuredmedia":[{"embeddable":true,"href":"https:\/\/seryhumano.com\/web\/index.php?rest_route=\/wp\/v2\/media\/4815"}],"wp:attachment":[{"href":"https:\/\/seryhumano.com\/web\/index.php?rest_route=%2Fwp%2Fv2%2Fmedia&parent=4807"}],"wp:term":[{"taxonomy":"category","embeddable":true,"href":"https:\/\/seryhumano.com\/web\/index.php?rest_route=%2Fwp%2Fv2%2Fcategories&post=4807"},{"taxonomy":"post_tag","embeddable":true,"href":"https:\/\/seryhumano.com\/web\/index.php?rest_route=%2Fwp%2Fv2%2Ftags&post=4807"}],"curies":[{"name":"wp","href":"https:\/\/api.w.org\/{rel}","templated":true}]}}