{"id":4925,"date":"2013-07-21T11:14:37","date_gmt":"2013-07-21T15:44:37","guid":{"rendered":"https:\/\/seryhumano.com\/web\/?p=4925"},"modified":"2013-07-21T14:50:37","modified_gmt":"2013-07-21T19:20:37","slug":"personalidades-venezolanas-seran-entrevistadas-por-ismael-cala","status":"publish","type":"post","link":"https:\/\/seryhumano.com\/web\/?p=4925","title":{"rendered":"Personalidades venezolanas ser\u00e1n entrevistadas por Ismael Cala"},"content":{"rendered":"<p><a href=\"https:\/\/seryhumano.com\/web\/?attachment_id=4926\" rel=\"attachment wp-att-4926\"><img loading=\"lazy\" decoding=\"async\" class=\"alignleft size-medium wp-image-4926\" alt=\"Cala\" src=\"https:\/\/seryhumano.com\/web\/wp-content\/uploads\/2013\/07\/Cala-300x224.jpg\" width=\"300\" height=\"224\" srcset=\"https:\/\/seryhumano.com\/web\/wp-content\/uploads\/2013\/07\/Cala-300x224.jpg 300w, https:\/\/seryhumano.com\/web\/wp-content\/uploads\/2013\/07\/Cala.jpg 600w\" sizes=\"auto, (max-width: 300px) 100vw, 300px\" \/><\/a>Del 22 al 26 de julio, CNN en Espa\u00f1ol presenta el segundo ciclo de la serie de diez programas especiales de <i>Cala<\/i>, realizados en Caracas con intelectuales, pol\u00edticos, deportistas, periodistas, actores y otras personalidades relevantes del acontecer actual venezolano.<\/p>\n<p><b>Lunes 22 Julio: <\/b>Ismael Cala presenta una entrevista desde Caracas con dos invitados muy especiales que se destacan por su creatividad y talento. El primero es el escritor y guionista de televisi\u00f3n, <b>Ibsen Mart\u00ednez<\/b>, quien est\u00e1 presentando su \u00faltimo libro \u201cSimpat\u00eda por King Kong\u201d. Durante la segunda parte del programa llega el destacado ex beisbolista, <b>David Concepci\u00f3n<\/b>, una leyenda de este deporte que se destac\u00f3 como campo corto para los Rojos de Cincinnati, cosechando cinco guantes de oro, dos t\u00edtulos de serie mundial, dos bates de plata y diversos records en sus 19 temporadas.<a href=\"https:\/\/seryhumano.com\/web\/?attachment_id=4927\" rel=\"attachment wp-att-4927\"><img loading=\"lazy\" decoding=\"async\" class=\"alignright size-medium wp-image-4927\" alt=\"cala 1\" src=\"https:\/\/seryhumano.com\/web\/wp-content\/uploads\/2013\/07\/cala-1-300x200.jpg\" width=\"300\" height=\"200\" srcset=\"https:\/\/seryhumano.com\/web\/wp-content\/uploads\/2013\/07\/cala-1-300x200.jpg 300w, https:\/\/seryhumano.com\/web\/wp-content\/uploads\/2013\/07\/cala-1.jpg 741w\" sizes=\"auto, (max-width: 300px) 100vw, 300px\" \/><\/a><\/p>\n<p><b>Martes 23 Julio: <\/b>Llegan a Cala dos figuras venezolanas que sobresalen por su entrega, pasi\u00f3n y excelencia. La primera es la ex reina de belleza, actriz y animadora de televisi\u00f3n, <b>Viviana Gibelli<\/b>, a la que todos recuerdan por su programa de medianoche y por la Guerra de los Sexos. Gibelli tambi\u00e9n pas\u00f3 por el mundo de la canci\u00f3n, lanzando con \u00e9xito un CD que llevaba su nombre. Ahora estar\u00e1 conduciendo el reality de Miss Venezuela, con una duraci\u00f3n de tres meses. Durante la segunda parte del programa, el escritor, guionista y locutor, <b>C\u00e9sar Miguel Rond\u00f3n<\/b>, acompa\u00f1ar\u00e1 a Cala para contarle sobre su <i>Libro de la Salsa<\/i>, las doce telenovelas que ha escrito y sus m\u00e1s de dos decenas de series y largometrajes.<a href=\"https:\/\/seryhumano.com\/web\/?attachment_id=4928\" rel=\"attachment wp-att-4928\"><img loading=\"lazy\" decoding=\"async\" class=\"alignright size-medium wp-image-4928\" alt=\"Cala-Viviana Gibelli\" src=\"https:\/\/seryhumano.com\/web\/wp-content\/uploads\/2013\/07\/Cala-Viviana-Gibelli-300x200.jpg\" width=\"300\" height=\"200\" srcset=\"https:\/\/seryhumano.com\/web\/wp-content\/uploads\/2013\/07\/Cala-Viviana-Gibelli-300x200.jpg 300w, https:\/\/seryhumano.com\/web\/wp-content\/uploads\/2013\/07\/Cala-Viviana-Gibelli.jpg 600w\" sizes=\"auto, (max-width: 300px) 100vw, 300px\" \/><\/a><\/p>\n<p><b>Mi\u00e9rcoles 24 Julio: <\/b>Una hora de <i>Cala<\/i> muy interesante que comienza con una amena conversaci\u00f3n con Los Hermanos Primera <b>Servando y Florentino,<\/b> cantantes y compositores venezolanos que a trav\u00e9s de sus canciones se posicionaron en la cima del \u00e9xito. Los hijos del recordado cantautor Al\u00ed Primera, han ganado premios como <i>La Orqu\u00eddea<\/i>, <i>Premios Fama<\/i>, <i>Casandra<\/i> y han sido nominados al <i>Grammy Latino<\/i> y <i>Premios Lo Nuestro<\/i>. Ahora presentan su nuevo proyecto musical bachatero llamado \u201c<i>Contigo<\/i>\u201d. Luego, llega al programa <b>Laureano M\u00e1rquez,<\/b> humorista de fuerte cr\u00edtica pol\u00edtica, polit\u00f3logo, actor de teatro y televisi\u00f3n, guionista, escritor y docente. Fue merecedor del Premio de la Libertad del Comit\u00e9 para la Protecci\u00f3n de Periodistas en Washington, y a pesar de hacer re\u00edr, su comicidad y humor muy serio.<a href=\"https:\/\/seryhumano.com\/web\/?attachment_id=4929\" rel=\"attachment wp-att-4929\"><img loading=\"lazy\" decoding=\"async\" class=\"alignright size-medium wp-image-4929\" alt=\"Fernando y F\" src=\"https:\/\/seryhumano.com\/web\/wp-content\/uploads\/2013\/07\/Fernando-y-F-300x200.jpg\" width=\"300\" height=\"200\" srcset=\"https:\/\/seryhumano.com\/web\/wp-content\/uploads\/2013\/07\/Fernando-y-F-300x200.jpg 300w, https:\/\/seryhumano.com\/web\/wp-content\/uploads\/2013\/07\/Fernando-y-F.jpg 630w\" sizes=\"auto, (max-width: 300px) 100vw, 300px\" \/><\/a><\/p>\n<p><b>Jueves 25 Julio: <\/b>CNN en espa\u00f1ol presenta un programa con intelectuales para quienes la literatura y las letras han sido la forma de comunicaci\u00f3n con el mundo.\u00a0 El escritor, poeta, guionista de cine y televisi\u00f3n, ensayista, cronista, articulista, editor y locutor, <b>Leonardo Padr\u00f3n<\/b>, abre esta emisi\u00f3n especial. Actualmente produce y transmite la sexta temporada de su programa radial \u201cLos Imposibles\u201d y viene a presentar su nuevo libro \u201cKil\u00f3metro Cero\u201d. Tambi\u00e9n estar\u00e1 presente <b>Tania D\u00edaz<\/b>, periodista y Diputada de la Asamblea Nacional, Vicepresidente de la Comisi\u00f3n de Poder y Medios del Gobierno Bolivariano de Venezuela y ex Ministra de Informaci\u00f3n y Comunicaciones. Para cerrar el programa Cala recibir\u00e1 al poeta, ensayista, historiador y abogado, <b>Rafael Arr\u00e1iz Lucca<\/b>, quien ha sido Presidente de Monte \u00c1vila Editores (1989-1994) y Director General del Consejo Nacional de la Cultura (1994-1995). El Gobierno de Espa\u00f1a lo condecor\u00f3 en el 2007 con la Orden de Isabel La Cat\u00f3lica, siendo esta la Orden m\u00e1s alta que puede recibir un extranjero en Espa\u00f1a.<a href=\"https:\/\/seryhumano.com\/web\/?attachment_id=4930\" rel=\"attachment wp-att-4930\"><img loading=\"lazy\" decoding=\"async\" class=\"alignright size-full wp-image-4930\" alt=\"Cala y Leo\" src=\"https:\/\/seryhumano.com\/web\/wp-content\/uploads\/2013\/07\/Cala-y-Leo.jpg\" width=\"290\" height=\"174\" \/><\/a><\/p>\n<p><b>Viernes 26 Julio: <\/b>La actriz <b>Maria Antonieta Duque<\/b>, con m\u00e1s de 20 a\u00f1os de carrera art\u00edstica y una exitosa trayectoria en televisi\u00f3n, teatro y cine, llegar\u00e1 a <i>Cala <\/i>a contar sobre sus nuevos proyectos. Adem\u00e1s de cautivar al p\u00fablico con su belleza y su gran sonrisa, llen\u00f3 por muchos a\u00f1os miles de hogares con los personajes inolvidables que interpret\u00f3 en el programa \u201cBienvenidos\u201d. Durante la segunda parte del programa, llega la periodista, actriz y productora <b>Eloisa Matur\u00e9n<\/b>, quien adem\u00e1s form\u00f3 parte del Ballet Nacional de Caracas.\u00a0 Luego se suma al programa <b>Bolivia Bocaranda<\/b>, una mujer que tuvo la valent\u00eda de luchar una batalla contra el c\u00e1ncer que le cambi\u00f3 la vida y decidi\u00f3 convertirlo en su misi\u00f3n, fundando la asociaci\u00f3n civil SenosAyuda. Y para finalizar, llega <b>Gerson David G\u00f3mez<\/b>, un joven visionario que puso sus conocimientos y experiencia en las redes sociales a beneficio de la cultura y el h\u00e1bito de leer. Es fundador de la organizaci\u00f3n \u201cAdopta un libro\u201d para promover el amor por la lectura y los libros, y ponerlo al alcance de todos.<\/p>\n<p>seryhumano.com<b><\/b><\/p>\n","protected":false},"excerpt":{"rendered":"<p>Del 22 al 26 de julio, CNN en Espa\u00f1ol presenta el segundo ciclo de la serie de diez programas especiales de Cala, realizados en Caracas con intelectuales, pol\u00edticos, deportistas, periodistas, actores y otras personalidades relevantes del acontecer actual venezolano. Lunes 22 Julio: Ismael Cala presenta una entrevista desde Caracas con dos invitados muy especiales que&hellip;<\/p>\n","protected":false},"author":2,"featured_media":4964,"comment_status":"closed","ping_status":"closed","sticky":false,"template":"","format":"standard","meta":{"footnotes":""},"categories":[110],"tags":[111],"class_list":["post-4925","post","type-post","status-publish","format-standard","has-post-thumbnail","hentry","category-noticias","tag-slider","category-110","description-off"],"yoast_head":"<!-- This site is optimized with the Yoast SEO plugin v25.4 - https:\/\/yoast.com\/wordpress\/plugins\/seo\/ -->\n<title>Personalidades venezolanas ser\u00e1n entrevistadas por Ismael Cala  &#187; SeryHumano.com<\/title>\n<meta name=\"robots\" content=\"index, follow, max-snippet:-1, max-image-preview:large, max-video-preview:-1\" \/>\n<link rel=\"canonical\" href=\"https:\/\/seryhumano.com\/web\/?p=4925\" \/>\n<meta property=\"og:locale\" content=\"es_ES\" \/>\n<meta property=\"og:type\" content=\"article\" \/>\n<meta property=\"og:title\" content=\"Personalidades venezolanas ser\u00e1n entrevistadas por Ismael Cala  &#187; SeryHumano.com\" \/>\n<meta property=\"og:description\" content=\"Del 22 al 26 de julio, CNN en Espa\u00f1ol presenta el segundo ciclo de la serie de diez programas especiales de Cala, realizados en Caracas con intelectuales, pol\u00edticos, deportistas, periodistas, actores y otras personalidades relevantes del acontecer actual venezolano. Lunes 22 Julio: Ismael Cala presenta una entrevista desde Caracas con dos invitados muy especiales que&hellip;\" \/>\n<meta property=\"og:url\" content=\"https:\/\/seryhumano.com\/web\/?p=4925\" \/>\n<meta property=\"og:site_name\" content=\"SeryHumano.com\" \/>\n<meta property=\"article:publisher\" content=\"https:\/\/www.facebook.com\/seryhumano\/\" \/>\n<meta property=\"article:published_time\" content=\"2013-07-21T15:44:37+00:00\" \/>\n<meta property=\"article:modified_time\" content=\"2013-07-21T19:20:37+00:00\" \/>\n<meta property=\"og:image\" content=\"https:\/\/seryhumano.com\/web\/wp-content\/uploads\/2013\/07\/featureslider_cala.jpg\" \/>\n\t<meta property=\"og:image:width\" content=\"910\" \/>\n\t<meta property=\"og:image:height\" content=\"227\" \/>\n\t<meta property=\"og:image:type\" content=\"image\/jpeg\" \/>\n<meta name=\"author\" content=\"@herrera_yosmar\" \/>\n<meta name=\"twitter:card\" content=\"summary_large_image\" \/>\n<meta name=\"twitter:creator\" content=\"@SeryHumano\" \/>\n<meta name=\"twitter:site\" content=\"@SeryHumano\" \/>\n<meta name=\"twitter:label1\" content=\"Escrito por\" \/>\n\t<meta name=\"twitter:data1\" content=\"@herrera_yosmar\" \/>\n\t<meta name=\"twitter:label2\" content=\"Tiempo de lectura\" \/>\n\t<meta name=\"twitter:data2\" content=\"4 minutos\" \/>\n<script type=\"application\/ld+json\" class=\"yoast-schema-graph\">{\"@context\":\"https:\/\/schema.org\",\"@graph\":[{\"@type\":\"Article\",\"@id\":\"https:\/\/seryhumano.com\/web\/?p=4925#article\",\"isPartOf\":{\"@id\":\"https:\/\/seryhumano.com\/web\/?p=4925\"},\"author\":{\"name\":\"@herrera_yosmar\",\"@id\":\"https:\/\/seryhumano.com\/web\/#\/schema\/person\/fd30e8e0b394a62344b44d9b0fe75795\"},\"headline\":\"Personalidades venezolanas ser\u00e1n entrevistadas por Ismael Cala\",\"datePublished\":\"2013-07-21T15:44:37+00:00\",\"dateModified\":\"2013-07-21T19:20:37+00:00\",\"mainEntityOfPage\":{\"@id\":\"https:\/\/seryhumano.com\/web\/?p=4925\"},\"wordCount\":777,\"publisher\":{\"@id\":\"https:\/\/seryhumano.com\/web\/#organization\"},\"image\":{\"@id\":\"https:\/\/seryhumano.com\/web\/?p=4925#primaryimage\"},\"thumbnailUrl\":\"https:\/\/seryhumano.com\/web\/wp-content\/uploads\/2013\/07\/featureslider_cala.jpg\",\"keywords\":[\"Slider\"],\"articleSection\":[\"Noticias\"],\"inLanguage\":\"es\"},{\"@type\":\"WebPage\",\"@id\":\"https:\/\/seryhumano.com\/web\/?p=4925\",\"url\":\"https:\/\/seryhumano.com\/web\/?p=4925\",\"name\":\"Personalidades venezolanas ser\u00e1n entrevistadas por Ismael Cala &#187; SeryHumano.com\",\"isPartOf\":{\"@id\":\"https:\/\/seryhumano.com\/web\/#website\"},\"primaryImageOfPage\":{\"@id\":\"https:\/\/seryhumano.com\/web\/?p=4925#primaryimage\"},\"image\":{\"@id\":\"https:\/\/seryhumano.com\/web\/?p=4925#primaryimage\"},\"thumbnailUrl\":\"https:\/\/seryhumano.com\/web\/wp-content\/uploads\/2013\/07\/featureslider_cala.jpg\",\"datePublished\":\"2013-07-21T15:44:37+00:00\",\"dateModified\":\"2013-07-21T19:20:37+00:00\",\"breadcrumb\":{\"@id\":\"https:\/\/seryhumano.com\/web\/?p=4925#breadcrumb\"},\"inLanguage\":\"es\",\"potentialAction\":[{\"@type\":\"ReadAction\",\"target\":[\"https:\/\/seryhumano.com\/web\/?p=4925\"]}]},{\"@type\":\"ImageObject\",\"inLanguage\":\"es\",\"@id\":\"https:\/\/seryhumano.com\/web\/?p=4925#primaryimage\",\"url\":\"https:\/\/seryhumano.com\/web\/wp-content\/uploads\/2013\/07\/featureslider_cala.jpg\",\"contentUrl\":\"https:\/\/seryhumano.com\/web\/wp-content\/uploads\/2013\/07\/featureslider_cala.jpg\",\"width\":910,\"height\":227},{\"@type\":\"BreadcrumbList\",\"@id\":\"https:\/\/seryhumano.com\/web\/?p=4925#breadcrumb\",\"itemListElement\":[{\"@type\":\"ListItem\",\"position\":1,\"name\":\"Portada\",\"item\":\"https:\/\/seryhumano.com\/web\/\"},{\"@type\":\"ListItem\",\"position\":2,\"name\":\"Personalidades venezolanas ser\u00e1n entrevistadas por Ismael Cala\"}]},{\"@type\":\"WebSite\",\"@id\":\"https:\/\/seryhumano.com\/web\/#website\",\"url\":\"https:\/\/seryhumano.com\/web\/\",\"name\":\"SeryHumano.com\",\"description\":\"Revista digital muy humana, donde lo mas importante es el Ser...\",\"publisher\":{\"@id\":\"https:\/\/seryhumano.com\/web\/#organization\"},\"potentialAction\":[{\"@type\":\"SearchAction\",\"target\":{\"@type\":\"EntryPoint\",\"urlTemplate\":\"https:\/\/seryhumano.com\/web\/?s={search_term_string}\"},\"query-input\":{\"@type\":\"PropertyValueSpecification\",\"valueRequired\":true,\"valueName\":\"search_term_string\"}}],\"inLanguage\":\"es\"},{\"@type\":\"Organization\",\"@id\":\"https:\/\/seryhumano.com\/web\/#organization\",\"name\":\"SeryHumano.com\",\"url\":\"https:\/\/seryhumano.com\/web\/\",\"logo\":{\"@type\":\"ImageObject\",\"inLanguage\":\"es\",\"@id\":\"https:\/\/seryhumano.com\/web\/#\/schema\/logo\/image\/\",\"url\":\"https:\/\/seryhumano.com\/web\/wp-content\/uploads\/2020\/02\/JNe5VRwH_400x400-2.jpg\",\"contentUrl\":\"https:\/\/seryhumano.com\/web\/wp-content\/uploads\/2020\/02\/JNe5VRwH_400x400-2.jpg\",\"width\":400,\"height\":400,\"caption\":\"SeryHumano.com\"},\"image\":{\"@id\":\"https:\/\/seryhumano.com\/web\/#\/schema\/logo\/image\/\"},\"sameAs\":[\"https:\/\/www.facebook.com\/seryhumano\/\",\"https:\/\/x.com\/SeryHumano\",\"https:\/\/www.instagram.com\/seryhumano\/\",\"https:\/\/www.linkedin.com\/company\/seryhumano-com\/\",\"https:\/\/www.youtube.com\/channel\/UCYfgIGSxygVnJAW0e9ZBZWg\"]},{\"@type\":\"Person\",\"@id\":\"https:\/\/seryhumano.com\/web\/#\/schema\/person\/fd30e8e0b394a62344b44d9b0fe75795\",\"name\":\"@herrera_yosmar\",\"description\":\"Eterna enamorada de la vida, comunicadora, mam\u00e1 de tres\",\"sameAs\":[\"http:\/\/seryhumano.com\"],\"url\":\"https:\/\/seryhumano.com\/web\/?author=2\"}]}<\/script>\n<!-- \/ Yoast SEO plugin. -->","yoast_head_json":{"title":"Personalidades venezolanas ser\u00e1n entrevistadas por Ismael Cala  &#187; SeryHumano.com","robots":{"index":"index","follow":"follow","max-snippet":"max-snippet:-1","max-image-preview":"max-image-preview:large","max-video-preview":"max-video-preview:-1"},"canonical":"https:\/\/seryhumano.com\/web\/?p=4925","og_locale":"es_ES","og_type":"article","og_title":"Personalidades venezolanas ser\u00e1n entrevistadas por Ismael Cala  &#187; SeryHumano.com","og_description":"Del 22 al 26 de julio, CNN en Espa\u00f1ol presenta el segundo ciclo de la serie de diez programas especiales de Cala, realizados en Caracas con intelectuales, pol\u00edticos, deportistas, periodistas, actores y otras personalidades relevantes del acontecer actual venezolano. Lunes 22 Julio: Ismael Cala presenta una entrevista desde Caracas con dos invitados muy especiales que&hellip;","og_url":"https:\/\/seryhumano.com\/web\/?p=4925","og_site_name":"SeryHumano.com","article_publisher":"https:\/\/www.facebook.com\/seryhumano\/","article_published_time":"2013-07-21T15:44:37+00:00","article_modified_time":"2013-07-21T19:20:37+00:00","og_image":[{"width":910,"height":227,"url":"https:\/\/seryhumano.com\/web\/wp-content\/uploads\/2013\/07\/featureslider_cala.jpg","type":"image\/jpeg"}],"author":"@herrera_yosmar","twitter_card":"summary_large_image","twitter_creator":"@SeryHumano","twitter_site":"@SeryHumano","twitter_misc":{"Escrito por":"@herrera_yosmar","Tiempo de lectura":"4 minutos"},"schema":{"@context":"https:\/\/schema.org","@graph":[{"@type":"Article","@id":"https:\/\/seryhumano.com\/web\/?p=4925#article","isPartOf":{"@id":"https:\/\/seryhumano.com\/web\/?p=4925"},"author":{"name":"@herrera_yosmar","@id":"https:\/\/seryhumano.com\/web\/#\/schema\/person\/fd30e8e0b394a62344b44d9b0fe75795"},"headline":"Personalidades venezolanas ser\u00e1n entrevistadas por Ismael Cala","datePublished":"2013-07-21T15:44:37+00:00","dateModified":"2013-07-21T19:20:37+00:00","mainEntityOfPage":{"@id":"https:\/\/seryhumano.com\/web\/?p=4925"},"wordCount":777,"publisher":{"@id":"https:\/\/seryhumano.com\/web\/#organization"},"image":{"@id":"https:\/\/seryhumano.com\/web\/?p=4925#primaryimage"},"thumbnailUrl":"https:\/\/seryhumano.com\/web\/wp-content\/uploads\/2013\/07\/featureslider_cala.jpg","keywords":["Slider"],"articleSection":["Noticias"],"inLanguage":"es"},{"@type":"WebPage","@id":"https:\/\/seryhumano.com\/web\/?p=4925","url":"https:\/\/seryhumano.com\/web\/?p=4925","name":"Personalidades venezolanas ser\u00e1n entrevistadas por Ismael Cala &#187; SeryHumano.com","isPartOf":{"@id":"https:\/\/seryhumano.com\/web\/#website"},"primaryImageOfPage":{"@id":"https:\/\/seryhumano.com\/web\/?p=4925#primaryimage"},"image":{"@id":"https:\/\/seryhumano.com\/web\/?p=4925#primaryimage"},"thumbnailUrl":"https:\/\/seryhumano.com\/web\/wp-content\/uploads\/2013\/07\/featureslider_cala.jpg","datePublished":"2013-07-21T15:44:37+00:00","dateModified":"2013-07-21T19:20:37+00:00","breadcrumb":{"@id":"https:\/\/seryhumano.com\/web\/?p=4925#breadcrumb"},"inLanguage":"es","potentialAction":[{"@type":"ReadAction","target":["https:\/\/seryhumano.com\/web\/?p=4925"]}]},{"@type":"ImageObject","inLanguage":"es","@id":"https:\/\/seryhumano.com\/web\/?p=4925#primaryimage","url":"https:\/\/seryhumano.com\/web\/wp-content\/uploads\/2013\/07\/featureslider_cala.jpg","contentUrl":"https:\/\/seryhumano.com\/web\/wp-content\/uploads\/2013\/07\/featureslider_cala.jpg","width":910,"height":227},{"@type":"BreadcrumbList","@id":"https:\/\/seryhumano.com\/web\/?p=4925#breadcrumb","itemListElement":[{"@type":"ListItem","position":1,"name":"Portada","item":"https:\/\/seryhumano.com\/web\/"},{"@type":"ListItem","position":2,"name":"Personalidades venezolanas ser\u00e1n entrevistadas por Ismael Cala"}]},{"@type":"WebSite","@id":"https:\/\/seryhumano.com\/web\/#website","url":"https:\/\/seryhumano.com\/web\/","name":"SeryHumano.com","description":"Revista digital muy humana, donde lo mas importante es el Ser...","publisher":{"@id":"https:\/\/seryhumano.com\/web\/#organization"},"potentialAction":[{"@type":"SearchAction","target":{"@type":"EntryPoint","urlTemplate":"https:\/\/seryhumano.com\/web\/?s={search_term_string}"},"query-input":{"@type":"PropertyValueSpecification","valueRequired":true,"valueName":"search_term_string"}}],"inLanguage":"es"},{"@type":"Organization","@id":"https:\/\/seryhumano.com\/web\/#organization","name":"SeryHumano.com","url":"https:\/\/seryhumano.com\/web\/","logo":{"@type":"ImageObject","inLanguage":"es","@id":"https:\/\/seryhumano.com\/web\/#\/schema\/logo\/image\/","url":"https:\/\/seryhumano.com\/web\/wp-content\/uploads\/2020\/02\/JNe5VRwH_400x400-2.jpg","contentUrl":"https:\/\/seryhumano.com\/web\/wp-content\/uploads\/2020\/02\/JNe5VRwH_400x400-2.jpg","width":400,"height":400,"caption":"SeryHumano.com"},"image":{"@id":"https:\/\/seryhumano.com\/web\/#\/schema\/logo\/image\/"},"sameAs":["https:\/\/www.facebook.com\/seryhumano\/","https:\/\/x.com\/SeryHumano","https:\/\/www.instagram.com\/seryhumano\/","https:\/\/www.linkedin.com\/company\/seryhumano-com\/","https:\/\/www.youtube.com\/channel\/UCYfgIGSxygVnJAW0e9ZBZWg"]},{"@type":"Person","@id":"https:\/\/seryhumano.com\/web\/#\/schema\/person\/fd30e8e0b394a62344b44d9b0fe75795","name":"@herrera_yosmar","description":"Eterna enamorada de la vida, comunicadora, mam\u00e1 de tres","sameAs":["http:\/\/seryhumano.com"],"url":"https:\/\/seryhumano.com\/web\/?author=2"}]}},"_links":{"self":[{"href":"https:\/\/seryhumano.com\/web\/index.php?rest_route=\/wp\/v2\/posts\/4925","targetHints":{"allow":["GET"]}}],"collection":[{"href":"https:\/\/seryhumano.com\/web\/index.php?rest_route=\/wp\/v2\/posts"}],"about":[{"href":"https:\/\/seryhumano.com\/web\/index.php?rest_route=\/wp\/v2\/types\/post"}],"author":[{"embeddable":true,"href":"https:\/\/seryhumano.com\/web\/index.php?rest_route=\/wp\/v2\/users\/2"}],"replies":[{"embeddable":true,"href":"https:\/\/seryhumano.com\/web\/index.php?rest_route=%2Fwp%2Fv2%2Fcomments&post=4925"}],"version-history":[{"count":0,"href":"https:\/\/seryhumano.com\/web\/index.php?rest_route=\/wp\/v2\/posts\/4925\/revisions"}],"wp:featuredmedia":[{"embeddable":true,"href":"https:\/\/seryhumano.com\/web\/index.php?rest_route=\/wp\/v2\/media\/4964"}],"wp:attachment":[{"href":"https:\/\/seryhumano.com\/web\/index.php?rest_route=%2Fwp%2Fv2%2Fmedia&parent=4925"}],"wp:term":[{"taxonomy":"category","embeddable":true,"href":"https:\/\/seryhumano.com\/web\/index.php?rest_route=%2Fwp%2Fv2%2Fcategories&post=4925"},{"taxonomy":"post_tag","embeddable":true,"href":"https:\/\/seryhumano.com\/web\/index.php?rest_route=%2Fwp%2Fv2%2Ftags&post=4925"}],"curies":[{"name":"wp","href":"https:\/\/api.w.org\/{rel}","templated":true}]}}