{"id":4966,"date":"2013-07-22T06:49:20","date_gmt":"2013-07-22T11:19:20","guid":{"rendered":"https:\/\/seryhumano.com\/web\/?p=4966"},"modified":"2013-07-22T07:09:03","modified_gmt":"2013-07-22T11:39:03","slug":"el-sueno-de-una-noche-de-verano-de-felix-mendelssohn","status":"publish","type":"post","link":"https:\/\/seryhumano.com\/web\/?p=4966","title":{"rendered":"El sue\u00f1o de una noche de verano de Felix Mendelssohn"},"content":{"rendered":"<p><a href=\"https:\/\/seryhumano.com\/web\/?attachment_id=4967\" rel=\"attachment wp-att-4967\"><img loading=\"lazy\" decoding=\"async\" class=\"alignleft size-full wp-image-4967\" alt=\"Felix Mendelssohn 1\" src=\"https:\/\/seryhumano.com\/web\/wp-content\/uploads\/2013\/07\/Felix-Mendelssohn-1.jpg\" width=\"188\" height=\"269\" \/><\/a>Mendelssohn escribi\u00f3 su obertura <i>El sue\u00f1o de una noche de verano <\/i>a la sorprendente edad de 17 a\u00f1os, tras rendirse a la atracci\u00f3n de la obra de Shakespeare. Su magia en estado puro y evocador encanto se disparan desde el momento en que los cuatro acordes de la secci\u00f3n viento-madera despiertan la emoci\u00f3n del oyente.<\/p>\n<p>La inspiraci\u00f3n de esta primera propuesta de Mendelssohn fue puesta a prueba en 1843, cuando el rey Federico Guillermo IV de Prusia le invit\u00f3 a escribir la m\u00fasica para la producci\u00f3n teatral que se celebrar\u00eda en palacio. Mendelssohn se enfrentaba a la saz\u00f3n a los desaf\u00edos de su puesto como director musical en Leipzig y Berl\u00edn, pero aun as\u00ed supo sacar adelante una obra maestra.<a href=\"https:\/\/seryhumano.com\/web\/?attachment_id=4970\" rel=\"attachment wp-att-4970\"><img loading=\"lazy\" decoding=\"async\" class=\"alignright size-medium wp-image-4970\" alt=\"Sue\u00f1o de una noche\" src=\"https:\/\/seryhumano.com\/web\/wp-content\/uploads\/2013\/07\/Sue\u00f1o-de-una-noche-300x193.jpg\" width=\"300\" height=\"193\" srcset=\"https:\/\/seryhumano.com\/web\/wp-content\/uploads\/2013\/07\/Sue\u00f1o-de-una-noche-300x193.jpg 300w, https:\/\/seryhumano.com\/web\/wp-content\/uploads\/2013\/07\/Sue\u00f1o-de-una-noche.jpg 390w\" sizes=\"auto, (max-width: 300px) 100vw, 300px\" \/><\/a><\/p>\n<p>Aparte de desplegar temas de la obertura, Mendelssohn compuso la m\u00fasica m\u00e1s exquisita, y en la \u201cMarcha nupcial\u201d aparecen algunos de los personajes m\u00e1s conocidos. El scherzo destaca por su ligereza y el nocturno por su lirismo, arropando el texto de Shakespeare con sensibilidad y precisi\u00f3n.<\/p>\n<p>La confusi\u00f3n de los amantes en el bosque se refleja en el turbulento <i>intermezzo<\/i>, y hay un toque humor\u00edstico en la marcha f\u00fanebre de la \u201cobra dentro de la obra\u201d de \u201cPyramus y Thisbe\u201d. El baile para el tema de Bottom, con su rebuzno de asno, no hace sino realzar la escena.<\/p>\n<p>Para extraer todo el jugo a la audici\u00f3n resulta imprescindible incorporar el texto de Shakespeare. La Orquesta Sinf\u00f3nica de Boston posee el elixir de la magistral narraci\u00f3n de Judi Dench, arropada por una c\u00e1lida y chispeante interpretaci\u00f3n orquestal, junto a la potencia vocal de Kathleen Battle y Frederica von Stade.<\/p>\n<p>seryhumano.com \/ Jessica Duchen<\/p>\n<p>[youtube]https:\/\/www.youtube.com\/watch?v=r8QaWYBvluo[\/youtube]<\/p>\n","protected":false},"excerpt":{"rendered":"<p>Mendelssohn escribi\u00f3 su obertura El sue\u00f1o de una noche de verano a la sorprendente edad de 17 a\u00f1os, tras rendirse a la atracci\u00f3n de la obra de Shakespeare. Su magia en estado puro y evocador encanto se disparan desde el momento en que los cuatro acordes de la secci\u00f3n viento-madera despiertan la emoci\u00f3n del oyente.&hellip;<\/p>\n","protected":false},"author":138,"featured_media":4973,"comment_status":"closed","ping_status":"closed","sticky":false,"template":"","format":"standard","meta":{"footnotes":""},"categories":[122],"tags":[111],"class_list":["post-4966","post","type-post","status-publish","format-standard","has-post-thumbnail","hentry","category-cultura","tag-slider","category-122","description-off"],"yoast_head":"<!-- This site is optimized with the Yoast SEO plugin v25.4 - https:\/\/yoast.com\/wordpress\/plugins\/seo\/ -->\n<title>El sue\u00f1o de una noche de verano de Felix Mendelssohn  &#187; SeryHumano.com<\/title>\n<meta name=\"robots\" content=\"index, follow, max-snippet:-1, max-image-preview:large, max-video-preview:-1\" \/>\n<link rel=\"canonical\" href=\"https:\/\/seryhumano.com\/web\/?p=4966\" \/>\n<meta property=\"og:locale\" content=\"es_ES\" \/>\n<meta property=\"og:type\" content=\"article\" \/>\n<meta property=\"og:title\" content=\"El sue\u00f1o de una noche de verano de Felix Mendelssohn  &#187; SeryHumano.com\" \/>\n<meta property=\"og:description\" content=\"Mendelssohn escribi\u00f3 su obertura El sue\u00f1o de una noche de verano a la sorprendente edad de 17 a\u00f1os, tras rendirse a la atracci\u00f3n de la obra de Shakespeare. Su magia en estado puro y evocador encanto se disparan desde el momento en que los cuatro acordes de la secci\u00f3n viento-madera despiertan la emoci\u00f3n del oyente.&hellip;\" \/>\n<meta property=\"og:url\" content=\"https:\/\/seryhumano.com\/web\/?p=4966\" \/>\n<meta property=\"og:site_name\" content=\"SeryHumano.com\" \/>\n<meta property=\"article:publisher\" content=\"https:\/\/www.facebook.com\/seryhumano\/\" \/>\n<meta property=\"article:published_time\" content=\"2013-07-22T11:19:20+00:00\" \/>\n<meta property=\"article:modified_time\" content=\"2013-07-22T11:39:03+00:00\" \/>\n<meta property=\"og:image\" content=\"https:\/\/seryhumano.com\/web\/wp-content\/uploads\/2013\/07\/featureslider_unanochedeverano.jpg\" \/>\n\t<meta property=\"og:image:width\" content=\"910\" \/>\n\t<meta property=\"og:image:height\" content=\"227\" \/>\n\t<meta property=\"og:image:type\" content=\"image\/jpeg\" \/>\n<meta name=\"author\" content=\"John Paul Kiklikian\" \/>\n<meta name=\"twitter:card\" content=\"summary_large_image\" \/>\n<meta name=\"twitter:creator\" content=\"@SeryHumano\" \/>\n<meta name=\"twitter:site\" content=\"@SeryHumano\" \/>\n<meta name=\"twitter:label1\" content=\"Escrito por\" \/>\n\t<meta name=\"twitter:data1\" content=\"John Paul Kiklikian\" \/>\n\t<meta name=\"twitter:label2\" content=\"Tiempo de lectura\" \/>\n\t<meta name=\"twitter:data2\" content=\"2 minutos\" \/>\n<script type=\"application\/ld+json\" class=\"yoast-schema-graph\">{\"@context\":\"https:\/\/schema.org\",\"@graph\":[{\"@type\":\"Article\",\"@id\":\"https:\/\/seryhumano.com\/web\/?p=4966#article\",\"isPartOf\":{\"@id\":\"https:\/\/seryhumano.com\/web\/?p=4966\"},\"author\":{\"name\":\"John Paul Kiklikian\",\"@id\":\"https:\/\/seryhumano.com\/web\/#\/schema\/person\/fab3d7a757810c5b56bc5eeb492b8268\"},\"headline\":\"El sue\u00f1o de una noche de verano de Felix Mendelssohn\",\"datePublished\":\"2013-07-22T11:19:20+00:00\",\"dateModified\":\"2013-07-22T11:39:03+00:00\",\"mainEntityOfPage\":{\"@id\":\"https:\/\/seryhumano.com\/web\/?p=4966\"},\"wordCount\":315,\"publisher\":{\"@id\":\"https:\/\/seryhumano.com\/web\/#organization\"},\"image\":{\"@id\":\"https:\/\/seryhumano.com\/web\/?p=4966#primaryimage\"},\"thumbnailUrl\":\"https:\/\/seryhumano.com\/web\/wp-content\/uploads\/2013\/07\/featureslider_unanochedeverano.jpg\",\"keywords\":[\"Slider\"],\"articleSection\":[\"Cultura del Ser\"],\"inLanguage\":\"es\"},{\"@type\":\"WebPage\",\"@id\":\"https:\/\/seryhumano.com\/web\/?p=4966\",\"url\":\"https:\/\/seryhumano.com\/web\/?p=4966\",\"name\":\"El sue\u00f1o de una noche de verano de Felix Mendelssohn &#187; SeryHumano.com\",\"isPartOf\":{\"@id\":\"https:\/\/seryhumano.com\/web\/#website\"},\"primaryImageOfPage\":{\"@id\":\"https:\/\/seryhumano.com\/web\/?p=4966#primaryimage\"},\"image\":{\"@id\":\"https:\/\/seryhumano.com\/web\/?p=4966#primaryimage\"},\"thumbnailUrl\":\"https:\/\/seryhumano.com\/web\/wp-content\/uploads\/2013\/07\/featureslider_unanochedeverano.jpg\",\"datePublished\":\"2013-07-22T11:19:20+00:00\",\"dateModified\":\"2013-07-22T11:39:03+00:00\",\"breadcrumb\":{\"@id\":\"https:\/\/seryhumano.com\/web\/?p=4966#breadcrumb\"},\"inLanguage\":\"es\",\"potentialAction\":[{\"@type\":\"ReadAction\",\"target\":[\"https:\/\/seryhumano.com\/web\/?p=4966\"]}]},{\"@type\":\"ImageObject\",\"inLanguage\":\"es\",\"@id\":\"https:\/\/seryhumano.com\/web\/?p=4966#primaryimage\",\"url\":\"https:\/\/seryhumano.com\/web\/wp-content\/uploads\/2013\/07\/featureslider_unanochedeverano.jpg\",\"contentUrl\":\"https:\/\/seryhumano.com\/web\/wp-content\/uploads\/2013\/07\/featureslider_unanochedeverano.jpg\",\"width\":910,\"height\":227},{\"@type\":\"BreadcrumbList\",\"@id\":\"https:\/\/seryhumano.com\/web\/?p=4966#breadcrumb\",\"itemListElement\":[{\"@type\":\"ListItem\",\"position\":1,\"name\":\"Portada\",\"item\":\"https:\/\/seryhumano.com\/web\/\"},{\"@type\":\"ListItem\",\"position\":2,\"name\":\"El sue\u00f1o de una noche de verano de Felix Mendelssohn\"}]},{\"@type\":\"WebSite\",\"@id\":\"https:\/\/seryhumano.com\/web\/#website\",\"url\":\"https:\/\/seryhumano.com\/web\/\",\"name\":\"SeryHumano.com\",\"description\":\"Revista digital muy humana, donde lo mas importante es el Ser...\",\"publisher\":{\"@id\":\"https:\/\/seryhumano.com\/web\/#organization\"},\"potentialAction\":[{\"@type\":\"SearchAction\",\"target\":{\"@type\":\"EntryPoint\",\"urlTemplate\":\"https:\/\/seryhumano.com\/web\/?s={search_term_string}\"},\"query-input\":{\"@type\":\"PropertyValueSpecification\",\"valueRequired\":true,\"valueName\":\"search_term_string\"}}],\"inLanguage\":\"es\"},{\"@type\":\"Organization\",\"@id\":\"https:\/\/seryhumano.com\/web\/#organization\",\"name\":\"SeryHumano.com\",\"url\":\"https:\/\/seryhumano.com\/web\/\",\"logo\":{\"@type\":\"ImageObject\",\"inLanguage\":\"es\",\"@id\":\"https:\/\/seryhumano.com\/web\/#\/schema\/logo\/image\/\",\"url\":\"https:\/\/seryhumano.com\/web\/wp-content\/uploads\/2020\/02\/JNe5VRwH_400x400-2.jpg\",\"contentUrl\":\"https:\/\/seryhumano.com\/web\/wp-content\/uploads\/2020\/02\/JNe5VRwH_400x400-2.jpg\",\"width\":400,\"height\":400,\"caption\":\"SeryHumano.com\"},\"image\":{\"@id\":\"https:\/\/seryhumano.com\/web\/#\/schema\/logo\/image\/\"},\"sameAs\":[\"https:\/\/www.facebook.com\/seryhumano\/\",\"https:\/\/x.com\/SeryHumano\",\"https:\/\/www.instagram.com\/seryhumano\/\",\"https:\/\/www.linkedin.com\/company\/seryhumano-com\/\",\"https:\/\/www.youtube.com\/channel\/UCYfgIGSxygVnJAW0e9ZBZWg\"]},{\"@type\":\"Person\",\"@id\":\"https:\/\/seryhumano.com\/web\/#\/schema\/person\/fab3d7a757810c5b56bc5eeb492b8268\",\"name\":\"John Paul Kiklikian\",\"sameAs\":[\"http:\/\/seryhumano.com\"],\"url\":\"https:\/\/seryhumano.com\/web\/?author=138\"}]}<\/script>\n<!-- \/ Yoast SEO plugin. -->","yoast_head_json":{"title":"El sue\u00f1o de una noche de verano de Felix Mendelssohn  &#187; SeryHumano.com","robots":{"index":"index","follow":"follow","max-snippet":"max-snippet:-1","max-image-preview":"max-image-preview:large","max-video-preview":"max-video-preview:-1"},"canonical":"https:\/\/seryhumano.com\/web\/?p=4966","og_locale":"es_ES","og_type":"article","og_title":"El sue\u00f1o de una noche de verano de Felix Mendelssohn  &#187; SeryHumano.com","og_description":"Mendelssohn escribi\u00f3 su obertura El sue\u00f1o de una noche de verano a la sorprendente edad de 17 a\u00f1os, tras rendirse a la atracci\u00f3n de la obra de Shakespeare. Su magia en estado puro y evocador encanto se disparan desde el momento en que los cuatro acordes de la secci\u00f3n viento-madera despiertan la emoci\u00f3n del oyente.&hellip;","og_url":"https:\/\/seryhumano.com\/web\/?p=4966","og_site_name":"SeryHumano.com","article_publisher":"https:\/\/www.facebook.com\/seryhumano\/","article_published_time":"2013-07-22T11:19:20+00:00","article_modified_time":"2013-07-22T11:39:03+00:00","og_image":[{"width":910,"height":227,"url":"https:\/\/seryhumano.com\/web\/wp-content\/uploads\/2013\/07\/featureslider_unanochedeverano.jpg","type":"image\/jpeg"}],"author":"John Paul Kiklikian","twitter_card":"summary_large_image","twitter_creator":"@SeryHumano","twitter_site":"@SeryHumano","twitter_misc":{"Escrito por":"John Paul Kiklikian","Tiempo de lectura":"2 minutos"},"schema":{"@context":"https:\/\/schema.org","@graph":[{"@type":"Article","@id":"https:\/\/seryhumano.com\/web\/?p=4966#article","isPartOf":{"@id":"https:\/\/seryhumano.com\/web\/?p=4966"},"author":{"name":"John Paul Kiklikian","@id":"https:\/\/seryhumano.com\/web\/#\/schema\/person\/fab3d7a757810c5b56bc5eeb492b8268"},"headline":"El sue\u00f1o de una noche de verano de Felix Mendelssohn","datePublished":"2013-07-22T11:19:20+00:00","dateModified":"2013-07-22T11:39:03+00:00","mainEntityOfPage":{"@id":"https:\/\/seryhumano.com\/web\/?p=4966"},"wordCount":315,"publisher":{"@id":"https:\/\/seryhumano.com\/web\/#organization"},"image":{"@id":"https:\/\/seryhumano.com\/web\/?p=4966#primaryimage"},"thumbnailUrl":"https:\/\/seryhumano.com\/web\/wp-content\/uploads\/2013\/07\/featureslider_unanochedeverano.jpg","keywords":["Slider"],"articleSection":["Cultura del Ser"],"inLanguage":"es"},{"@type":"WebPage","@id":"https:\/\/seryhumano.com\/web\/?p=4966","url":"https:\/\/seryhumano.com\/web\/?p=4966","name":"El sue\u00f1o de una noche de verano de Felix Mendelssohn &#187; SeryHumano.com","isPartOf":{"@id":"https:\/\/seryhumano.com\/web\/#website"},"primaryImageOfPage":{"@id":"https:\/\/seryhumano.com\/web\/?p=4966#primaryimage"},"image":{"@id":"https:\/\/seryhumano.com\/web\/?p=4966#primaryimage"},"thumbnailUrl":"https:\/\/seryhumano.com\/web\/wp-content\/uploads\/2013\/07\/featureslider_unanochedeverano.jpg","datePublished":"2013-07-22T11:19:20+00:00","dateModified":"2013-07-22T11:39:03+00:00","breadcrumb":{"@id":"https:\/\/seryhumano.com\/web\/?p=4966#breadcrumb"},"inLanguage":"es","potentialAction":[{"@type":"ReadAction","target":["https:\/\/seryhumano.com\/web\/?p=4966"]}]},{"@type":"ImageObject","inLanguage":"es","@id":"https:\/\/seryhumano.com\/web\/?p=4966#primaryimage","url":"https:\/\/seryhumano.com\/web\/wp-content\/uploads\/2013\/07\/featureslider_unanochedeverano.jpg","contentUrl":"https:\/\/seryhumano.com\/web\/wp-content\/uploads\/2013\/07\/featureslider_unanochedeverano.jpg","width":910,"height":227},{"@type":"BreadcrumbList","@id":"https:\/\/seryhumano.com\/web\/?p=4966#breadcrumb","itemListElement":[{"@type":"ListItem","position":1,"name":"Portada","item":"https:\/\/seryhumano.com\/web\/"},{"@type":"ListItem","position":2,"name":"El sue\u00f1o de una noche de verano de Felix Mendelssohn"}]},{"@type":"WebSite","@id":"https:\/\/seryhumano.com\/web\/#website","url":"https:\/\/seryhumano.com\/web\/","name":"SeryHumano.com","description":"Revista digital muy humana, donde lo mas importante es el Ser...","publisher":{"@id":"https:\/\/seryhumano.com\/web\/#organization"},"potentialAction":[{"@type":"SearchAction","target":{"@type":"EntryPoint","urlTemplate":"https:\/\/seryhumano.com\/web\/?s={search_term_string}"},"query-input":{"@type":"PropertyValueSpecification","valueRequired":true,"valueName":"search_term_string"}}],"inLanguage":"es"},{"@type":"Organization","@id":"https:\/\/seryhumano.com\/web\/#organization","name":"SeryHumano.com","url":"https:\/\/seryhumano.com\/web\/","logo":{"@type":"ImageObject","inLanguage":"es","@id":"https:\/\/seryhumano.com\/web\/#\/schema\/logo\/image\/","url":"https:\/\/seryhumano.com\/web\/wp-content\/uploads\/2020\/02\/JNe5VRwH_400x400-2.jpg","contentUrl":"https:\/\/seryhumano.com\/web\/wp-content\/uploads\/2020\/02\/JNe5VRwH_400x400-2.jpg","width":400,"height":400,"caption":"SeryHumano.com"},"image":{"@id":"https:\/\/seryhumano.com\/web\/#\/schema\/logo\/image\/"},"sameAs":["https:\/\/www.facebook.com\/seryhumano\/","https:\/\/x.com\/SeryHumano","https:\/\/www.instagram.com\/seryhumano\/","https:\/\/www.linkedin.com\/company\/seryhumano-com\/","https:\/\/www.youtube.com\/channel\/UCYfgIGSxygVnJAW0e9ZBZWg"]},{"@type":"Person","@id":"https:\/\/seryhumano.com\/web\/#\/schema\/person\/fab3d7a757810c5b56bc5eeb492b8268","name":"John Paul Kiklikian","sameAs":["http:\/\/seryhumano.com"],"url":"https:\/\/seryhumano.com\/web\/?author=138"}]}},"_links":{"self":[{"href":"https:\/\/seryhumano.com\/web\/index.php?rest_route=\/wp\/v2\/posts\/4966","targetHints":{"allow":["GET"]}}],"collection":[{"href":"https:\/\/seryhumano.com\/web\/index.php?rest_route=\/wp\/v2\/posts"}],"about":[{"href":"https:\/\/seryhumano.com\/web\/index.php?rest_route=\/wp\/v2\/types\/post"}],"author":[{"embeddable":true,"href":"https:\/\/seryhumano.com\/web\/index.php?rest_route=\/wp\/v2\/users\/138"}],"replies":[{"embeddable":true,"href":"https:\/\/seryhumano.com\/web\/index.php?rest_route=%2Fwp%2Fv2%2Fcomments&post=4966"}],"version-history":[{"count":0,"href":"https:\/\/seryhumano.com\/web\/index.php?rest_route=\/wp\/v2\/posts\/4966\/revisions"}],"wp:featuredmedia":[{"embeddable":true,"href":"https:\/\/seryhumano.com\/web\/index.php?rest_route=\/wp\/v2\/media\/4973"}],"wp:attachment":[{"href":"https:\/\/seryhumano.com\/web\/index.php?rest_route=%2Fwp%2Fv2%2Fmedia&parent=4966"}],"wp:term":[{"taxonomy":"category","embeddable":true,"href":"https:\/\/seryhumano.com\/web\/index.php?rest_route=%2Fwp%2Fv2%2Fcategories&post=4966"},{"taxonomy":"post_tag","embeddable":true,"href":"https:\/\/seryhumano.com\/web\/index.php?rest_route=%2Fwp%2Fv2%2Ftags&post=4966"}],"curies":[{"name":"wp","href":"https:\/\/api.w.org\/{rel}","templated":true}]}}