{"id":4984,"date":"2013-07-22T08:10:55","date_gmt":"2013-07-22T12:40:55","guid":{"rendered":"https:\/\/seryhumano.com\/web\/?p=4984"},"modified":"2013-07-22T08:20:01","modified_gmt":"2013-07-22T12:50:01","slug":"el-papa-francisco-ya-despego-y-vuela-hacia-rio","status":"publish","type":"post","link":"https:\/\/seryhumano.com\/web\/?p=4984","title":{"rendered":"El Papa Francisco ya despeg\u00f3 y vuela hacia R\u00edo"},"content":{"rendered":"<p><a href=\"https:\/\/seryhumano.com\/web\/?attachment_id=4986\" rel=\"attachment wp-att-4986\"><img loading=\"lazy\" decoding=\"async\" class=\"alignleft size-medium wp-image-4986\" alt=\"P 2\" src=\"https:\/\/seryhumano.com\/web\/wp-content\/uploads\/2013\/07\/P-2-300x194.jpg\" width=\"300\" height=\"194\" srcset=\"https:\/\/seryhumano.com\/web\/wp-content\/uploads\/2013\/07\/P-2-300x194.jpg 300w, https:\/\/seryhumano.com\/web\/wp-content\/uploads\/2013\/07\/P-2.jpg 800w\" sizes=\"auto, (max-width: 300px) 100vw, 300px\" \/><\/a>El Papa Francisco ya vuela hacia Rio de Janeiro para presidir las Jornadas Mundiales de la Juventud, en la que pueden participar hasta 2 millones de j\u00f3venes.<\/p>\n<p>Lleg\u00f3 a su avi\u00f3n de la compa\u00f1\u00eda Alitalia con un malet\u00edn negro como equipaje de mano y salud\u00f3 en el aeropuerto de Fiumicino al primer ministro italiano, Enrico Letta, y al presidente de Italia, Giorgio Napolitano.<\/p>\n<p>\u00abLa Jornada Mundial de la Juventud es para los chicos y chicas de todo el mundo una <b>oportunidad para avanzar en el di\u00e1logo entre culturas y tradiciones<\/b>\u00ab, ha declarado Napolitano en su discurso de despedida, deseando un \u00ab<b>renovado entusiasmo <\/b>con el que su orientaci\u00f3n pastoral inspire a los corazones y las mentes de muchos de los participantes\u00bb, algo que servir\u00e1, dijo, para \u00ab<b>hacer frente en un esp\u00edritu de unidad, apertura y entusiasmo a los retos<\/b>\u00a0importantes de la sociedad contempor\u00e1nea\u00bb.<\/p>\n<p>Italia vivi\u00f3 su \u00faltima JMJ en el Jubileo del a\u00f1o 2000, cuando dos millones de j\u00f3venes llenaron la explanada de Tor Vergata.<\/p>\n<p><b><a href=\"https:\/\/seryhumano.com\/web\/?attachment_id=4988\" rel=\"attachment wp-att-4988\"><img loading=\"lazy\" decoding=\"async\" class=\"alignleft size-medium wp-image-4988\" alt=\"P 3\" src=\"https:\/\/seryhumano.com\/web\/wp-content\/uploads\/2013\/07\/P-3-300x136.jpg\" width=\"300\" height=\"136\" srcset=\"https:\/\/seryhumano.com\/web\/wp-content\/uploads\/2013\/07\/P-3-300x136.jpg 300w, https:\/\/seryhumano.com\/web\/wp-content\/uploads\/2013\/07\/P-3.jpg 620w\" sizes=\"auto, (max-width: 300px) 100vw, 300px\" \/><\/a>Hablando con periodistas<\/b><br \/>\nBenedicto XVI sol\u00eda aprovechar los vuelos papales internacionales para responder algunas preguntas a los periodistas que le acompa\u00f1aban en el avi\u00f3n, con un formato de rueda de prensa. El Papa Francisco en este vuelo -su primer viaje internacional como Pont\u00edfice- no atender\u00e1 a una rueda de prensa, sino que se sentar\u00e1 brevemente con cada periodista para saludarle personalmente.<\/p>\n<p>seryhumano.com<\/p>\n<p>Fuente: religionenlibertad.com<\/p>\n","protected":false},"excerpt":{"rendered":"<p>El Papa Francisco ya vuela hacia Rio de Janeiro para presidir las Jornadas Mundiales de la Juventud, en la que pueden participar hasta 2 millones de j\u00f3venes. Lleg\u00f3 a su avi\u00f3n de la compa\u00f1\u00eda Alitalia con un malet\u00edn negro como equipaje de mano y salud\u00f3 en el aeropuerto de Fiumicino al primer ministro italiano, Enrico&hellip;<\/p>\n","protected":false},"author":2,"featured_media":4991,"comment_status":"closed","ping_status":"closed","sticky":false,"template":"","format":"standard","meta":{"footnotes":""},"categories":[110],"tags":[111],"class_list":["post-4984","post","type-post","status-publish","format-standard","has-post-thumbnail","hentry","category-noticias","tag-slider","category-110","description-off"],"yoast_head":"<!-- This site is optimized with the Yoast SEO plugin v25.4 - https:\/\/yoast.com\/wordpress\/plugins\/seo\/ -->\n<title>El Papa Francisco ya despeg\u00f3 y vuela hacia R\u00edo &#187; SeryHumano.com<\/title>\n<meta name=\"robots\" content=\"index, follow, max-snippet:-1, max-image-preview:large, max-video-preview:-1\" \/>\n<link rel=\"canonical\" href=\"https:\/\/seryhumano.com\/web\/?p=4984\" \/>\n<meta property=\"og:locale\" content=\"es_ES\" \/>\n<meta property=\"og:type\" content=\"article\" \/>\n<meta property=\"og:title\" content=\"El Papa Francisco ya despeg\u00f3 y vuela hacia R\u00edo &#187; SeryHumano.com\" \/>\n<meta property=\"og:description\" content=\"El Papa Francisco ya vuela hacia Rio de Janeiro para presidir las Jornadas Mundiales de la Juventud, en la que pueden participar hasta 2 millones de j\u00f3venes. Lleg\u00f3 a su avi\u00f3n de la compa\u00f1\u00eda Alitalia con un malet\u00edn negro como equipaje de mano y salud\u00f3 en el aeropuerto de Fiumicino al primer ministro italiano, Enrico&hellip;\" \/>\n<meta property=\"og:url\" content=\"https:\/\/seryhumano.com\/web\/?p=4984\" \/>\n<meta property=\"og:site_name\" content=\"SeryHumano.com\" \/>\n<meta property=\"article:publisher\" content=\"https:\/\/www.facebook.com\/seryhumano\/\" \/>\n<meta property=\"article:published_time\" content=\"2013-07-22T12:40:55+00:00\" \/>\n<meta property=\"article:modified_time\" content=\"2013-07-22T12:50:01+00:00\" \/>\n<meta property=\"og:image\" content=\"https:\/\/seryhumano.com\/web\/wp-content\/uploads\/2013\/07\/featureslider_papa.jpg\" \/>\n\t<meta property=\"og:image:width\" content=\"910\" \/>\n\t<meta property=\"og:image:height\" content=\"227\" \/>\n\t<meta property=\"og:image:type\" content=\"image\/jpeg\" \/>\n<meta name=\"author\" content=\"@herrera_yosmar\" \/>\n<meta name=\"twitter:card\" content=\"summary_large_image\" \/>\n<meta name=\"twitter:creator\" content=\"@SeryHumano\" \/>\n<meta name=\"twitter:site\" content=\"@SeryHumano\" \/>\n<meta name=\"twitter:label1\" content=\"Escrito por\" \/>\n\t<meta name=\"twitter:data1\" content=\"@herrera_yosmar\" \/>\n\t<meta name=\"twitter:label2\" content=\"Tiempo de lectura\" \/>\n\t<meta name=\"twitter:data2\" content=\"1 minuto\" \/>\n<script type=\"application\/ld+json\" class=\"yoast-schema-graph\">{\"@context\":\"https:\/\/schema.org\",\"@graph\":[{\"@type\":\"Article\",\"@id\":\"https:\/\/seryhumano.com\/web\/?p=4984#article\",\"isPartOf\":{\"@id\":\"https:\/\/seryhumano.com\/web\/?p=4984\"},\"author\":{\"name\":\"@herrera_yosmar\",\"@id\":\"https:\/\/seryhumano.com\/web\/#\/schema\/person\/fd30e8e0b394a62344b44d9b0fe75795\"},\"headline\":\"El Papa Francisco ya despeg\u00f3 y vuela hacia R\u00edo\",\"datePublished\":\"2013-07-22T12:40:55+00:00\",\"dateModified\":\"2013-07-22T12:50:01+00:00\",\"mainEntityOfPage\":{\"@id\":\"https:\/\/seryhumano.com\/web\/?p=4984\"},\"wordCount\":253,\"publisher\":{\"@id\":\"https:\/\/seryhumano.com\/web\/#organization\"},\"image\":{\"@id\":\"https:\/\/seryhumano.com\/web\/?p=4984#primaryimage\"},\"thumbnailUrl\":\"https:\/\/seryhumano.com\/web\/wp-content\/uploads\/2013\/07\/featureslider_papa.jpg\",\"keywords\":[\"Slider\"],\"articleSection\":[\"Noticias\"],\"inLanguage\":\"es\"},{\"@type\":\"WebPage\",\"@id\":\"https:\/\/seryhumano.com\/web\/?p=4984\",\"url\":\"https:\/\/seryhumano.com\/web\/?p=4984\",\"name\":\"El Papa Francisco ya despeg\u00f3 y vuela hacia R\u00edo &#187; SeryHumano.com\",\"isPartOf\":{\"@id\":\"https:\/\/seryhumano.com\/web\/#website\"},\"primaryImageOfPage\":{\"@id\":\"https:\/\/seryhumano.com\/web\/?p=4984#primaryimage\"},\"image\":{\"@id\":\"https:\/\/seryhumano.com\/web\/?p=4984#primaryimage\"},\"thumbnailUrl\":\"https:\/\/seryhumano.com\/web\/wp-content\/uploads\/2013\/07\/featureslider_papa.jpg\",\"datePublished\":\"2013-07-22T12:40:55+00:00\",\"dateModified\":\"2013-07-22T12:50:01+00:00\",\"breadcrumb\":{\"@id\":\"https:\/\/seryhumano.com\/web\/?p=4984#breadcrumb\"},\"inLanguage\":\"es\",\"potentialAction\":[{\"@type\":\"ReadAction\",\"target\":[\"https:\/\/seryhumano.com\/web\/?p=4984\"]}]},{\"@type\":\"ImageObject\",\"inLanguage\":\"es\",\"@id\":\"https:\/\/seryhumano.com\/web\/?p=4984#primaryimage\",\"url\":\"https:\/\/seryhumano.com\/web\/wp-content\/uploads\/2013\/07\/featureslider_papa.jpg\",\"contentUrl\":\"https:\/\/seryhumano.com\/web\/wp-content\/uploads\/2013\/07\/featureslider_papa.jpg\",\"width\":910,\"height\":227},{\"@type\":\"BreadcrumbList\",\"@id\":\"https:\/\/seryhumano.com\/web\/?p=4984#breadcrumb\",\"itemListElement\":[{\"@type\":\"ListItem\",\"position\":1,\"name\":\"Portada\",\"item\":\"https:\/\/seryhumano.com\/web\/\"},{\"@type\":\"ListItem\",\"position\":2,\"name\":\"El Papa Francisco ya despeg\u00f3 y vuela hacia R\u00edo\"}]},{\"@type\":\"WebSite\",\"@id\":\"https:\/\/seryhumano.com\/web\/#website\",\"url\":\"https:\/\/seryhumano.com\/web\/\",\"name\":\"SeryHumano.com\",\"description\":\"Revista digital muy humana, donde lo mas importante es el Ser...\",\"publisher\":{\"@id\":\"https:\/\/seryhumano.com\/web\/#organization\"},\"potentialAction\":[{\"@type\":\"SearchAction\",\"target\":{\"@type\":\"EntryPoint\",\"urlTemplate\":\"https:\/\/seryhumano.com\/web\/?s={search_term_string}\"},\"query-input\":{\"@type\":\"PropertyValueSpecification\",\"valueRequired\":true,\"valueName\":\"search_term_string\"}}],\"inLanguage\":\"es\"},{\"@type\":\"Organization\",\"@id\":\"https:\/\/seryhumano.com\/web\/#organization\",\"name\":\"SeryHumano.com\",\"url\":\"https:\/\/seryhumano.com\/web\/\",\"logo\":{\"@type\":\"ImageObject\",\"inLanguage\":\"es\",\"@id\":\"https:\/\/seryhumano.com\/web\/#\/schema\/logo\/image\/\",\"url\":\"https:\/\/seryhumano.com\/web\/wp-content\/uploads\/2020\/02\/JNe5VRwH_400x400-2.jpg\",\"contentUrl\":\"https:\/\/seryhumano.com\/web\/wp-content\/uploads\/2020\/02\/JNe5VRwH_400x400-2.jpg\",\"width\":400,\"height\":400,\"caption\":\"SeryHumano.com\"},\"image\":{\"@id\":\"https:\/\/seryhumano.com\/web\/#\/schema\/logo\/image\/\"},\"sameAs\":[\"https:\/\/www.facebook.com\/seryhumano\/\",\"https:\/\/x.com\/SeryHumano\",\"https:\/\/www.instagram.com\/seryhumano\/\",\"https:\/\/www.linkedin.com\/company\/seryhumano-com\/\",\"https:\/\/www.youtube.com\/channel\/UCYfgIGSxygVnJAW0e9ZBZWg\"]},{\"@type\":\"Person\",\"@id\":\"https:\/\/seryhumano.com\/web\/#\/schema\/person\/fd30e8e0b394a62344b44d9b0fe75795\",\"name\":\"@herrera_yosmar\",\"description\":\"Eterna enamorada de la vida, comunicadora, mam\u00e1 de tres\",\"sameAs\":[\"http:\/\/seryhumano.com\"],\"url\":\"https:\/\/seryhumano.com\/web\/?author=2\"}]}<\/script>\n<!-- \/ Yoast SEO plugin. -->","yoast_head_json":{"title":"El Papa Francisco ya despeg\u00f3 y vuela hacia R\u00edo &#187; SeryHumano.com","robots":{"index":"index","follow":"follow","max-snippet":"max-snippet:-1","max-image-preview":"max-image-preview:large","max-video-preview":"max-video-preview:-1"},"canonical":"https:\/\/seryhumano.com\/web\/?p=4984","og_locale":"es_ES","og_type":"article","og_title":"El Papa Francisco ya despeg\u00f3 y vuela hacia R\u00edo &#187; SeryHumano.com","og_description":"El Papa Francisco ya vuela hacia Rio de Janeiro para presidir las Jornadas Mundiales de la Juventud, en la que pueden participar hasta 2 millones de j\u00f3venes. Lleg\u00f3 a su avi\u00f3n de la compa\u00f1\u00eda Alitalia con un malet\u00edn negro como equipaje de mano y salud\u00f3 en el aeropuerto de Fiumicino al primer ministro italiano, Enrico&hellip;","og_url":"https:\/\/seryhumano.com\/web\/?p=4984","og_site_name":"SeryHumano.com","article_publisher":"https:\/\/www.facebook.com\/seryhumano\/","article_published_time":"2013-07-22T12:40:55+00:00","article_modified_time":"2013-07-22T12:50:01+00:00","og_image":[{"width":910,"height":227,"url":"https:\/\/seryhumano.com\/web\/wp-content\/uploads\/2013\/07\/featureslider_papa.jpg","type":"image\/jpeg"}],"author":"@herrera_yosmar","twitter_card":"summary_large_image","twitter_creator":"@SeryHumano","twitter_site":"@SeryHumano","twitter_misc":{"Escrito por":"@herrera_yosmar","Tiempo de lectura":"1 minuto"},"schema":{"@context":"https:\/\/schema.org","@graph":[{"@type":"Article","@id":"https:\/\/seryhumano.com\/web\/?p=4984#article","isPartOf":{"@id":"https:\/\/seryhumano.com\/web\/?p=4984"},"author":{"name":"@herrera_yosmar","@id":"https:\/\/seryhumano.com\/web\/#\/schema\/person\/fd30e8e0b394a62344b44d9b0fe75795"},"headline":"El Papa Francisco ya despeg\u00f3 y vuela hacia R\u00edo","datePublished":"2013-07-22T12:40:55+00:00","dateModified":"2013-07-22T12:50:01+00:00","mainEntityOfPage":{"@id":"https:\/\/seryhumano.com\/web\/?p=4984"},"wordCount":253,"publisher":{"@id":"https:\/\/seryhumano.com\/web\/#organization"},"image":{"@id":"https:\/\/seryhumano.com\/web\/?p=4984#primaryimage"},"thumbnailUrl":"https:\/\/seryhumano.com\/web\/wp-content\/uploads\/2013\/07\/featureslider_papa.jpg","keywords":["Slider"],"articleSection":["Noticias"],"inLanguage":"es"},{"@type":"WebPage","@id":"https:\/\/seryhumano.com\/web\/?p=4984","url":"https:\/\/seryhumano.com\/web\/?p=4984","name":"El Papa Francisco ya despeg\u00f3 y vuela hacia R\u00edo &#187; SeryHumano.com","isPartOf":{"@id":"https:\/\/seryhumano.com\/web\/#website"},"primaryImageOfPage":{"@id":"https:\/\/seryhumano.com\/web\/?p=4984#primaryimage"},"image":{"@id":"https:\/\/seryhumano.com\/web\/?p=4984#primaryimage"},"thumbnailUrl":"https:\/\/seryhumano.com\/web\/wp-content\/uploads\/2013\/07\/featureslider_papa.jpg","datePublished":"2013-07-22T12:40:55+00:00","dateModified":"2013-07-22T12:50:01+00:00","breadcrumb":{"@id":"https:\/\/seryhumano.com\/web\/?p=4984#breadcrumb"},"inLanguage":"es","potentialAction":[{"@type":"ReadAction","target":["https:\/\/seryhumano.com\/web\/?p=4984"]}]},{"@type":"ImageObject","inLanguage":"es","@id":"https:\/\/seryhumano.com\/web\/?p=4984#primaryimage","url":"https:\/\/seryhumano.com\/web\/wp-content\/uploads\/2013\/07\/featureslider_papa.jpg","contentUrl":"https:\/\/seryhumano.com\/web\/wp-content\/uploads\/2013\/07\/featureslider_papa.jpg","width":910,"height":227},{"@type":"BreadcrumbList","@id":"https:\/\/seryhumano.com\/web\/?p=4984#breadcrumb","itemListElement":[{"@type":"ListItem","position":1,"name":"Portada","item":"https:\/\/seryhumano.com\/web\/"},{"@type":"ListItem","position":2,"name":"El Papa Francisco ya despeg\u00f3 y vuela hacia R\u00edo"}]},{"@type":"WebSite","@id":"https:\/\/seryhumano.com\/web\/#website","url":"https:\/\/seryhumano.com\/web\/","name":"SeryHumano.com","description":"Revista digital muy humana, donde lo mas importante es el Ser...","publisher":{"@id":"https:\/\/seryhumano.com\/web\/#organization"},"potentialAction":[{"@type":"SearchAction","target":{"@type":"EntryPoint","urlTemplate":"https:\/\/seryhumano.com\/web\/?s={search_term_string}"},"query-input":{"@type":"PropertyValueSpecification","valueRequired":true,"valueName":"search_term_string"}}],"inLanguage":"es"},{"@type":"Organization","@id":"https:\/\/seryhumano.com\/web\/#organization","name":"SeryHumano.com","url":"https:\/\/seryhumano.com\/web\/","logo":{"@type":"ImageObject","inLanguage":"es","@id":"https:\/\/seryhumano.com\/web\/#\/schema\/logo\/image\/","url":"https:\/\/seryhumano.com\/web\/wp-content\/uploads\/2020\/02\/JNe5VRwH_400x400-2.jpg","contentUrl":"https:\/\/seryhumano.com\/web\/wp-content\/uploads\/2020\/02\/JNe5VRwH_400x400-2.jpg","width":400,"height":400,"caption":"SeryHumano.com"},"image":{"@id":"https:\/\/seryhumano.com\/web\/#\/schema\/logo\/image\/"},"sameAs":["https:\/\/www.facebook.com\/seryhumano\/","https:\/\/x.com\/SeryHumano","https:\/\/www.instagram.com\/seryhumano\/","https:\/\/www.linkedin.com\/company\/seryhumano-com\/","https:\/\/www.youtube.com\/channel\/UCYfgIGSxygVnJAW0e9ZBZWg"]},{"@type":"Person","@id":"https:\/\/seryhumano.com\/web\/#\/schema\/person\/fd30e8e0b394a62344b44d9b0fe75795","name":"@herrera_yosmar","description":"Eterna enamorada de la vida, comunicadora, mam\u00e1 de tres","sameAs":["http:\/\/seryhumano.com"],"url":"https:\/\/seryhumano.com\/web\/?author=2"}]}},"_links":{"self":[{"href":"https:\/\/seryhumano.com\/web\/index.php?rest_route=\/wp\/v2\/posts\/4984","targetHints":{"allow":["GET"]}}],"collection":[{"href":"https:\/\/seryhumano.com\/web\/index.php?rest_route=\/wp\/v2\/posts"}],"about":[{"href":"https:\/\/seryhumano.com\/web\/index.php?rest_route=\/wp\/v2\/types\/post"}],"author":[{"embeddable":true,"href":"https:\/\/seryhumano.com\/web\/index.php?rest_route=\/wp\/v2\/users\/2"}],"replies":[{"embeddable":true,"href":"https:\/\/seryhumano.com\/web\/index.php?rest_route=%2Fwp%2Fv2%2Fcomments&post=4984"}],"version-history":[{"count":0,"href":"https:\/\/seryhumano.com\/web\/index.php?rest_route=\/wp\/v2\/posts\/4984\/revisions"}],"wp:featuredmedia":[{"embeddable":true,"href":"https:\/\/seryhumano.com\/web\/index.php?rest_route=\/wp\/v2\/media\/4991"}],"wp:attachment":[{"href":"https:\/\/seryhumano.com\/web\/index.php?rest_route=%2Fwp%2Fv2%2Fmedia&parent=4984"}],"wp:term":[{"taxonomy":"category","embeddable":true,"href":"https:\/\/seryhumano.com\/web\/index.php?rest_route=%2Fwp%2Fv2%2Fcategories&post=4984"},{"taxonomy":"post_tag","embeddable":true,"href":"https:\/\/seryhumano.com\/web\/index.php?rest_route=%2Fwp%2Fv2%2Ftags&post=4984"}],"curies":[{"name":"wp","href":"https:\/\/api.w.org\/{rel}","templated":true}]}}