{"id":5050,"date":"2013-07-25T06:37:00","date_gmt":"2013-07-25T11:07:00","guid":{"rendered":"https:\/\/seryhumano.com\/web\/?p=5050"},"modified":"2013-07-25T09:13:12","modified_gmt":"2013-07-25T13:43:12","slug":"somos-humanos-somos-humanos","status":"publish","type":"post","link":"https:\/\/seryhumano.com\/web\/?p=5050","title":{"rendered":"\u00abSomos humanos, somos humanos\u00bb"},"content":{"rendered":"<p><i><a href=\"https:\/\/seryhumano.com\/web\/?attachment_id=5051\" rel=\"attachment wp-att-5051\"><img loading=\"lazy\" decoding=\"async\" class=\"alignleft size-full wp-image-5051\" alt=\"Santiago\" src=\"https:\/\/seryhumano.com\/web\/wp-content\/uploads\/2013\/07\/Santiago.jpg\" width=\"232\" height=\"217\" \/><\/a>\u00abSi alguno est\u00e1 triste, que rece. Si alguno se enferma, que llamen a los presb\u00edteros y lo unjan con aceite santo, y esa oraci\u00f3n le aprovechar\u00e1 mucho al enfermo\u00bb <\/i><b>Carta de Santiago<\/b><\/p>\n<p>Ning\u00fan acto pol\u00edtico, ni festivo, ni social en Galicia ha resistido el impacto brutal del accidente de tren en Santiago de Compostela que\u00a0<b>ha causado 78 muertos y m\u00e1s de 130 heridos, 20 de ellos muy graves<\/b>, sobre un total de 220 pasajeros.<br \/>\nEs el D\u00eda de Santiago Ap\u00f3stol, la fiesta de Galicia&#8230; y la multitud de actos p\u00fablicos se han cancelado.<\/p>\n<p>Solo queda uno: la misa.<\/p>\n<p>Galicia -y no solo Galicia- se vuelve hoy a Dios en oraci\u00f3n (<b>es d\u00eda de precepto en toda Espa\u00f1a y los cat\u00f3licos est\u00e1n convocados a los templos)<\/b>\u00a0y pide la intercesi\u00f3n de Santiago Ap\u00f3stol, \u00abamigo del Se\u00f1or\u00bb, como recuerda su himno.<\/p>\n<p>El arzobispo de Santiago, Juli\u00e1n Barrio, ha hablado en la cadena Cope y ha expresado su esperanza de que el Ap\u00f3stol Santiago haya acompa\u00f1ado a las v\u00edctimas ante las puertas celestiales: \u00abComparto la gran consternaci\u00f3n y el profundo dolor que ha supuesto este grav\u00edsimo accidente ferroviario en el que han perdido la vida 77 personas [a las 11.23, ya eran 78]. Rezamos por ellas para que el Se\u00f1or las haya acogido en su bondadosa misericordia.\u00a0<b>Yo he pensado esta noche que el Ap\u00f3stol Santiago les habr\u00e1 acompa\u00f1ado al P\u00f3rtico de la Gloria\u00bb,\u00a0<\/b>expres\u00f3 el arzobispo.<a href=\"https:\/\/seryhumano.com\/web\/?attachment_id=5052\" rel=\"attachment wp-att-5052\"><img loading=\"lazy\" decoding=\"async\" class=\"alignright size-medium wp-image-5052\" alt=\"Accidente\" src=\"https:\/\/seryhumano.com\/web\/wp-content\/uploads\/2013\/07\/Accidente-300x152.jpg\" width=\"300\" height=\"152\" srcset=\"https:\/\/seryhumano.com\/web\/wp-content\/uploads\/2013\/07\/Accidente-300x152.jpg 300w, https:\/\/seryhumano.com\/web\/wp-content\/uploads\/2013\/07\/Accidente.jpg 314w\" sizes=\"auto, (max-width: 300px) 100vw, 300px\" \/><\/a><\/p>\n<p>\u00abPedimos, movidos por la fe, para que los heridos se vayan recuperando y, por supuesto, tenemos muy presentes la aflicci\u00f3n y el dolor de las familias para que el Se\u00f1or les conceda esa serenidad, esa paz y ese consuelo que, sin duda alguna, necesitan. Hoy de manera especial nosotros celebraremos la festividad del Ap\u00f3stol, pero\u00a0<b>esperamos poder tener una celebraci\u00f3n propia y espec\u00edfica por las v\u00edctimas de este accidente ferroviario<\/b>\u00ab, adelant\u00f3 el arzobispo.<\/p>\n<p><b>Desde R\u00edo, las condolencias del Papa<\/b><br \/>\nDesde R\u00edo de Janeiro lleg\u00f3 el mensaje de condolencia del Papa Francisco a trav\u00e9s del padre Lombardi, responsable de Prensa de la Santa Sede, quien pidi\u00f3 a la multitud de periodistas de todo el mundo reunidos\u00a0<b>en la rueda de prensa un minuto de silencio por las v\u00edctimas.<\/b><\/p>\n<p><a href=\"https:\/\/seryhumano.com\/web\/?attachment_id=5055\" rel=\"attachment wp-att-5055\"><img loading=\"lazy\" decoding=\"async\" class=\"alignleft size-medium wp-image-5055\" alt=\"papa_en_misa_efe_3\" src=\"https:\/\/seryhumano.com\/web\/wp-content\/uploads\/2013\/07\/papa_en_misa_efe_3-300x201.jpg\" width=\"300\" height=\"201\" srcset=\"https:\/\/seryhumano.com\/web\/wp-content\/uploads\/2013\/07\/papa_en_misa_efe_3-300x201.jpg 300w, https:\/\/seryhumano.com\/web\/wp-content\/uploads\/2013\/07\/papa_en_misa_efe_3.jpg 418w\" sizes=\"auto, (max-width: 300px) 100vw, 300px\" \/><\/a>El Pont\u00edfice \u00abreza por las v\u00edctimas\u00bb, agreg\u00f3 Lombardi, que se\u00f1al\u00f3 que el accidente se ha producido en la vigilia de la festividad del ap\u00f3stol Santiago y que posiblemente entre los muertos pueda encontrarse alg\u00fan peregrino que iba a Compostela.<\/p>\n<p><b>El mayor luto de Galicia<\/b><br \/>\nEl Gobierno gallego ha decretado 7 d\u00edas de luto, el mayor luto en la historia de la autonom\u00eda gallega. La corporaci\u00f3n de Santiago tambi\u00e9n aprob\u00f3 la declaraci\u00f3n de siete d\u00edas de luto oficial.<\/p>\n<p>En un comunicado, e<b>l Arzobispado ha concretado que \u00abse anula el car\u00e1cter festivo\u00bb de la solemnidad del Ap\u00f3stol<\/b>\u00a0y se suspende la procesi\u00f3n del patronato y la celebraci\u00f3n oficial de la Ofrenda Nacional, en la que estaba previsto que el presidente gallego, Alberto N\u00fa\u00f1ez Feij\u00f3o, ejerciese de delegado regio. Los festejos, fuegos y celebraciones populares con motivo del santo patrono de Galicia y Espa\u00f1a fueron cancelados.<\/p>\n<p><a href=\"https:\/\/seryhumano.com\/web\/?attachment_id=5057\" rel=\"attachment wp-att-5057\"><img loading=\"lazy\" decoding=\"async\" class=\"alignleft size-medium wp-image-5057\" alt=\"2013_7_25_etaYPCblSlBb4sWDoMJ0f2\" src=\"https:\/\/seryhumano.com\/web\/wp-content\/uploads\/2013\/07\/2013_7_25_etaYPCblSlBb4sWDoMJ0f2-300x199.jpg\" width=\"300\" height=\"199\" srcset=\"https:\/\/seryhumano.com\/web\/wp-content\/uploads\/2013\/07\/2013_7_25_etaYPCblSlBb4sWDoMJ0f2-300x199.jpg 300w, https:\/\/seryhumano.com\/web\/wp-content\/uploads\/2013\/07\/2013_7_25_etaYPCblSlBb4sWDoMJ0f2.jpg 642w\" sizes=\"auto, (max-width: 300px) 100vw, 300px\" \/><\/a>Se trata de\u00a0<b>la mayor tragedia ferroviaria en el mundo en 2013<\/b>\u00a0y la peor en Espa\u00f1a en los \u00faltimos cuarenta a\u00f1os<br \/>\nLas causas del accidente no est\u00e1n claras. Los medios de comunicaci\u00f3n han difundido unas supuestas palabras del maquinista, que se habr\u00eda comunicado con Renfe (los ferrocarriles espa\u00f1oles) justo antes del siniestro diciendo: \u00abVoy a 190 y voy a descarrilar. <i>Somos humanos. Somos humanos<\/i>. Espero que no haya muertos porque caer\u00e1n sobre mi conciencia\u00bb.<br \/>\nPero muchos t\u00e9cnicos se\u00f1alan que se trataba de un tren con sistemas muy modernos de automatizaci\u00f3n y que un accidente de este tipo no se suele deber s\u00f3lo a un fallo humano, sino a una suma de factores.<\/p>\n<p>seryhumano.com<\/p>\n<p>Fuente: religionenlibertad.com<\/p>\n","protected":false},"excerpt":{"rendered":"<p>\u00abSi alguno est\u00e1 triste, que rece. Si alguno se enferma, que llamen a los presb\u00edteros y lo unjan con aceite santo, y esa oraci\u00f3n le aprovechar\u00e1 mucho al enfermo\u00bb Carta de Santiago Ning\u00fan acto pol\u00edtico, ni festivo, ni social en Galicia ha resistido el impacto brutal del accidente de tren en Santiago de Compostela que\u00a0ha&hellip;<\/p>\n","protected":false},"author":2,"featured_media":5077,"comment_status":"closed","ping_status":"closed","sticky":false,"template":"","format":"standard","meta":{"footnotes":""},"categories":[110],"tags":[111],"class_list":["post-5050","post","type-post","status-publish","format-standard","has-post-thumbnail","hentry","category-noticias","tag-slider","category-110","description-off"],"yoast_head":"<!-- This site is optimized with the Yoast SEO plugin v25.4 - https:\/\/yoast.com\/wordpress\/plugins\/seo\/ -->\n<title>&quot;Somos humanos, somos humanos&quot; &#187; SeryHumano.com<\/title>\n<meta name=\"robots\" content=\"index, follow, max-snippet:-1, max-image-preview:large, max-video-preview:-1\" \/>\n<link rel=\"canonical\" href=\"https:\/\/seryhumano.com\/web\/?p=5050\" \/>\n<meta property=\"og:locale\" content=\"es_ES\" \/>\n<meta property=\"og:type\" content=\"article\" \/>\n<meta property=\"og:title\" content=\"&quot;Somos humanos, somos humanos&quot; &#187; SeryHumano.com\" \/>\n<meta property=\"og:description\" content=\"\u00abSi alguno est\u00e1 triste, que rece. Si alguno se enferma, que llamen a los presb\u00edteros y lo unjan con aceite santo, y esa oraci\u00f3n le aprovechar\u00e1 mucho al enfermo\u00bb Carta de Santiago Ning\u00fan acto pol\u00edtico, ni festivo, ni social en Galicia ha resistido el impacto brutal del accidente de tren en Santiago de Compostela que\u00a0ha&hellip;\" \/>\n<meta property=\"og:url\" content=\"https:\/\/seryhumano.com\/web\/?p=5050\" \/>\n<meta property=\"og:site_name\" content=\"SeryHumano.com\" \/>\n<meta property=\"article:publisher\" content=\"https:\/\/www.facebook.com\/seryhumano\/\" \/>\n<meta property=\"article:published_time\" content=\"2013-07-25T11:07:00+00:00\" \/>\n<meta property=\"article:modified_time\" content=\"2013-07-25T13:43:12+00:00\" \/>\n<meta property=\"og:image\" content=\"https:\/\/seryhumano.com\/web\/wp-content\/uploads\/2013\/07\/featureslider_tren.jpg\" \/>\n\t<meta property=\"og:image:width\" content=\"910\" \/>\n\t<meta property=\"og:image:height\" content=\"227\" \/>\n\t<meta property=\"og:image:type\" content=\"image\/jpeg\" \/>\n<meta name=\"author\" content=\"@herrera_yosmar\" \/>\n<meta name=\"twitter:card\" content=\"summary_large_image\" \/>\n<meta name=\"twitter:creator\" content=\"@SeryHumano\" \/>\n<meta name=\"twitter:site\" content=\"@SeryHumano\" \/>\n<meta name=\"twitter:label1\" content=\"Escrito por\" \/>\n\t<meta name=\"twitter:data1\" content=\"@herrera_yosmar\" \/>\n\t<meta name=\"twitter:label2\" content=\"Tiempo de lectura\" \/>\n\t<meta name=\"twitter:data2\" content=\"3 minutos\" \/>\n<script type=\"application\/ld+json\" class=\"yoast-schema-graph\">{\"@context\":\"https:\/\/schema.org\",\"@graph\":[{\"@type\":\"Article\",\"@id\":\"https:\/\/seryhumano.com\/web\/?p=5050#article\",\"isPartOf\":{\"@id\":\"https:\/\/seryhumano.com\/web\/?p=5050\"},\"author\":{\"name\":\"@herrera_yosmar\",\"@id\":\"https:\/\/seryhumano.com\/web\/#\/schema\/person\/fd30e8e0b394a62344b44d9b0fe75795\"},\"headline\":\"\u00abSomos humanos, somos humanos\u00bb\",\"datePublished\":\"2013-07-25T11:07:00+00:00\",\"dateModified\":\"2013-07-25T13:43:12+00:00\",\"mainEntityOfPage\":{\"@id\":\"https:\/\/seryhumano.com\/web\/?p=5050\"},\"wordCount\":682,\"publisher\":{\"@id\":\"https:\/\/seryhumano.com\/web\/#organization\"},\"image\":{\"@id\":\"https:\/\/seryhumano.com\/web\/?p=5050#primaryimage\"},\"thumbnailUrl\":\"https:\/\/seryhumano.com\/web\/wp-content\/uploads\/2013\/07\/featureslider_tren.jpg\",\"keywords\":[\"Slider\"],\"articleSection\":[\"Noticias\"],\"inLanguage\":\"es\"},{\"@type\":\"WebPage\",\"@id\":\"https:\/\/seryhumano.com\/web\/?p=5050\",\"url\":\"https:\/\/seryhumano.com\/web\/?p=5050\",\"name\":\"\\\"Somos humanos, somos humanos\\\" &#187; SeryHumano.com\",\"isPartOf\":{\"@id\":\"https:\/\/seryhumano.com\/web\/#website\"},\"primaryImageOfPage\":{\"@id\":\"https:\/\/seryhumano.com\/web\/?p=5050#primaryimage\"},\"image\":{\"@id\":\"https:\/\/seryhumano.com\/web\/?p=5050#primaryimage\"},\"thumbnailUrl\":\"https:\/\/seryhumano.com\/web\/wp-content\/uploads\/2013\/07\/featureslider_tren.jpg\",\"datePublished\":\"2013-07-25T11:07:00+00:00\",\"dateModified\":\"2013-07-25T13:43:12+00:00\",\"breadcrumb\":{\"@id\":\"https:\/\/seryhumano.com\/web\/?p=5050#breadcrumb\"},\"inLanguage\":\"es\",\"potentialAction\":[{\"@type\":\"ReadAction\",\"target\":[\"https:\/\/seryhumano.com\/web\/?p=5050\"]}]},{\"@type\":\"ImageObject\",\"inLanguage\":\"es\",\"@id\":\"https:\/\/seryhumano.com\/web\/?p=5050#primaryimage\",\"url\":\"https:\/\/seryhumano.com\/web\/wp-content\/uploads\/2013\/07\/featureslider_tren.jpg\",\"contentUrl\":\"https:\/\/seryhumano.com\/web\/wp-content\/uploads\/2013\/07\/featureslider_tren.jpg\",\"width\":910,\"height\":227},{\"@type\":\"BreadcrumbList\",\"@id\":\"https:\/\/seryhumano.com\/web\/?p=5050#breadcrumb\",\"itemListElement\":[{\"@type\":\"ListItem\",\"position\":1,\"name\":\"Portada\",\"item\":\"https:\/\/seryhumano.com\/web\/\"},{\"@type\":\"ListItem\",\"position\":2,\"name\":\"\u00abSomos humanos, somos humanos\u00bb\"}]},{\"@type\":\"WebSite\",\"@id\":\"https:\/\/seryhumano.com\/web\/#website\",\"url\":\"https:\/\/seryhumano.com\/web\/\",\"name\":\"SeryHumano.com\",\"description\":\"Revista digital muy humana, donde lo mas importante es el Ser...\",\"publisher\":{\"@id\":\"https:\/\/seryhumano.com\/web\/#organization\"},\"potentialAction\":[{\"@type\":\"SearchAction\",\"target\":{\"@type\":\"EntryPoint\",\"urlTemplate\":\"https:\/\/seryhumano.com\/web\/?s={search_term_string}\"},\"query-input\":{\"@type\":\"PropertyValueSpecification\",\"valueRequired\":true,\"valueName\":\"search_term_string\"}}],\"inLanguage\":\"es\"},{\"@type\":\"Organization\",\"@id\":\"https:\/\/seryhumano.com\/web\/#organization\",\"name\":\"SeryHumano.com\",\"url\":\"https:\/\/seryhumano.com\/web\/\",\"logo\":{\"@type\":\"ImageObject\",\"inLanguage\":\"es\",\"@id\":\"https:\/\/seryhumano.com\/web\/#\/schema\/logo\/image\/\",\"url\":\"https:\/\/seryhumano.com\/web\/wp-content\/uploads\/2020\/02\/JNe5VRwH_400x400-2.jpg\",\"contentUrl\":\"https:\/\/seryhumano.com\/web\/wp-content\/uploads\/2020\/02\/JNe5VRwH_400x400-2.jpg\",\"width\":400,\"height\":400,\"caption\":\"SeryHumano.com\"},\"image\":{\"@id\":\"https:\/\/seryhumano.com\/web\/#\/schema\/logo\/image\/\"},\"sameAs\":[\"https:\/\/www.facebook.com\/seryhumano\/\",\"https:\/\/x.com\/SeryHumano\",\"https:\/\/www.instagram.com\/seryhumano\/\",\"https:\/\/www.linkedin.com\/company\/seryhumano-com\/\",\"https:\/\/www.youtube.com\/channel\/UCYfgIGSxygVnJAW0e9ZBZWg\"]},{\"@type\":\"Person\",\"@id\":\"https:\/\/seryhumano.com\/web\/#\/schema\/person\/fd30e8e0b394a62344b44d9b0fe75795\",\"name\":\"@herrera_yosmar\",\"description\":\"Eterna enamorada de la vida, comunicadora, mam\u00e1 de tres\",\"sameAs\":[\"http:\/\/seryhumano.com\"],\"url\":\"https:\/\/seryhumano.com\/web\/?author=2\"}]}<\/script>\n<!-- \/ Yoast SEO plugin. -->","yoast_head_json":{"title":"\"Somos humanos, somos humanos\" &#187; SeryHumano.com","robots":{"index":"index","follow":"follow","max-snippet":"max-snippet:-1","max-image-preview":"max-image-preview:large","max-video-preview":"max-video-preview:-1"},"canonical":"https:\/\/seryhumano.com\/web\/?p=5050","og_locale":"es_ES","og_type":"article","og_title":"\"Somos humanos, somos humanos\" &#187; SeryHumano.com","og_description":"\u00abSi alguno est\u00e1 triste, que rece. Si alguno se enferma, que llamen a los presb\u00edteros y lo unjan con aceite santo, y esa oraci\u00f3n le aprovechar\u00e1 mucho al enfermo\u00bb Carta de Santiago Ning\u00fan acto pol\u00edtico, ni festivo, ni social en Galicia ha resistido el impacto brutal del accidente de tren en Santiago de Compostela que\u00a0ha&hellip;","og_url":"https:\/\/seryhumano.com\/web\/?p=5050","og_site_name":"SeryHumano.com","article_publisher":"https:\/\/www.facebook.com\/seryhumano\/","article_published_time":"2013-07-25T11:07:00+00:00","article_modified_time":"2013-07-25T13:43:12+00:00","og_image":[{"width":910,"height":227,"url":"https:\/\/seryhumano.com\/web\/wp-content\/uploads\/2013\/07\/featureslider_tren.jpg","type":"image\/jpeg"}],"author":"@herrera_yosmar","twitter_card":"summary_large_image","twitter_creator":"@SeryHumano","twitter_site":"@SeryHumano","twitter_misc":{"Escrito por":"@herrera_yosmar","Tiempo de lectura":"3 minutos"},"schema":{"@context":"https:\/\/schema.org","@graph":[{"@type":"Article","@id":"https:\/\/seryhumano.com\/web\/?p=5050#article","isPartOf":{"@id":"https:\/\/seryhumano.com\/web\/?p=5050"},"author":{"name":"@herrera_yosmar","@id":"https:\/\/seryhumano.com\/web\/#\/schema\/person\/fd30e8e0b394a62344b44d9b0fe75795"},"headline":"\u00abSomos humanos, somos humanos\u00bb","datePublished":"2013-07-25T11:07:00+00:00","dateModified":"2013-07-25T13:43:12+00:00","mainEntityOfPage":{"@id":"https:\/\/seryhumano.com\/web\/?p=5050"},"wordCount":682,"publisher":{"@id":"https:\/\/seryhumano.com\/web\/#organization"},"image":{"@id":"https:\/\/seryhumano.com\/web\/?p=5050#primaryimage"},"thumbnailUrl":"https:\/\/seryhumano.com\/web\/wp-content\/uploads\/2013\/07\/featureslider_tren.jpg","keywords":["Slider"],"articleSection":["Noticias"],"inLanguage":"es"},{"@type":"WebPage","@id":"https:\/\/seryhumano.com\/web\/?p=5050","url":"https:\/\/seryhumano.com\/web\/?p=5050","name":"\"Somos humanos, somos humanos\" &#187; SeryHumano.com","isPartOf":{"@id":"https:\/\/seryhumano.com\/web\/#website"},"primaryImageOfPage":{"@id":"https:\/\/seryhumano.com\/web\/?p=5050#primaryimage"},"image":{"@id":"https:\/\/seryhumano.com\/web\/?p=5050#primaryimage"},"thumbnailUrl":"https:\/\/seryhumano.com\/web\/wp-content\/uploads\/2013\/07\/featureslider_tren.jpg","datePublished":"2013-07-25T11:07:00+00:00","dateModified":"2013-07-25T13:43:12+00:00","breadcrumb":{"@id":"https:\/\/seryhumano.com\/web\/?p=5050#breadcrumb"},"inLanguage":"es","potentialAction":[{"@type":"ReadAction","target":["https:\/\/seryhumano.com\/web\/?p=5050"]}]},{"@type":"ImageObject","inLanguage":"es","@id":"https:\/\/seryhumano.com\/web\/?p=5050#primaryimage","url":"https:\/\/seryhumano.com\/web\/wp-content\/uploads\/2013\/07\/featureslider_tren.jpg","contentUrl":"https:\/\/seryhumano.com\/web\/wp-content\/uploads\/2013\/07\/featureslider_tren.jpg","width":910,"height":227},{"@type":"BreadcrumbList","@id":"https:\/\/seryhumano.com\/web\/?p=5050#breadcrumb","itemListElement":[{"@type":"ListItem","position":1,"name":"Portada","item":"https:\/\/seryhumano.com\/web\/"},{"@type":"ListItem","position":2,"name":"\u00abSomos humanos, somos humanos\u00bb"}]},{"@type":"WebSite","@id":"https:\/\/seryhumano.com\/web\/#website","url":"https:\/\/seryhumano.com\/web\/","name":"SeryHumano.com","description":"Revista digital muy humana, donde lo mas importante es el Ser...","publisher":{"@id":"https:\/\/seryhumano.com\/web\/#organization"},"potentialAction":[{"@type":"SearchAction","target":{"@type":"EntryPoint","urlTemplate":"https:\/\/seryhumano.com\/web\/?s={search_term_string}"},"query-input":{"@type":"PropertyValueSpecification","valueRequired":true,"valueName":"search_term_string"}}],"inLanguage":"es"},{"@type":"Organization","@id":"https:\/\/seryhumano.com\/web\/#organization","name":"SeryHumano.com","url":"https:\/\/seryhumano.com\/web\/","logo":{"@type":"ImageObject","inLanguage":"es","@id":"https:\/\/seryhumano.com\/web\/#\/schema\/logo\/image\/","url":"https:\/\/seryhumano.com\/web\/wp-content\/uploads\/2020\/02\/JNe5VRwH_400x400-2.jpg","contentUrl":"https:\/\/seryhumano.com\/web\/wp-content\/uploads\/2020\/02\/JNe5VRwH_400x400-2.jpg","width":400,"height":400,"caption":"SeryHumano.com"},"image":{"@id":"https:\/\/seryhumano.com\/web\/#\/schema\/logo\/image\/"},"sameAs":["https:\/\/www.facebook.com\/seryhumano\/","https:\/\/x.com\/SeryHumano","https:\/\/www.instagram.com\/seryhumano\/","https:\/\/www.linkedin.com\/company\/seryhumano-com\/","https:\/\/www.youtube.com\/channel\/UCYfgIGSxygVnJAW0e9ZBZWg"]},{"@type":"Person","@id":"https:\/\/seryhumano.com\/web\/#\/schema\/person\/fd30e8e0b394a62344b44d9b0fe75795","name":"@herrera_yosmar","description":"Eterna enamorada de la vida, comunicadora, mam\u00e1 de tres","sameAs":["http:\/\/seryhumano.com"],"url":"https:\/\/seryhumano.com\/web\/?author=2"}]}},"_links":{"self":[{"href":"https:\/\/seryhumano.com\/web\/index.php?rest_route=\/wp\/v2\/posts\/5050","targetHints":{"allow":["GET"]}}],"collection":[{"href":"https:\/\/seryhumano.com\/web\/index.php?rest_route=\/wp\/v2\/posts"}],"about":[{"href":"https:\/\/seryhumano.com\/web\/index.php?rest_route=\/wp\/v2\/types\/post"}],"author":[{"embeddable":true,"href":"https:\/\/seryhumano.com\/web\/index.php?rest_route=\/wp\/v2\/users\/2"}],"replies":[{"embeddable":true,"href":"https:\/\/seryhumano.com\/web\/index.php?rest_route=%2Fwp%2Fv2%2Fcomments&post=5050"}],"version-history":[{"count":0,"href":"https:\/\/seryhumano.com\/web\/index.php?rest_route=\/wp\/v2\/posts\/5050\/revisions"}],"wp:featuredmedia":[{"embeddable":true,"href":"https:\/\/seryhumano.com\/web\/index.php?rest_route=\/wp\/v2\/media\/5077"}],"wp:attachment":[{"href":"https:\/\/seryhumano.com\/web\/index.php?rest_route=%2Fwp%2Fv2%2Fmedia&parent=5050"}],"wp:term":[{"taxonomy":"category","embeddable":true,"href":"https:\/\/seryhumano.com\/web\/index.php?rest_route=%2Fwp%2Fv2%2Fcategories&post=5050"},{"taxonomy":"post_tag","embeddable":true,"href":"https:\/\/seryhumano.com\/web\/index.php?rest_route=%2Fwp%2Fv2%2Ftags&post=5050"}],"curies":[{"name":"wp","href":"https:\/\/api.w.org\/{rel}","templated":true}]}}