{"id":5059,"date":"2013-07-25T07:45:21","date_gmt":"2013-07-25T12:15:21","guid":{"rendered":"https:\/\/seryhumano.com\/web\/?p=5059"},"modified":"2013-07-25T09:08:41","modified_gmt":"2013-07-25T13:38:41","slug":"bicicletas-reclinadas","status":"publish","type":"post","link":"https:\/\/seryhumano.com\/web\/?p=5059","title":{"rendered":"Bicicletas reclinadas"},"content":{"rendered":"<p><a href=\"https:\/\/seryhumano.com\/web\/?attachment_id=5060\" rel=\"attachment wp-att-5060\"><img loading=\"lazy\" decoding=\"async\" class=\"alignleft size-medium wp-image-5060\" alt=\"bicicleta-reclinada-\" src=\"https:\/\/seryhumano.com\/web\/wp-content\/uploads\/2013\/07\/bicicleta-reclinada--300x225.jpg\" width=\"300\" height=\"225\" srcset=\"https:\/\/seryhumano.com\/web\/wp-content\/uploads\/2013\/07\/bicicleta-reclinada--300x225.jpg 300w, https:\/\/seryhumano.com\/web\/wp-content\/uploads\/2013\/07\/bicicleta-reclinada-.jpg 450w\" sizes=\"auto, (max-width: 300px) 100vw, 300px\" \/><\/a>La posici\u00f3n del ciclista en una bicicleta reclinada es horizontal, y su cuadro es m\u00e1s alargado, de forma que se apoya toda la espalda en un asiento ergon\u00f3mico. Por ello, sus usuarios destacan varias\u00a0<b>ventajas<\/b>. Algunos incluso aseguran que son \u00abel futuro del ciclismo\u00bb, y que una vez que se prueban ya no se quiere ir m\u00e1s en las\u00a0<b>convencionales, a las que\u00a0denominan\u00a0\u00abpotros de tortura\u00bb<\/b>:<\/p>\n<p><i>M\u00e1s c\u00f3modas y confortables<\/i><i>:<\/i> el ciclista reparte mejor su peso y su presi\u00f3n. Espalda, hombros, cervicales, brazos, mu\u00f1ecas y, sobre todo, trasero no sufren como en las convencionales. \u00a0As\u00ed lo se\u00f1ala por ejemplo un\u00a0<a href=\"http:\/\/www.granabike.com\/foro\/25-bicicletas-reclinadas\/16900-comparativa-de-afectaciones-a-la-salud-convencional-versus-reclinada.html\" target=\"_blank\">estudio<\/a>\u00a0que compara los efectos en la salud de ambos tipos de bicicletas. La postura tambi\u00e9n supone pasar menos fr\u00edo en invierno y menos calor en verano, un confort que aumenta con los parabrisas aerodin\u00e1micos.<\/p>\n<p><i>M\u00e1s aerodin\u00e1micas y r\u00e1pidas<\/i><i>:<\/i> su\u00a0<a href=\"http:\/\/www.3ike.es\/noticias-bicicletas-y-reclinadas\/preguntas-frecuentes\" target=\"_blank\">resistencia al viento<\/a>\u00a0es del 60% respecto a la de una convencional. Su usuario puede pedalear con mayor fuerza al apoyarse en el asiento y las combinaciones de plato y pi\u00f1\u00f3n pueden ser mayores. Todo ello se traduce en una mayor velocidad que las convencionales en llano y, sobre todo, en bajadas. Los r\u00e9cords de velocidad con veh\u00edculos de <i>propulsi\u00f3n humana<\/i> los poseen modelos reclinados. El canadiense Sam Whittinghan\u00a0<a href=\"http:\/\/www.20minutos.es\/noticia\/79789\/0\/bicicleta\/Cuidado\/radares\/\" target=\"_blank\">alcanz\u00f3<\/a>\u00a0los 130 km\/h con una de ellas. La Uni\u00f3n Ciclista Internacional (UCI) las\u00a0<a href=\"http:\/\/vivirenbicicleta.info\/rec_prohibido.es.html\" target=\"_blank\">prohibi\u00f3<\/a>\u00a0en 1934 para competiciones oficiales por superar claramente a las convencionales, una decisi\u00f3n que las apart\u00f3 del p\u00fablico general.<\/p>\n<p><i>Se disfruta m\u00e1s de las vistas<\/i><i>:<\/i> la visibilidad es mayor, su usuario posee una perspectiva m\u00e1s natural y panor\u00e1mica, sin la postura forzada de las convencionales.<\/p>\n<p><i>M\u00e1s seguras<\/i><i>:<\/i> al ir reclinados y m\u00e1s cerca del suelo, las ca\u00eddas tienen en principio menos efectos negativos. Adem\u00e1s, se pueden frenar con mayor \u00abdureza\u00bb, tienen un mejor apoyo y un menor riesgo de vuelco hacia delante. En las curvas se puede pedalear sin tocar el suelo con los pedales.<a href=\"https:\/\/seryhumano.com\/web\/?attachment_id=5064\" rel=\"attachment wp-att-5064\"><img loading=\"lazy\" decoding=\"async\" class=\"alignright size-full wp-image-5064\" alt=\"images (39)\" src=\"https:\/\/seryhumano.com\/web\/wp-content\/uploads\/2013\/07\/images-39.jpg\" width=\"275\" height=\"183\" \/><\/a><\/p>\n<p><i>Pueden llevar m\u00e1s y mejor equipaje<\/i><i>:<\/i> alforjas o similares se pueden distribuir mejor y en mayor cantidad, tanto en los laterales como bajo el asiento. No hay riesgo de tocarlas con los tacones al pedalear, como ocurre a veces con las convencionales.<\/p>\n<p><b>C\u00f3mo conseguir una bici reclinada y saber m\u00e1s de ellas<\/b><\/p>\n<p>Dependiendo de los modelos, los sillines de algunas son m\u00e1s bien sillones, que permiten reposar gl\u00fateos, hombros y cabeza. El manillar puede estar tanto por encima (al estilo de las motos \u00abchopper\u00bb) como por debajo del asiento. Las ruedas pueden ser de diferentes tama\u00f1os, aunque normalmente la delantera es m\u00e1s peque\u00f1a. El pedalier se puede encontrar en varios lugares, aunque la posici\u00f3n m\u00e1s com\u00fan es delante de la rueda delantera.<\/p>\n<p>Algunos de sus usuarios se han organizado para\u00a0<b>intercambiar informaci\u00f3n, experiencias u organizar salidas<\/b>. En la web \u00ab<a href=\"http:\/\/www.caminalavida.com\/inicio\/labicireclinada.html\" target=\"_blank\">Camina la Vida<\/a>\u00bb proponen cursos de iniciaci\u00f3n,\u00a0<a href=\"http:\/\/www.caminalavida.com\/fotosvideos.html\" target=\"_blank\">fotos y v\u00eddeos<\/a>\u00a0o diversas rutas para realizar en verano, por lugares tan bellos como la Costa Brava o La Garrotxa en Catalu\u00f1a, o el Canal du midi et de la Robine, en Francia, \u00abel para\u00edso de los cicloturistas\u00bb. La revista on line &#8216;<a href=\"http:\/\/issuu.com\/brzone\/docs\/brzone\" target=\"_blank\">BRzone<\/a>&#8216; est\u00e1 especializada en bicicletas y triciclos reclinados. El foro de debate\u00a0<a href=\"http:\/\/www.granabike.com\/foro\/25-bicicletas-reclinadas.html\" target=\"_blank\">Granabike<\/a> re\u00fane a los usuarios de estas bicis para compartir datos, proyectos de autoconstrucci\u00f3n, materiales, etc.<\/p>\n<p><b><a href=\"https:\/\/seryhumano.com\/web\/?attachment_id=5061\" rel=\"attachment wp-att-5061\"><img loading=\"lazy\" decoding=\"async\" class=\"alignleft size-full wp-image-5061\" alt=\"images (38)\" src=\"https:\/\/seryhumano.com\/web\/wp-content\/uploads\/2013\/07\/images-38.jpg\" width=\"291\" height=\"173\" \/><\/a>Desaf\u00edos de las bicicletas reclinadas<\/b><\/p>\n<p>Las bicicletas reclinadas tienen varios desaf\u00edos que superar para generalizarse. En cualquier caso, sus defensores\u00a0<a href=\"http:\/\/nosinmibici.com\/2010\/07\/27\/la-bicicleta-reclinada\/\" target=\"_blank\">se\u00f1alan<\/a>\u00a0que no son insalvables y que las ventajas merecen la pena, en especial para un uso ciclotur\u00edstico normal:<\/p>\n<ul>\n<li><b>M\u00e1s caras<\/b>: al ser poco conocidas, no se fabrican en masa y su precio es mayor. Como sus componentes son similares a los de las convencionales, algunos usuarios se animan incluso a fabricarlas.<\/li>\n<li><b>Pesan m\u00e1s y suben peor las cuestas<\/b>: son algunos kilos m\u00e1s pesadas, aunque con la mejora en el dise\u00f1o y los materiales se nota cada vez menos. Por su forma y tama\u00f1o son m\u00e1s dif\u00edciles de guardar en casa, de transportar, etc., y hay que organizarse mejor. En las cuestas no son tan r\u00e1pidas como las convencionales, pero sus defensores aseguran que no es tanta la diferencia.<\/li>\n<li><b>Requieren un aprendizaje previo<\/b>: su forma de utilizarlas es diferente, pero como ocurre con las convencionales, se aprende con la pr\u00e1ctica. Adem\u00e1s, ponen en acci\u00f3n otros m\u00fasculos.<\/li>\n<li><b>Tienen peor visibilidad<\/b>: al ser m\u00e1s bajas se ven menos desde un coche y, por ello, hay quien les coloca banderines. No obstante, algunos usuarios aseguran que al ser \u00abtan raras\u00bb, los automovilistas se fijan m\u00e1s y van m\u00e1s despacio. La visibilidad trasera es m\u00e1s reducida, pero se soluciona con unos espejos retrovisores.<a href=\"https:\/\/seryhumano.com\/web\/?attachment_id=5065\" rel=\"attachment wp-att-5065\"><img loading=\"lazy\" decoding=\"async\" class=\"alignright size-medium wp-image-5065\" alt=\"df_vs_volae\" src=\"https:\/\/seryhumano.com\/web\/wp-content\/uploads\/2013\/07\/df_vs_volae-300x162.jpg\" width=\"300\" height=\"162\" srcset=\"https:\/\/seryhumano.com\/web\/wp-content\/uploads\/2013\/07\/df_vs_volae-300x162.jpg 300w, https:\/\/seryhumano.com\/web\/wp-content\/uploads\/2013\/07\/df_vs_volae.jpg 400w\" sizes=\"auto, (max-width: 300px) 100vw, 300px\" \/><\/a><\/li>\n<li><b>Menos maniobrables en ciudad y en terrenos dif\u00edciles<\/b>: se cuelan peor entre los coches en un atasco, no pueden levantar la rueda delantera para subir bordillos, etc.<\/li>\n<\/ul>\n<p>seryhumano.com<\/p>\n<p>Fuente: consumer.es<\/p>\n","protected":false},"excerpt":{"rendered":"<p>La posici\u00f3n del ciclista en una bicicleta reclinada es horizontal, y su cuadro es m\u00e1s alargado, de forma que se apoya toda la espalda en un asiento ergon\u00f3mico. Por ello, sus usuarios destacan varias\u00a0ventajas. Algunos incluso aseguran que son \u00abel futuro del ciclismo\u00bb, y que una vez que se prueban ya no se quiere ir&hellip;<\/p>\n","protected":false},"author":2,"featured_media":5070,"comment_status":"closed","ping_status":"closed","sticky":false,"template":"","format":"standard","meta":{"footnotes":""},"categories":[110],"tags":[111],"class_list":["post-5059","post","type-post","status-publish","format-standard","has-post-thumbnail","hentry","category-noticias","tag-slider","category-110","description-off"],"yoast_head":"<!-- This site is optimized with the Yoast SEO plugin v25.4 - https:\/\/yoast.com\/wordpress\/plugins\/seo\/ -->\n<title>Bicicletas reclinadas &#187; SeryHumano.com<\/title>\n<meta name=\"robots\" content=\"index, follow, max-snippet:-1, max-image-preview:large, max-video-preview:-1\" \/>\n<link rel=\"canonical\" href=\"https:\/\/seryhumano.com\/web\/?p=5059\" \/>\n<meta property=\"og:locale\" content=\"es_ES\" \/>\n<meta property=\"og:type\" content=\"article\" \/>\n<meta property=\"og:title\" content=\"Bicicletas reclinadas &#187; SeryHumano.com\" \/>\n<meta property=\"og:description\" content=\"La posici\u00f3n del ciclista en una bicicleta reclinada es horizontal, y su cuadro es m\u00e1s alargado, de forma que se apoya toda la espalda en un asiento ergon\u00f3mico. Por ello, sus usuarios destacan varias\u00a0ventajas. Algunos incluso aseguran que son \u00abel futuro del ciclismo\u00bb, y que una vez que se prueban ya no se quiere ir&hellip;\" \/>\n<meta property=\"og:url\" content=\"https:\/\/seryhumano.com\/web\/?p=5059\" \/>\n<meta property=\"og:site_name\" content=\"SeryHumano.com\" \/>\n<meta property=\"article:publisher\" content=\"https:\/\/www.facebook.com\/seryhumano\/\" \/>\n<meta property=\"article:published_time\" content=\"2013-07-25T12:15:21+00:00\" \/>\n<meta property=\"article:modified_time\" content=\"2013-07-25T13:38:41+00:00\" \/>\n<meta property=\"og:image\" content=\"https:\/\/seryhumano.com\/web\/wp-content\/uploads\/2013\/07\/featureslider_bici.jpg\" \/>\n\t<meta property=\"og:image:width\" content=\"910\" \/>\n\t<meta property=\"og:image:height\" content=\"227\" \/>\n\t<meta property=\"og:image:type\" content=\"image\/jpeg\" \/>\n<meta name=\"author\" content=\"@herrera_yosmar\" \/>\n<meta name=\"twitter:card\" content=\"summary_large_image\" \/>\n<meta name=\"twitter:creator\" content=\"@SeryHumano\" \/>\n<meta name=\"twitter:site\" content=\"@SeryHumano\" \/>\n<meta name=\"twitter:label1\" content=\"Escrito por\" \/>\n\t<meta name=\"twitter:data1\" content=\"@herrera_yosmar\" \/>\n\t<meta name=\"twitter:label2\" content=\"Tiempo de lectura\" \/>\n\t<meta name=\"twitter:data2\" content=\"4 minutos\" \/>\n<script type=\"application\/ld+json\" class=\"yoast-schema-graph\">{\"@context\":\"https:\/\/schema.org\",\"@graph\":[{\"@type\":\"Article\",\"@id\":\"https:\/\/seryhumano.com\/web\/?p=5059#article\",\"isPartOf\":{\"@id\":\"https:\/\/seryhumano.com\/web\/?p=5059\"},\"author\":{\"name\":\"@herrera_yosmar\",\"@id\":\"https:\/\/seryhumano.com\/web\/#\/schema\/person\/fd30e8e0b394a62344b44d9b0fe75795\"},\"headline\":\"Bicicletas reclinadas\",\"datePublished\":\"2013-07-25T12:15:21+00:00\",\"dateModified\":\"2013-07-25T13:38:41+00:00\",\"mainEntityOfPage\":{\"@id\":\"https:\/\/seryhumano.com\/web\/?p=5059\"},\"wordCount\":856,\"publisher\":{\"@id\":\"https:\/\/seryhumano.com\/web\/#organization\"},\"image\":{\"@id\":\"https:\/\/seryhumano.com\/web\/?p=5059#primaryimage\"},\"thumbnailUrl\":\"https:\/\/seryhumano.com\/web\/wp-content\/uploads\/2013\/07\/featureslider_bici.jpg\",\"keywords\":[\"Slider\"],\"articleSection\":[\"Noticias\"],\"inLanguage\":\"es\"},{\"@type\":\"WebPage\",\"@id\":\"https:\/\/seryhumano.com\/web\/?p=5059\",\"url\":\"https:\/\/seryhumano.com\/web\/?p=5059\",\"name\":\"Bicicletas reclinadas &#187; SeryHumano.com\",\"isPartOf\":{\"@id\":\"https:\/\/seryhumano.com\/web\/#website\"},\"primaryImageOfPage\":{\"@id\":\"https:\/\/seryhumano.com\/web\/?p=5059#primaryimage\"},\"image\":{\"@id\":\"https:\/\/seryhumano.com\/web\/?p=5059#primaryimage\"},\"thumbnailUrl\":\"https:\/\/seryhumano.com\/web\/wp-content\/uploads\/2013\/07\/featureslider_bici.jpg\",\"datePublished\":\"2013-07-25T12:15:21+00:00\",\"dateModified\":\"2013-07-25T13:38:41+00:00\",\"breadcrumb\":{\"@id\":\"https:\/\/seryhumano.com\/web\/?p=5059#breadcrumb\"},\"inLanguage\":\"es\",\"potentialAction\":[{\"@type\":\"ReadAction\",\"target\":[\"https:\/\/seryhumano.com\/web\/?p=5059\"]}]},{\"@type\":\"ImageObject\",\"inLanguage\":\"es\",\"@id\":\"https:\/\/seryhumano.com\/web\/?p=5059#primaryimage\",\"url\":\"https:\/\/seryhumano.com\/web\/wp-content\/uploads\/2013\/07\/featureslider_bici.jpg\",\"contentUrl\":\"https:\/\/seryhumano.com\/web\/wp-content\/uploads\/2013\/07\/featureslider_bici.jpg\",\"width\":910,\"height\":227},{\"@type\":\"BreadcrumbList\",\"@id\":\"https:\/\/seryhumano.com\/web\/?p=5059#breadcrumb\",\"itemListElement\":[{\"@type\":\"ListItem\",\"position\":1,\"name\":\"Portada\",\"item\":\"https:\/\/seryhumano.com\/web\/\"},{\"@type\":\"ListItem\",\"position\":2,\"name\":\"Bicicletas reclinadas\"}]},{\"@type\":\"WebSite\",\"@id\":\"https:\/\/seryhumano.com\/web\/#website\",\"url\":\"https:\/\/seryhumano.com\/web\/\",\"name\":\"SeryHumano.com\",\"description\":\"Revista digital muy humana, donde lo mas importante es el Ser...\",\"publisher\":{\"@id\":\"https:\/\/seryhumano.com\/web\/#organization\"},\"potentialAction\":[{\"@type\":\"SearchAction\",\"target\":{\"@type\":\"EntryPoint\",\"urlTemplate\":\"https:\/\/seryhumano.com\/web\/?s={search_term_string}\"},\"query-input\":{\"@type\":\"PropertyValueSpecification\",\"valueRequired\":true,\"valueName\":\"search_term_string\"}}],\"inLanguage\":\"es\"},{\"@type\":\"Organization\",\"@id\":\"https:\/\/seryhumano.com\/web\/#organization\",\"name\":\"SeryHumano.com\",\"url\":\"https:\/\/seryhumano.com\/web\/\",\"logo\":{\"@type\":\"ImageObject\",\"inLanguage\":\"es\",\"@id\":\"https:\/\/seryhumano.com\/web\/#\/schema\/logo\/image\/\",\"url\":\"https:\/\/seryhumano.com\/web\/wp-content\/uploads\/2020\/02\/JNe5VRwH_400x400-2.jpg\",\"contentUrl\":\"https:\/\/seryhumano.com\/web\/wp-content\/uploads\/2020\/02\/JNe5VRwH_400x400-2.jpg\",\"width\":400,\"height\":400,\"caption\":\"SeryHumano.com\"},\"image\":{\"@id\":\"https:\/\/seryhumano.com\/web\/#\/schema\/logo\/image\/\"},\"sameAs\":[\"https:\/\/www.facebook.com\/seryhumano\/\",\"https:\/\/x.com\/SeryHumano\",\"https:\/\/www.instagram.com\/seryhumano\/\",\"https:\/\/www.linkedin.com\/company\/seryhumano-com\/\",\"https:\/\/www.youtube.com\/channel\/UCYfgIGSxygVnJAW0e9ZBZWg\"]},{\"@type\":\"Person\",\"@id\":\"https:\/\/seryhumano.com\/web\/#\/schema\/person\/fd30e8e0b394a62344b44d9b0fe75795\",\"name\":\"@herrera_yosmar\",\"description\":\"Eterna enamorada de la vida, comunicadora, mam\u00e1 de tres\",\"sameAs\":[\"http:\/\/seryhumano.com\"],\"url\":\"https:\/\/seryhumano.com\/web\/?author=2\"}]}<\/script>\n<!-- \/ Yoast SEO plugin. -->","yoast_head_json":{"title":"Bicicletas reclinadas &#187; SeryHumano.com","robots":{"index":"index","follow":"follow","max-snippet":"max-snippet:-1","max-image-preview":"max-image-preview:large","max-video-preview":"max-video-preview:-1"},"canonical":"https:\/\/seryhumano.com\/web\/?p=5059","og_locale":"es_ES","og_type":"article","og_title":"Bicicletas reclinadas &#187; SeryHumano.com","og_description":"La posici\u00f3n del ciclista en una bicicleta reclinada es horizontal, y su cuadro es m\u00e1s alargado, de forma que se apoya toda la espalda en un asiento ergon\u00f3mico. Por ello, sus usuarios destacan varias\u00a0ventajas. Algunos incluso aseguran que son \u00abel futuro del ciclismo\u00bb, y que una vez que se prueban ya no se quiere ir&hellip;","og_url":"https:\/\/seryhumano.com\/web\/?p=5059","og_site_name":"SeryHumano.com","article_publisher":"https:\/\/www.facebook.com\/seryhumano\/","article_published_time":"2013-07-25T12:15:21+00:00","article_modified_time":"2013-07-25T13:38:41+00:00","og_image":[{"width":910,"height":227,"url":"https:\/\/seryhumano.com\/web\/wp-content\/uploads\/2013\/07\/featureslider_bici.jpg","type":"image\/jpeg"}],"author":"@herrera_yosmar","twitter_card":"summary_large_image","twitter_creator":"@SeryHumano","twitter_site":"@SeryHumano","twitter_misc":{"Escrito por":"@herrera_yosmar","Tiempo de lectura":"4 minutos"},"schema":{"@context":"https:\/\/schema.org","@graph":[{"@type":"Article","@id":"https:\/\/seryhumano.com\/web\/?p=5059#article","isPartOf":{"@id":"https:\/\/seryhumano.com\/web\/?p=5059"},"author":{"name":"@herrera_yosmar","@id":"https:\/\/seryhumano.com\/web\/#\/schema\/person\/fd30e8e0b394a62344b44d9b0fe75795"},"headline":"Bicicletas reclinadas","datePublished":"2013-07-25T12:15:21+00:00","dateModified":"2013-07-25T13:38:41+00:00","mainEntityOfPage":{"@id":"https:\/\/seryhumano.com\/web\/?p=5059"},"wordCount":856,"publisher":{"@id":"https:\/\/seryhumano.com\/web\/#organization"},"image":{"@id":"https:\/\/seryhumano.com\/web\/?p=5059#primaryimage"},"thumbnailUrl":"https:\/\/seryhumano.com\/web\/wp-content\/uploads\/2013\/07\/featureslider_bici.jpg","keywords":["Slider"],"articleSection":["Noticias"],"inLanguage":"es"},{"@type":"WebPage","@id":"https:\/\/seryhumano.com\/web\/?p=5059","url":"https:\/\/seryhumano.com\/web\/?p=5059","name":"Bicicletas reclinadas &#187; SeryHumano.com","isPartOf":{"@id":"https:\/\/seryhumano.com\/web\/#website"},"primaryImageOfPage":{"@id":"https:\/\/seryhumano.com\/web\/?p=5059#primaryimage"},"image":{"@id":"https:\/\/seryhumano.com\/web\/?p=5059#primaryimage"},"thumbnailUrl":"https:\/\/seryhumano.com\/web\/wp-content\/uploads\/2013\/07\/featureslider_bici.jpg","datePublished":"2013-07-25T12:15:21+00:00","dateModified":"2013-07-25T13:38:41+00:00","breadcrumb":{"@id":"https:\/\/seryhumano.com\/web\/?p=5059#breadcrumb"},"inLanguage":"es","potentialAction":[{"@type":"ReadAction","target":["https:\/\/seryhumano.com\/web\/?p=5059"]}]},{"@type":"ImageObject","inLanguage":"es","@id":"https:\/\/seryhumano.com\/web\/?p=5059#primaryimage","url":"https:\/\/seryhumano.com\/web\/wp-content\/uploads\/2013\/07\/featureslider_bici.jpg","contentUrl":"https:\/\/seryhumano.com\/web\/wp-content\/uploads\/2013\/07\/featureslider_bici.jpg","width":910,"height":227},{"@type":"BreadcrumbList","@id":"https:\/\/seryhumano.com\/web\/?p=5059#breadcrumb","itemListElement":[{"@type":"ListItem","position":1,"name":"Portada","item":"https:\/\/seryhumano.com\/web\/"},{"@type":"ListItem","position":2,"name":"Bicicletas reclinadas"}]},{"@type":"WebSite","@id":"https:\/\/seryhumano.com\/web\/#website","url":"https:\/\/seryhumano.com\/web\/","name":"SeryHumano.com","description":"Revista digital muy humana, donde lo mas importante es el Ser...","publisher":{"@id":"https:\/\/seryhumano.com\/web\/#organization"},"potentialAction":[{"@type":"SearchAction","target":{"@type":"EntryPoint","urlTemplate":"https:\/\/seryhumano.com\/web\/?s={search_term_string}"},"query-input":{"@type":"PropertyValueSpecification","valueRequired":true,"valueName":"search_term_string"}}],"inLanguage":"es"},{"@type":"Organization","@id":"https:\/\/seryhumano.com\/web\/#organization","name":"SeryHumano.com","url":"https:\/\/seryhumano.com\/web\/","logo":{"@type":"ImageObject","inLanguage":"es","@id":"https:\/\/seryhumano.com\/web\/#\/schema\/logo\/image\/","url":"https:\/\/seryhumano.com\/web\/wp-content\/uploads\/2020\/02\/JNe5VRwH_400x400-2.jpg","contentUrl":"https:\/\/seryhumano.com\/web\/wp-content\/uploads\/2020\/02\/JNe5VRwH_400x400-2.jpg","width":400,"height":400,"caption":"SeryHumano.com"},"image":{"@id":"https:\/\/seryhumano.com\/web\/#\/schema\/logo\/image\/"},"sameAs":["https:\/\/www.facebook.com\/seryhumano\/","https:\/\/x.com\/SeryHumano","https:\/\/www.instagram.com\/seryhumano\/","https:\/\/www.linkedin.com\/company\/seryhumano-com\/","https:\/\/www.youtube.com\/channel\/UCYfgIGSxygVnJAW0e9ZBZWg"]},{"@type":"Person","@id":"https:\/\/seryhumano.com\/web\/#\/schema\/person\/fd30e8e0b394a62344b44d9b0fe75795","name":"@herrera_yosmar","description":"Eterna enamorada de la vida, comunicadora, mam\u00e1 de tres","sameAs":["http:\/\/seryhumano.com"],"url":"https:\/\/seryhumano.com\/web\/?author=2"}]}},"_links":{"self":[{"href":"https:\/\/seryhumano.com\/web\/index.php?rest_route=\/wp\/v2\/posts\/5059","targetHints":{"allow":["GET"]}}],"collection":[{"href":"https:\/\/seryhumano.com\/web\/index.php?rest_route=\/wp\/v2\/posts"}],"about":[{"href":"https:\/\/seryhumano.com\/web\/index.php?rest_route=\/wp\/v2\/types\/post"}],"author":[{"embeddable":true,"href":"https:\/\/seryhumano.com\/web\/index.php?rest_route=\/wp\/v2\/users\/2"}],"replies":[{"embeddable":true,"href":"https:\/\/seryhumano.com\/web\/index.php?rest_route=%2Fwp%2Fv2%2Fcomments&post=5059"}],"version-history":[{"count":0,"href":"https:\/\/seryhumano.com\/web\/index.php?rest_route=\/wp\/v2\/posts\/5059\/revisions"}],"wp:featuredmedia":[{"embeddable":true,"href":"https:\/\/seryhumano.com\/web\/index.php?rest_route=\/wp\/v2\/media\/5070"}],"wp:attachment":[{"href":"https:\/\/seryhumano.com\/web\/index.php?rest_route=%2Fwp%2Fv2%2Fmedia&parent=5059"}],"wp:term":[{"taxonomy":"category","embeddable":true,"href":"https:\/\/seryhumano.com\/web\/index.php?rest_route=%2Fwp%2Fv2%2Fcategories&post=5059"},{"taxonomy":"post_tag","embeddable":true,"href":"https:\/\/seryhumano.com\/web\/index.php?rest_route=%2Fwp%2Fv2%2Ftags&post=5059"}],"curies":[{"name":"wp","href":"https:\/\/api.w.org\/{rel}","templated":true}]}}