{"id":5068,"date":"2013-07-25T09:07:32","date_gmt":"2013-07-25T13:37:32","guid":{"rendered":"https:\/\/seryhumano.com\/web\/?p=5068"},"modified":"2013-07-25T09:36:11","modified_gmt":"2013-07-25T14:06:11","slug":"la-consagracion-de-la-primavera-con-la-orquesta-sinfonica-de-venezuela","status":"publish","type":"post","link":"https:\/\/seryhumano.com\/web\/?p=5068","title":{"rendered":"La Consagraci\u00f3n de la Primavera con la Orquesta Sinf\u00f3nica de Venezuela"},"content":{"rendered":"<p><a href=\"https:\/\/seryhumano.com\/web\/?attachment_id=5069\" rel=\"attachment wp-att-5069\"><img loading=\"lazy\" decoding=\"async\" class=\"alignleft size-medium wp-image-5069\" alt=\"la consagracion\" src=\"https:\/\/seryhumano.com\/web\/wp-content\/uploads\/2013\/07\/la-consagracion-300x228.jpg\" width=\"300\" height=\"228\" srcset=\"https:\/\/seryhumano.com\/web\/wp-content\/uploads\/2013\/07\/la-consagracion-300x228.jpg 300w, https:\/\/seryhumano.com\/web\/wp-content\/uploads\/2013\/07\/la-consagracion.jpg 585w\" sizes=\"auto, (max-width: 300px) 100vw, 300px\" \/><\/a>La Orquesta Sinf\u00f3nica de Venezuela, <i>Patrimonio Art\u00edstico y Cultural de la Naci\u00f3n<\/i>, presenta \u201c<b><i>De C\u00e1mara con La Sinf\u00f3nica<\/i><\/b>\u201d uni\u00e9ndose as\u00ed a la celebraci\u00f3n de los 100 a\u00f1os del estreno mundial de la Consagraci\u00f3n de la Primavera, obra de Igor Stravinsky el pr\u00f3ximo jueves 25 de julio a las 7:00 p.m. en la Sala Jos\u00e9 F\u00e9lix Ribas del Teatro Teresa Carre\u00f1o.<\/p>\n<p>La Consagraci\u00f3n de la Primavera de Igor Stravinsky es una obra que marc\u00f3 un hito en la historia musical del Siglo XX y que en el d\u00eda de su estreno el 29 de mayo de 1913, provoc\u00f3 un gran revuelo, repulsi\u00f3n y hasta antipat\u00eda hacia la presentaci\u00f3n coreografiada por\u00a0Vaslav Nijinski, basada en ritos m\u00edsticos de la Rusia pagana. El p\u00fablico estaba m\u00e1s acostumbrado a montajes preciosistas.<\/p>\n<p>Gritos, insultos y derroche de tinta en los diarios fueron parte de la cat\u00e1strofe que Serguei Diaghilev vivi\u00f3 en aquella noche con su m\u00edtica compa\u00f1\u00eda Los Ballets Rusos de Montecarlo, dentro de la cual participaban artistas de la talla de Stravinsky, Nijinsky, Picasso y Cocteau, entre otros.<a href=\"https:\/\/seryhumano.com\/web\/?attachment_id=5071\" rel=\"attachment wp-att-5071\"><img loading=\"lazy\" decoding=\"async\" class=\"alignright size-medium wp-image-5071\" alt=\"Igor Stravinsky\" src=\"https:\/\/seryhumano.com\/web\/wp-content\/uploads\/2013\/07\/Igor-Stravinsky-300x225.jpg\" width=\"300\" height=\"225\" srcset=\"https:\/\/seryhumano.com\/web\/wp-content\/uploads\/2013\/07\/Igor-Stravinsky-300x225.jpg 300w, https:\/\/seryhumano.com\/web\/wp-content\/uploads\/2013\/07\/Igor-Stravinsky.jpg 470w\" sizes=\"auto, (max-width: 300px) 100vw, 300px\" \/><\/a><\/p>\n<p>Cuentan las cr\u00f3nicas de la \u00e9poca que nunca logr\u00f3 superarse del todo de semejante experiencia. Fuera de su tiempo y muy por arriba de las expectativas del arte preciosista y un tanto banal del ballet de la \u00e9poca, Diaghilev, Stravinsky y Nijinsky hab\u00edan dado un salto cu\u00e1ntico hacia otra lectura del cuerpo, y el ritual hacia el sacrificio y renacimiento de la vida. Ambos, sin siquiera tener una relaci\u00f3n de trabajo amable crearon sin saberlo un c\u00f3digo referencial invaluable.<\/p>\n<p>En esta oportunidad, contaremos con la presencia de una pianista venezolana que ha despuntado en Estados Unidos, Ana Mar\u00eda Otamendi quien elabor\u00f3 una versi\u00f3n muy original para dos pianos y dos percusionistas. Esa noche estrenar\u00e1 esta versi\u00f3n junto a ella\u00a0Carlos Guti\u00e9rrez, piano, Ricardo Alvarado, timpani y Denis Fallas, percusi\u00f3n.<\/p>\n<p><a href=\"https:\/\/seryhumano.com\/web\/?attachment_id=5078\" rel=\"attachment wp-att-5078\"><img loading=\"lazy\" decoding=\"async\" class=\"alignleft size-medium wp-image-5078\" alt=\"Ana Mar\u00eda Otamendi\" src=\"https:\/\/seryhumano.com\/web\/wp-content\/uploads\/2013\/07\/Ana-Mar\u00eda-Otamendi-300x159.jpg\" width=\"300\" height=\"159\" srcset=\"https:\/\/seryhumano.com\/web\/wp-content\/uploads\/2013\/07\/Ana-Mar\u00eda-Otamendi-300x159.jpg 300w, https:\/\/seryhumano.com\/web\/wp-content\/uploads\/2013\/07\/Ana-Mar\u00eda-Otamendi-170x90.jpg 170w, https:\/\/seryhumano.com\/web\/wp-content\/uploads\/2013\/07\/Ana-Mar\u00eda-Otamendi.jpg 1024w\" sizes=\"auto, (max-width: 300px) 100vw, 300px\" \/><\/a>Ana Mar\u00eda Otamendi es una excelsa pianista que fue seleccionada por la\u00a0Houston Grand Opera para trabajar como pianista solista y coach vocal, luego de una regia audici\u00f3n de entre m\u00e1s de 600 m\u00fasicos. La \u00fanica venezolana en haber alcanzado el cargo. Actualmente, fue contratada como profesora de la Universidad de Houston, donde comenzar\u00e1 clases en agosto de este a\u00f1o. A la par, continuar\u00e1 ejecutando algunos proyectos con la Houston Grand Opera como directora musical del programa de outreach y recitales. Sus pr\u00f3ximos conciertos incluyen\u00a0Vermont, Houston y San Antonio.<\/p>\n<p>El director invitado es Alfonso L\u00f3pez, actualmente Concertino de la Orquesta Sinf\u00f3nica de la OSV y profesor de la Academia de M\u00fasica del Colegio Emil Friedman en Caracas y donde funge como director titular de la Orquesta T\u00edpica.<\/p>\n<p>Adicionalmente, la Orquesta Sinf\u00f3nica de Venezuela presentar\u00e1 en el programa la Suite <i>El Carnaval de los Animales<\/i> de Camille Saint-Saens. Ser\u00e1 un gran concierto que nadie debe perderse.<\/p>\n<p>seryhumano.com \/ Evelyn Navas<\/p>\n<p>[youtube]http:\/\/www.youtube.com\/watch?v=e-MmTyhxdaI[\/youtube]<\/p>\n","protected":false},"excerpt":{"rendered":"<p>La Orquesta Sinf\u00f3nica de Venezuela, Patrimonio Art\u00edstico y Cultural de la Naci\u00f3n, presenta \u201cDe C\u00e1mara con La Sinf\u00f3nica\u201d uni\u00e9ndose as\u00ed a la celebraci\u00f3n de los 100 a\u00f1os del estreno mundial de la Consagraci\u00f3n de la Primavera, obra de Igor Stravinsky el pr\u00f3ximo jueves 25 de julio a las 7:00 p.m. en la Sala Jos\u00e9 F\u00e9lix&hellip;<\/p>\n","protected":false},"author":2,"featured_media":5082,"comment_status":"closed","ping_status":"closed","sticky":false,"template":"","format":"standard","meta":{"footnotes":""},"categories":[122],"tags":[111],"class_list":["post-5068","post","type-post","status-publish","format-standard","has-post-thumbnail","hentry","category-cultura","tag-slider","category-122","description-off"],"yoast_head":"<!-- This site is optimized with the Yoast SEO plugin v25.4 - https:\/\/yoast.com\/wordpress\/plugins\/seo\/ -->\n<title>La Consagraci\u00f3n de la Primavera con la Orquesta Sinf\u00f3nica de Venezuela &#187; SeryHumano.com<\/title>\n<meta name=\"robots\" content=\"index, follow, max-snippet:-1, max-image-preview:large, max-video-preview:-1\" \/>\n<link rel=\"canonical\" href=\"https:\/\/seryhumano.com\/web\/?p=5068\" \/>\n<meta property=\"og:locale\" content=\"es_ES\" \/>\n<meta property=\"og:type\" content=\"article\" \/>\n<meta property=\"og:title\" content=\"La Consagraci\u00f3n de la Primavera con la Orquesta Sinf\u00f3nica de Venezuela &#187; SeryHumano.com\" \/>\n<meta property=\"og:description\" content=\"La Orquesta Sinf\u00f3nica de Venezuela, Patrimonio Art\u00edstico y Cultural de la Naci\u00f3n, presenta \u201cDe C\u00e1mara con La Sinf\u00f3nica\u201d uni\u00e9ndose as\u00ed a la celebraci\u00f3n de los 100 a\u00f1os del estreno mundial de la Consagraci\u00f3n de la Primavera, obra de Igor Stravinsky el pr\u00f3ximo jueves 25 de julio a las 7:00 p.m. en la Sala Jos\u00e9 F\u00e9lix&hellip;\" \/>\n<meta property=\"og:url\" content=\"https:\/\/seryhumano.com\/web\/?p=5068\" \/>\n<meta property=\"og:site_name\" content=\"SeryHumano.com\" \/>\n<meta property=\"article:publisher\" content=\"https:\/\/www.facebook.com\/seryhumano\/\" \/>\n<meta property=\"article:published_time\" content=\"2013-07-25T13:37:32+00:00\" \/>\n<meta property=\"article:modified_time\" content=\"2013-07-25T14:06:11+00:00\" \/>\n<meta property=\"og:image\" content=\"https:\/\/seryhumano.com\/web\/wp-content\/uploads\/2013\/07\/featureslider_c.jpg\" \/>\n\t<meta property=\"og:image:width\" content=\"910\" \/>\n\t<meta property=\"og:image:height\" content=\"227\" \/>\n\t<meta property=\"og:image:type\" content=\"image\/jpeg\" \/>\n<meta name=\"author\" content=\"@herrera_yosmar\" \/>\n<meta name=\"twitter:card\" content=\"summary_large_image\" \/>\n<meta name=\"twitter:creator\" content=\"@SeryHumano\" \/>\n<meta name=\"twitter:site\" content=\"@SeryHumano\" \/>\n<meta name=\"twitter:label1\" content=\"Escrito por\" \/>\n\t<meta name=\"twitter:data1\" content=\"@herrera_yosmar\" \/>\n\t<meta name=\"twitter:label2\" content=\"Tiempo de lectura\" \/>\n\t<meta name=\"twitter:data2\" content=\"3 minutos\" \/>\n<script type=\"application\/ld+json\" class=\"yoast-schema-graph\">{\"@context\":\"https:\/\/schema.org\",\"@graph\":[{\"@type\":\"Article\",\"@id\":\"https:\/\/seryhumano.com\/web\/?p=5068#article\",\"isPartOf\":{\"@id\":\"https:\/\/seryhumano.com\/web\/?p=5068\"},\"author\":{\"name\":\"@herrera_yosmar\",\"@id\":\"https:\/\/seryhumano.com\/web\/#\/schema\/person\/fd30e8e0b394a62344b44d9b0fe75795\"},\"headline\":\"La Consagraci\u00f3n de la Primavera con la Orquesta Sinf\u00f3nica de Venezuela\",\"datePublished\":\"2013-07-25T13:37:32+00:00\",\"dateModified\":\"2013-07-25T14:06:11+00:00\",\"mainEntityOfPage\":{\"@id\":\"https:\/\/seryhumano.com\/web\/?p=5068\"},\"wordCount\":524,\"publisher\":{\"@id\":\"https:\/\/seryhumano.com\/web\/#organization\"},\"image\":{\"@id\":\"https:\/\/seryhumano.com\/web\/?p=5068#primaryimage\"},\"thumbnailUrl\":\"https:\/\/seryhumano.com\/web\/wp-content\/uploads\/2013\/07\/featureslider_c.jpg\",\"keywords\":[\"Slider\"],\"articleSection\":[\"Cultura del Ser\"],\"inLanguage\":\"es\"},{\"@type\":\"WebPage\",\"@id\":\"https:\/\/seryhumano.com\/web\/?p=5068\",\"url\":\"https:\/\/seryhumano.com\/web\/?p=5068\",\"name\":\"La Consagraci\u00f3n de la Primavera con la Orquesta Sinf\u00f3nica de Venezuela &#187; SeryHumano.com\",\"isPartOf\":{\"@id\":\"https:\/\/seryhumano.com\/web\/#website\"},\"primaryImageOfPage\":{\"@id\":\"https:\/\/seryhumano.com\/web\/?p=5068#primaryimage\"},\"image\":{\"@id\":\"https:\/\/seryhumano.com\/web\/?p=5068#primaryimage\"},\"thumbnailUrl\":\"https:\/\/seryhumano.com\/web\/wp-content\/uploads\/2013\/07\/featureslider_c.jpg\",\"datePublished\":\"2013-07-25T13:37:32+00:00\",\"dateModified\":\"2013-07-25T14:06:11+00:00\",\"breadcrumb\":{\"@id\":\"https:\/\/seryhumano.com\/web\/?p=5068#breadcrumb\"},\"inLanguage\":\"es\",\"potentialAction\":[{\"@type\":\"ReadAction\",\"target\":[\"https:\/\/seryhumano.com\/web\/?p=5068\"]}]},{\"@type\":\"ImageObject\",\"inLanguage\":\"es\",\"@id\":\"https:\/\/seryhumano.com\/web\/?p=5068#primaryimage\",\"url\":\"https:\/\/seryhumano.com\/web\/wp-content\/uploads\/2013\/07\/featureslider_c.jpg\",\"contentUrl\":\"https:\/\/seryhumano.com\/web\/wp-content\/uploads\/2013\/07\/featureslider_c.jpg\",\"width\":910,\"height\":227},{\"@type\":\"BreadcrumbList\",\"@id\":\"https:\/\/seryhumano.com\/web\/?p=5068#breadcrumb\",\"itemListElement\":[{\"@type\":\"ListItem\",\"position\":1,\"name\":\"Portada\",\"item\":\"https:\/\/seryhumano.com\/web\/\"},{\"@type\":\"ListItem\",\"position\":2,\"name\":\"La Consagraci\u00f3n de la Primavera con la Orquesta Sinf\u00f3nica de Venezuela\"}]},{\"@type\":\"WebSite\",\"@id\":\"https:\/\/seryhumano.com\/web\/#website\",\"url\":\"https:\/\/seryhumano.com\/web\/\",\"name\":\"SeryHumano.com\",\"description\":\"Revista digital muy humana, donde lo mas importante es el Ser...\",\"publisher\":{\"@id\":\"https:\/\/seryhumano.com\/web\/#organization\"},\"potentialAction\":[{\"@type\":\"SearchAction\",\"target\":{\"@type\":\"EntryPoint\",\"urlTemplate\":\"https:\/\/seryhumano.com\/web\/?s={search_term_string}\"},\"query-input\":{\"@type\":\"PropertyValueSpecification\",\"valueRequired\":true,\"valueName\":\"search_term_string\"}}],\"inLanguage\":\"es\"},{\"@type\":\"Organization\",\"@id\":\"https:\/\/seryhumano.com\/web\/#organization\",\"name\":\"SeryHumano.com\",\"url\":\"https:\/\/seryhumano.com\/web\/\",\"logo\":{\"@type\":\"ImageObject\",\"inLanguage\":\"es\",\"@id\":\"https:\/\/seryhumano.com\/web\/#\/schema\/logo\/image\/\",\"url\":\"https:\/\/seryhumano.com\/web\/wp-content\/uploads\/2020\/02\/JNe5VRwH_400x400-2.jpg\",\"contentUrl\":\"https:\/\/seryhumano.com\/web\/wp-content\/uploads\/2020\/02\/JNe5VRwH_400x400-2.jpg\",\"width\":400,\"height\":400,\"caption\":\"SeryHumano.com\"},\"image\":{\"@id\":\"https:\/\/seryhumano.com\/web\/#\/schema\/logo\/image\/\"},\"sameAs\":[\"https:\/\/www.facebook.com\/seryhumano\/\",\"https:\/\/x.com\/SeryHumano\",\"https:\/\/www.instagram.com\/seryhumano\/\",\"https:\/\/www.linkedin.com\/company\/seryhumano-com\/\",\"https:\/\/www.youtube.com\/channel\/UCYfgIGSxygVnJAW0e9ZBZWg\"]},{\"@type\":\"Person\",\"@id\":\"https:\/\/seryhumano.com\/web\/#\/schema\/person\/fd30e8e0b394a62344b44d9b0fe75795\",\"name\":\"@herrera_yosmar\",\"description\":\"Eterna enamorada de la vida, comunicadora, mam\u00e1 de tres\",\"sameAs\":[\"http:\/\/seryhumano.com\"],\"url\":\"https:\/\/seryhumano.com\/web\/?author=2\"}]}<\/script>\n<!-- \/ Yoast SEO plugin. -->","yoast_head_json":{"title":"La Consagraci\u00f3n de la Primavera con la Orquesta Sinf\u00f3nica de Venezuela &#187; SeryHumano.com","robots":{"index":"index","follow":"follow","max-snippet":"max-snippet:-1","max-image-preview":"max-image-preview:large","max-video-preview":"max-video-preview:-1"},"canonical":"https:\/\/seryhumano.com\/web\/?p=5068","og_locale":"es_ES","og_type":"article","og_title":"La Consagraci\u00f3n de la Primavera con la Orquesta Sinf\u00f3nica de Venezuela &#187; SeryHumano.com","og_description":"La Orquesta Sinf\u00f3nica de Venezuela, Patrimonio Art\u00edstico y Cultural de la Naci\u00f3n, presenta \u201cDe C\u00e1mara con La Sinf\u00f3nica\u201d uni\u00e9ndose as\u00ed a la celebraci\u00f3n de los 100 a\u00f1os del estreno mundial de la Consagraci\u00f3n de la Primavera, obra de Igor Stravinsky el pr\u00f3ximo jueves 25 de julio a las 7:00 p.m. en la Sala Jos\u00e9 F\u00e9lix&hellip;","og_url":"https:\/\/seryhumano.com\/web\/?p=5068","og_site_name":"SeryHumano.com","article_publisher":"https:\/\/www.facebook.com\/seryhumano\/","article_published_time":"2013-07-25T13:37:32+00:00","article_modified_time":"2013-07-25T14:06:11+00:00","og_image":[{"width":910,"height":227,"url":"https:\/\/seryhumano.com\/web\/wp-content\/uploads\/2013\/07\/featureslider_c.jpg","type":"image\/jpeg"}],"author":"@herrera_yosmar","twitter_card":"summary_large_image","twitter_creator":"@SeryHumano","twitter_site":"@SeryHumano","twitter_misc":{"Escrito por":"@herrera_yosmar","Tiempo de lectura":"3 minutos"},"schema":{"@context":"https:\/\/schema.org","@graph":[{"@type":"Article","@id":"https:\/\/seryhumano.com\/web\/?p=5068#article","isPartOf":{"@id":"https:\/\/seryhumano.com\/web\/?p=5068"},"author":{"name":"@herrera_yosmar","@id":"https:\/\/seryhumano.com\/web\/#\/schema\/person\/fd30e8e0b394a62344b44d9b0fe75795"},"headline":"La Consagraci\u00f3n de la Primavera con la Orquesta Sinf\u00f3nica de Venezuela","datePublished":"2013-07-25T13:37:32+00:00","dateModified":"2013-07-25T14:06:11+00:00","mainEntityOfPage":{"@id":"https:\/\/seryhumano.com\/web\/?p=5068"},"wordCount":524,"publisher":{"@id":"https:\/\/seryhumano.com\/web\/#organization"},"image":{"@id":"https:\/\/seryhumano.com\/web\/?p=5068#primaryimage"},"thumbnailUrl":"https:\/\/seryhumano.com\/web\/wp-content\/uploads\/2013\/07\/featureslider_c.jpg","keywords":["Slider"],"articleSection":["Cultura del Ser"],"inLanguage":"es"},{"@type":"WebPage","@id":"https:\/\/seryhumano.com\/web\/?p=5068","url":"https:\/\/seryhumano.com\/web\/?p=5068","name":"La Consagraci\u00f3n de la Primavera con la Orquesta Sinf\u00f3nica de Venezuela &#187; SeryHumano.com","isPartOf":{"@id":"https:\/\/seryhumano.com\/web\/#website"},"primaryImageOfPage":{"@id":"https:\/\/seryhumano.com\/web\/?p=5068#primaryimage"},"image":{"@id":"https:\/\/seryhumano.com\/web\/?p=5068#primaryimage"},"thumbnailUrl":"https:\/\/seryhumano.com\/web\/wp-content\/uploads\/2013\/07\/featureslider_c.jpg","datePublished":"2013-07-25T13:37:32+00:00","dateModified":"2013-07-25T14:06:11+00:00","breadcrumb":{"@id":"https:\/\/seryhumano.com\/web\/?p=5068#breadcrumb"},"inLanguage":"es","potentialAction":[{"@type":"ReadAction","target":["https:\/\/seryhumano.com\/web\/?p=5068"]}]},{"@type":"ImageObject","inLanguage":"es","@id":"https:\/\/seryhumano.com\/web\/?p=5068#primaryimage","url":"https:\/\/seryhumano.com\/web\/wp-content\/uploads\/2013\/07\/featureslider_c.jpg","contentUrl":"https:\/\/seryhumano.com\/web\/wp-content\/uploads\/2013\/07\/featureslider_c.jpg","width":910,"height":227},{"@type":"BreadcrumbList","@id":"https:\/\/seryhumano.com\/web\/?p=5068#breadcrumb","itemListElement":[{"@type":"ListItem","position":1,"name":"Portada","item":"https:\/\/seryhumano.com\/web\/"},{"@type":"ListItem","position":2,"name":"La Consagraci\u00f3n de la Primavera con la Orquesta Sinf\u00f3nica de Venezuela"}]},{"@type":"WebSite","@id":"https:\/\/seryhumano.com\/web\/#website","url":"https:\/\/seryhumano.com\/web\/","name":"SeryHumano.com","description":"Revista digital muy humana, donde lo mas importante es el Ser...","publisher":{"@id":"https:\/\/seryhumano.com\/web\/#organization"},"potentialAction":[{"@type":"SearchAction","target":{"@type":"EntryPoint","urlTemplate":"https:\/\/seryhumano.com\/web\/?s={search_term_string}"},"query-input":{"@type":"PropertyValueSpecification","valueRequired":true,"valueName":"search_term_string"}}],"inLanguage":"es"},{"@type":"Organization","@id":"https:\/\/seryhumano.com\/web\/#organization","name":"SeryHumano.com","url":"https:\/\/seryhumano.com\/web\/","logo":{"@type":"ImageObject","inLanguage":"es","@id":"https:\/\/seryhumano.com\/web\/#\/schema\/logo\/image\/","url":"https:\/\/seryhumano.com\/web\/wp-content\/uploads\/2020\/02\/JNe5VRwH_400x400-2.jpg","contentUrl":"https:\/\/seryhumano.com\/web\/wp-content\/uploads\/2020\/02\/JNe5VRwH_400x400-2.jpg","width":400,"height":400,"caption":"SeryHumano.com"},"image":{"@id":"https:\/\/seryhumano.com\/web\/#\/schema\/logo\/image\/"},"sameAs":["https:\/\/www.facebook.com\/seryhumano\/","https:\/\/x.com\/SeryHumano","https:\/\/www.instagram.com\/seryhumano\/","https:\/\/www.linkedin.com\/company\/seryhumano-com\/","https:\/\/www.youtube.com\/channel\/UCYfgIGSxygVnJAW0e9ZBZWg"]},{"@type":"Person","@id":"https:\/\/seryhumano.com\/web\/#\/schema\/person\/fd30e8e0b394a62344b44d9b0fe75795","name":"@herrera_yosmar","description":"Eterna enamorada de la vida, comunicadora, mam\u00e1 de tres","sameAs":["http:\/\/seryhumano.com"],"url":"https:\/\/seryhumano.com\/web\/?author=2"}]}},"_links":{"self":[{"href":"https:\/\/seryhumano.com\/web\/index.php?rest_route=\/wp\/v2\/posts\/5068","targetHints":{"allow":["GET"]}}],"collection":[{"href":"https:\/\/seryhumano.com\/web\/index.php?rest_route=\/wp\/v2\/posts"}],"about":[{"href":"https:\/\/seryhumano.com\/web\/index.php?rest_route=\/wp\/v2\/types\/post"}],"author":[{"embeddable":true,"href":"https:\/\/seryhumano.com\/web\/index.php?rest_route=\/wp\/v2\/users\/2"}],"replies":[{"embeddable":true,"href":"https:\/\/seryhumano.com\/web\/index.php?rest_route=%2Fwp%2Fv2%2Fcomments&post=5068"}],"version-history":[{"count":0,"href":"https:\/\/seryhumano.com\/web\/index.php?rest_route=\/wp\/v2\/posts\/5068\/revisions"}],"wp:featuredmedia":[{"embeddable":true,"href":"https:\/\/seryhumano.com\/web\/index.php?rest_route=\/wp\/v2\/media\/5082"}],"wp:attachment":[{"href":"https:\/\/seryhumano.com\/web\/index.php?rest_route=%2Fwp%2Fv2%2Fmedia&parent=5068"}],"wp:term":[{"taxonomy":"category","embeddable":true,"href":"https:\/\/seryhumano.com\/web\/index.php?rest_route=%2Fwp%2Fv2%2Fcategories&post=5068"},{"taxonomy":"post_tag","embeddable":true,"href":"https:\/\/seryhumano.com\/web\/index.php?rest_route=%2Fwp%2Fv2%2Ftags&post=5068"}],"curies":[{"name":"wp","href":"https:\/\/api.w.org\/{rel}","templated":true}]}}