{"id":5134,"date":"2013-07-27T06:57:03","date_gmt":"2013-07-27T11:27:03","guid":{"rendered":"https:\/\/seryhumano.com\/web\/?p=5134"},"modified":"2020-03-17T09:40:19","modified_gmt":"2020-03-17T14:10:19","slug":"un-desafio-solo-para-los-mas-aptos","status":"publish","type":"post","link":"https:\/\/seryhumano.com\/web\/?p=5134","title":{"rendered":"Un desaf\u00edo solo para los m\u00e1s aptos"},"content":{"rendered":"<p><b><a href=\"https:\/\/seryhumano.com\/web\/un-desafio-solo-para-los-mas-aptos\/foto-accion-1-1\/\" rel=\"attachment wp-att-5135\"><img loading=\"lazy\" decoding=\"async\" class=\"alignleft wp-image-5135 size-medium\" src=\"https:\/\/seryhumano.com\/web\/wp-content\/uploads\/2013\/07\/Foto-Acci\u00f3n-1-1-300x188.jpg\" alt=\"El The North Face Ultra 55K Marat\u00f3n M\u00e9rida COPA CANTV\" width=\"300\" height=\"188\" srcset=\"https:\/\/seryhumano.com\/web\/wp-content\/uploads\/2013\/07\/Foto-Acci\u00f3n-1-1-300x188.jpg 300w, https:\/\/seryhumano.com\/web\/wp-content\/uploads\/2013\/07\/Foto-Acci\u00f3n-1-1.jpg 1024w\" sizes=\"auto, (max-width: 300px) 100vw, 300px\" \/><\/a>El The North Face Ultra 55K Marat\u00f3n M\u00e9rida COPA CANTV<\/b> ser\u00e1 una carrera de monta\u00f1a con formato de\u00a0 ultramarat\u00f3n,\u00a0 la cual se desarrollar\u00e1 el s\u00e1bado 27 de julio en esta ciudad andina y reunir\u00e1 a los mejores exponentes de la especialidad en el pa\u00eds.<\/p>\n<p>En esta competencia organizada por la\u00a0 A.C.\u00a0 Eco\u00a0 Venezuela\u00a0 Xtrema, cada\u00a0 corredor\u00a0 deber\u00e1\u00a0 ser\u00a0 autosuficiente y\u00a0 tener\u00a0 la\u00a0 capacidad\u00a0 f\u00edsica\u00a0 y\u00a0 mental para\u00a0 superar varios factores como: distancia, clima y\u00a0 desniveles geogr\u00e1ficos, para\u00a0 as\u00ed\u00a0 cruzar\u00a0 la \u00a0anhelada\u00a0 meta. Cabe destacar que la competencia \u00a0est\u00e1 buscando el aval por parte <i>The North Face<\/i>, para que se permita otorgar un (1) punto clasificatorio para todos los que culminen la carrera con miras al <i>Ultra Trail du Mont Blanc<\/i>, uno de los m\u00e1s rudos ultramaratones que se realizar\u00e1 en Europa en los pr\u00f3ximos meses.<\/p>\n<p>Ser\u00e1 la\u00a0 primera vez\u00a0 que en Venezuela se realice una carrera\u00a0 con\u00a0 estas\u00a0 caracter\u00edsticas,\u00a0 y\u00a0 M\u00e9rida con sus locaciones excepcionales ser\u00e1 un escenario \u00fanico para este evento con una ruta de 55 kil\u00f3metros y un ingrediente\u00a0 adicional\u00a0 que es\u00a0 la altura,\u00a0 donde los\u00a0 corredores\u00a0 deber\u00e1n\u00a0 llegar hasta\u00a0 3.920 msnm. La\u00a0 carrera\u00a0 partir\u00e1\u00a0 desde\u00a0 la\u00a0 poblaci\u00f3n\u00a0 de\u00a0 Jaj\u00ed\u00a0 y culminar\u00e1 en la\u00a0 emblem\u00e1tica Plaza de\u00a0 Las\u00a0 Hero\u00ednas\u00a0 en esta ciudad andina.<\/p>\n<p><b><a href=\"https:\/\/seryhumano.com\/web\/un-desafio-solo-para-los-mas-aptos\/foto-accion-2\/\" rel=\"attachment wp-att-5138\"><img loading=\"lazy\" decoding=\"async\" class=\"alignleft size-medium wp-image-5138\" src=\"https:\/\/seryhumano.com\/web\/wp-content\/uploads\/2013\/07\/Foto-Acci\u00f3n-2-225x300.jpg\" alt=\"Foto Acci\u00f3n 2\" width=\"225\" height=\"300\" srcset=\"https:\/\/seryhumano.com\/web\/wp-content\/uploads\/2013\/07\/Foto-Acci\u00f3n-2-225x300.jpg 225w, https:\/\/seryhumano.com\/web\/wp-content\/uploads\/2013\/07\/Foto-Acci\u00f3n-2.jpg 540w\" sizes=\"auto, (max-width: 225px) 100vw, 225px\" \/><\/a>Acerca de la competencia<\/b><\/p>\n<p>Tendr\u00e1 una distancia con formato Ultra, la\u00a0 ruta tiene un\u00a0 ascenso\u00a0 constante\u00a0 en sus\u00a0 primeros\u00a0 35\u00a0 kil\u00f3metros,\u00a0 que va \u00a0desde\u00a0 los 1740 msnm en\u00a0 los\u00a0 que\u00a0 est\u00e1\u00a0 ubicado\u00a0 Jaji hasta\u00a0 los 3920 msnm donde se\u00a0 ubica\u00a0 la\u00a0 Laguna\u00a0 de\u00a0 Albarrega, luego\u00a0 de\u00a0 este\u00a0 punto\u00a0 se\u00a0 bajar\u00e1\u00a0 14\u00a0 km de\u00a0 descenso\u00a0 t\u00e9cnico para\u00a0 llegar\u00a0 al\u00a0 sector\u00a0 de\u00a0 la\u00a0 Hechicera y\u00a0 hacer\u00a0 los\u00a0 \u00faltimos\u00a0 5 Km\u00a0 por\u00a0 asfalto hasta\u00a0 la\u00a0 Plaza\u00a0 de\u00a0 las\u00a0 Hero\u00ednas. \u00a0Cabe destacar que los corredores dispondr\u00e1n de un tiempo m\u00e1ximo de 14 horas para completar el recorrido total de la competencia.<\/p>\n<p>En cuanto a la premiaci\u00f3n se entregar\u00e1n trofeos a los 3 primeros cada categor\u00eda en\u00a0 todas\u00a0 las\u00a0 distancias, medallas a\u00a0 todos\u00a0 los\u00a0 que\u00a0 culminen\u00a0 la\u00a0 prueba y una premiaci\u00f3n\u00a0 en met\u00e1lico de 24 mil bol\u00edvares acumulados para los tres primeros de la general tanto\u00a0 Femenino\u00a0 como\u00a0 en Masculino.<\/p>\n<p>De igual manera se podr\u00e1 seguir la carrera y su desarrollo por: \u00a0<b>twitter(@ultra55kmerida) \u00a0y\u00a0 podr\u00e1n\u00a0 ver\u00a0 los\u00a0 resultados\u00a0 oficiales\u00a0 en\u00a0 www.ultra55kmaratonmerida.com y\u00a0 asdeporte.com.ve <\/b><\/p>\n<p>Este evento es gracias al patrocinio de: CANTV, The North Face, Gatorade, Energizer, Filtro Sol, Schick y Revista Fortius. Mientras que tambi\u00e9n tendr\u00e1 el respaldo institucional\u00a0 de\u00a0 Institutos y\u00a0 entes\u00a0 gubernamentales\u00a0 del\u00a0 estado M\u00e9rida.<\/p>\n<p>seryhumano.com<\/p>\n","protected":false},"excerpt":{"rendered":"<p>El The North Face Ultra 55K Marat\u00f3n M\u00e9rida COPA CANTV ser\u00e1 una carrera de monta\u00f1a con formato de\u00a0 ultramarat\u00f3n,\u00a0 la cual se desarrollar\u00e1 el s\u00e1bado 27 de julio en esta ciudad andina y reunir\u00e1 a los mejores exponentes de la especialidad en el pa\u00eds. En esta competencia organizada por la\u00a0 A.C.\u00a0 Eco\u00a0 Venezuela\u00a0 Xtrema, cada\u00a0&hellip;<\/p>\n","protected":false},"author":2,"featured_media":5182,"comment_status":"closed","ping_status":"closed","sticky":false,"template":"","format":"standard","meta":{"footnotes":""},"categories":[110],"tags":[111],"class_list":["post-5134","post","type-post","status-publish","format-standard","has-post-thumbnail","hentry","category-noticias","tag-slider","category-110","description-off"],"yoast_head":"<!-- This site is optimized with the Yoast SEO plugin v25.4 - https:\/\/yoast.com\/wordpress\/plugins\/seo\/ -->\n<title>Un desaf\u00edo solo para los m\u00e1s aptos &#187; SeryHumano.com<\/title>\n<meta name=\"description\" content=\"El The North Face Ultra 55K Marat\u00f3n M\u00e9rida COPA CANTV ser\u00e1 una carrera de monta\u00f1a con formato de\u00a0 ultramarat\u00f3n s\u00e1bado 27 de julio\" \/>\n<meta name=\"robots\" content=\"index, follow, max-snippet:-1, max-image-preview:large, max-video-preview:-1\" \/>\n<link rel=\"canonical\" href=\"https:\/\/seryhumano.com\/web\/?p=5134\" \/>\n<meta property=\"og:locale\" content=\"es_ES\" \/>\n<meta property=\"og:type\" content=\"article\" \/>\n<meta property=\"og:title\" content=\"Un desaf\u00edo solo para los m\u00e1s aptos &#187; SeryHumano.com\" \/>\n<meta property=\"og:description\" content=\"El The North Face Ultra 55K Marat\u00f3n M\u00e9rida COPA CANTV ser\u00e1 una carrera de monta\u00f1a con formato de\u00a0 ultramarat\u00f3n s\u00e1bado 27 de julio\" \/>\n<meta property=\"og:url\" content=\"https:\/\/seryhumano.com\/web\/?p=5134\" \/>\n<meta property=\"og:site_name\" content=\"SeryHumano.com\" \/>\n<meta property=\"article:publisher\" content=\"https:\/\/www.facebook.com\/seryhumano\/\" \/>\n<meta property=\"article:published_time\" content=\"2013-07-27T11:27:03+00:00\" \/>\n<meta property=\"article:modified_time\" content=\"2020-03-17T14:10:19+00:00\" \/>\n<meta property=\"og:image\" content=\"https:\/\/seryhumano.com\/web\/wp-content\/uploads\/2013\/07\/featureslider_desafio.jpg\" \/>\n\t<meta property=\"og:image:width\" content=\"910\" \/>\n\t<meta property=\"og:image:height\" content=\"227\" \/>\n\t<meta property=\"og:image:type\" content=\"image\/jpeg\" \/>\n<meta name=\"author\" content=\"@herrera_yosmar\" \/>\n<meta name=\"twitter:card\" content=\"summary_large_image\" \/>\n<meta name=\"twitter:creator\" content=\"@SeryHumano\" \/>\n<meta name=\"twitter:site\" content=\"@SeryHumano\" \/>\n<meta name=\"twitter:label1\" content=\"Escrito por\" \/>\n\t<meta name=\"twitter:data1\" content=\"@herrera_yosmar\" \/>\n\t<meta name=\"twitter:label2\" content=\"Tiempo de lectura\" \/>\n\t<meta name=\"twitter:data2\" content=\"2 minutos\" \/>\n<script type=\"application\/ld+json\" class=\"yoast-schema-graph\">{\"@context\":\"https:\/\/schema.org\",\"@graph\":[{\"@type\":\"Article\",\"@id\":\"https:\/\/seryhumano.com\/web\/?p=5134#article\",\"isPartOf\":{\"@id\":\"https:\/\/seryhumano.com\/web\/?p=5134\"},\"author\":{\"name\":\"@herrera_yosmar\",\"@id\":\"https:\/\/seryhumano.com\/web\/#\/schema\/person\/fd30e8e0b394a62344b44d9b0fe75795\"},\"headline\":\"Un desaf\u00edo solo para los m\u00e1s aptos\",\"datePublished\":\"2013-07-27T11:27:03+00:00\",\"dateModified\":\"2020-03-17T14:10:19+00:00\",\"mainEntityOfPage\":{\"@id\":\"https:\/\/seryhumano.com\/web\/?p=5134\"},\"wordCount\":445,\"publisher\":{\"@id\":\"https:\/\/seryhumano.com\/web\/#organization\"},\"image\":{\"@id\":\"https:\/\/seryhumano.com\/web\/?p=5134#primaryimage\"},\"thumbnailUrl\":\"https:\/\/seryhumano.com\/web\/wp-content\/uploads\/2013\/07\/featureslider_desafio.jpg\",\"keywords\":[\"Slider\"],\"articleSection\":[\"Noticias\"],\"inLanguage\":\"es\"},{\"@type\":\"WebPage\",\"@id\":\"https:\/\/seryhumano.com\/web\/?p=5134\",\"url\":\"https:\/\/seryhumano.com\/web\/?p=5134\",\"name\":\"Un desaf\u00edo solo para los m\u00e1s aptos &#187; SeryHumano.com\",\"isPartOf\":{\"@id\":\"https:\/\/seryhumano.com\/web\/#website\"},\"primaryImageOfPage\":{\"@id\":\"https:\/\/seryhumano.com\/web\/?p=5134#primaryimage\"},\"image\":{\"@id\":\"https:\/\/seryhumano.com\/web\/?p=5134#primaryimage\"},\"thumbnailUrl\":\"https:\/\/seryhumano.com\/web\/wp-content\/uploads\/2013\/07\/featureslider_desafio.jpg\",\"datePublished\":\"2013-07-27T11:27:03+00:00\",\"dateModified\":\"2020-03-17T14:10:19+00:00\",\"description\":\"El The North Face Ultra 55K Marat\u00f3n M\u00e9rida COPA CANTV ser\u00e1 una carrera de monta\u00f1a con formato de\u00a0 ultramarat\u00f3n s\u00e1bado 27 de julio\",\"breadcrumb\":{\"@id\":\"https:\/\/seryhumano.com\/web\/?p=5134#breadcrumb\"},\"inLanguage\":\"es\",\"potentialAction\":[{\"@type\":\"ReadAction\",\"target\":[\"https:\/\/seryhumano.com\/web\/?p=5134\"]}]},{\"@type\":\"ImageObject\",\"inLanguage\":\"es\",\"@id\":\"https:\/\/seryhumano.com\/web\/?p=5134#primaryimage\",\"url\":\"https:\/\/seryhumano.com\/web\/wp-content\/uploads\/2013\/07\/featureslider_desafio.jpg\",\"contentUrl\":\"https:\/\/seryhumano.com\/web\/wp-content\/uploads\/2013\/07\/featureslider_desafio.jpg\",\"width\":910,\"height\":227},{\"@type\":\"BreadcrumbList\",\"@id\":\"https:\/\/seryhumano.com\/web\/?p=5134#breadcrumb\",\"itemListElement\":[{\"@type\":\"ListItem\",\"position\":1,\"name\":\"Portada\",\"item\":\"https:\/\/seryhumano.com\/web\/\"},{\"@type\":\"ListItem\",\"position\":2,\"name\":\"Un desaf\u00edo solo para los m\u00e1s aptos\"}]},{\"@type\":\"WebSite\",\"@id\":\"https:\/\/seryhumano.com\/web\/#website\",\"url\":\"https:\/\/seryhumano.com\/web\/\",\"name\":\"SeryHumano.com\",\"description\":\"Revista digital muy humana, donde lo mas importante es el Ser...\",\"publisher\":{\"@id\":\"https:\/\/seryhumano.com\/web\/#organization\"},\"potentialAction\":[{\"@type\":\"SearchAction\",\"target\":{\"@type\":\"EntryPoint\",\"urlTemplate\":\"https:\/\/seryhumano.com\/web\/?s={search_term_string}\"},\"query-input\":{\"@type\":\"PropertyValueSpecification\",\"valueRequired\":true,\"valueName\":\"search_term_string\"}}],\"inLanguage\":\"es\"},{\"@type\":\"Organization\",\"@id\":\"https:\/\/seryhumano.com\/web\/#organization\",\"name\":\"SeryHumano.com\",\"url\":\"https:\/\/seryhumano.com\/web\/\",\"logo\":{\"@type\":\"ImageObject\",\"inLanguage\":\"es\",\"@id\":\"https:\/\/seryhumano.com\/web\/#\/schema\/logo\/image\/\",\"url\":\"https:\/\/seryhumano.com\/web\/wp-content\/uploads\/2020\/02\/JNe5VRwH_400x400-2.jpg\",\"contentUrl\":\"https:\/\/seryhumano.com\/web\/wp-content\/uploads\/2020\/02\/JNe5VRwH_400x400-2.jpg\",\"width\":400,\"height\":400,\"caption\":\"SeryHumano.com\"},\"image\":{\"@id\":\"https:\/\/seryhumano.com\/web\/#\/schema\/logo\/image\/\"},\"sameAs\":[\"https:\/\/www.facebook.com\/seryhumano\/\",\"https:\/\/x.com\/SeryHumano\",\"https:\/\/www.instagram.com\/seryhumano\/\",\"https:\/\/www.linkedin.com\/company\/seryhumano-com\/\",\"https:\/\/www.youtube.com\/channel\/UCYfgIGSxygVnJAW0e9ZBZWg\"]},{\"@type\":\"Person\",\"@id\":\"https:\/\/seryhumano.com\/web\/#\/schema\/person\/fd30e8e0b394a62344b44d9b0fe75795\",\"name\":\"@herrera_yosmar\",\"description\":\"Eterna enamorada de la vida, comunicadora, mam\u00e1 de tres\",\"sameAs\":[\"http:\/\/seryhumano.com\"],\"url\":\"https:\/\/seryhumano.com\/web\/?author=2\"}]}<\/script>\n<!-- \/ Yoast SEO plugin. -->","yoast_head_json":{"title":"Un desaf\u00edo solo para los m\u00e1s aptos &#187; SeryHumano.com","description":"El The North Face Ultra 55K Marat\u00f3n M\u00e9rida COPA CANTV ser\u00e1 una carrera de monta\u00f1a con formato de\u00a0 ultramarat\u00f3n s\u00e1bado 27 de julio","robots":{"index":"index","follow":"follow","max-snippet":"max-snippet:-1","max-image-preview":"max-image-preview:large","max-video-preview":"max-video-preview:-1"},"canonical":"https:\/\/seryhumano.com\/web\/?p=5134","og_locale":"es_ES","og_type":"article","og_title":"Un desaf\u00edo solo para los m\u00e1s aptos &#187; SeryHumano.com","og_description":"El The North Face Ultra 55K Marat\u00f3n M\u00e9rida COPA CANTV ser\u00e1 una carrera de monta\u00f1a con formato de\u00a0 ultramarat\u00f3n s\u00e1bado 27 de julio","og_url":"https:\/\/seryhumano.com\/web\/?p=5134","og_site_name":"SeryHumano.com","article_publisher":"https:\/\/www.facebook.com\/seryhumano\/","article_published_time":"2013-07-27T11:27:03+00:00","article_modified_time":"2020-03-17T14:10:19+00:00","og_image":[{"width":910,"height":227,"url":"https:\/\/seryhumano.com\/web\/wp-content\/uploads\/2013\/07\/featureslider_desafio.jpg","type":"image\/jpeg"}],"author":"@herrera_yosmar","twitter_card":"summary_large_image","twitter_creator":"@SeryHumano","twitter_site":"@SeryHumano","twitter_misc":{"Escrito por":"@herrera_yosmar","Tiempo de lectura":"2 minutos"},"schema":{"@context":"https:\/\/schema.org","@graph":[{"@type":"Article","@id":"https:\/\/seryhumano.com\/web\/?p=5134#article","isPartOf":{"@id":"https:\/\/seryhumano.com\/web\/?p=5134"},"author":{"name":"@herrera_yosmar","@id":"https:\/\/seryhumano.com\/web\/#\/schema\/person\/fd30e8e0b394a62344b44d9b0fe75795"},"headline":"Un desaf\u00edo solo para los m\u00e1s aptos","datePublished":"2013-07-27T11:27:03+00:00","dateModified":"2020-03-17T14:10:19+00:00","mainEntityOfPage":{"@id":"https:\/\/seryhumano.com\/web\/?p=5134"},"wordCount":445,"publisher":{"@id":"https:\/\/seryhumano.com\/web\/#organization"},"image":{"@id":"https:\/\/seryhumano.com\/web\/?p=5134#primaryimage"},"thumbnailUrl":"https:\/\/seryhumano.com\/web\/wp-content\/uploads\/2013\/07\/featureslider_desafio.jpg","keywords":["Slider"],"articleSection":["Noticias"],"inLanguage":"es"},{"@type":"WebPage","@id":"https:\/\/seryhumano.com\/web\/?p=5134","url":"https:\/\/seryhumano.com\/web\/?p=5134","name":"Un desaf\u00edo solo para los m\u00e1s aptos &#187; SeryHumano.com","isPartOf":{"@id":"https:\/\/seryhumano.com\/web\/#website"},"primaryImageOfPage":{"@id":"https:\/\/seryhumano.com\/web\/?p=5134#primaryimage"},"image":{"@id":"https:\/\/seryhumano.com\/web\/?p=5134#primaryimage"},"thumbnailUrl":"https:\/\/seryhumano.com\/web\/wp-content\/uploads\/2013\/07\/featureslider_desafio.jpg","datePublished":"2013-07-27T11:27:03+00:00","dateModified":"2020-03-17T14:10:19+00:00","description":"El The North Face Ultra 55K Marat\u00f3n M\u00e9rida COPA CANTV ser\u00e1 una carrera de monta\u00f1a con formato de\u00a0 ultramarat\u00f3n s\u00e1bado 27 de julio","breadcrumb":{"@id":"https:\/\/seryhumano.com\/web\/?p=5134#breadcrumb"},"inLanguage":"es","potentialAction":[{"@type":"ReadAction","target":["https:\/\/seryhumano.com\/web\/?p=5134"]}]},{"@type":"ImageObject","inLanguage":"es","@id":"https:\/\/seryhumano.com\/web\/?p=5134#primaryimage","url":"https:\/\/seryhumano.com\/web\/wp-content\/uploads\/2013\/07\/featureslider_desafio.jpg","contentUrl":"https:\/\/seryhumano.com\/web\/wp-content\/uploads\/2013\/07\/featureslider_desafio.jpg","width":910,"height":227},{"@type":"BreadcrumbList","@id":"https:\/\/seryhumano.com\/web\/?p=5134#breadcrumb","itemListElement":[{"@type":"ListItem","position":1,"name":"Portada","item":"https:\/\/seryhumano.com\/web\/"},{"@type":"ListItem","position":2,"name":"Un desaf\u00edo solo para los m\u00e1s aptos"}]},{"@type":"WebSite","@id":"https:\/\/seryhumano.com\/web\/#website","url":"https:\/\/seryhumano.com\/web\/","name":"SeryHumano.com","description":"Revista digital muy humana, donde lo mas importante es el Ser...","publisher":{"@id":"https:\/\/seryhumano.com\/web\/#organization"},"potentialAction":[{"@type":"SearchAction","target":{"@type":"EntryPoint","urlTemplate":"https:\/\/seryhumano.com\/web\/?s={search_term_string}"},"query-input":{"@type":"PropertyValueSpecification","valueRequired":true,"valueName":"search_term_string"}}],"inLanguage":"es"},{"@type":"Organization","@id":"https:\/\/seryhumano.com\/web\/#organization","name":"SeryHumano.com","url":"https:\/\/seryhumano.com\/web\/","logo":{"@type":"ImageObject","inLanguage":"es","@id":"https:\/\/seryhumano.com\/web\/#\/schema\/logo\/image\/","url":"https:\/\/seryhumano.com\/web\/wp-content\/uploads\/2020\/02\/JNe5VRwH_400x400-2.jpg","contentUrl":"https:\/\/seryhumano.com\/web\/wp-content\/uploads\/2020\/02\/JNe5VRwH_400x400-2.jpg","width":400,"height":400,"caption":"SeryHumano.com"},"image":{"@id":"https:\/\/seryhumano.com\/web\/#\/schema\/logo\/image\/"},"sameAs":["https:\/\/www.facebook.com\/seryhumano\/","https:\/\/x.com\/SeryHumano","https:\/\/www.instagram.com\/seryhumano\/","https:\/\/www.linkedin.com\/company\/seryhumano-com\/","https:\/\/www.youtube.com\/channel\/UCYfgIGSxygVnJAW0e9ZBZWg"]},{"@type":"Person","@id":"https:\/\/seryhumano.com\/web\/#\/schema\/person\/fd30e8e0b394a62344b44d9b0fe75795","name":"@herrera_yosmar","description":"Eterna enamorada de la vida, comunicadora, mam\u00e1 de tres","sameAs":["http:\/\/seryhumano.com"],"url":"https:\/\/seryhumano.com\/web\/?author=2"}]}},"_links":{"self":[{"href":"https:\/\/seryhumano.com\/web\/index.php?rest_route=\/wp\/v2\/posts\/5134","targetHints":{"allow":["GET"]}}],"collection":[{"href":"https:\/\/seryhumano.com\/web\/index.php?rest_route=\/wp\/v2\/posts"}],"about":[{"href":"https:\/\/seryhumano.com\/web\/index.php?rest_route=\/wp\/v2\/types\/post"}],"author":[{"embeddable":true,"href":"https:\/\/seryhumano.com\/web\/index.php?rest_route=\/wp\/v2\/users\/2"}],"replies":[{"embeddable":true,"href":"https:\/\/seryhumano.com\/web\/index.php?rest_route=%2Fwp%2Fv2%2Fcomments&post=5134"}],"version-history":[{"count":0,"href":"https:\/\/seryhumano.com\/web\/index.php?rest_route=\/wp\/v2\/posts\/5134\/revisions"}],"wp:featuredmedia":[{"embeddable":true,"href":"https:\/\/seryhumano.com\/web\/index.php?rest_route=\/wp\/v2\/media\/5182"}],"wp:attachment":[{"href":"https:\/\/seryhumano.com\/web\/index.php?rest_route=%2Fwp%2Fv2%2Fmedia&parent=5134"}],"wp:term":[{"taxonomy":"category","embeddable":true,"href":"https:\/\/seryhumano.com\/web\/index.php?rest_route=%2Fwp%2Fv2%2Fcategories&post=5134"},{"taxonomy":"post_tag","embeddable":true,"href":"https:\/\/seryhumano.com\/web\/index.php?rest_route=%2Fwp%2Fv2%2Ftags&post=5134"}],"curies":[{"name":"wp","href":"https:\/\/api.w.org\/{rel}","templated":true}]}}