{"id":5328,"date":"2013-07-30T05:00:13","date_gmt":"2013-07-30T09:30:13","guid":{"rendered":"https:\/\/seryhumano.com\/web\/?p=5328"},"modified":"2013-07-30T09:47:29","modified_gmt":"2013-07-30T14:17:29","slug":"el-papa-francisco-quien-soy-yo-para-juzgar-a-un-gay","status":"publish","type":"post","link":"https:\/\/seryhumano.com\/web\/?p=5328","title":{"rendered":"El papa Francisco: \u00ab\u00bfQui\u00e9n soy yo para juzgar a un gay?\u00bb"},"content":{"rendered":"<p><a href=\"https:\/\/seryhumano.com\/web\/?attachment_id=5330\" rel=\"attachment wp-att-5330\"><img loading=\"lazy\" decoding=\"async\" class=\"alignleft size-medium wp-image-5330\" alt=\"foto_0000001620130729084053\" src=\"https:\/\/seryhumano.com\/web\/wp-content\/uploads\/2013\/07\/foto_0000001620130729084053-300x168.jpg\" width=\"300\" height=\"168\" srcset=\"https:\/\/seryhumano.com\/web\/wp-content\/uploads\/2013\/07\/foto_0000001620130729084053-300x168.jpg 300w, https:\/\/seryhumano.com\/web\/wp-content\/uploads\/2013\/07\/foto_0000001620130729084053.jpg 649w\" sizes=\"auto, (max-width: 300px) 100vw, 300px\" \/><\/a>El papa Francisco\u00a0se ha soltado en el avi\u00f3n de vuelta a Roma desde R\u00edo de Janeiro, donde se han celebrado las Jornadas Mundiales de la Juventud. El pont\u00edfice ha departido con un grupo de periodistas y ha sorprendido con frases como: \u00ab\u00bfQui\u00e9n soy yo para juzgar a un gay?\u00bb, seg\u00fan recogen varios medios como\u00a0<i>Il Corriere della Sera.<\/i><\/p>\n<p>El papa ha hablado con los periodistas que le acompa\u00f1aban durante una hora y media, tiempo en el que ha contestado a todas las preguntas que le hicieron.<\/p>\n<p>Francisco ha asegurado durante el trayecto que no juzga a los homosexuales, pero se ha mostrado contrario al lobby gay, a\u00f1ade Efe.<\/p>\n<p>\u00abEn un lobby no todos son buenos, pero si una persona es gay, busca al Se\u00f1or y tiene buena voluntad, qui\u00e9n soy yo para juzgarla. El Catecismo de la Iglesia Cat\u00f3lica explica y dice que no se deben marginar a esas personas y que deben ser integradas en la sociedad\u00bb, ha afirmado el pont\u00edfice.<\/p>\n<p>En este punto, ha puntualizad que el catecismo sostiene que \u00abmientras la orientaci\u00f3n sexual no es un pecado, s\u00ed lo pueden ser sus actos\u00bb.<a href=\"https:\/\/seryhumano.com\/web\/?attachment_id=5329\" rel=\"attachment wp-att-5329\"><img loading=\"lazy\" decoding=\"async\" class=\"alignright size-medium wp-image-5329\" alt=\"Francisco-\" src=\"https:\/\/seryhumano.com\/web\/wp-content\/uploads\/2013\/07\/Francisco--300x199.jpg\" width=\"300\" height=\"199\" srcset=\"https:\/\/seryhumano.com\/web\/wp-content\/uploads\/2013\/07\/Francisco--300x199.jpg 300w, https:\/\/seryhumano.com\/web\/wp-content\/uploads\/2013\/07\/Francisco-.jpg 750w\" sizes=\"auto, (max-width: 300px) 100vw, 300px\" \/><\/a><\/p>\n<p>El papa Francisco ha sido el primer pont\u00edfice que ha reconocido\u00a0la existencia de un lobby gay en el Vaticano.<\/p>\n<p><b>SUS CR\u00cdTICAS AL MATRIMONIO HOMOSEXUAL<\/b><\/p>\n<p>Antes de alcanzar el sill\u00f3n m\u00e1s alto de la Santa Sede, Jorge Bergoglio -entonces arzobispo de Buenos Aires- lanz\u00f3 frases con cr\u00edticas dur\u00edsimas al matriomino homosexual, que lleg\u00f3\u00a0a definir como una \u00abmovida del Diablo\u00bb.<\/p>\n<p>\u00abNo seamos ingenuos: no se trata de una simple lucha pol\u00edtica; es la pretensi\u00f3n destructiva al plan de Dios\u201d, lleg\u00f3 a decir tambi\u00e9n sobre las uniones de personas del mismo sexo.<\/p>\n<p>Asimismo, coment\u00f3 sobre las bodas homosexuales: \u00abEst\u00e1 en juego la identidad, y la supervivencia de la familia: pap\u00e1, mam\u00e1 e hijos. Est\u00e1 en juego la vida de tantos ni\u00f1os que ser\u00e1n discriminados de antemano priv\u00e1ndolos de la maduraci\u00f3n humana que Dios quiso se diera con un padre y una madre. Est\u00e1 en juego un rechazo frontal a la ley de Dios, grabada adem\u00e1s en nuestros corazones\u00bb.<\/p>\n<p>El papa Francisco tambi\u00e9n ha asegurado en este encuentro con periodistas que no ha notado \u00abresistencia\u00bb dentro del Vaticano a la reforma que ha emprendido de la Curia y que no sabe c\u00f3mo acabar\u00e1\u00a0la reforma del IOR, el llamado banco vaticano,\u00a0pero que lo importante \u00abes la transparencia y la honradez\u00bb.<\/p>\n<p>seryhumano.com<\/p>\n<p>Fuente: huffingtonpost.es<\/p>\n<p>&nbsp;<\/p>\n","protected":false},"excerpt":{"rendered":"<p>El papa Francisco\u00a0se ha soltado en el avi\u00f3n de vuelta a Roma desde R\u00edo de Janeiro, donde se han celebrado las Jornadas Mundiales de la Juventud. El pont\u00edfice ha departido con un grupo de periodistas y ha sorprendido con frases como: \u00ab\u00bfQui\u00e9n soy yo para juzgar a un gay?\u00bb, seg\u00fan recogen varios medios como\u00a0Il Corriere&hellip;<\/p>\n","protected":false},"author":2,"featured_media":5350,"comment_status":"closed","ping_status":"closed","sticky":false,"template":"","format":"standard","meta":{"footnotes":""},"categories":[110],"tags":[111],"class_list":["post-5328","post","type-post","status-publish","format-standard","has-post-thumbnail","hentry","category-noticias","tag-slider","category-110","description-off"],"yoast_head":"<!-- This site is optimized with the Yoast SEO plugin v25.4 - https:\/\/yoast.com\/wordpress\/plugins\/seo\/ -->\n<title>El papa Francisco: &quot;\u00bfQui\u00e9n soy yo para juzgar a un gay?&quot; &#187; SeryHumano.com<\/title>\n<meta name=\"robots\" content=\"index, follow, max-snippet:-1, max-image-preview:large, max-video-preview:-1\" \/>\n<link rel=\"canonical\" href=\"https:\/\/seryhumano.com\/web\/?p=5328\" \/>\n<meta property=\"og:locale\" content=\"es_ES\" \/>\n<meta property=\"og:type\" content=\"article\" \/>\n<meta property=\"og:title\" content=\"El papa Francisco: &quot;\u00bfQui\u00e9n soy yo para juzgar a un gay?&quot; &#187; SeryHumano.com\" \/>\n<meta property=\"og:description\" content=\"El papa Francisco\u00a0se ha soltado en el avi\u00f3n de vuelta a Roma desde R\u00edo de Janeiro, donde se han celebrado las Jornadas Mundiales de la Juventud. El pont\u00edfice ha departido con un grupo de periodistas y ha sorprendido con frases como: \u00ab\u00bfQui\u00e9n soy yo para juzgar a un gay?\u00bb, seg\u00fan recogen varios medios como\u00a0Il Corriere&hellip;\" \/>\n<meta property=\"og:url\" content=\"https:\/\/seryhumano.com\/web\/?p=5328\" \/>\n<meta property=\"og:site_name\" content=\"SeryHumano.com\" \/>\n<meta property=\"article:publisher\" content=\"https:\/\/www.facebook.com\/seryhumano\/\" \/>\n<meta property=\"article:published_time\" content=\"2013-07-30T09:30:13+00:00\" \/>\n<meta property=\"article:modified_time\" content=\"2013-07-30T14:17:29+00:00\" \/>\n<meta property=\"og:image\" content=\"https:\/\/seryhumano.com\/web\/wp-content\/uploads\/2013\/07\/featureslider.jpg\" \/>\n\t<meta property=\"og:image:width\" content=\"910\" \/>\n\t<meta property=\"og:image:height\" content=\"227\" \/>\n\t<meta property=\"og:image:type\" content=\"image\/jpeg\" \/>\n<meta name=\"author\" content=\"@herrera_yosmar\" \/>\n<meta name=\"twitter:card\" content=\"summary_large_image\" \/>\n<meta name=\"twitter:creator\" content=\"@SeryHumano\" \/>\n<meta name=\"twitter:site\" content=\"@SeryHumano\" \/>\n<meta name=\"twitter:label1\" content=\"Escrito por\" \/>\n\t<meta name=\"twitter:data1\" content=\"@herrera_yosmar\" \/>\n\t<meta name=\"twitter:label2\" content=\"Tiempo de lectura\" \/>\n\t<meta name=\"twitter:data2\" content=\"2 minutos\" \/>\n<script type=\"application\/ld+json\" class=\"yoast-schema-graph\">{\"@context\":\"https:\/\/schema.org\",\"@graph\":[{\"@type\":\"Article\",\"@id\":\"https:\/\/seryhumano.com\/web\/?p=5328#article\",\"isPartOf\":{\"@id\":\"https:\/\/seryhumano.com\/web\/?p=5328\"},\"author\":{\"name\":\"@herrera_yosmar\",\"@id\":\"https:\/\/seryhumano.com\/web\/#\/schema\/person\/fd30e8e0b394a62344b44d9b0fe75795\"},\"headline\":\"El papa Francisco: \u00ab\u00bfQui\u00e9n soy yo para juzgar a un gay?\u00bb\",\"datePublished\":\"2013-07-30T09:30:13+00:00\",\"dateModified\":\"2013-07-30T14:17:29+00:00\",\"mainEntityOfPage\":{\"@id\":\"https:\/\/seryhumano.com\/web\/?p=5328\"},\"wordCount\":442,\"publisher\":{\"@id\":\"https:\/\/seryhumano.com\/web\/#organization\"},\"image\":{\"@id\":\"https:\/\/seryhumano.com\/web\/?p=5328#primaryimage\"},\"thumbnailUrl\":\"https:\/\/seryhumano.com\/web\/wp-content\/uploads\/2013\/07\/featureslider.jpg\",\"keywords\":[\"Slider\"],\"articleSection\":[\"Noticias\"],\"inLanguage\":\"es\"},{\"@type\":\"WebPage\",\"@id\":\"https:\/\/seryhumano.com\/web\/?p=5328\",\"url\":\"https:\/\/seryhumano.com\/web\/?p=5328\",\"name\":\"El papa Francisco: \\\"\u00bfQui\u00e9n soy yo para juzgar a un gay?\\\" &#187; SeryHumano.com\",\"isPartOf\":{\"@id\":\"https:\/\/seryhumano.com\/web\/#website\"},\"primaryImageOfPage\":{\"@id\":\"https:\/\/seryhumano.com\/web\/?p=5328#primaryimage\"},\"image\":{\"@id\":\"https:\/\/seryhumano.com\/web\/?p=5328#primaryimage\"},\"thumbnailUrl\":\"https:\/\/seryhumano.com\/web\/wp-content\/uploads\/2013\/07\/featureslider.jpg\",\"datePublished\":\"2013-07-30T09:30:13+00:00\",\"dateModified\":\"2013-07-30T14:17:29+00:00\",\"breadcrumb\":{\"@id\":\"https:\/\/seryhumano.com\/web\/?p=5328#breadcrumb\"},\"inLanguage\":\"es\",\"potentialAction\":[{\"@type\":\"ReadAction\",\"target\":[\"https:\/\/seryhumano.com\/web\/?p=5328\"]}]},{\"@type\":\"ImageObject\",\"inLanguage\":\"es\",\"@id\":\"https:\/\/seryhumano.com\/web\/?p=5328#primaryimage\",\"url\":\"https:\/\/seryhumano.com\/web\/wp-content\/uploads\/2013\/07\/featureslider.jpg\",\"contentUrl\":\"https:\/\/seryhumano.com\/web\/wp-content\/uploads\/2013\/07\/featureslider.jpg\",\"width\":910,\"height\":227},{\"@type\":\"BreadcrumbList\",\"@id\":\"https:\/\/seryhumano.com\/web\/?p=5328#breadcrumb\",\"itemListElement\":[{\"@type\":\"ListItem\",\"position\":1,\"name\":\"Portada\",\"item\":\"https:\/\/seryhumano.com\/web\/\"},{\"@type\":\"ListItem\",\"position\":2,\"name\":\"El papa Francisco: \u00ab\u00bfQui\u00e9n soy yo para juzgar a un gay?\u00bb\"}]},{\"@type\":\"WebSite\",\"@id\":\"https:\/\/seryhumano.com\/web\/#website\",\"url\":\"https:\/\/seryhumano.com\/web\/\",\"name\":\"SeryHumano.com\",\"description\":\"Revista digital muy humana, donde lo mas importante es el Ser...\",\"publisher\":{\"@id\":\"https:\/\/seryhumano.com\/web\/#organization\"},\"potentialAction\":[{\"@type\":\"SearchAction\",\"target\":{\"@type\":\"EntryPoint\",\"urlTemplate\":\"https:\/\/seryhumano.com\/web\/?s={search_term_string}\"},\"query-input\":{\"@type\":\"PropertyValueSpecification\",\"valueRequired\":true,\"valueName\":\"search_term_string\"}}],\"inLanguage\":\"es\"},{\"@type\":\"Organization\",\"@id\":\"https:\/\/seryhumano.com\/web\/#organization\",\"name\":\"SeryHumano.com\",\"url\":\"https:\/\/seryhumano.com\/web\/\",\"logo\":{\"@type\":\"ImageObject\",\"inLanguage\":\"es\",\"@id\":\"https:\/\/seryhumano.com\/web\/#\/schema\/logo\/image\/\",\"url\":\"https:\/\/seryhumano.com\/web\/wp-content\/uploads\/2020\/02\/JNe5VRwH_400x400-2.jpg\",\"contentUrl\":\"https:\/\/seryhumano.com\/web\/wp-content\/uploads\/2020\/02\/JNe5VRwH_400x400-2.jpg\",\"width\":400,\"height\":400,\"caption\":\"SeryHumano.com\"},\"image\":{\"@id\":\"https:\/\/seryhumano.com\/web\/#\/schema\/logo\/image\/\"},\"sameAs\":[\"https:\/\/www.facebook.com\/seryhumano\/\",\"https:\/\/x.com\/SeryHumano\",\"https:\/\/www.instagram.com\/seryhumano\/\",\"https:\/\/www.linkedin.com\/company\/seryhumano-com\/\",\"https:\/\/www.youtube.com\/channel\/UCYfgIGSxygVnJAW0e9ZBZWg\"]},{\"@type\":\"Person\",\"@id\":\"https:\/\/seryhumano.com\/web\/#\/schema\/person\/fd30e8e0b394a62344b44d9b0fe75795\",\"name\":\"@herrera_yosmar\",\"description\":\"Eterna enamorada de la vida, comunicadora, mam\u00e1 de tres\",\"sameAs\":[\"http:\/\/seryhumano.com\"],\"url\":\"https:\/\/seryhumano.com\/web\/?author=2\"}]}<\/script>\n<!-- \/ Yoast SEO plugin. -->","yoast_head_json":{"title":"El papa Francisco: \"\u00bfQui\u00e9n soy yo para juzgar a un gay?\" &#187; SeryHumano.com","robots":{"index":"index","follow":"follow","max-snippet":"max-snippet:-1","max-image-preview":"max-image-preview:large","max-video-preview":"max-video-preview:-1"},"canonical":"https:\/\/seryhumano.com\/web\/?p=5328","og_locale":"es_ES","og_type":"article","og_title":"El papa Francisco: \"\u00bfQui\u00e9n soy yo para juzgar a un gay?\" &#187; SeryHumano.com","og_description":"El papa Francisco\u00a0se ha soltado en el avi\u00f3n de vuelta a Roma desde R\u00edo de Janeiro, donde se han celebrado las Jornadas Mundiales de la Juventud. El pont\u00edfice ha departido con un grupo de periodistas y ha sorprendido con frases como: \u00ab\u00bfQui\u00e9n soy yo para juzgar a un gay?\u00bb, seg\u00fan recogen varios medios como\u00a0Il Corriere&hellip;","og_url":"https:\/\/seryhumano.com\/web\/?p=5328","og_site_name":"SeryHumano.com","article_publisher":"https:\/\/www.facebook.com\/seryhumano\/","article_published_time":"2013-07-30T09:30:13+00:00","article_modified_time":"2013-07-30T14:17:29+00:00","og_image":[{"width":910,"height":227,"url":"https:\/\/seryhumano.com\/web\/wp-content\/uploads\/2013\/07\/featureslider.jpg","type":"image\/jpeg"}],"author":"@herrera_yosmar","twitter_card":"summary_large_image","twitter_creator":"@SeryHumano","twitter_site":"@SeryHumano","twitter_misc":{"Escrito por":"@herrera_yosmar","Tiempo de lectura":"2 minutos"},"schema":{"@context":"https:\/\/schema.org","@graph":[{"@type":"Article","@id":"https:\/\/seryhumano.com\/web\/?p=5328#article","isPartOf":{"@id":"https:\/\/seryhumano.com\/web\/?p=5328"},"author":{"name":"@herrera_yosmar","@id":"https:\/\/seryhumano.com\/web\/#\/schema\/person\/fd30e8e0b394a62344b44d9b0fe75795"},"headline":"El papa Francisco: \u00ab\u00bfQui\u00e9n soy yo para juzgar a un gay?\u00bb","datePublished":"2013-07-30T09:30:13+00:00","dateModified":"2013-07-30T14:17:29+00:00","mainEntityOfPage":{"@id":"https:\/\/seryhumano.com\/web\/?p=5328"},"wordCount":442,"publisher":{"@id":"https:\/\/seryhumano.com\/web\/#organization"},"image":{"@id":"https:\/\/seryhumano.com\/web\/?p=5328#primaryimage"},"thumbnailUrl":"https:\/\/seryhumano.com\/web\/wp-content\/uploads\/2013\/07\/featureslider.jpg","keywords":["Slider"],"articleSection":["Noticias"],"inLanguage":"es"},{"@type":"WebPage","@id":"https:\/\/seryhumano.com\/web\/?p=5328","url":"https:\/\/seryhumano.com\/web\/?p=5328","name":"El papa Francisco: \"\u00bfQui\u00e9n soy yo para juzgar a un gay?\" &#187; SeryHumano.com","isPartOf":{"@id":"https:\/\/seryhumano.com\/web\/#website"},"primaryImageOfPage":{"@id":"https:\/\/seryhumano.com\/web\/?p=5328#primaryimage"},"image":{"@id":"https:\/\/seryhumano.com\/web\/?p=5328#primaryimage"},"thumbnailUrl":"https:\/\/seryhumano.com\/web\/wp-content\/uploads\/2013\/07\/featureslider.jpg","datePublished":"2013-07-30T09:30:13+00:00","dateModified":"2013-07-30T14:17:29+00:00","breadcrumb":{"@id":"https:\/\/seryhumano.com\/web\/?p=5328#breadcrumb"},"inLanguage":"es","potentialAction":[{"@type":"ReadAction","target":["https:\/\/seryhumano.com\/web\/?p=5328"]}]},{"@type":"ImageObject","inLanguage":"es","@id":"https:\/\/seryhumano.com\/web\/?p=5328#primaryimage","url":"https:\/\/seryhumano.com\/web\/wp-content\/uploads\/2013\/07\/featureslider.jpg","contentUrl":"https:\/\/seryhumano.com\/web\/wp-content\/uploads\/2013\/07\/featureslider.jpg","width":910,"height":227},{"@type":"BreadcrumbList","@id":"https:\/\/seryhumano.com\/web\/?p=5328#breadcrumb","itemListElement":[{"@type":"ListItem","position":1,"name":"Portada","item":"https:\/\/seryhumano.com\/web\/"},{"@type":"ListItem","position":2,"name":"El papa Francisco: \u00ab\u00bfQui\u00e9n soy yo para juzgar a un gay?\u00bb"}]},{"@type":"WebSite","@id":"https:\/\/seryhumano.com\/web\/#website","url":"https:\/\/seryhumano.com\/web\/","name":"SeryHumano.com","description":"Revista digital muy humana, donde lo mas importante es el Ser...","publisher":{"@id":"https:\/\/seryhumano.com\/web\/#organization"},"potentialAction":[{"@type":"SearchAction","target":{"@type":"EntryPoint","urlTemplate":"https:\/\/seryhumano.com\/web\/?s={search_term_string}"},"query-input":{"@type":"PropertyValueSpecification","valueRequired":true,"valueName":"search_term_string"}}],"inLanguage":"es"},{"@type":"Organization","@id":"https:\/\/seryhumano.com\/web\/#organization","name":"SeryHumano.com","url":"https:\/\/seryhumano.com\/web\/","logo":{"@type":"ImageObject","inLanguage":"es","@id":"https:\/\/seryhumano.com\/web\/#\/schema\/logo\/image\/","url":"https:\/\/seryhumano.com\/web\/wp-content\/uploads\/2020\/02\/JNe5VRwH_400x400-2.jpg","contentUrl":"https:\/\/seryhumano.com\/web\/wp-content\/uploads\/2020\/02\/JNe5VRwH_400x400-2.jpg","width":400,"height":400,"caption":"SeryHumano.com"},"image":{"@id":"https:\/\/seryhumano.com\/web\/#\/schema\/logo\/image\/"},"sameAs":["https:\/\/www.facebook.com\/seryhumano\/","https:\/\/x.com\/SeryHumano","https:\/\/www.instagram.com\/seryhumano\/","https:\/\/www.linkedin.com\/company\/seryhumano-com\/","https:\/\/www.youtube.com\/channel\/UCYfgIGSxygVnJAW0e9ZBZWg"]},{"@type":"Person","@id":"https:\/\/seryhumano.com\/web\/#\/schema\/person\/fd30e8e0b394a62344b44d9b0fe75795","name":"@herrera_yosmar","description":"Eterna enamorada de la vida, comunicadora, mam\u00e1 de tres","sameAs":["http:\/\/seryhumano.com"],"url":"https:\/\/seryhumano.com\/web\/?author=2"}]}},"_links":{"self":[{"href":"https:\/\/seryhumano.com\/web\/index.php?rest_route=\/wp\/v2\/posts\/5328","targetHints":{"allow":["GET"]}}],"collection":[{"href":"https:\/\/seryhumano.com\/web\/index.php?rest_route=\/wp\/v2\/posts"}],"about":[{"href":"https:\/\/seryhumano.com\/web\/index.php?rest_route=\/wp\/v2\/types\/post"}],"author":[{"embeddable":true,"href":"https:\/\/seryhumano.com\/web\/index.php?rest_route=\/wp\/v2\/users\/2"}],"replies":[{"embeddable":true,"href":"https:\/\/seryhumano.com\/web\/index.php?rest_route=%2Fwp%2Fv2%2Fcomments&post=5328"}],"version-history":[{"count":0,"href":"https:\/\/seryhumano.com\/web\/index.php?rest_route=\/wp\/v2\/posts\/5328\/revisions"}],"wp:featuredmedia":[{"embeddable":true,"href":"https:\/\/seryhumano.com\/web\/index.php?rest_route=\/wp\/v2\/media\/5350"}],"wp:attachment":[{"href":"https:\/\/seryhumano.com\/web\/index.php?rest_route=%2Fwp%2Fv2%2Fmedia&parent=5328"}],"wp:term":[{"taxonomy":"category","embeddable":true,"href":"https:\/\/seryhumano.com\/web\/index.php?rest_route=%2Fwp%2Fv2%2Fcategories&post=5328"},{"taxonomy":"post_tag","embeddable":true,"href":"https:\/\/seryhumano.com\/web\/index.php?rest_route=%2Fwp%2Fv2%2Ftags&post=5328"}],"curies":[{"name":"wp","href":"https:\/\/api.w.org\/{rel}","templated":true}]}}