{"id":5334,"date":"2013-07-30T05:30:42","date_gmt":"2013-07-30T10:00:42","guid":{"rendered":"https:\/\/seryhumano.com\/web\/?p=5334"},"modified":"2013-07-30T09:49:12","modified_gmt":"2013-07-30T14:19:12","slug":"predicciones-de-la-onu-poblacion-mundial-en-11-mil-millones-para-el-ano-2100","status":"publish","type":"post","link":"https:\/\/seryhumano.com\/web\/?p=5334","title":{"rendered":"Predicciones de la ONU: Poblaci\u00f3n mundial en 11 mil millones para el a\u00f1o 2100"},"content":{"rendered":"<p><a href=\"https:\/\/seryhumano.com\/web\/?attachment_id=5336\" rel=\"attachment wp-att-5336\"><img loading=\"lazy\" decoding=\"async\" class=\"alignleft size-full wp-image-5336\" alt=\"poblacion\" src=\"https:\/\/seryhumano.com\/web\/wp-content\/uploads\/2013\/07\/poblacion.jpg\" width=\"294\" height=\"171\" \/><\/a>Parece lejano ya el tiempo en el que Naciones Unidas anunciaba que la poblaci\u00f3n mundial hab\u00eda superado el l\u00edmite de los 7.000 millones de habitantes. Sin embargo, eso fue el 31 de octubre de 2011. Dos a\u00f1os despu\u00e9s, el tema que preocupa ahora a los dem\u00f3grafos de la ONU es la fecha en la que se superar\u00e1 el l\u00edmite de los 11.000 millones.<\/p>\n<p><b>Contrariamente a lo que se espera, la poblaci\u00f3n del planeta no est\u00e1 en v\u00edas de estabilizarse.<\/b><\/p>\n<p>Por lo menos, no antes del fin de este siglo XXI. Seg\u00fan el nuevo informe <i>Perspectivas de la poblaci\u00f3n mundial: revisi\u00f3n de 2012<\/i>, publicado en junio por la divisi\u00f3n poblaci\u00f3n del Departamento de Asuntos Econ\u00f3micos y Sociales, las pasadas proyecciones de los dem\u00f3grafos eran demasiado \u201coptimistas\u201d.<\/p>\n<p>Apoy\u00e1ndose en las tendencias actuales en t\u00e9rminos de fecundidad, mortalidad y migraciones, la ONU tiene en cuenta tres escenarios que hacen oscilar la cantidad de individuos para fines de este siglo entre 6.800 y 16.600 millones. Si se tiene en cuenta la variable media, considerada la m\u00e1s plausible por los expertos, la poblaci\u00f3n mundial pasar\u00e1 de 7.200 millones de este a\u00f1o a 8.100 en 2025, 9.600 en 2050 y 10.900 en 2100. Esto es, una diferencia en las previsiones para fines de siglo de 800 millones en relaci\u00f3n a la proyecci\u00f3n de hace tres a\u00f1os. Es la segunda vez desde 2010 que la ONU se ve obligada a revisar a la suba sus proyecciones.<a href=\"https:\/\/seryhumano.com\/web\/?attachment_id=5337\" rel=\"attachment wp-att-5337\"><img loading=\"lazy\" decoding=\"async\" class=\"alignright size-medium wp-image-5337\" alt=\"poblacion-\" src=\"https:\/\/seryhumano.com\/web\/wp-content\/uploads\/2013\/07\/poblacion--300x200.jpg\" width=\"300\" height=\"200\" srcset=\"https:\/\/seryhumano.com\/web\/wp-content\/uploads\/2013\/07\/poblacion--300x200.jpg 300w, https:\/\/seryhumano.com\/web\/wp-content\/uploads\/2013\/07\/poblacion-.jpg 600w\" sizes=\"auto, (max-width: 300px) 100vw, 300px\" \/><\/a><\/p>\n<p>El error es humano\u201d, comenta con una sonrisa Michael Herrmann, del Fondo de Naciones Unidas para la Poblaci\u00f3n, antes de precisar: \u201cLos dem\u00f3grafos son estad\u00edgrafos, cuanto m\u00e1s les pide uno proyecciones alejadas en el tiempo menos exactos y ciertos podr\u00e1n ser sus datos\u201d.<\/p>\n<p><b>Antes de 2010, las proyecciones se hac\u00edan cada 25 a 30 a\u00f1os<\/b>. Seg\u00fan este economista, la idea de llevar m\u00e1s lejos el desaf\u00edo llevando las proyecciones a 50 a\u00f1os es algo muy reciente. Responde a una demanda, de los institutos de investigaci\u00f3n b\u00e1sicamente.<\/p>\n<p>La sorpresa para los dem\u00f3grafos de la ONU vino sobre todo de la mano de las tasas de fecundidad, m\u00e1s altas que lo que se hab\u00eda anticipado, en muchos pa\u00edses en v\u00edas de desarrollo. Ejemplo: en la zona de \u00c1frica al sur del Sahara, el porcentaje de fecundidad sigue siendo elevado, con m\u00e1s de cinco hijos por mujer en muchos pa\u00edses, como Nigeria, N\u00edger, Rep\u00fablica Democr\u00e1tica del Congo, Etiop\u00eda y Uganda.<\/p>\n<p><b><a href=\"https:\/\/seryhumano.com\/web\/?attachment_id=5338\" rel=\"attachment wp-att-5338\"><img loading=\"lazy\" decoding=\"async\" class=\"alignleft size-full wp-image-5338\" alt=\"ninos-\" src=\"https:\/\/seryhumano.com\/web\/wp-content\/uploads\/2013\/07\/ninos-.jpg\" width=\"300\" height=\"250\" \/><\/a>Nigeria podr\u00eda estar m\u00e1s poblado que Estados Unidos antes de 2050<\/b>\u00a0y los dem\u00f3grafos no excluyen que se convierta, para fines de este siglo, en el segundo pa\u00eds m\u00e1s poblado del planeta.<\/p>\n<p>El escenario inverso est\u00e1 proyectado para la poblaci\u00f3n de pa\u00edses desarrollados. En Europa se prev\u00e9 una baja de un 14% de la poblaci\u00f3n de aqu\u00ed a 2100. Para el experto Robert Engelman, el alto nivel de las tasas de fecundidad en los pa\u00edses pobres se explica por el aumento de la esperanza de vida.<\/p>\n<p>seryhumano.com<\/p>\n<p>Fuente: LE MONDE<\/p>\n<p>Traducci\u00f3n: Silvia Simonetti<\/p>\n<p>&nbsp;<\/p>\n","protected":false},"excerpt":{"rendered":"<p>Parece lejano ya el tiempo en el que Naciones Unidas anunciaba que la poblaci\u00f3n mundial hab\u00eda superado el l\u00edmite de los 7.000 millones de habitantes. Sin embargo, eso fue el 31 de octubre de 2011. Dos a\u00f1os despu\u00e9s, el tema que preocupa ahora a los dem\u00f3grafos de la ONU es la fecha en la que&hellip;<\/p>\n","protected":false},"author":2,"featured_media":5352,"comment_status":"closed","ping_status":"closed","sticky":false,"template":"","format":"standard","meta":{"footnotes":""},"categories":[110],"tags":[111],"class_list":["post-5334","post","type-post","status-publish","format-standard","has-post-thumbnail","hentry","category-noticias","tag-slider","category-110","description-off"],"yoast_head":"<!-- This site is optimized with the Yoast SEO plugin v25.4 - https:\/\/yoast.com\/wordpress\/plugins\/seo\/ -->\n<title>Predicciones de la ONU: Poblaci\u00f3n mundial en 11 mil millones para el a\u00f1o 2100 &#187; SeryHumano.com<\/title>\n<meta name=\"robots\" content=\"index, follow, max-snippet:-1, max-image-preview:large, max-video-preview:-1\" \/>\n<link rel=\"canonical\" href=\"https:\/\/seryhumano.com\/web\/?p=5334\" \/>\n<meta property=\"og:locale\" content=\"es_ES\" \/>\n<meta property=\"og:type\" content=\"article\" \/>\n<meta property=\"og:title\" content=\"Predicciones de la ONU: Poblaci\u00f3n mundial en 11 mil millones para el a\u00f1o 2100 &#187; SeryHumano.com\" \/>\n<meta property=\"og:description\" content=\"Parece lejano ya el tiempo en el que Naciones Unidas anunciaba que la poblaci\u00f3n mundial hab\u00eda superado el l\u00edmite de los 7.000 millones de habitantes. Sin embargo, eso fue el 31 de octubre de 2011. Dos a\u00f1os despu\u00e9s, el tema que preocupa ahora a los dem\u00f3grafos de la ONU es la fecha en la que&hellip;\" \/>\n<meta property=\"og:url\" content=\"https:\/\/seryhumano.com\/web\/?p=5334\" \/>\n<meta property=\"og:site_name\" content=\"SeryHumano.com\" \/>\n<meta property=\"article:publisher\" content=\"https:\/\/www.facebook.com\/seryhumano\/\" \/>\n<meta property=\"article:published_time\" content=\"2013-07-30T10:00:42+00:00\" \/>\n<meta property=\"article:modified_time\" content=\"2013-07-30T14:19:12+00:00\" \/>\n<meta property=\"og:image\" content=\"https:\/\/seryhumano.com\/web\/wp-content\/uploads\/2013\/07\/featureslider_p.jpg\" \/>\n\t<meta property=\"og:image:width\" content=\"910\" \/>\n\t<meta property=\"og:image:height\" content=\"227\" \/>\n\t<meta property=\"og:image:type\" content=\"image\/jpeg\" \/>\n<meta name=\"author\" content=\"@herrera_yosmar\" \/>\n<meta name=\"twitter:card\" content=\"summary_large_image\" \/>\n<meta name=\"twitter:creator\" content=\"@SeryHumano\" \/>\n<meta name=\"twitter:site\" content=\"@SeryHumano\" \/>\n<meta name=\"twitter:label1\" content=\"Escrito por\" \/>\n\t<meta name=\"twitter:data1\" content=\"@herrera_yosmar\" \/>\n\t<meta name=\"twitter:label2\" content=\"Tiempo de lectura\" \/>\n\t<meta name=\"twitter:data2\" content=\"3 minutos\" \/>\n<script type=\"application\/ld+json\" class=\"yoast-schema-graph\">{\"@context\":\"https:\/\/schema.org\",\"@graph\":[{\"@type\":\"Article\",\"@id\":\"https:\/\/seryhumano.com\/web\/?p=5334#article\",\"isPartOf\":{\"@id\":\"https:\/\/seryhumano.com\/web\/?p=5334\"},\"author\":{\"name\":\"@herrera_yosmar\",\"@id\":\"https:\/\/seryhumano.com\/web\/#\/schema\/person\/fd30e8e0b394a62344b44d9b0fe75795\"},\"headline\":\"Predicciones de la ONU: Poblaci\u00f3n mundial en 11 mil millones para el a\u00f1o 2100\",\"datePublished\":\"2013-07-30T10:00:42+00:00\",\"dateModified\":\"2013-07-30T14:19:12+00:00\",\"mainEntityOfPage\":{\"@id\":\"https:\/\/seryhumano.com\/web\/?p=5334\"},\"wordCount\":540,\"publisher\":{\"@id\":\"https:\/\/seryhumano.com\/web\/#organization\"},\"image\":{\"@id\":\"https:\/\/seryhumano.com\/web\/?p=5334#primaryimage\"},\"thumbnailUrl\":\"https:\/\/seryhumano.com\/web\/wp-content\/uploads\/2013\/07\/featureslider_p.jpg\",\"keywords\":[\"Slider\"],\"articleSection\":[\"Noticias\"],\"inLanguage\":\"es\"},{\"@type\":\"WebPage\",\"@id\":\"https:\/\/seryhumano.com\/web\/?p=5334\",\"url\":\"https:\/\/seryhumano.com\/web\/?p=5334\",\"name\":\"Predicciones de la ONU: Poblaci\u00f3n mundial en 11 mil millones para el a\u00f1o 2100 &#187; SeryHumano.com\",\"isPartOf\":{\"@id\":\"https:\/\/seryhumano.com\/web\/#website\"},\"primaryImageOfPage\":{\"@id\":\"https:\/\/seryhumano.com\/web\/?p=5334#primaryimage\"},\"image\":{\"@id\":\"https:\/\/seryhumano.com\/web\/?p=5334#primaryimage\"},\"thumbnailUrl\":\"https:\/\/seryhumano.com\/web\/wp-content\/uploads\/2013\/07\/featureslider_p.jpg\",\"datePublished\":\"2013-07-30T10:00:42+00:00\",\"dateModified\":\"2013-07-30T14:19:12+00:00\",\"breadcrumb\":{\"@id\":\"https:\/\/seryhumano.com\/web\/?p=5334#breadcrumb\"},\"inLanguage\":\"es\",\"potentialAction\":[{\"@type\":\"ReadAction\",\"target\":[\"https:\/\/seryhumano.com\/web\/?p=5334\"]}]},{\"@type\":\"ImageObject\",\"inLanguage\":\"es\",\"@id\":\"https:\/\/seryhumano.com\/web\/?p=5334#primaryimage\",\"url\":\"https:\/\/seryhumano.com\/web\/wp-content\/uploads\/2013\/07\/featureslider_p.jpg\",\"contentUrl\":\"https:\/\/seryhumano.com\/web\/wp-content\/uploads\/2013\/07\/featureslider_p.jpg\",\"width\":910,\"height\":227},{\"@type\":\"BreadcrumbList\",\"@id\":\"https:\/\/seryhumano.com\/web\/?p=5334#breadcrumb\",\"itemListElement\":[{\"@type\":\"ListItem\",\"position\":1,\"name\":\"Portada\",\"item\":\"https:\/\/seryhumano.com\/web\/\"},{\"@type\":\"ListItem\",\"position\":2,\"name\":\"Predicciones de la ONU: Poblaci\u00f3n mundial en 11 mil millones para el a\u00f1o 2100\"}]},{\"@type\":\"WebSite\",\"@id\":\"https:\/\/seryhumano.com\/web\/#website\",\"url\":\"https:\/\/seryhumano.com\/web\/\",\"name\":\"SeryHumano.com\",\"description\":\"Revista digital muy humana, donde lo mas importante es el Ser...\",\"publisher\":{\"@id\":\"https:\/\/seryhumano.com\/web\/#organization\"},\"potentialAction\":[{\"@type\":\"SearchAction\",\"target\":{\"@type\":\"EntryPoint\",\"urlTemplate\":\"https:\/\/seryhumano.com\/web\/?s={search_term_string}\"},\"query-input\":{\"@type\":\"PropertyValueSpecification\",\"valueRequired\":true,\"valueName\":\"search_term_string\"}}],\"inLanguage\":\"es\"},{\"@type\":\"Organization\",\"@id\":\"https:\/\/seryhumano.com\/web\/#organization\",\"name\":\"SeryHumano.com\",\"url\":\"https:\/\/seryhumano.com\/web\/\",\"logo\":{\"@type\":\"ImageObject\",\"inLanguage\":\"es\",\"@id\":\"https:\/\/seryhumano.com\/web\/#\/schema\/logo\/image\/\",\"url\":\"https:\/\/seryhumano.com\/web\/wp-content\/uploads\/2020\/02\/JNe5VRwH_400x400-2.jpg\",\"contentUrl\":\"https:\/\/seryhumano.com\/web\/wp-content\/uploads\/2020\/02\/JNe5VRwH_400x400-2.jpg\",\"width\":400,\"height\":400,\"caption\":\"SeryHumano.com\"},\"image\":{\"@id\":\"https:\/\/seryhumano.com\/web\/#\/schema\/logo\/image\/\"},\"sameAs\":[\"https:\/\/www.facebook.com\/seryhumano\/\",\"https:\/\/x.com\/SeryHumano\",\"https:\/\/www.instagram.com\/seryhumano\/\",\"https:\/\/www.linkedin.com\/company\/seryhumano-com\/\",\"https:\/\/www.youtube.com\/channel\/UCYfgIGSxygVnJAW0e9ZBZWg\"]},{\"@type\":\"Person\",\"@id\":\"https:\/\/seryhumano.com\/web\/#\/schema\/person\/fd30e8e0b394a62344b44d9b0fe75795\",\"name\":\"@herrera_yosmar\",\"description\":\"Eterna enamorada de la vida, comunicadora, mam\u00e1 de tres\",\"sameAs\":[\"http:\/\/seryhumano.com\"],\"url\":\"https:\/\/seryhumano.com\/web\/?author=2\"}]}<\/script>\n<!-- \/ Yoast SEO plugin. -->","yoast_head_json":{"title":"Predicciones de la ONU: Poblaci\u00f3n mundial en 11 mil millones para el a\u00f1o 2100 &#187; SeryHumano.com","robots":{"index":"index","follow":"follow","max-snippet":"max-snippet:-1","max-image-preview":"max-image-preview:large","max-video-preview":"max-video-preview:-1"},"canonical":"https:\/\/seryhumano.com\/web\/?p=5334","og_locale":"es_ES","og_type":"article","og_title":"Predicciones de la ONU: Poblaci\u00f3n mundial en 11 mil millones para el a\u00f1o 2100 &#187; SeryHumano.com","og_description":"Parece lejano ya el tiempo en el que Naciones Unidas anunciaba que la poblaci\u00f3n mundial hab\u00eda superado el l\u00edmite de los 7.000 millones de habitantes. Sin embargo, eso fue el 31 de octubre de 2011. Dos a\u00f1os despu\u00e9s, el tema que preocupa ahora a los dem\u00f3grafos de la ONU es la fecha en la que&hellip;","og_url":"https:\/\/seryhumano.com\/web\/?p=5334","og_site_name":"SeryHumano.com","article_publisher":"https:\/\/www.facebook.com\/seryhumano\/","article_published_time":"2013-07-30T10:00:42+00:00","article_modified_time":"2013-07-30T14:19:12+00:00","og_image":[{"width":910,"height":227,"url":"https:\/\/seryhumano.com\/web\/wp-content\/uploads\/2013\/07\/featureslider_p.jpg","type":"image\/jpeg"}],"author":"@herrera_yosmar","twitter_card":"summary_large_image","twitter_creator":"@SeryHumano","twitter_site":"@SeryHumano","twitter_misc":{"Escrito por":"@herrera_yosmar","Tiempo de lectura":"3 minutos"},"schema":{"@context":"https:\/\/schema.org","@graph":[{"@type":"Article","@id":"https:\/\/seryhumano.com\/web\/?p=5334#article","isPartOf":{"@id":"https:\/\/seryhumano.com\/web\/?p=5334"},"author":{"name":"@herrera_yosmar","@id":"https:\/\/seryhumano.com\/web\/#\/schema\/person\/fd30e8e0b394a62344b44d9b0fe75795"},"headline":"Predicciones de la ONU: Poblaci\u00f3n mundial en 11 mil millones para el a\u00f1o 2100","datePublished":"2013-07-30T10:00:42+00:00","dateModified":"2013-07-30T14:19:12+00:00","mainEntityOfPage":{"@id":"https:\/\/seryhumano.com\/web\/?p=5334"},"wordCount":540,"publisher":{"@id":"https:\/\/seryhumano.com\/web\/#organization"},"image":{"@id":"https:\/\/seryhumano.com\/web\/?p=5334#primaryimage"},"thumbnailUrl":"https:\/\/seryhumano.com\/web\/wp-content\/uploads\/2013\/07\/featureslider_p.jpg","keywords":["Slider"],"articleSection":["Noticias"],"inLanguage":"es"},{"@type":"WebPage","@id":"https:\/\/seryhumano.com\/web\/?p=5334","url":"https:\/\/seryhumano.com\/web\/?p=5334","name":"Predicciones de la ONU: Poblaci\u00f3n mundial en 11 mil millones para el a\u00f1o 2100 &#187; SeryHumano.com","isPartOf":{"@id":"https:\/\/seryhumano.com\/web\/#website"},"primaryImageOfPage":{"@id":"https:\/\/seryhumano.com\/web\/?p=5334#primaryimage"},"image":{"@id":"https:\/\/seryhumano.com\/web\/?p=5334#primaryimage"},"thumbnailUrl":"https:\/\/seryhumano.com\/web\/wp-content\/uploads\/2013\/07\/featureslider_p.jpg","datePublished":"2013-07-30T10:00:42+00:00","dateModified":"2013-07-30T14:19:12+00:00","breadcrumb":{"@id":"https:\/\/seryhumano.com\/web\/?p=5334#breadcrumb"},"inLanguage":"es","potentialAction":[{"@type":"ReadAction","target":["https:\/\/seryhumano.com\/web\/?p=5334"]}]},{"@type":"ImageObject","inLanguage":"es","@id":"https:\/\/seryhumano.com\/web\/?p=5334#primaryimage","url":"https:\/\/seryhumano.com\/web\/wp-content\/uploads\/2013\/07\/featureslider_p.jpg","contentUrl":"https:\/\/seryhumano.com\/web\/wp-content\/uploads\/2013\/07\/featureslider_p.jpg","width":910,"height":227},{"@type":"BreadcrumbList","@id":"https:\/\/seryhumano.com\/web\/?p=5334#breadcrumb","itemListElement":[{"@type":"ListItem","position":1,"name":"Portada","item":"https:\/\/seryhumano.com\/web\/"},{"@type":"ListItem","position":2,"name":"Predicciones de la ONU: Poblaci\u00f3n mundial en 11 mil millones para el a\u00f1o 2100"}]},{"@type":"WebSite","@id":"https:\/\/seryhumano.com\/web\/#website","url":"https:\/\/seryhumano.com\/web\/","name":"SeryHumano.com","description":"Revista digital muy humana, donde lo mas importante es el Ser...","publisher":{"@id":"https:\/\/seryhumano.com\/web\/#organization"},"potentialAction":[{"@type":"SearchAction","target":{"@type":"EntryPoint","urlTemplate":"https:\/\/seryhumano.com\/web\/?s={search_term_string}"},"query-input":{"@type":"PropertyValueSpecification","valueRequired":true,"valueName":"search_term_string"}}],"inLanguage":"es"},{"@type":"Organization","@id":"https:\/\/seryhumano.com\/web\/#organization","name":"SeryHumano.com","url":"https:\/\/seryhumano.com\/web\/","logo":{"@type":"ImageObject","inLanguage":"es","@id":"https:\/\/seryhumano.com\/web\/#\/schema\/logo\/image\/","url":"https:\/\/seryhumano.com\/web\/wp-content\/uploads\/2020\/02\/JNe5VRwH_400x400-2.jpg","contentUrl":"https:\/\/seryhumano.com\/web\/wp-content\/uploads\/2020\/02\/JNe5VRwH_400x400-2.jpg","width":400,"height":400,"caption":"SeryHumano.com"},"image":{"@id":"https:\/\/seryhumano.com\/web\/#\/schema\/logo\/image\/"},"sameAs":["https:\/\/www.facebook.com\/seryhumano\/","https:\/\/x.com\/SeryHumano","https:\/\/www.instagram.com\/seryhumano\/","https:\/\/www.linkedin.com\/company\/seryhumano-com\/","https:\/\/www.youtube.com\/channel\/UCYfgIGSxygVnJAW0e9ZBZWg"]},{"@type":"Person","@id":"https:\/\/seryhumano.com\/web\/#\/schema\/person\/fd30e8e0b394a62344b44d9b0fe75795","name":"@herrera_yosmar","description":"Eterna enamorada de la vida, comunicadora, mam\u00e1 de tres","sameAs":["http:\/\/seryhumano.com"],"url":"https:\/\/seryhumano.com\/web\/?author=2"}]}},"_links":{"self":[{"href":"https:\/\/seryhumano.com\/web\/index.php?rest_route=\/wp\/v2\/posts\/5334","targetHints":{"allow":["GET"]}}],"collection":[{"href":"https:\/\/seryhumano.com\/web\/index.php?rest_route=\/wp\/v2\/posts"}],"about":[{"href":"https:\/\/seryhumano.com\/web\/index.php?rest_route=\/wp\/v2\/types\/post"}],"author":[{"embeddable":true,"href":"https:\/\/seryhumano.com\/web\/index.php?rest_route=\/wp\/v2\/users\/2"}],"replies":[{"embeddable":true,"href":"https:\/\/seryhumano.com\/web\/index.php?rest_route=%2Fwp%2Fv2%2Fcomments&post=5334"}],"version-history":[{"count":0,"href":"https:\/\/seryhumano.com\/web\/index.php?rest_route=\/wp\/v2\/posts\/5334\/revisions"}],"wp:featuredmedia":[{"embeddable":true,"href":"https:\/\/seryhumano.com\/web\/index.php?rest_route=\/wp\/v2\/media\/5352"}],"wp:attachment":[{"href":"https:\/\/seryhumano.com\/web\/index.php?rest_route=%2Fwp%2Fv2%2Fmedia&parent=5334"}],"wp:term":[{"taxonomy":"category","embeddable":true,"href":"https:\/\/seryhumano.com\/web\/index.php?rest_route=%2Fwp%2Fv2%2Fcategories&post=5334"},{"taxonomy":"post_tag","embeddable":true,"href":"https:\/\/seryhumano.com\/web\/index.php?rest_route=%2Fwp%2Fv2%2Ftags&post=5334"}],"curies":[{"name":"wp","href":"https:\/\/api.w.org\/{rel}","templated":true}]}}