{"id":5828,"date":"2013-08-10T07:51:25","date_gmt":"2013-08-10T12:21:25","guid":{"rendered":"https:\/\/seryhumano.com\/web\/?p=5828"},"modified":"2013-08-10T11:08:27","modified_gmt":"2013-08-10T15:38:27","slug":"proyecto-educativo-vamos-camino-a-la-meta","status":"publish","type":"post","link":"https:\/\/seryhumano.com\/web\/?p=5828","title":{"rendered":"PROYECTO EDUCATIVO VAMOS CAMINO A LA META"},"content":{"rendered":"<p><b><a href=\"https:\/\/seryhumano.com\/web\/?attachment_id=5829\" rel=\"attachment wp-att-5829\"><img loading=\"lazy\" decoding=\"async\" class=\"alignright size-full wp-image-5829\" alt=\"vamos!\" src=\"https:\/\/seryhumano.com\/web\/wp-content\/uploads\/2013\/08\/vamos.jpg\" width=\"224\" height=\"200\" \/><\/a>La Organizaci\u00f3n Posible<\/b> a trav\u00e9s de su <b>Proyecto Educativo VAMOS<\/b> ha recorrido varias instituciones educativas p\u00fablicas y privadas del pa\u00eds en una primera etapa, con la meta de llevar a <b>16.000 j\u00f3venes <\/b>el mensaje inspirador <i>\u201cSi lo sue\u00f1as haz que pase\u201d.<\/i> A la fecha <b>Proyecto Educativo VAMOS<\/b> ha logrado capacitar a <b>200 multiplicadores voluntarios<\/b>, visitado a <b>m\u00e1s de 60<\/b> instituciones e impactando a <b>10 mil<\/b> con edades comprendidas entre 12 y 23 a\u00f1os.<\/p>\n<p><b>VAMOS <\/b>es un proyecto cultural, deportivo y educativo que tiene como objetivo inspirar caminos y ofrecer herramientas para que ni\u00f1os, ni\u00f1as, adolescentes y j\u00f3venes en general se vinculen positivamente con sus sue\u00f1os y est\u00e9n dispuestos a lograrlos. El proyecto cuenta con un plan de formaci\u00f3n basado en din\u00e1micas de educaci\u00f3n experiencial, ejecutadas por un equipo de voluntarios multiplicadores, que transmiten mensajes de posibilidad e invitaciones para que todos ellos encuentren sus anhelos y sue\u00f1os.<\/p>\n<p><i><a href=\"https:\/\/seryhumano.com\/web\/?attachment_id=5832\" rel=\"attachment wp-att-5832\"><img loading=\"lazy\" decoding=\"async\" class=\"alignleft size-medium wp-image-5832\" alt=\"IMG_6835 copy\" src=\"https:\/\/seryhumano.com\/web\/wp-content\/uploads\/2013\/08\/IMG_6835-copy-300x168.jpg\" width=\"300\" height=\"168\" srcset=\"https:\/\/seryhumano.com\/web\/wp-content\/uploads\/2013\/08\/IMG_6835-copy-300x168.jpg 300w, https:\/\/seryhumano.com\/web\/wp-content\/uploads\/2013\/08\/IMG_6835-copy-1024x576.jpg 1024w, https:\/\/seryhumano.com\/web\/wp-content\/uploads\/2013\/08\/IMG_6835-copy.jpg 1920w\" sizes=\"auto, (max-width: 300px) 100vw, 300px\" \/><\/a>\u201cConstantemente se nos dice que podemos so\u00f1ar pero no se nos ense\u00f1a c\u00f3mo, es por ello que el proyecto busca inspirar y motivar al logro de los sue\u00f1os a trav\u00e9s de <b>12 posibilidades<\/b>: La familia, la honestidad, las ganas, la solidaridad, ser equipo, tener compromiso, a trav\u00e9s de la constancia y la creatividad, aprendiendo a ganar y a perder, enfocados hacia la excelencia, con dignidad y humildad\u201d,<\/i> destaca Melamed, quien ha sido fuente de inspiraci\u00f3n para muchos <i>seres humanos <\/i>crean en ellos mismos y sus capacidades.<\/p>\n<p><b>Sobre Proyecto Educativo VAMOS<\/b><\/p>\n<p>Es desarrollado por la organizaci\u00f3n sin fines de lucro <b>Posible<\/b> y se lleva a cabo gracias al apoyo del Banco Exterior a trav\u00e9s de su programa de Responsabilidad Social \u201cUn Mundo sin Igual\u201d quienes no solo aportan financieramente al proyecto, sino que se conectan desde su esencia, siendo multiplicadores del mensaje dentro de su cultura corporativa.<\/p>\n<p>&nbsp;<\/p>\n<p style=\"text-align: center;\">[youtube]http:\/\/www.youtube.com\/watch?v=3jcIlp4tKDE[\/youtube]<\/p>\n<p>Si quieres ser parte de la experiencia VAMOS y que llegue a tu instituci\u00f3n educativa, escribe a <a href=\"mailto:info@proyectovamos.org\">info@proyectovamos.org<\/a><\/p>\n<p>seryhumano.com<\/p>\n<p>Nota de Prensa<\/p>\n","protected":false},"excerpt":{"rendered":"<p>La Organizaci\u00f3n Posible a trav\u00e9s de su Proyecto Educativo VAMOS ha recorrido varias instituciones educativas p\u00fablicas y privadas del pa\u00eds en una primera etapa, con la meta de llevar a 16.000 j\u00f3venes el mensaje inspirador \u201cSi lo sue\u00f1as haz que pase\u201d. A la fecha Proyecto Educativo VAMOS ha logrado capacitar a 200 multiplicadores voluntarios, visitado&hellip;<\/p>\n","protected":false},"author":2,"featured_media":5830,"comment_status":"closed","ping_status":"closed","sticky":false,"template":"","format":"standard","meta":{"footnotes":""},"categories":[119],"tags":[111],"class_list":["post-5828","post","type-post","status-publish","format-standard","has-post-thumbnail","hentry","category-el-ser-y-yo","tag-slider","category-119","description-off"],"yoast_head":"<!-- This site is optimized with the Yoast SEO plugin v25.4 - https:\/\/yoast.com\/wordpress\/plugins\/seo\/ -->\n<title>PROYECTO EDUCATIVO VAMOS CAMINO A LA META &#187; SeryHumano.com<\/title>\n<meta name=\"robots\" content=\"index, follow, max-snippet:-1, max-image-preview:large, max-video-preview:-1\" \/>\n<link rel=\"canonical\" href=\"https:\/\/seryhumano.com\/web\/?p=5828\" \/>\n<meta property=\"og:locale\" content=\"es_ES\" \/>\n<meta property=\"og:type\" content=\"article\" \/>\n<meta property=\"og:title\" content=\"PROYECTO EDUCATIVO VAMOS CAMINO A LA META &#187; SeryHumano.com\" \/>\n<meta property=\"og:description\" content=\"La Organizaci\u00f3n Posible a trav\u00e9s de su Proyecto Educativo VAMOS ha recorrido varias instituciones educativas p\u00fablicas y privadas del pa\u00eds en una primera etapa, con la meta de llevar a 16.000 j\u00f3venes el mensaje inspirador \u201cSi lo sue\u00f1as haz que pase\u201d. A la fecha Proyecto Educativo VAMOS ha logrado capacitar a 200 multiplicadores voluntarios, visitado&hellip;\" \/>\n<meta property=\"og:url\" content=\"https:\/\/seryhumano.com\/web\/?p=5828\" \/>\n<meta property=\"og:site_name\" content=\"SeryHumano.com\" \/>\n<meta property=\"article:publisher\" content=\"https:\/\/www.facebook.com\/seryhumano\/\" \/>\n<meta property=\"article:published_time\" content=\"2013-08-10T12:21:25+00:00\" \/>\n<meta property=\"article:modified_time\" content=\"2013-08-10T15:38:27+00:00\" \/>\n<meta property=\"og:image\" content=\"https:\/\/seryhumano.com\/web\/wp-content\/uploads\/2013\/08\/vamos1.png\" \/>\n\t<meta property=\"og:image:width\" content=\"1024\" \/>\n\t<meta property=\"og:image:height\" content=\"236\" \/>\n\t<meta property=\"og:image:type\" content=\"image\/png\" \/>\n<meta name=\"author\" content=\"@herrera_yosmar\" \/>\n<meta name=\"twitter:card\" content=\"summary_large_image\" \/>\n<meta name=\"twitter:creator\" content=\"@SeryHumano\" \/>\n<meta name=\"twitter:site\" content=\"@SeryHumano\" \/>\n<meta name=\"twitter:label1\" content=\"Escrito por\" \/>\n\t<meta name=\"twitter:data1\" content=\"@herrera_yosmar\" \/>\n\t<meta name=\"twitter:label2\" content=\"Tiempo de lectura\" \/>\n\t<meta name=\"twitter:data2\" content=\"2 minutos\" \/>\n<script type=\"application\/ld+json\" class=\"yoast-schema-graph\">{\"@context\":\"https:\/\/schema.org\",\"@graph\":[{\"@type\":\"Article\",\"@id\":\"https:\/\/seryhumano.com\/web\/?p=5828#article\",\"isPartOf\":{\"@id\":\"https:\/\/seryhumano.com\/web\/?p=5828\"},\"author\":{\"name\":\"@herrera_yosmar\",\"@id\":\"https:\/\/seryhumano.com\/web\/#\/schema\/person\/fd30e8e0b394a62344b44d9b0fe75795\"},\"headline\":\"PROYECTO EDUCATIVO VAMOS CAMINO A LA META\",\"datePublished\":\"2013-08-10T12:21:25+00:00\",\"dateModified\":\"2013-08-10T15:38:27+00:00\",\"mainEntityOfPage\":{\"@id\":\"https:\/\/seryhumano.com\/web\/?p=5828\"},\"wordCount\":356,\"publisher\":{\"@id\":\"https:\/\/seryhumano.com\/web\/#organization\"},\"image\":{\"@id\":\"https:\/\/seryhumano.com\/web\/?p=5828#primaryimage\"},\"thumbnailUrl\":\"https:\/\/seryhumano.com\/web\/wp-content\/uploads\/2013\/08\/vamos1.png\",\"keywords\":[\"Slider\"],\"articleSection\":[\"El Ser y YO\"],\"inLanguage\":\"es\"},{\"@type\":\"WebPage\",\"@id\":\"https:\/\/seryhumano.com\/web\/?p=5828\",\"url\":\"https:\/\/seryhumano.com\/web\/?p=5828\",\"name\":\"PROYECTO EDUCATIVO VAMOS CAMINO A LA META &#187; SeryHumano.com\",\"isPartOf\":{\"@id\":\"https:\/\/seryhumano.com\/web\/#website\"},\"primaryImageOfPage\":{\"@id\":\"https:\/\/seryhumano.com\/web\/?p=5828#primaryimage\"},\"image\":{\"@id\":\"https:\/\/seryhumano.com\/web\/?p=5828#primaryimage\"},\"thumbnailUrl\":\"https:\/\/seryhumano.com\/web\/wp-content\/uploads\/2013\/08\/vamos1.png\",\"datePublished\":\"2013-08-10T12:21:25+00:00\",\"dateModified\":\"2013-08-10T15:38:27+00:00\",\"breadcrumb\":{\"@id\":\"https:\/\/seryhumano.com\/web\/?p=5828#breadcrumb\"},\"inLanguage\":\"es\",\"potentialAction\":[{\"@type\":\"ReadAction\",\"target\":[\"https:\/\/seryhumano.com\/web\/?p=5828\"]}]},{\"@type\":\"ImageObject\",\"inLanguage\":\"es\",\"@id\":\"https:\/\/seryhumano.com\/web\/?p=5828#primaryimage\",\"url\":\"https:\/\/seryhumano.com\/web\/wp-content\/uploads\/2013\/08\/vamos1.png\",\"contentUrl\":\"https:\/\/seryhumano.com\/web\/wp-content\/uploads\/2013\/08\/vamos1.png\",\"width\":1024,\"height\":236},{\"@type\":\"BreadcrumbList\",\"@id\":\"https:\/\/seryhumano.com\/web\/?p=5828#breadcrumb\",\"itemListElement\":[{\"@type\":\"ListItem\",\"position\":1,\"name\":\"Portada\",\"item\":\"https:\/\/seryhumano.com\/web\/\"},{\"@type\":\"ListItem\",\"position\":2,\"name\":\"PROYECTO EDUCATIVO VAMOS CAMINO A LA META\"}]},{\"@type\":\"WebSite\",\"@id\":\"https:\/\/seryhumano.com\/web\/#website\",\"url\":\"https:\/\/seryhumano.com\/web\/\",\"name\":\"SeryHumano.com\",\"description\":\"Revista digital muy humana, donde lo mas importante es el Ser...\",\"publisher\":{\"@id\":\"https:\/\/seryhumano.com\/web\/#organization\"},\"potentialAction\":[{\"@type\":\"SearchAction\",\"target\":{\"@type\":\"EntryPoint\",\"urlTemplate\":\"https:\/\/seryhumano.com\/web\/?s={search_term_string}\"},\"query-input\":{\"@type\":\"PropertyValueSpecification\",\"valueRequired\":true,\"valueName\":\"search_term_string\"}}],\"inLanguage\":\"es\"},{\"@type\":\"Organization\",\"@id\":\"https:\/\/seryhumano.com\/web\/#organization\",\"name\":\"SeryHumano.com\",\"url\":\"https:\/\/seryhumano.com\/web\/\",\"logo\":{\"@type\":\"ImageObject\",\"inLanguage\":\"es\",\"@id\":\"https:\/\/seryhumano.com\/web\/#\/schema\/logo\/image\/\",\"url\":\"https:\/\/seryhumano.com\/web\/wp-content\/uploads\/2020\/02\/JNe5VRwH_400x400-2.jpg\",\"contentUrl\":\"https:\/\/seryhumano.com\/web\/wp-content\/uploads\/2020\/02\/JNe5VRwH_400x400-2.jpg\",\"width\":400,\"height\":400,\"caption\":\"SeryHumano.com\"},\"image\":{\"@id\":\"https:\/\/seryhumano.com\/web\/#\/schema\/logo\/image\/\"},\"sameAs\":[\"https:\/\/www.facebook.com\/seryhumano\/\",\"https:\/\/x.com\/SeryHumano\",\"https:\/\/www.instagram.com\/seryhumano\/\",\"https:\/\/www.linkedin.com\/company\/seryhumano-com\/\",\"https:\/\/www.youtube.com\/channel\/UCYfgIGSxygVnJAW0e9ZBZWg\"]},{\"@type\":\"Person\",\"@id\":\"https:\/\/seryhumano.com\/web\/#\/schema\/person\/fd30e8e0b394a62344b44d9b0fe75795\",\"name\":\"@herrera_yosmar\",\"description\":\"Eterna enamorada de la vida, comunicadora, mam\u00e1 de tres\",\"sameAs\":[\"http:\/\/seryhumano.com\"],\"url\":\"https:\/\/seryhumano.com\/web\/?author=2\"}]}<\/script>\n<!-- \/ Yoast SEO plugin. -->","yoast_head_json":{"title":"PROYECTO EDUCATIVO VAMOS CAMINO A LA META &#187; SeryHumano.com","robots":{"index":"index","follow":"follow","max-snippet":"max-snippet:-1","max-image-preview":"max-image-preview:large","max-video-preview":"max-video-preview:-1"},"canonical":"https:\/\/seryhumano.com\/web\/?p=5828","og_locale":"es_ES","og_type":"article","og_title":"PROYECTO EDUCATIVO VAMOS CAMINO A LA META &#187; SeryHumano.com","og_description":"La Organizaci\u00f3n Posible a trav\u00e9s de su Proyecto Educativo VAMOS ha recorrido varias instituciones educativas p\u00fablicas y privadas del pa\u00eds en una primera etapa, con la meta de llevar a 16.000 j\u00f3venes el mensaje inspirador \u201cSi lo sue\u00f1as haz que pase\u201d. A la fecha Proyecto Educativo VAMOS ha logrado capacitar a 200 multiplicadores voluntarios, visitado&hellip;","og_url":"https:\/\/seryhumano.com\/web\/?p=5828","og_site_name":"SeryHumano.com","article_publisher":"https:\/\/www.facebook.com\/seryhumano\/","article_published_time":"2013-08-10T12:21:25+00:00","article_modified_time":"2013-08-10T15:38:27+00:00","og_image":[{"width":1024,"height":236,"url":"https:\/\/seryhumano.com\/web\/wp-content\/uploads\/2013\/08\/vamos1.png","type":"image\/png"}],"author":"@herrera_yosmar","twitter_card":"summary_large_image","twitter_creator":"@SeryHumano","twitter_site":"@SeryHumano","twitter_misc":{"Escrito por":"@herrera_yosmar","Tiempo de lectura":"2 minutos"},"schema":{"@context":"https:\/\/schema.org","@graph":[{"@type":"Article","@id":"https:\/\/seryhumano.com\/web\/?p=5828#article","isPartOf":{"@id":"https:\/\/seryhumano.com\/web\/?p=5828"},"author":{"name":"@herrera_yosmar","@id":"https:\/\/seryhumano.com\/web\/#\/schema\/person\/fd30e8e0b394a62344b44d9b0fe75795"},"headline":"PROYECTO EDUCATIVO VAMOS CAMINO A LA META","datePublished":"2013-08-10T12:21:25+00:00","dateModified":"2013-08-10T15:38:27+00:00","mainEntityOfPage":{"@id":"https:\/\/seryhumano.com\/web\/?p=5828"},"wordCount":356,"publisher":{"@id":"https:\/\/seryhumano.com\/web\/#organization"},"image":{"@id":"https:\/\/seryhumano.com\/web\/?p=5828#primaryimage"},"thumbnailUrl":"https:\/\/seryhumano.com\/web\/wp-content\/uploads\/2013\/08\/vamos1.png","keywords":["Slider"],"articleSection":["El Ser y YO"],"inLanguage":"es"},{"@type":"WebPage","@id":"https:\/\/seryhumano.com\/web\/?p=5828","url":"https:\/\/seryhumano.com\/web\/?p=5828","name":"PROYECTO EDUCATIVO VAMOS CAMINO A LA META &#187; SeryHumano.com","isPartOf":{"@id":"https:\/\/seryhumano.com\/web\/#website"},"primaryImageOfPage":{"@id":"https:\/\/seryhumano.com\/web\/?p=5828#primaryimage"},"image":{"@id":"https:\/\/seryhumano.com\/web\/?p=5828#primaryimage"},"thumbnailUrl":"https:\/\/seryhumano.com\/web\/wp-content\/uploads\/2013\/08\/vamos1.png","datePublished":"2013-08-10T12:21:25+00:00","dateModified":"2013-08-10T15:38:27+00:00","breadcrumb":{"@id":"https:\/\/seryhumano.com\/web\/?p=5828#breadcrumb"},"inLanguage":"es","potentialAction":[{"@type":"ReadAction","target":["https:\/\/seryhumano.com\/web\/?p=5828"]}]},{"@type":"ImageObject","inLanguage":"es","@id":"https:\/\/seryhumano.com\/web\/?p=5828#primaryimage","url":"https:\/\/seryhumano.com\/web\/wp-content\/uploads\/2013\/08\/vamos1.png","contentUrl":"https:\/\/seryhumano.com\/web\/wp-content\/uploads\/2013\/08\/vamos1.png","width":1024,"height":236},{"@type":"BreadcrumbList","@id":"https:\/\/seryhumano.com\/web\/?p=5828#breadcrumb","itemListElement":[{"@type":"ListItem","position":1,"name":"Portada","item":"https:\/\/seryhumano.com\/web\/"},{"@type":"ListItem","position":2,"name":"PROYECTO EDUCATIVO VAMOS CAMINO A LA META"}]},{"@type":"WebSite","@id":"https:\/\/seryhumano.com\/web\/#website","url":"https:\/\/seryhumano.com\/web\/","name":"SeryHumano.com","description":"Revista digital muy humana, donde lo mas importante es el Ser...","publisher":{"@id":"https:\/\/seryhumano.com\/web\/#organization"},"potentialAction":[{"@type":"SearchAction","target":{"@type":"EntryPoint","urlTemplate":"https:\/\/seryhumano.com\/web\/?s={search_term_string}"},"query-input":{"@type":"PropertyValueSpecification","valueRequired":true,"valueName":"search_term_string"}}],"inLanguage":"es"},{"@type":"Organization","@id":"https:\/\/seryhumano.com\/web\/#organization","name":"SeryHumano.com","url":"https:\/\/seryhumano.com\/web\/","logo":{"@type":"ImageObject","inLanguage":"es","@id":"https:\/\/seryhumano.com\/web\/#\/schema\/logo\/image\/","url":"https:\/\/seryhumano.com\/web\/wp-content\/uploads\/2020\/02\/JNe5VRwH_400x400-2.jpg","contentUrl":"https:\/\/seryhumano.com\/web\/wp-content\/uploads\/2020\/02\/JNe5VRwH_400x400-2.jpg","width":400,"height":400,"caption":"SeryHumano.com"},"image":{"@id":"https:\/\/seryhumano.com\/web\/#\/schema\/logo\/image\/"},"sameAs":["https:\/\/www.facebook.com\/seryhumano\/","https:\/\/x.com\/SeryHumano","https:\/\/www.instagram.com\/seryhumano\/","https:\/\/www.linkedin.com\/company\/seryhumano-com\/","https:\/\/www.youtube.com\/channel\/UCYfgIGSxygVnJAW0e9ZBZWg"]},{"@type":"Person","@id":"https:\/\/seryhumano.com\/web\/#\/schema\/person\/fd30e8e0b394a62344b44d9b0fe75795","name":"@herrera_yosmar","description":"Eterna enamorada de la vida, comunicadora, mam\u00e1 de tres","sameAs":["http:\/\/seryhumano.com"],"url":"https:\/\/seryhumano.com\/web\/?author=2"}]}},"_links":{"self":[{"href":"https:\/\/seryhumano.com\/web\/index.php?rest_route=\/wp\/v2\/posts\/5828","targetHints":{"allow":["GET"]}}],"collection":[{"href":"https:\/\/seryhumano.com\/web\/index.php?rest_route=\/wp\/v2\/posts"}],"about":[{"href":"https:\/\/seryhumano.com\/web\/index.php?rest_route=\/wp\/v2\/types\/post"}],"author":[{"embeddable":true,"href":"https:\/\/seryhumano.com\/web\/index.php?rest_route=\/wp\/v2\/users\/2"}],"replies":[{"embeddable":true,"href":"https:\/\/seryhumano.com\/web\/index.php?rest_route=%2Fwp%2Fv2%2Fcomments&post=5828"}],"version-history":[{"count":0,"href":"https:\/\/seryhumano.com\/web\/index.php?rest_route=\/wp\/v2\/posts\/5828\/revisions"}],"wp:featuredmedia":[{"embeddable":true,"href":"https:\/\/seryhumano.com\/web\/index.php?rest_route=\/wp\/v2\/media\/5830"}],"wp:attachment":[{"href":"https:\/\/seryhumano.com\/web\/index.php?rest_route=%2Fwp%2Fv2%2Fmedia&parent=5828"}],"wp:term":[{"taxonomy":"category","embeddable":true,"href":"https:\/\/seryhumano.com\/web\/index.php?rest_route=%2Fwp%2Fv2%2Fcategories&post=5828"},{"taxonomy":"post_tag","embeddable":true,"href":"https:\/\/seryhumano.com\/web\/index.php?rest_route=%2Fwp%2Fv2%2Ftags&post=5828"}],"curies":[{"name":"wp","href":"https:\/\/api.w.org\/{rel}","templated":true}]}}