{"id":7195,"date":"2013-09-12T09:28:55","date_gmt":"2013-09-12T13:58:55","guid":{"rendered":"https:\/\/seryhumano.com\/web\/?p=7195"},"modified":"2013-09-12T10:20:47","modified_gmt":"2013-09-12T14:50:47","slug":"la-dura-experiencia-de-un-aborto-espontaneo-vista-por-un-padre","status":"publish","type":"post","link":"https:\/\/seryhumano.com\/web\/?p=7195","title":{"rendered":"La dura experiencia de un aborto espont\u00e1neo vista por un padre"},"content":{"rendered":"<p><a href=\"https:\/\/seryhumano.com\/web\/?attachment_id=7196\" rel=\"attachment wp-att-7196\"><img loading=\"lazy\" decoding=\"async\" class=\"alignleft size-medium wp-image-7196\" alt=\"file_20130906125207\" src=\"https:\/\/seryhumano.com\/web\/wp-content\/uploads\/2013\/09\/file_20130906125207-231x300.jpg\" width=\"231\" height=\"300\" srcset=\"https:\/\/seryhumano.com\/web\/wp-content\/uploads\/2013\/09\/file_20130906125207-231x300.jpg 231w, https:\/\/seryhumano.com\/web\/wp-content\/uploads\/2013\/09\/file_20130906125207.jpg 300w\" sizes=\"auto, (max-width: 231px) 100vw, 231px\" \/><\/a>\u201cFue como ser un espectador de mi propia tragedia\u201d, as\u00ed describe Ben Wakeling la p\u00e9rdida de su segundo hijo, a las 9 semanas de embarazo.<br \/>\nJess hab\u00eda llegado hasta la cocina, donde \u00e9l se preparaba un caf\u00e9, para darle la noticia de que estaba embarazada. El hijo de ambos, Isaac, jugaba entre los pies de Ben. \u201cMe qued\u00e9 petrificado, con la cuchara en la mano\u201d, recuerda \u00e9l, tras escuchar las palabras de su esposa, llenas de temor.<\/p>\n<p>A\u00fan estaba latente el recuerdo del hijo que hab\u00edan perdido la Navidad anterior; esa tragedia de la que Ben a\u00fan no se recupera del todo, y que lo motiv\u00f3 a escribir \u201cHow I Came to Hold You\u201d, un libro que relata las historias de 17 familias que sufrieron la p\u00e9rdida de sus hijos \u2013antes de nacer o al poco tiempo de vida- y que lograron seguir adelante, superando el miedo a un nuevo embarazo.<\/p>\n<p>En el caso de Ben y Jess, fue en la v\u00edspera de Navidad que comenzaron los problemas. Los repentinos sangrados en ella motivaron que la pareja fuera de urgencia al hospital, donde le recomendaron reposo absoluto. \u201cContinuamos con la fachada de las fiestas por el bien de Isaac, que apenas ten\u00eda un a\u00f1o. Pero al ver las fotos de esa Navidad, del a\u00f1o 2008, se puede ver el miedo en nuestros rostros\u201d, recuerda. Al d\u00eda siguiente, de vuelta en el hospital, el m\u00e9dico confirm\u00f3 que Jess hab\u00eda sufrido un aborto involuntario.<\/p>\n<p>\u201cNo me acuerdo del regreso a la casa, para nada. Mi \u00fanico recuerdo de esa noche es el de mi mujer llorando en los brazos de su mam\u00e1 (\u2026) Yo quer\u00eda desesperadamente decir algo para que se sintiera mejor, pero no pude encontrar las palabras. Todo parec\u00eda muy clich\u00e9. Todo lo que pod\u00eda hacer era abrazarla fuertemente\u201d, relat\u00f3 Ben, ahondando luego en su propio dolor como padre, y cuyo relato apareci\u00f3 en el medio de su pa\u00eds, Daily Mail.<\/p>\n<p>\u201cSent\u00ed profundamente nuestra p\u00e9rdida, y estaba seguro de que la pena de Jess, al perder al beb\u00e9 que crec\u00eda en su interior debe haber sido a\u00fan mayor. No hab\u00eda diferencia de que hubi\u00e9ramos perdido a un beb\u00e9 de \u201ctan solo\u201d nueve semanas. Era nuestro segundo hijo, \u00edntegramente y amado\u201d, escribi\u00f3, explicando que ya que hab\u00edan tenido un primer embarazo sin problemas, jam\u00e1s se esperaron este duro golpe en sus vidas.<\/p>\n<p>\u201cLa derrota fue salvaje. Y estaba sorprendido por la profundidad de mi dolor. No soy un hombre emocional; muy rara vez estoy molesto, y puedo contar con una mano las veces que he derramado una l\u00e1grima. Pero el aborto espont\u00e1neo de mi esposa ha sido el punto m\u00e1s bajo de mi vida. En privado, llor\u00e9 por d\u00edas. Despu\u00e9s, en p\u00fablico, me reprim\u00eda\u201d.<a href=\"https:\/\/seryhumano.com\/web\/?attachment_id=7199\" rel=\"attachment wp-att-7199\"><img loading=\"lazy\" decoding=\"async\" class=\"alignright size-medium wp-image-7199\" alt=\"h\" src=\"https:\/\/seryhumano.com\/web\/wp-content\/uploads\/2013\/09\/h-300x225.jpg\" width=\"300\" height=\"225\" srcset=\"https:\/\/seryhumano.com\/web\/wp-content\/uploads\/2013\/09\/h-300x225.jpg 300w, https:\/\/seryhumano.com\/web\/wp-content\/uploads\/2013\/09\/h.jpg 320w\" sizes=\"auto, (max-width: 300px) 100vw, 300px\" \/><\/a><\/p>\n<p>\u201cPorque \u00e9sta es la gran diferencia entre hombres y mujeres; mientras ellas pueden confiar f\u00e1cilmente en otros, los hombres son por naturaleza m\u00e1s privados. Y hablar de tus sentimientos con otro hombre, es tal vez el acto m\u00e1s tab\u00fa de todos\u201d, dijo, agregando que luego de saber su caso, dos amigos le confesaron haber pasado por lo mismo en a\u00f1os anteriores.<\/p>\n<p>Ben y Jess se acercaron a Sands, una asociaci\u00f3n que ayuda a las parejas a sobreponerse tras la p\u00e9rdida de un embarzo. All\u00ed dice haber comprendido que es normal que el hombre piense que la mujer se lleva la peor parte, tomando en cuenta que el hijo se estaba desarrollando en su vientre, y esto provoca que el dolor masculino, y el sentimiento de responsabilidad de ser un apoyo para su pareja, hace que \u00e9ste se a\u00edsle y reprima sus sentimientos. \u201cComo sociedad, debemos darle a los hombres el mismo permiso de sufrir\u201d, coment\u00f3 una de las representantes del grupo de apoyo.<\/p>\n<p>En la actualidad, adem\u00e1s de Isaac, la pareja tiene dos hijos m\u00e1s, Noah, que naci\u00f3 en 2010 y Jemima, quien lleg\u00f3 a sus vidas el a\u00f1o pasado. Sin embargo confiesa que tanto \u00e9l como su esposa piensan todos los d\u00edas en ese cuarto hijo que se fue.<\/p>\n<p>\u201cSin una tumba en la que pudi\u00e9ramos enfocar nuestro dolor, sent\u00ed que deb\u00edamos crear un memorial f\u00edsico para nuestro tan querido y a\u00f1orado hijo. As\u00ed que una semana despu\u00e9s de nuestra p\u00e9rdida,\u00a0 Jess y yo llevamos a Isaac al parque local y plantamos una peque\u00f1a rosa amarilla en la base de un \u00e1rbol. Ahora, cada vez que pasamos (por ah\u00ed), me detengo para saludar al beb\u00e9 que nunca tuvimos\u201d.<\/p>\n<p>seryhumano.com<\/p>\n<p>Fuente: emol.com<\/p>\n","protected":false},"excerpt":{"rendered":"<p>\u201cFue como ser un espectador de mi propia tragedia\u201d, as\u00ed describe Ben Wakeling la p\u00e9rdida de su segundo hijo, a las 9 semanas de embarazo. Jess hab\u00eda llegado hasta la cocina, donde \u00e9l se preparaba un caf\u00e9, para darle la noticia de que estaba embarazada. El hijo de ambos, Isaac, jugaba entre los pies de&hellip;<\/p>\n","protected":false},"author":2,"featured_media":7202,"comment_status":"closed","ping_status":"closed","sticky":false,"template":"","format":"standard","meta":{"footnotes":""},"categories":[119],"tags":[111],"class_list":["post-7195","post","type-post","status-publish","format-standard","has-post-thumbnail","hentry","category-el-ser-y-yo","tag-slider","category-119","description-off"],"yoast_head":"<!-- This site is optimized with the Yoast SEO plugin v25.4 - https:\/\/yoast.com\/wordpress\/plugins\/seo\/ -->\n<title>La dura experiencia de un aborto espont\u00e1neo vista por un padre &#187; SeryHumano.com<\/title>\n<meta name=\"robots\" content=\"index, follow, max-snippet:-1, max-image-preview:large, max-video-preview:-1\" \/>\n<link rel=\"canonical\" href=\"https:\/\/seryhumano.com\/web\/?p=7195\" \/>\n<meta property=\"og:locale\" content=\"es_ES\" \/>\n<meta property=\"og:type\" content=\"article\" \/>\n<meta property=\"og:title\" content=\"La dura experiencia de un aborto espont\u00e1neo vista por un padre &#187; SeryHumano.com\" \/>\n<meta property=\"og:description\" content=\"\u201cFue como ser un espectador de mi propia tragedia\u201d, as\u00ed describe Ben Wakeling la p\u00e9rdida de su segundo hijo, a las 9 semanas de embarazo. Jess hab\u00eda llegado hasta la cocina, donde \u00e9l se preparaba un caf\u00e9, para darle la noticia de que estaba embarazada. El hijo de ambos, Isaac, jugaba entre los pies de&hellip;\" \/>\n<meta property=\"og:url\" content=\"https:\/\/seryhumano.com\/web\/?p=7195\" \/>\n<meta property=\"og:site_name\" content=\"SeryHumano.com\" \/>\n<meta property=\"article:publisher\" content=\"https:\/\/www.facebook.com\/seryhumano\/\" \/>\n<meta property=\"article:published_time\" content=\"2013-09-12T13:58:55+00:00\" \/>\n<meta property=\"article:modified_time\" content=\"2013-09-12T14:50:47+00:00\" \/>\n<meta property=\"og:image\" content=\"https:\/\/seryhumano.com\/web\/wp-content\/uploads\/2013\/09\/featureslider_pesadilla.png\" \/>\n\t<meta property=\"og:image:width\" content=\"910\" \/>\n\t<meta property=\"og:image:height\" content=\"227\" \/>\n\t<meta property=\"og:image:type\" content=\"image\/png\" \/>\n<meta name=\"author\" content=\"@herrera_yosmar\" \/>\n<meta name=\"twitter:card\" content=\"summary_large_image\" \/>\n<meta name=\"twitter:creator\" content=\"@SeryHumano\" \/>\n<meta name=\"twitter:site\" content=\"@SeryHumano\" \/>\n<meta name=\"twitter:label1\" content=\"Escrito por\" \/>\n\t<meta name=\"twitter:data1\" content=\"@herrera_yosmar\" \/>\n\t<meta name=\"twitter:label2\" content=\"Tiempo de lectura\" \/>\n\t<meta name=\"twitter:data2\" content=\"4 minutos\" \/>\n<script type=\"application\/ld+json\" class=\"yoast-schema-graph\">{\"@context\":\"https:\/\/schema.org\",\"@graph\":[{\"@type\":\"Article\",\"@id\":\"https:\/\/seryhumano.com\/web\/?p=7195#article\",\"isPartOf\":{\"@id\":\"https:\/\/seryhumano.com\/web\/?p=7195\"},\"author\":{\"name\":\"@herrera_yosmar\",\"@id\":\"https:\/\/seryhumano.com\/web\/#\/schema\/person\/fd30e8e0b394a62344b44d9b0fe75795\"},\"headline\":\"La dura experiencia de un aborto espont\u00e1neo vista por un padre\",\"datePublished\":\"2013-09-12T13:58:55+00:00\",\"dateModified\":\"2013-09-12T14:50:47+00:00\",\"mainEntityOfPage\":{\"@id\":\"https:\/\/seryhumano.com\/web\/?p=7195\"},\"wordCount\":793,\"publisher\":{\"@id\":\"https:\/\/seryhumano.com\/web\/#organization\"},\"image\":{\"@id\":\"https:\/\/seryhumano.com\/web\/?p=7195#primaryimage\"},\"thumbnailUrl\":\"https:\/\/seryhumano.com\/web\/wp-content\/uploads\/2013\/09\/featureslider_pesadilla.png\",\"keywords\":[\"Slider\"],\"articleSection\":[\"El Ser y YO\"],\"inLanguage\":\"es\"},{\"@type\":\"WebPage\",\"@id\":\"https:\/\/seryhumano.com\/web\/?p=7195\",\"url\":\"https:\/\/seryhumano.com\/web\/?p=7195\",\"name\":\"La dura experiencia de un aborto espont\u00e1neo vista por un padre &#187; SeryHumano.com\",\"isPartOf\":{\"@id\":\"https:\/\/seryhumano.com\/web\/#website\"},\"primaryImageOfPage\":{\"@id\":\"https:\/\/seryhumano.com\/web\/?p=7195#primaryimage\"},\"image\":{\"@id\":\"https:\/\/seryhumano.com\/web\/?p=7195#primaryimage\"},\"thumbnailUrl\":\"https:\/\/seryhumano.com\/web\/wp-content\/uploads\/2013\/09\/featureslider_pesadilla.png\",\"datePublished\":\"2013-09-12T13:58:55+00:00\",\"dateModified\":\"2013-09-12T14:50:47+00:00\",\"breadcrumb\":{\"@id\":\"https:\/\/seryhumano.com\/web\/?p=7195#breadcrumb\"},\"inLanguage\":\"es\",\"potentialAction\":[{\"@type\":\"ReadAction\",\"target\":[\"https:\/\/seryhumano.com\/web\/?p=7195\"]}]},{\"@type\":\"ImageObject\",\"inLanguage\":\"es\",\"@id\":\"https:\/\/seryhumano.com\/web\/?p=7195#primaryimage\",\"url\":\"https:\/\/seryhumano.com\/web\/wp-content\/uploads\/2013\/09\/featureslider_pesadilla.png\",\"contentUrl\":\"https:\/\/seryhumano.com\/web\/wp-content\/uploads\/2013\/09\/featureslider_pesadilla.png\",\"width\":910,\"height\":227},{\"@type\":\"BreadcrumbList\",\"@id\":\"https:\/\/seryhumano.com\/web\/?p=7195#breadcrumb\",\"itemListElement\":[{\"@type\":\"ListItem\",\"position\":1,\"name\":\"Portada\",\"item\":\"https:\/\/seryhumano.com\/web\/\"},{\"@type\":\"ListItem\",\"position\":2,\"name\":\"La dura experiencia de un aborto espont\u00e1neo vista por un padre\"}]},{\"@type\":\"WebSite\",\"@id\":\"https:\/\/seryhumano.com\/web\/#website\",\"url\":\"https:\/\/seryhumano.com\/web\/\",\"name\":\"SeryHumano.com\",\"description\":\"Revista digital muy humana, donde lo mas importante es el Ser...\",\"publisher\":{\"@id\":\"https:\/\/seryhumano.com\/web\/#organization\"},\"potentialAction\":[{\"@type\":\"SearchAction\",\"target\":{\"@type\":\"EntryPoint\",\"urlTemplate\":\"https:\/\/seryhumano.com\/web\/?s={search_term_string}\"},\"query-input\":{\"@type\":\"PropertyValueSpecification\",\"valueRequired\":true,\"valueName\":\"search_term_string\"}}],\"inLanguage\":\"es\"},{\"@type\":\"Organization\",\"@id\":\"https:\/\/seryhumano.com\/web\/#organization\",\"name\":\"SeryHumano.com\",\"url\":\"https:\/\/seryhumano.com\/web\/\",\"logo\":{\"@type\":\"ImageObject\",\"inLanguage\":\"es\",\"@id\":\"https:\/\/seryhumano.com\/web\/#\/schema\/logo\/image\/\",\"url\":\"https:\/\/seryhumano.com\/web\/wp-content\/uploads\/2020\/02\/JNe5VRwH_400x400-2.jpg\",\"contentUrl\":\"https:\/\/seryhumano.com\/web\/wp-content\/uploads\/2020\/02\/JNe5VRwH_400x400-2.jpg\",\"width\":400,\"height\":400,\"caption\":\"SeryHumano.com\"},\"image\":{\"@id\":\"https:\/\/seryhumano.com\/web\/#\/schema\/logo\/image\/\"},\"sameAs\":[\"https:\/\/www.facebook.com\/seryhumano\/\",\"https:\/\/x.com\/SeryHumano\",\"https:\/\/www.instagram.com\/seryhumano\/\",\"https:\/\/www.linkedin.com\/company\/seryhumano-com\/\",\"https:\/\/www.youtube.com\/channel\/UCYfgIGSxygVnJAW0e9ZBZWg\"]},{\"@type\":\"Person\",\"@id\":\"https:\/\/seryhumano.com\/web\/#\/schema\/person\/fd30e8e0b394a62344b44d9b0fe75795\",\"name\":\"@herrera_yosmar\",\"description\":\"Eterna enamorada de la vida, comunicadora, mam\u00e1 de tres\",\"sameAs\":[\"http:\/\/seryhumano.com\"],\"url\":\"https:\/\/seryhumano.com\/web\/?author=2\"}]}<\/script>\n<!-- \/ Yoast SEO plugin. -->","yoast_head_json":{"title":"La dura experiencia de un aborto espont\u00e1neo vista por un padre &#187; SeryHumano.com","robots":{"index":"index","follow":"follow","max-snippet":"max-snippet:-1","max-image-preview":"max-image-preview:large","max-video-preview":"max-video-preview:-1"},"canonical":"https:\/\/seryhumano.com\/web\/?p=7195","og_locale":"es_ES","og_type":"article","og_title":"La dura experiencia de un aborto espont\u00e1neo vista por un padre &#187; SeryHumano.com","og_description":"\u201cFue como ser un espectador de mi propia tragedia\u201d, as\u00ed describe Ben Wakeling la p\u00e9rdida de su segundo hijo, a las 9 semanas de embarazo. Jess hab\u00eda llegado hasta la cocina, donde \u00e9l se preparaba un caf\u00e9, para darle la noticia de que estaba embarazada. El hijo de ambos, Isaac, jugaba entre los pies de&hellip;","og_url":"https:\/\/seryhumano.com\/web\/?p=7195","og_site_name":"SeryHumano.com","article_publisher":"https:\/\/www.facebook.com\/seryhumano\/","article_published_time":"2013-09-12T13:58:55+00:00","article_modified_time":"2013-09-12T14:50:47+00:00","og_image":[{"width":910,"height":227,"url":"https:\/\/seryhumano.com\/web\/wp-content\/uploads\/2013\/09\/featureslider_pesadilla.png","type":"image\/png"}],"author":"@herrera_yosmar","twitter_card":"summary_large_image","twitter_creator":"@SeryHumano","twitter_site":"@SeryHumano","twitter_misc":{"Escrito por":"@herrera_yosmar","Tiempo de lectura":"4 minutos"},"schema":{"@context":"https:\/\/schema.org","@graph":[{"@type":"Article","@id":"https:\/\/seryhumano.com\/web\/?p=7195#article","isPartOf":{"@id":"https:\/\/seryhumano.com\/web\/?p=7195"},"author":{"name":"@herrera_yosmar","@id":"https:\/\/seryhumano.com\/web\/#\/schema\/person\/fd30e8e0b394a62344b44d9b0fe75795"},"headline":"La dura experiencia de un aborto espont\u00e1neo vista por un padre","datePublished":"2013-09-12T13:58:55+00:00","dateModified":"2013-09-12T14:50:47+00:00","mainEntityOfPage":{"@id":"https:\/\/seryhumano.com\/web\/?p=7195"},"wordCount":793,"publisher":{"@id":"https:\/\/seryhumano.com\/web\/#organization"},"image":{"@id":"https:\/\/seryhumano.com\/web\/?p=7195#primaryimage"},"thumbnailUrl":"https:\/\/seryhumano.com\/web\/wp-content\/uploads\/2013\/09\/featureslider_pesadilla.png","keywords":["Slider"],"articleSection":["El Ser y YO"],"inLanguage":"es"},{"@type":"WebPage","@id":"https:\/\/seryhumano.com\/web\/?p=7195","url":"https:\/\/seryhumano.com\/web\/?p=7195","name":"La dura experiencia de un aborto espont\u00e1neo vista por un padre &#187; SeryHumano.com","isPartOf":{"@id":"https:\/\/seryhumano.com\/web\/#website"},"primaryImageOfPage":{"@id":"https:\/\/seryhumano.com\/web\/?p=7195#primaryimage"},"image":{"@id":"https:\/\/seryhumano.com\/web\/?p=7195#primaryimage"},"thumbnailUrl":"https:\/\/seryhumano.com\/web\/wp-content\/uploads\/2013\/09\/featureslider_pesadilla.png","datePublished":"2013-09-12T13:58:55+00:00","dateModified":"2013-09-12T14:50:47+00:00","breadcrumb":{"@id":"https:\/\/seryhumano.com\/web\/?p=7195#breadcrumb"},"inLanguage":"es","potentialAction":[{"@type":"ReadAction","target":["https:\/\/seryhumano.com\/web\/?p=7195"]}]},{"@type":"ImageObject","inLanguage":"es","@id":"https:\/\/seryhumano.com\/web\/?p=7195#primaryimage","url":"https:\/\/seryhumano.com\/web\/wp-content\/uploads\/2013\/09\/featureslider_pesadilla.png","contentUrl":"https:\/\/seryhumano.com\/web\/wp-content\/uploads\/2013\/09\/featureslider_pesadilla.png","width":910,"height":227},{"@type":"BreadcrumbList","@id":"https:\/\/seryhumano.com\/web\/?p=7195#breadcrumb","itemListElement":[{"@type":"ListItem","position":1,"name":"Portada","item":"https:\/\/seryhumano.com\/web\/"},{"@type":"ListItem","position":2,"name":"La dura experiencia de un aborto espont\u00e1neo vista por un padre"}]},{"@type":"WebSite","@id":"https:\/\/seryhumano.com\/web\/#website","url":"https:\/\/seryhumano.com\/web\/","name":"SeryHumano.com","description":"Revista digital muy humana, donde lo mas importante es el Ser...","publisher":{"@id":"https:\/\/seryhumano.com\/web\/#organization"},"potentialAction":[{"@type":"SearchAction","target":{"@type":"EntryPoint","urlTemplate":"https:\/\/seryhumano.com\/web\/?s={search_term_string}"},"query-input":{"@type":"PropertyValueSpecification","valueRequired":true,"valueName":"search_term_string"}}],"inLanguage":"es"},{"@type":"Organization","@id":"https:\/\/seryhumano.com\/web\/#organization","name":"SeryHumano.com","url":"https:\/\/seryhumano.com\/web\/","logo":{"@type":"ImageObject","inLanguage":"es","@id":"https:\/\/seryhumano.com\/web\/#\/schema\/logo\/image\/","url":"https:\/\/seryhumano.com\/web\/wp-content\/uploads\/2020\/02\/JNe5VRwH_400x400-2.jpg","contentUrl":"https:\/\/seryhumano.com\/web\/wp-content\/uploads\/2020\/02\/JNe5VRwH_400x400-2.jpg","width":400,"height":400,"caption":"SeryHumano.com"},"image":{"@id":"https:\/\/seryhumano.com\/web\/#\/schema\/logo\/image\/"},"sameAs":["https:\/\/www.facebook.com\/seryhumano\/","https:\/\/x.com\/SeryHumano","https:\/\/www.instagram.com\/seryhumano\/","https:\/\/www.linkedin.com\/company\/seryhumano-com\/","https:\/\/www.youtube.com\/channel\/UCYfgIGSxygVnJAW0e9ZBZWg"]},{"@type":"Person","@id":"https:\/\/seryhumano.com\/web\/#\/schema\/person\/fd30e8e0b394a62344b44d9b0fe75795","name":"@herrera_yosmar","description":"Eterna enamorada de la vida, comunicadora, mam\u00e1 de tres","sameAs":["http:\/\/seryhumano.com"],"url":"https:\/\/seryhumano.com\/web\/?author=2"}]}},"_links":{"self":[{"href":"https:\/\/seryhumano.com\/web\/index.php?rest_route=\/wp\/v2\/posts\/7195","targetHints":{"allow":["GET"]}}],"collection":[{"href":"https:\/\/seryhumano.com\/web\/index.php?rest_route=\/wp\/v2\/posts"}],"about":[{"href":"https:\/\/seryhumano.com\/web\/index.php?rest_route=\/wp\/v2\/types\/post"}],"author":[{"embeddable":true,"href":"https:\/\/seryhumano.com\/web\/index.php?rest_route=\/wp\/v2\/users\/2"}],"replies":[{"embeddable":true,"href":"https:\/\/seryhumano.com\/web\/index.php?rest_route=%2Fwp%2Fv2%2Fcomments&post=7195"}],"version-history":[{"count":0,"href":"https:\/\/seryhumano.com\/web\/index.php?rest_route=\/wp\/v2\/posts\/7195\/revisions"}],"wp:featuredmedia":[{"embeddable":true,"href":"https:\/\/seryhumano.com\/web\/index.php?rest_route=\/wp\/v2\/media\/7202"}],"wp:attachment":[{"href":"https:\/\/seryhumano.com\/web\/index.php?rest_route=%2Fwp%2Fv2%2Fmedia&parent=7195"}],"wp:term":[{"taxonomy":"category","embeddable":true,"href":"https:\/\/seryhumano.com\/web\/index.php?rest_route=%2Fwp%2Fv2%2Fcategories&post=7195"},{"taxonomy":"post_tag","embeddable":true,"href":"https:\/\/seryhumano.com\/web\/index.php?rest_route=%2Fwp%2Fv2%2Ftags&post=7195"}],"curies":[{"name":"wp","href":"https:\/\/api.w.org\/{rel}","templated":true}]}}