{"id":7226,"date":"2013-09-13T10:09:42","date_gmt":"2013-09-13T14:39:42","guid":{"rendered":"https:\/\/seryhumano.com\/web\/?p=7226"},"modified":"2013-09-15T11:22:25","modified_gmt":"2013-09-15T15:52:25","slug":"jorge-bucay-se-presenta-en-caracas-este-fin-de-semana","status":"publish","type":"post","link":"https:\/\/seryhumano.com\/web\/?p=7226","title":{"rendered":"Jorge Bucay se presenta en Caracas este fin de semana"},"content":{"rendered":"<p><a href=\"https:\/\/seryhumano.com\/web\/?attachment_id=7227\" rel=\"attachment wp-att-7227\"><img loading=\"lazy\" decoding=\"async\" class=\"alignleft size-medium wp-image-7227\" alt=\"images (3)\" src=\"https:\/\/seryhumano.com\/web\/wp-content\/uploads\/2013\/09\/images-3-300x158.jpg\" width=\"300\" height=\"158\" srcset=\"https:\/\/seryhumano.com\/web\/wp-content\/uploads\/2013\/09\/images-3-300x158.jpg 300w, https:\/\/seryhumano.com\/web\/wp-content\/uploads\/2013\/09\/images-3-170x90.jpg 170w, https:\/\/seryhumano.com\/web\/wp-content\/uploads\/2013\/09\/images-3.jpg 309w\" sizes=\"auto, (max-width: 300px) 100vw, 300px\" \/><\/a>A partir de las cuatro de la tarde, Bucay estar\u00e1 compartiendo con los caraque\u00f1os esa visi\u00f3n tan particular suya de ver la vida, de ser feliz a lo largo de todo el camino y de no esperar un suceso para alcanzar la dicha. Para completar el cartel y hacer mucho m\u00e1s enriquecedora la experiencia, al conferencista argentino lo acompa\u00f1ar\u00e1 el gur\u00fa venezolano en buen y bien vivir, nuestro Carlos Fraga, quien con su extraordinario verbo aportar\u00e1 no solo un grano de arena, sino todo su momentum acumulado de acompa\u00f1amiento a la gente para que llegue donde quiera y exactamente como quiera.<\/p>\n<p>Adem\u00e1s, quienes compartan las conferencias, tendr\u00e1n la oportunidad de adquirir los libros tanto de Bucay \u2013que no son f\u00e1ciles de conseguir en el pa\u00eds- as\u00ed como los de Carlos Fraga y toda una excelente colecci\u00f3n de audiolibros para cada vez vivir mejor.<\/p>\n<p><b>S\u00e1bado 14: Las tres preguntas<\/b><\/p>\n<p>Estas tres preguntas fundamentales para definir el camino, planteadas por\u00a0Jorge Bucay, han aportado una clara definici\u00f3n en cuanto al trabajo indispensable como humanos que buscan vivir en plenitud. Si estas preguntas, no se responden en el riguroso orden planteado, es muy probable que la vida \u00a0de quienes se pa plantean sea una dependencia, sostenida en la necesidad y aplacando la plenitud de amor.<br \/>\nQuien responda, \u00bfa d\u00f3nde voy? sin saber qui\u00e9n es, es probable que el camino sea el que defina quien sea o incluso hacia d\u00f3nde va. Entonces, el primer desaf\u00edo es el de descubrir\u00a0qui\u00e9n soy. El encuentro definitivo con uno mismo. El trabajo de aprender a no depender. El segundo es el desaf\u00edo de decidir\u00a0a d\u00f3nde voy. La b\u00fasqueda de plenitud y de sentido. Encontrar el prop\u00f3sito fundamental en la vida. Y, el tercero, el desaf\u00edo de elegir\u00a0con qui\u00e9n. El encuentro con el otro y el coraje de dejar atr\u00e1s lo que no est\u00e1. El proceso de abrirse al amor y de hallar los verdaderos compa\u00f1eros de ruta.<a href=\"https:\/\/seryhumano.com\/web\/?attachment_id=7230\" rel=\"attachment wp-att-7230\"><img loading=\"lazy\" decoding=\"async\" class=\"alignright size-full wp-image-7230\" alt=\"Las-3-preguntas-300x212\" src=\"https:\/\/seryhumano.com\/web\/wp-content\/uploads\/2013\/09\/Las-3-preguntas-300x212.jpg\" width=\"300\" height=\"212\" \/><\/a><\/p>\n<p>En la b\u00fasqueda de la felicidad todos los caminos son v\u00e1lidos y diferentes pero se superponen en un punto, el de la necesidad humana de encontrar respuesta a las preguntas m\u00e1s importantes, aquellas que todos nos hacemos en alg\u00fan momento y que son el hilo conductor de esta conferencia.<\/p>\n<p><b>Domingo 15: Del miedo al amor y viceversa<\/b><\/p>\n<p>Las malas experiencias o la misma inseguridad pueden llevar a desarrollar el\u00a0\u00abmiedo\u00bb. Comenzar una relaci\u00f3n y tener cierta inseguridad es normal, el miedo es una reacci\u00f3n natural frente a una situaci\u00f3n que nos toma por sorpresa y que obviamente desconocemos.<br \/>\nCon el\u00a0amor\u00a0sucede algo parecido, la gente tiene necesariamente que equivocarse, y a veces perseverar en el error, sin escuchar a nada, ni a nadie. Y entonces se descubre como en la primera infancia, cay\u00e9ndose una y otra vez, golpe\u00e1ndose con la misma piedra, venciendo los m\u00e1s grandes temores, pero sobre todo, aprendiendo.<\/p>\n<p>El psicoterapeuta gest\u00e1ltico, autor de Cartas para Claudia, Cuentos para pensar, Cuenta conmigo y El temido enemigo, llega a estar\u00e1 entonces presentando este tema el domingo 15 a las cuatro de la tarde. \u00a0Su conferencia \u201cDel miedo al amor y viceversa\u00bb\u00a0es un profundo an\u00e1lisis y una gran reflexi\u00f3n con su p\u00fablico acerca de estos dos sentimientos que busca reforzar la relaci\u00f3n en pareja, en la familia, en la sociedad y sobre todo en cada uno de nosotros.<\/p>\n<p><b>Coordenadas de las conferencias<a href=\"https:\/\/seryhumano.com\/web\/?attachment_id=7232\" rel=\"attachment wp-att-7232\"><img loading=\"lazy\" decoding=\"async\" class=\"alignright size-full wp-image-7232\" alt=\"images (4)\" src=\"https:\/\/seryhumano.com\/web\/wp-content\/uploads\/2013\/09\/images-4.jpg\" width=\"155\" height=\"164\" \/><\/a><\/b><\/p>\n<p>S\u00e1bado 14 y domingo 15 de septiembre, sal\u00f3n Plaza Real del Hotel Eurobuilding. Las entradas est\u00e1n a la venta a trav\u00e9s de www.tuticket.com o en las puertas del sal\u00f3n a partir de la 1:00 de la tarde los d\u00edas de las conferencias.<\/p>\n<p>Este Gran Encuentro de Jorge Bucay y Carlos Fraga es patrocinado por El Nacional, Revista EME, Revista Cocina y Vino, M\u00e1gica FM y el Hotel Eurobuilding. Los eventos son a beneficio de Senosayuda.<\/p>\n<p>seryhumano.com<\/p>\n<p>Fuente: Nota de Prensa<\/p>\n<p>&nbsp;<\/p>\n","protected":false},"excerpt":{"rendered":"<p>A partir de las cuatro de la tarde, Bucay estar\u00e1 compartiendo con los caraque\u00f1os esa visi\u00f3n tan particular suya de ver la vida, de ser feliz a lo largo de todo el camino y de no esperar un suceso para alcanzar la dicha. Para completar el cartel y hacer mucho m\u00e1s enriquecedora la experiencia, al&hellip;<\/p>\n","protected":false},"author":2,"featured_media":7228,"comment_status":"closed","ping_status":"closed","sticky":false,"template":"","format":"standard","meta":{"footnotes":""},"categories":[113,110],"tags":[111],"class_list":["post-7226","post","type-post","status-publish","format-standard","has-post-thumbnail","hentry","category-gente","category-noticias","tag-slider","category-113","category-110","description-off"],"yoast_head":"<!-- This site is optimized with the Yoast SEO plugin v25.4 - https:\/\/yoast.com\/wordpress\/plugins\/seo\/ -->\n<title>Jorge Bucay se presenta en Caracas este fin de semana &#187; SeryHumano.com<\/title>\n<meta name=\"robots\" content=\"index, follow, max-snippet:-1, max-image-preview:large, max-video-preview:-1\" \/>\n<link rel=\"canonical\" href=\"https:\/\/seryhumano.com\/web\/?p=7226\" \/>\n<meta property=\"og:locale\" content=\"es_ES\" \/>\n<meta property=\"og:type\" content=\"article\" \/>\n<meta property=\"og:title\" content=\"Jorge Bucay se presenta en Caracas este fin de semana &#187; SeryHumano.com\" \/>\n<meta property=\"og:description\" content=\"A partir de las cuatro de la tarde, Bucay estar\u00e1 compartiendo con los caraque\u00f1os esa visi\u00f3n tan particular suya de ver la vida, de ser feliz a lo largo de todo el camino y de no esperar un suceso para alcanzar la dicha. Para completar el cartel y hacer mucho m\u00e1s enriquecedora la experiencia, al&hellip;\" \/>\n<meta property=\"og:url\" content=\"https:\/\/seryhumano.com\/web\/?p=7226\" \/>\n<meta property=\"og:site_name\" content=\"SeryHumano.com\" \/>\n<meta property=\"article:publisher\" content=\"https:\/\/www.facebook.com\/seryhumano\/\" \/>\n<meta property=\"article:published_time\" content=\"2013-09-13T14:39:42+00:00\" \/>\n<meta property=\"article:modified_time\" content=\"2013-09-15T15:52:25+00:00\" \/>\n<meta property=\"og:image\" content=\"https:\/\/seryhumano.com\/web\/wp-content\/uploads\/2013\/09\/descarga-17.jpg\" \/>\n\t<meta property=\"og:image:width\" content=\"309\" \/>\n\t<meta property=\"og:image:height\" content=\"163\" \/>\n\t<meta property=\"og:image:type\" content=\"image\/jpeg\" \/>\n<meta name=\"author\" content=\"@herrera_yosmar\" \/>\n<meta name=\"twitter:card\" content=\"summary_large_image\" \/>\n<meta name=\"twitter:creator\" content=\"@SeryHumano\" \/>\n<meta name=\"twitter:site\" content=\"@SeryHumano\" \/>\n<meta name=\"twitter:label1\" content=\"Escrito por\" \/>\n\t<meta name=\"twitter:data1\" content=\"@herrera_yosmar\" \/>\n\t<meta name=\"twitter:label2\" content=\"Tiempo de lectura\" \/>\n\t<meta name=\"twitter:data2\" content=\"3 minutos\" \/>\n<script type=\"application\/ld+json\" class=\"yoast-schema-graph\">{\"@context\":\"https:\/\/schema.org\",\"@graph\":[{\"@type\":\"Article\",\"@id\":\"https:\/\/seryhumano.com\/web\/?p=7226#article\",\"isPartOf\":{\"@id\":\"https:\/\/seryhumano.com\/web\/?p=7226\"},\"author\":{\"name\":\"@herrera_yosmar\",\"@id\":\"https:\/\/seryhumano.com\/web\/#\/schema\/person\/fd30e8e0b394a62344b44d9b0fe75795\"},\"headline\":\"Jorge Bucay se presenta en Caracas este fin de semana\",\"datePublished\":\"2013-09-13T14:39:42+00:00\",\"dateModified\":\"2013-09-15T15:52:25+00:00\",\"mainEntityOfPage\":{\"@id\":\"https:\/\/seryhumano.com\/web\/?p=7226\"},\"wordCount\":691,\"publisher\":{\"@id\":\"https:\/\/seryhumano.com\/web\/#organization\"},\"image\":{\"@id\":\"https:\/\/seryhumano.com\/web\/?p=7226#primaryimage\"},\"thumbnailUrl\":\"https:\/\/seryhumano.com\/web\/wp-content\/uploads\/2013\/09\/descarga-17.jpg\",\"keywords\":[\"Slider\"],\"articleSection\":[\"Gente\",\"Noticias\"],\"inLanguage\":\"es\"},{\"@type\":\"WebPage\",\"@id\":\"https:\/\/seryhumano.com\/web\/?p=7226\",\"url\":\"https:\/\/seryhumano.com\/web\/?p=7226\",\"name\":\"Jorge Bucay se presenta en Caracas este fin de semana &#187; SeryHumano.com\",\"isPartOf\":{\"@id\":\"https:\/\/seryhumano.com\/web\/#website\"},\"primaryImageOfPage\":{\"@id\":\"https:\/\/seryhumano.com\/web\/?p=7226#primaryimage\"},\"image\":{\"@id\":\"https:\/\/seryhumano.com\/web\/?p=7226#primaryimage\"},\"thumbnailUrl\":\"https:\/\/seryhumano.com\/web\/wp-content\/uploads\/2013\/09\/descarga-17.jpg\",\"datePublished\":\"2013-09-13T14:39:42+00:00\",\"dateModified\":\"2013-09-15T15:52:25+00:00\",\"breadcrumb\":{\"@id\":\"https:\/\/seryhumano.com\/web\/?p=7226#breadcrumb\"},\"inLanguage\":\"es\",\"potentialAction\":[{\"@type\":\"ReadAction\",\"target\":[\"https:\/\/seryhumano.com\/web\/?p=7226\"]}]},{\"@type\":\"ImageObject\",\"inLanguage\":\"es\",\"@id\":\"https:\/\/seryhumano.com\/web\/?p=7226#primaryimage\",\"url\":\"https:\/\/seryhumano.com\/web\/wp-content\/uploads\/2013\/09\/descarga-17.jpg\",\"contentUrl\":\"https:\/\/seryhumano.com\/web\/wp-content\/uploads\/2013\/09\/descarga-17.jpg\",\"width\":309,\"height\":163},{\"@type\":\"BreadcrumbList\",\"@id\":\"https:\/\/seryhumano.com\/web\/?p=7226#breadcrumb\",\"itemListElement\":[{\"@type\":\"ListItem\",\"position\":1,\"name\":\"Portada\",\"item\":\"https:\/\/seryhumano.com\/web\/\"},{\"@type\":\"ListItem\",\"position\":2,\"name\":\"Jorge Bucay se presenta en Caracas este fin de semana\"}]},{\"@type\":\"WebSite\",\"@id\":\"https:\/\/seryhumano.com\/web\/#website\",\"url\":\"https:\/\/seryhumano.com\/web\/\",\"name\":\"SeryHumano.com\",\"description\":\"Revista digital muy humana, donde lo mas importante es el Ser...\",\"publisher\":{\"@id\":\"https:\/\/seryhumano.com\/web\/#organization\"},\"potentialAction\":[{\"@type\":\"SearchAction\",\"target\":{\"@type\":\"EntryPoint\",\"urlTemplate\":\"https:\/\/seryhumano.com\/web\/?s={search_term_string}\"},\"query-input\":{\"@type\":\"PropertyValueSpecification\",\"valueRequired\":true,\"valueName\":\"search_term_string\"}}],\"inLanguage\":\"es\"},{\"@type\":\"Organization\",\"@id\":\"https:\/\/seryhumano.com\/web\/#organization\",\"name\":\"SeryHumano.com\",\"url\":\"https:\/\/seryhumano.com\/web\/\",\"logo\":{\"@type\":\"ImageObject\",\"inLanguage\":\"es\",\"@id\":\"https:\/\/seryhumano.com\/web\/#\/schema\/logo\/image\/\",\"url\":\"https:\/\/seryhumano.com\/web\/wp-content\/uploads\/2020\/02\/JNe5VRwH_400x400-2.jpg\",\"contentUrl\":\"https:\/\/seryhumano.com\/web\/wp-content\/uploads\/2020\/02\/JNe5VRwH_400x400-2.jpg\",\"width\":400,\"height\":400,\"caption\":\"SeryHumano.com\"},\"image\":{\"@id\":\"https:\/\/seryhumano.com\/web\/#\/schema\/logo\/image\/\"},\"sameAs\":[\"https:\/\/www.facebook.com\/seryhumano\/\",\"https:\/\/x.com\/SeryHumano\",\"https:\/\/www.instagram.com\/seryhumano\/\",\"https:\/\/www.linkedin.com\/company\/seryhumano-com\/\",\"https:\/\/www.youtube.com\/channel\/UCYfgIGSxygVnJAW0e9ZBZWg\"]},{\"@type\":\"Person\",\"@id\":\"https:\/\/seryhumano.com\/web\/#\/schema\/person\/fd30e8e0b394a62344b44d9b0fe75795\",\"name\":\"@herrera_yosmar\",\"description\":\"Eterna enamorada de la vida, comunicadora, mam\u00e1 de tres\",\"sameAs\":[\"http:\/\/seryhumano.com\"],\"url\":\"https:\/\/seryhumano.com\/web\/?author=2\"}]}<\/script>\n<!-- \/ Yoast SEO plugin. -->","yoast_head_json":{"title":"Jorge Bucay se presenta en Caracas este fin de semana &#187; SeryHumano.com","robots":{"index":"index","follow":"follow","max-snippet":"max-snippet:-1","max-image-preview":"max-image-preview:large","max-video-preview":"max-video-preview:-1"},"canonical":"https:\/\/seryhumano.com\/web\/?p=7226","og_locale":"es_ES","og_type":"article","og_title":"Jorge Bucay se presenta en Caracas este fin de semana &#187; SeryHumano.com","og_description":"A partir de las cuatro de la tarde, Bucay estar\u00e1 compartiendo con los caraque\u00f1os esa visi\u00f3n tan particular suya de ver la vida, de ser feliz a lo largo de todo el camino y de no esperar un suceso para alcanzar la dicha. Para completar el cartel y hacer mucho m\u00e1s enriquecedora la experiencia, al&hellip;","og_url":"https:\/\/seryhumano.com\/web\/?p=7226","og_site_name":"SeryHumano.com","article_publisher":"https:\/\/www.facebook.com\/seryhumano\/","article_published_time":"2013-09-13T14:39:42+00:00","article_modified_time":"2013-09-15T15:52:25+00:00","og_image":[{"width":309,"height":163,"url":"https:\/\/seryhumano.com\/web\/wp-content\/uploads\/2013\/09\/descarga-17.jpg","type":"image\/jpeg"}],"author":"@herrera_yosmar","twitter_card":"summary_large_image","twitter_creator":"@SeryHumano","twitter_site":"@SeryHumano","twitter_misc":{"Escrito por":"@herrera_yosmar","Tiempo de lectura":"3 minutos"},"schema":{"@context":"https:\/\/schema.org","@graph":[{"@type":"Article","@id":"https:\/\/seryhumano.com\/web\/?p=7226#article","isPartOf":{"@id":"https:\/\/seryhumano.com\/web\/?p=7226"},"author":{"name":"@herrera_yosmar","@id":"https:\/\/seryhumano.com\/web\/#\/schema\/person\/fd30e8e0b394a62344b44d9b0fe75795"},"headline":"Jorge Bucay se presenta en Caracas este fin de semana","datePublished":"2013-09-13T14:39:42+00:00","dateModified":"2013-09-15T15:52:25+00:00","mainEntityOfPage":{"@id":"https:\/\/seryhumano.com\/web\/?p=7226"},"wordCount":691,"publisher":{"@id":"https:\/\/seryhumano.com\/web\/#organization"},"image":{"@id":"https:\/\/seryhumano.com\/web\/?p=7226#primaryimage"},"thumbnailUrl":"https:\/\/seryhumano.com\/web\/wp-content\/uploads\/2013\/09\/descarga-17.jpg","keywords":["Slider"],"articleSection":["Gente","Noticias"],"inLanguage":"es"},{"@type":"WebPage","@id":"https:\/\/seryhumano.com\/web\/?p=7226","url":"https:\/\/seryhumano.com\/web\/?p=7226","name":"Jorge Bucay se presenta en Caracas este fin de semana &#187; SeryHumano.com","isPartOf":{"@id":"https:\/\/seryhumano.com\/web\/#website"},"primaryImageOfPage":{"@id":"https:\/\/seryhumano.com\/web\/?p=7226#primaryimage"},"image":{"@id":"https:\/\/seryhumano.com\/web\/?p=7226#primaryimage"},"thumbnailUrl":"https:\/\/seryhumano.com\/web\/wp-content\/uploads\/2013\/09\/descarga-17.jpg","datePublished":"2013-09-13T14:39:42+00:00","dateModified":"2013-09-15T15:52:25+00:00","breadcrumb":{"@id":"https:\/\/seryhumano.com\/web\/?p=7226#breadcrumb"},"inLanguage":"es","potentialAction":[{"@type":"ReadAction","target":["https:\/\/seryhumano.com\/web\/?p=7226"]}]},{"@type":"ImageObject","inLanguage":"es","@id":"https:\/\/seryhumano.com\/web\/?p=7226#primaryimage","url":"https:\/\/seryhumano.com\/web\/wp-content\/uploads\/2013\/09\/descarga-17.jpg","contentUrl":"https:\/\/seryhumano.com\/web\/wp-content\/uploads\/2013\/09\/descarga-17.jpg","width":309,"height":163},{"@type":"BreadcrumbList","@id":"https:\/\/seryhumano.com\/web\/?p=7226#breadcrumb","itemListElement":[{"@type":"ListItem","position":1,"name":"Portada","item":"https:\/\/seryhumano.com\/web\/"},{"@type":"ListItem","position":2,"name":"Jorge Bucay se presenta en Caracas este fin de semana"}]},{"@type":"WebSite","@id":"https:\/\/seryhumano.com\/web\/#website","url":"https:\/\/seryhumano.com\/web\/","name":"SeryHumano.com","description":"Revista digital muy humana, donde lo mas importante es el Ser...","publisher":{"@id":"https:\/\/seryhumano.com\/web\/#organization"},"potentialAction":[{"@type":"SearchAction","target":{"@type":"EntryPoint","urlTemplate":"https:\/\/seryhumano.com\/web\/?s={search_term_string}"},"query-input":{"@type":"PropertyValueSpecification","valueRequired":true,"valueName":"search_term_string"}}],"inLanguage":"es"},{"@type":"Organization","@id":"https:\/\/seryhumano.com\/web\/#organization","name":"SeryHumano.com","url":"https:\/\/seryhumano.com\/web\/","logo":{"@type":"ImageObject","inLanguage":"es","@id":"https:\/\/seryhumano.com\/web\/#\/schema\/logo\/image\/","url":"https:\/\/seryhumano.com\/web\/wp-content\/uploads\/2020\/02\/JNe5VRwH_400x400-2.jpg","contentUrl":"https:\/\/seryhumano.com\/web\/wp-content\/uploads\/2020\/02\/JNe5VRwH_400x400-2.jpg","width":400,"height":400,"caption":"SeryHumano.com"},"image":{"@id":"https:\/\/seryhumano.com\/web\/#\/schema\/logo\/image\/"},"sameAs":["https:\/\/www.facebook.com\/seryhumano\/","https:\/\/x.com\/SeryHumano","https:\/\/www.instagram.com\/seryhumano\/","https:\/\/www.linkedin.com\/company\/seryhumano-com\/","https:\/\/www.youtube.com\/channel\/UCYfgIGSxygVnJAW0e9ZBZWg"]},{"@type":"Person","@id":"https:\/\/seryhumano.com\/web\/#\/schema\/person\/fd30e8e0b394a62344b44d9b0fe75795","name":"@herrera_yosmar","description":"Eterna enamorada de la vida, comunicadora, mam\u00e1 de tres","sameAs":["http:\/\/seryhumano.com"],"url":"https:\/\/seryhumano.com\/web\/?author=2"}]}},"_links":{"self":[{"href":"https:\/\/seryhumano.com\/web\/index.php?rest_route=\/wp\/v2\/posts\/7226","targetHints":{"allow":["GET"]}}],"collection":[{"href":"https:\/\/seryhumano.com\/web\/index.php?rest_route=\/wp\/v2\/posts"}],"about":[{"href":"https:\/\/seryhumano.com\/web\/index.php?rest_route=\/wp\/v2\/types\/post"}],"author":[{"embeddable":true,"href":"https:\/\/seryhumano.com\/web\/index.php?rest_route=\/wp\/v2\/users\/2"}],"replies":[{"embeddable":true,"href":"https:\/\/seryhumano.com\/web\/index.php?rest_route=%2Fwp%2Fv2%2Fcomments&post=7226"}],"version-history":[{"count":0,"href":"https:\/\/seryhumano.com\/web\/index.php?rest_route=\/wp\/v2\/posts\/7226\/revisions"}],"wp:featuredmedia":[{"embeddable":true,"href":"https:\/\/seryhumano.com\/web\/index.php?rest_route=\/wp\/v2\/media\/7228"}],"wp:attachment":[{"href":"https:\/\/seryhumano.com\/web\/index.php?rest_route=%2Fwp%2Fv2%2Fmedia&parent=7226"}],"wp:term":[{"taxonomy":"category","embeddable":true,"href":"https:\/\/seryhumano.com\/web\/index.php?rest_route=%2Fwp%2Fv2%2Fcategories&post=7226"},{"taxonomy":"post_tag","embeddable":true,"href":"https:\/\/seryhumano.com\/web\/index.php?rest_route=%2Fwp%2Fv2%2Ftags&post=7226"}],"curies":[{"name":"wp","href":"https:\/\/api.w.org\/{rel}","templated":true}]}}