{"id":7540,"date":"2013-09-23T08:47:40","date_gmt":"2013-09-23T13:17:40","guid":{"rendered":"https:\/\/seryhumano.com\/web\/?p=7540"},"modified":"2019-11-19T18:42:10","modified_gmt":"2019-11-19T23:12:10","slug":"hallan-pista-sobre-la-perdida-de-la-memoria","status":"publish","type":"post","link":"https:\/\/seryhumano.com\/web\/?p=7540","title":{"rendered":"Hallan pista sobre la p\u00e9rdida de la memoria"},"content":{"rendered":"<p>Los cient\u00edficos han hallado una pista convincente en la b\u00fasqueda por comprender qu\u00e9 causa los problemas de memoria relacionados con la edad, para alg\u00fan d\u00eda poder determinar si olvidarse d\u00f3nde uno dej\u00f3 las llaves del auto es s\u00f3lo un incidente propio de la ancianidad o una advertencia temprana de algo peor.<a href=\"https:\/\/seryhumano.com\/web\/hallan-pista-sobre-la-perdida-de-la-memoria\/descarga-76\/\" rel=\"attachment wp-att-7541\"><img loading=\"lazy\" decoding=\"async\" class=\"alignright size-full wp-image-7541\" src=\"https:\/\/seryhumano.com\/web\/wp-content\/uploads\/2013\/09\/descarga-76.jpg\" alt=\"descarga (76)\" width=\"289\" height=\"174\" \/><\/a><\/p>\n<p>El informe divulgado el mi\u00e9rcoles ofrece evidencia de que la p\u00e9rdida de memoria relacionada con la edad realmente es un problema distinto de los s\u00edntomas premonitorios del mal de Alzheimer, y ofrece un indicio de que lo que ahora consideramos el olvido normal de la edad avanzada podr\u00eda llegar a ser tratable.<\/p>\n<p>Investigadores del Centro M\u00e9dico de la Universidad de Columbia examinaron cerebros, j\u00f3venes y viejos, donados por personas que murieron sin mostrar s\u00edntomas de enfermedades neurol\u00f3gicas. Descubrieron que cierto gen en una parte espec\u00edfica del hipocampo, el centro de memoria del cerebro, deja de funcionar adecuadamente en la gente mayor. Produce menos cantidad de una prote\u00edna crucial.<\/p>\n<p>Desde hace tiempo se sospecha que esa secci\u00f3n del cerebro, llamada el giro dentado, es especialmente vulnerable al envejecimiento. Es importante destacar que se encuentra en una secci\u00f3n distinta del \u00e1rea donde comienza a gestarse el Alzheimer.<\/p>\n<p>Sin embargo, de la evidencia puede inferirse que el hecho de tener menor cantidad de esa prote\u00edna, llamada RbAp48, afecta la p\u00e9rdida de la memoria en los adultos mayores. As\u00ed, los investigadores examinaron m\u00e1s de cerca a los ratones, que se vuelven olvidadizos a medida que envejecen en forma muy similar a la gente.<\/p>\n<p>Se vio que al reducir los niveles de esa prote\u00edna, roedores j\u00f3venes sanos se perd\u00edan en laberintos y perd\u00edan eficiencia en otras tareas que requieren el uso de la memoria, de la misma forma que les ocurre a los ratones viejos en forma natural.<\/p>\n<p><a href=\"https:\/\/seryhumano.com\/web\/hallan-pista-sobre-la-perdida-de-la-memoria\/ratones2\/\" rel=\"attachment wp-att-7543\"><img loading=\"lazy\" decoding=\"async\" class=\"alignleft size-medium wp-image-7543\" src=\"https:\/\/seryhumano.com\/web\/wp-content\/uploads\/2013\/09\/ratones2-300x200.jpg\" alt=\"ratones(2)\" width=\"300\" height=\"200\" srcset=\"https:\/\/seryhumano.com\/web\/wp-content\/uploads\/2013\/09\/ratones2-300x200.jpg 300w, https:\/\/seryhumano.com\/web\/wp-content\/uploads\/2013\/09\/ratones2.jpg 720w\" sizes=\"auto, (max-width: 300px) 100vw, 300px\" \/><\/a>Y, m\u00e1s fascinante a\u00fan, la p\u00e9rdida de memoria era reversible: el incremento de los niveles de la prote\u00edna permit\u00eda a los ratones ancianos olvidadizos recuperar una memoria tan aguda como la de los j\u00f3venes, reportaron los investigadores en la revista Science Translational Medicine.<\/p>\n<p>\u00abEs la mejor evidencia hasta ahora\u00bb de que la p\u00e9rdida de la memoria relacionada con la edad no es lo mismo que los primeros s\u00edntomas del Alzheimer, dijo el doctor Eric Kandel, ganador del premio Nobel y quien estuvo al frente del equipo de la Universidad de Columbia.<\/p>\n<p>Como algunas personas llegan hasta los 100 a\u00f1os sin mostrar mucha reducci\u00f3n en sus capacidades cognitivas, el trabajo obliga a plantearse otra pregunta: la p\u00e9rdida de la memoria, \u00ab\u00bfse debe a un envejecimiento normal, o es un deterioro que estamos permitiendo que ocurra?\u00bb, dijo Kandel.<\/p>\n<p>Esta es una investigaci\u00f3n en sus primeras etapas que requerir\u00e1 a\u00f1os de trabajo adicional para confirmarla, advirti\u00f3 la doctora Molly Wagster del Instituto Nacional sobre el Envejecimiento, que no particip\u00f3 en la elaboraci\u00f3n del informe.<\/p>\n<p>Sin embargo, Wagster dijo que los hallazgos se suman a un creciente cuerpo de evidencia que sugiere \u00abque no todos nos encaminamos hacia el mal de Alzheimer\u00bb despu\u00e9s de que superamos cierta edad.<a href=\"https:\/\/seryhumano.com\/web\/hallan-pista-sobre-la-perdida-de-la-memoria\/descarga-77\/\" rel=\"attachment wp-att-7545\"><img loading=\"lazy\" decoding=\"async\" class=\"alignright size-full wp-image-7545\" src=\"https:\/\/seryhumano.com\/web\/wp-content\/uploads\/2013\/09\/descarga-77.jpg\" alt=\"descarga (77)\" width=\"221\" height=\"229\" \/><\/a><\/p>\n<p>Por ejemplo, otros investigadores han encontrado que las conexiones entre las neuronas en otras partes del cerebro se debilitan con el envejecimiento normal, lo cual hace dif\u00edcil recuperar recuerdos, pero no imposible. En contraste, el Alzheimer mata las neuronas.<\/p>\n<p>Una buena noticia es que los cient\u00edficos ya saben que el ejercicio hace que el giro dentado funcione mejor, dijo el doctor Scott Small, neur\u00f3logo de Columbia y uno de los autores de la investigaci\u00f3n. \u00c9l tambi\u00e9n estudia si la nutrici\u00f3n puede representar una diferencia.<\/p>\n<p>seryhumano.com \/ Lauran Neergaard<\/p>\n<p>Tomado de noticias.terra.cl<\/p>\n<p><strong>Si quiere recibir en su celular esta y otras informaciones y art\u00edculos descargue Telegram, ingrese al link <a href=\"https:\/\/t.me\/seryhumano\">htts:\/\/t.ime\/seryhumano<\/a> y dele click a +Unirme<\/strong><\/p>\n","protected":false},"excerpt":{"rendered":"<p>Los cient\u00edficos han hallado una pista convincente en la b\u00fasqueda por comprender qu\u00e9 causa los problemas de memoria relacionados con la edad, para alg\u00fan d\u00eda poder determinar si olvidarse d\u00f3nde uno dej\u00f3 las llaves del auto es s\u00f3lo un incidente propio de la ancianidad o una advertencia temprana de algo peor. El informe divulgado el&hellip;<\/p>\n","protected":false},"author":2,"featured_media":7572,"comment_status":"closed","ping_status":"closed","sticky":false,"template":"","format":"standard","meta":{"footnotes":""},"categories":[120],"tags":[],"class_list":["post-7540","post","type-post","status-publish","format-standard","has-post-thumbnail","hentry","category-ser-saludable","category-120","description-off"],"yoast_head":"<!-- This site is optimized with the Yoast SEO plugin v25.4 - https:\/\/yoast.com\/wordpress\/plugins\/seo\/ -->\n<title>Hallan pista sobre la p\u00e9rdida de la memoria &#187; SeryHumano.com<\/title>\n<meta name=\"robots\" content=\"index, follow, max-snippet:-1, max-image-preview:large, max-video-preview:-1\" \/>\n<link rel=\"canonical\" href=\"https:\/\/seryhumano.com\/web\/?p=7540\" \/>\n<meta property=\"og:locale\" content=\"es_ES\" \/>\n<meta property=\"og:type\" content=\"article\" \/>\n<meta property=\"og:title\" content=\"Hallan pista sobre la p\u00e9rdida de la memoria &#187; SeryHumano.com\" \/>\n<meta property=\"og:description\" content=\"Los cient\u00edficos han hallado una pista convincente en la b\u00fasqueda por comprender qu\u00e9 causa los problemas de memoria relacionados con la edad, para alg\u00fan d\u00eda poder determinar si olvidarse d\u00f3nde uno dej\u00f3 las llaves del auto es s\u00f3lo un incidente propio de la ancianidad o una advertencia temprana de algo peor. El informe divulgado el&hellip;\" \/>\n<meta property=\"og:url\" content=\"https:\/\/seryhumano.com\/web\/?p=7540\" \/>\n<meta property=\"og:site_name\" content=\"SeryHumano.com\" \/>\n<meta property=\"article:publisher\" content=\"https:\/\/www.facebook.com\/seryhumano\/\" \/>\n<meta property=\"article:published_time\" content=\"2013-09-23T13:17:40+00:00\" \/>\n<meta property=\"article:modified_time\" content=\"2019-11-19T23:12:10+00:00\" \/>\n<meta property=\"og:image\" content=\"https:\/\/seryhumano.com\/web\/wp-content\/uploads\/2013\/09\/featureslider_placa.png\" \/>\n\t<meta property=\"og:image:width\" content=\"910\" \/>\n\t<meta property=\"og:image:height\" content=\"227\" \/>\n\t<meta property=\"og:image:type\" content=\"image\/png\" \/>\n<meta name=\"author\" content=\"@herrera_yosmar\" \/>\n<meta name=\"twitter:card\" content=\"summary_large_image\" \/>\n<meta name=\"twitter:creator\" content=\"@SeryHumano\" \/>\n<meta name=\"twitter:site\" content=\"@SeryHumano\" \/>\n<meta name=\"twitter:label1\" content=\"Escrito por\" \/>\n\t<meta name=\"twitter:data1\" content=\"@herrera_yosmar\" \/>\n\t<meta name=\"twitter:label2\" content=\"Tiempo de lectura\" \/>\n\t<meta name=\"twitter:data2\" content=\"3 minutos\" \/>\n<script type=\"application\/ld+json\" class=\"yoast-schema-graph\">{\"@context\":\"https:\/\/schema.org\",\"@graph\":[{\"@type\":\"Article\",\"@id\":\"https:\/\/seryhumano.com\/web\/?p=7540#article\",\"isPartOf\":{\"@id\":\"https:\/\/seryhumano.com\/web\/?p=7540\"},\"author\":{\"name\":\"@herrera_yosmar\",\"@id\":\"https:\/\/seryhumano.com\/web\/#\/schema\/person\/fd30e8e0b394a62344b44d9b0fe75795\"},\"headline\":\"Hallan pista sobre la p\u00e9rdida de la memoria\",\"datePublished\":\"2013-09-23T13:17:40+00:00\",\"dateModified\":\"2019-11-19T23:12:10+00:00\",\"mainEntityOfPage\":{\"@id\":\"https:\/\/seryhumano.com\/web\/?p=7540\"},\"wordCount\":672,\"publisher\":{\"@id\":\"https:\/\/seryhumano.com\/web\/#organization\"},\"image\":{\"@id\":\"https:\/\/seryhumano.com\/web\/?p=7540#primaryimage\"},\"thumbnailUrl\":\"https:\/\/seryhumano.com\/web\/wp-content\/uploads\/2013\/09\/featureslider_placa.png\",\"articleSection\":[\"Ser Saludable\"],\"inLanguage\":\"es\"},{\"@type\":\"WebPage\",\"@id\":\"https:\/\/seryhumano.com\/web\/?p=7540\",\"url\":\"https:\/\/seryhumano.com\/web\/?p=7540\",\"name\":\"Hallan pista sobre la p\u00e9rdida de la memoria &#187; SeryHumano.com\",\"isPartOf\":{\"@id\":\"https:\/\/seryhumano.com\/web\/#website\"},\"primaryImageOfPage\":{\"@id\":\"https:\/\/seryhumano.com\/web\/?p=7540#primaryimage\"},\"image\":{\"@id\":\"https:\/\/seryhumano.com\/web\/?p=7540#primaryimage\"},\"thumbnailUrl\":\"https:\/\/seryhumano.com\/web\/wp-content\/uploads\/2013\/09\/featureslider_placa.png\",\"datePublished\":\"2013-09-23T13:17:40+00:00\",\"dateModified\":\"2019-11-19T23:12:10+00:00\",\"breadcrumb\":{\"@id\":\"https:\/\/seryhumano.com\/web\/?p=7540#breadcrumb\"},\"inLanguage\":\"es\",\"potentialAction\":[{\"@type\":\"ReadAction\",\"target\":[\"https:\/\/seryhumano.com\/web\/?p=7540\"]}]},{\"@type\":\"ImageObject\",\"inLanguage\":\"es\",\"@id\":\"https:\/\/seryhumano.com\/web\/?p=7540#primaryimage\",\"url\":\"https:\/\/seryhumano.com\/web\/wp-content\/uploads\/2013\/09\/featureslider_placa.png\",\"contentUrl\":\"https:\/\/seryhumano.com\/web\/wp-content\/uploads\/2013\/09\/featureslider_placa.png\",\"width\":910,\"height\":227},{\"@type\":\"BreadcrumbList\",\"@id\":\"https:\/\/seryhumano.com\/web\/?p=7540#breadcrumb\",\"itemListElement\":[{\"@type\":\"ListItem\",\"position\":1,\"name\":\"Portada\",\"item\":\"https:\/\/seryhumano.com\/web\/\"},{\"@type\":\"ListItem\",\"position\":2,\"name\":\"Hallan pista sobre la p\u00e9rdida de la memoria\"}]},{\"@type\":\"WebSite\",\"@id\":\"https:\/\/seryhumano.com\/web\/#website\",\"url\":\"https:\/\/seryhumano.com\/web\/\",\"name\":\"SeryHumano.com\",\"description\":\"Revista digital muy humana, donde lo mas importante es el Ser...\",\"publisher\":{\"@id\":\"https:\/\/seryhumano.com\/web\/#organization\"},\"potentialAction\":[{\"@type\":\"SearchAction\",\"target\":{\"@type\":\"EntryPoint\",\"urlTemplate\":\"https:\/\/seryhumano.com\/web\/?s={search_term_string}\"},\"query-input\":{\"@type\":\"PropertyValueSpecification\",\"valueRequired\":true,\"valueName\":\"search_term_string\"}}],\"inLanguage\":\"es\"},{\"@type\":\"Organization\",\"@id\":\"https:\/\/seryhumano.com\/web\/#organization\",\"name\":\"SeryHumano.com\",\"url\":\"https:\/\/seryhumano.com\/web\/\",\"logo\":{\"@type\":\"ImageObject\",\"inLanguage\":\"es\",\"@id\":\"https:\/\/seryhumano.com\/web\/#\/schema\/logo\/image\/\",\"url\":\"https:\/\/seryhumano.com\/web\/wp-content\/uploads\/2020\/02\/JNe5VRwH_400x400-2.jpg\",\"contentUrl\":\"https:\/\/seryhumano.com\/web\/wp-content\/uploads\/2020\/02\/JNe5VRwH_400x400-2.jpg\",\"width\":400,\"height\":400,\"caption\":\"SeryHumano.com\"},\"image\":{\"@id\":\"https:\/\/seryhumano.com\/web\/#\/schema\/logo\/image\/\"},\"sameAs\":[\"https:\/\/www.facebook.com\/seryhumano\/\",\"https:\/\/x.com\/SeryHumano\",\"https:\/\/www.instagram.com\/seryhumano\/\",\"https:\/\/www.linkedin.com\/company\/seryhumano-com\/\",\"https:\/\/www.youtube.com\/channel\/UCYfgIGSxygVnJAW0e9ZBZWg\"]},{\"@type\":\"Person\",\"@id\":\"https:\/\/seryhumano.com\/web\/#\/schema\/person\/fd30e8e0b394a62344b44d9b0fe75795\",\"name\":\"@herrera_yosmar\",\"description\":\"Eterna enamorada de la vida, comunicadora, mam\u00e1 de tres\",\"sameAs\":[\"http:\/\/seryhumano.com\"],\"url\":\"https:\/\/seryhumano.com\/web\/?author=2\"}]}<\/script>\n<!-- \/ Yoast SEO plugin. -->","yoast_head_json":{"title":"Hallan pista sobre la p\u00e9rdida de la memoria &#187; SeryHumano.com","robots":{"index":"index","follow":"follow","max-snippet":"max-snippet:-1","max-image-preview":"max-image-preview:large","max-video-preview":"max-video-preview:-1"},"canonical":"https:\/\/seryhumano.com\/web\/?p=7540","og_locale":"es_ES","og_type":"article","og_title":"Hallan pista sobre la p\u00e9rdida de la memoria &#187; SeryHumano.com","og_description":"Los cient\u00edficos han hallado una pista convincente en la b\u00fasqueda por comprender qu\u00e9 causa los problemas de memoria relacionados con la edad, para alg\u00fan d\u00eda poder determinar si olvidarse d\u00f3nde uno dej\u00f3 las llaves del auto es s\u00f3lo un incidente propio de la ancianidad o una advertencia temprana de algo peor. El informe divulgado el&hellip;","og_url":"https:\/\/seryhumano.com\/web\/?p=7540","og_site_name":"SeryHumano.com","article_publisher":"https:\/\/www.facebook.com\/seryhumano\/","article_published_time":"2013-09-23T13:17:40+00:00","article_modified_time":"2019-11-19T23:12:10+00:00","og_image":[{"width":910,"height":227,"url":"https:\/\/seryhumano.com\/web\/wp-content\/uploads\/2013\/09\/featureslider_placa.png","type":"image\/png"}],"author":"@herrera_yosmar","twitter_card":"summary_large_image","twitter_creator":"@SeryHumano","twitter_site":"@SeryHumano","twitter_misc":{"Escrito por":"@herrera_yosmar","Tiempo de lectura":"3 minutos"},"schema":{"@context":"https:\/\/schema.org","@graph":[{"@type":"Article","@id":"https:\/\/seryhumano.com\/web\/?p=7540#article","isPartOf":{"@id":"https:\/\/seryhumano.com\/web\/?p=7540"},"author":{"name":"@herrera_yosmar","@id":"https:\/\/seryhumano.com\/web\/#\/schema\/person\/fd30e8e0b394a62344b44d9b0fe75795"},"headline":"Hallan pista sobre la p\u00e9rdida de la memoria","datePublished":"2013-09-23T13:17:40+00:00","dateModified":"2019-11-19T23:12:10+00:00","mainEntityOfPage":{"@id":"https:\/\/seryhumano.com\/web\/?p=7540"},"wordCount":672,"publisher":{"@id":"https:\/\/seryhumano.com\/web\/#organization"},"image":{"@id":"https:\/\/seryhumano.com\/web\/?p=7540#primaryimage"},"thumbnailUrl":"https:\/\/seryhumano.com\/web\/wp-content\/uploads\/2013\/09\/featureslider_placa.png","articleSection":["Ser Saludable"],"inLanguage":"es"},{"@type":"WebPage","@id":"https:\/\/seryhumano.com\/web\/?p=7540","url":"https:\/\/seryhumano.com\/web\/?p=7540","name":"Hallan pista sobre la p\u00e9rdida de la memoria &#187; SeryHumano.com","isPartOf":{"@id":"https:\/\/seryhumano.com\/web\/#website"},"primaryImageOfPage":{"@id":"https:\/\/seryhumano.com\/web\/?p=7540#primaryimage"},"image":{"@id":"https:\/\/seryhumano.com\/web\/?p=7540#primaryimage"},"thumbnailUrl":"https:\/\/seryhumano.com\/web\/wp-content\/uploads\/2013\/09\/featureslider_placa.png","datePublished":"2013-09-23T13:17:40+00:00","dateModified":"2019-11-19T23:12:10+00:00","breadcrumb":{"@id":"https:\/\/seryhumano.com\/web\/?p=7540#breadcrumb"},"inLanguage":"es","potentialAction":[{"@type":"ReadAction","target":["https:\/\/seryhumano.com\/web\/?p=7540"]}]},{"@type":"ImageObject","inLanguage":"es","@id":"https:\/\/seryhumano.com\/web\/?p=7540#primaryimage","url":"https:\/\/seryhumano.com\/web\/wp-content\/uploads\/2013\/09\/featureslider_placa.png","contentUrl":"https:\/\/seryhumano.com\/web\/wp-content\/uploads\/2013\/09\/featureslider_placa.png","width":910,"height":227},{"@type":"BreadcrumbList","@id":"https:\/\/seryhumano.com\/web\/?p=7540#breadcrumb","itemListElement":[{"@type":"ListItem","position":1,"name":"Portada","item":"https:\/\/seryhumano.com\/web\/"},{"@type":"ListItem","position":2,"name":"Hallan pista sobre la p\u00e9rdida de la memoria"}]},{"@type":"WebSite","@id":"https:\/\/seryhumano.com\/web\/#website","url":"https:\/\/seryhumano.com\/web\/","name":"SeryHumano.com","description":"Revista digital muy humana, donde lo mas importante es el Ser...","publisher":{"@id":"https:\/\/seryhumano.com\/web\/#organization"},"potentialAction":[{"@type":"SearchAction","target":{"@type":"EntryPoint","urlTemplate":"https:\/\/seryhumano.com\/web\/?s={search_term_string}"},"query-input":{"@type":"PropertyValueSpecification","valueRequired":true,"valueName":"search_term_string"}}],"inLanguage":"es"},{"@type":"Organization","@id":"https:\/\/seryhumano.com\/web\/#organization","name":"SeryHumano.com","url":"https:\/\/seryhumano.com\/web\/","logo":{"@type":"ImageObject","inLanguage":"es","@id":"https:\/\/seryhumano.com\/web\/#\/schema\/logo\/image\/","url":"https:\/\/seryhumano.com\/web\/wp-content\/uploads\/2020\/02\/JNe5VRwH_400x400-2.jpg","contentUrl":"https:\/\/seryhumano.com\/web\/wp-content\/uploads\/2020\/02\/JNe5VRwH_400x400-2.jpg","width":400,"height":400,"caption":"SeryHumano.com"},"image":{"@id":"https:\/\/seryhumano.com\/web\/#\/schema\/logo\/image\/"},"sameAs":["https:\/\/www.facebook.com\/seryhumano\/","https:\/\/x.com\/SeryHumano","https:\/\/www.instagram.com\/seryhumano\/","https:\/\/www.linkedin.com\/company\/seryhumano-com\/","https:\/\/www.youtube.com\/channel\/UCYfgIGSxygVnJAW0e9ZBZWg"]},{"@type":"Person","@id":"https:\/\/seryhumano.com\/web\/#\/schema\/person\/fd30e8e0b394a62344b44d9b0fe75795","name":"@herrera_yosmar","description":"Eterna enamorada de la vida, comunicadora, mam\u00e1 de tres","sameAs":["http:\/\/seryhumano.com"],"url":"https:\/\/seryhumano.com\/web\/?author=2"}]}},"_links":{"self":[{"href":"https:\/\/seryhumano.com\/web\/index.php?rest_route=\/wp\/v2\/posts\/7540","targetHints":{"allow":["GET"]}}],"collection":[{"href":"https:\/\/seryhumano.com\/web\/index.php?rest_route=\/wp\/v2\/posts"}],"about":[{"href":"https:\/\/seryhumano.com\/web\/index.php?rest_route=\/wp\/v2\/types\/post"}],"author":[{"embeddable":true,"href":"https:\/\/seryhumano.com\/web\/index.php?rest_route=\/wp\/v2\/users\/2"}],"replies":[{"embeddable":true,"href":"https:\/\/seryhumano.com\/web\/index.php?rest_route=%2Fwp%2Fv2%2Fcomments&post=7540"}],"version-history":[{"count":0,"href":"https:\/\/seryhumano.com\/web\/index.php?rest_route=\/wp\/v2\/posts\/7540\/revisions"}],"wp:featuredmedia":[{"embeddable":true,"href":"https:\/\/seryhumano.com\/web\/index.php?rest_route=\/wp\/v2\/media\/7572"}],"wp:attachment":[{"href":"https:\/\/seryhumano.com\/web\/index.php?rest_route=%2Fwp%2Fv2%2Fmedia&parent=7540"}],"wp:term":[{"taxonomy":"category","embeddable":true,"href":"https:\/\/seryhumano.com\/web\/index.php?rest_route=%2Fwp%2Fv2%2Fcategories&post=7540"},{"taxonomy":"post_tag","embeddable":true,"href":"https:\/\/seryhumano.com\/web\/index.php?rest_route=%2Fwp%2Fv2%2Ftags&post=7540"}],"curies":[{"name":"wp","href":"https:\/\/api.w.org\/{rel}","templated":true}]}}