{"id":7583,"date":"2013-09-24T21:14:47","date_gmt":"2013-09-25T01:44:47","guid":{"rendered":"https:\/\/seryhumano.com\/web\/?p=7583"},"modified":"2013-09-24T23:54:53","modified_gmt":"2013-09-25T04:24:53","slug":"el-des-concierto-con-leonardo-padron-mariaca-semprun-y-aquiles-baez","status":"publish","type":"post","link":"https:\/\/seryhumano.com\/web\/?p=7583","title":{"rendered":"EL DES-CONCIERTO CON LEONARDO PADRON, MARIACA SEMPRUN Y AQUILES BAEZ"},"content":{"rendered":"<p><a href=\"https:\/\/seryhumano.com\/web\/?attachment_id=7584\" rel=\"attachment wp-att-7584\"><img loading=\"lazy\" decoding=\"async\" class=\"alignleft size-medium wp-image-7584\" alt=\"FOTO1 (1)\" src=\"https:\/\/seryhumano.com\/web\/wp-content\/uploads\/2013\/09\/FOTO1-1-300x300.png\" width=\"300\" height=\"300\" srcset=\"https:\/\/seryhumano.com\/web\/wp-content\/uploads\/2013\/09\/FOTO1-1-300x300.png 300w, https:\/\/seryhumano.com\/web\/wp-content\/uploads\/2013\/09\/FOTO1-1-150x150.png 150w, https:\/\/seryhumano.com\/web\/wp-content\/uploads\/2013\/09\/FOTO1-1-50x50.png 50w, https:\/\/seryhumano.com\/web\/wp-content\/uploads\/2013\/09\/FOTO1-1.png 937w\" sizes=\"auto, (max-width: 300px) 100vw, 300px\" \/><\/a>Los talentos de tres venezolanos de post\u00edn: Mariaca Sempr\u00fan, Leonardo Padr\u00f3n y Aquiles B\u00e1ez, se fusionan en un solo arte para dar forma al show El Des-Concierto, puesta en escena que mezcla sabiamente el canto, la poes\u00eda y la m\u00fasica. Este espect\u00e1culo se llevar\u00e1 a cabo viernes 4 de octubre 8pm y el s\u00e1bado 5 de octubre 7pm en las instalaciones del Teatro de Chacao en Caracas. Ser\u00e1n dos noches m\u00e1gicas en donde la emoci\u00f3n, el humor y la nostalgia se convertir\u00e1n en protagonistas a trav\u00e9s de las interpretaciones de los mejores cl\u00e1sicos de todas las \u00e9pocas, en la c\u00e1lida y potente voz de Mariaca Sempr\u00fan, el virtuosismo de B\u00e1ez en la guitarra, todo esto aderezado con los m\u00e1s sentidos poemas amorosos y urbanos de Leonardo Padr\u00f3n, enmarcado dentro de un interesante mestizaje de g\u00e9neros y texturas sonoras. La traves\u00eda musical pasear\u00e1 al espectador por el jazz, el hip hop, el bolero, la bachata, el pop, la m\u00fasica acad\u00e9mica, al mismo tiempo que el p\u00fablico podr\u00e1 disfrutar de algunas de las m\u00e1s bellas canciones de La Novicia Rebelde y La Lupe (en la voz de su protagonista), dos musicales muy aplaudidos por la audiencia venezolana. Durante el recorrido, Padr\u00f3n compartir\u00e1 con el p\u00fablico sus creaciones literarias, creando una complicidad mediante un juego de emociones incesantes. Leonardo Padr\u00f3n -renombrado poeta- ha sido reconocido por sus cr\u00f3nicas dominicales y sus telenovelas, gan\u00e1ndose el aprecio de los venezolanos, ya que sus producciones han logrado importantes n\u00fameros de rating: \u201cLa Mujer Perfecta\u201d, \u201cCosita Rica\u201d y \u201cEl Pa\u00eds de las Mujeres\u201d.<a href=\"https:\/\/seryhumano.com\/web\/?attachment_id=7585\" rel=\"attachment wp-att-7585\"><img loading=\"lazy\" decoding=\"async\" class=\"alignright size-medium wp-image-7585\" alt=\"1375875169_big\" src=\"https:\/\/seryhumano.com\/web\/wp-content\/uploads\/2013\/09\/1375875169_big-300x172.jpg\" width=\"300\" height=\"172\" srcset=\"https:\/\/seryhumano.com\/web\/wp-content\/uploads\/2013\/09\/1375875169_big-300x172.jpg 300w, https:\/\/seryhumano.com\/web\/wp-content\/uploads\/2013\/09\/1375875169_big.jpg 460w\" sizes=\"auto, (max-width: 300px) 100vw, 300px\" \/><\/a> Mariaca Sempr\u00fan con una dilatada carrera tanto en la actuaci\u00f3n como en el teatro, aprovechar\u00e1 la ocasi\u00f3n para someter a la consideraci\u00f3n del publico caraque\u00f1o los temas de su nueva producci\u00f3n discogr\u00e1fica \u201cBuscando una canci\u00f3n\u201d, que ser\u00e1 lanzada al mercado nacional en octubre bajo el sello Tumbao Music. Cabe destacar que este CD estar\u00e1 a la venta en cada uno de los shows de El Des-Concierto en todo el pa\u00eds. Con 14 discos en su haber y la experiencia de haber compartido en escena con grandes figuras de talla internacional como Sim\u00f3n D\u00edaz, Paquito De Rivera, Ilan Chester y Alfredo Naranjo, entre otros, Aquiles B\u00e1ez se erige en la actualidad como uno de los guitarristas, compositores y productores de mayor val\u00eda. Tocar\u00e1 piezas de su m\u00e1s reciente trabajo musical titulado \u201cA mis hermanos\u201d. <a href=\"https:\/\/seryhumano.com\/web\/?attachment_id=7588\" rel=\"attachment wp-att-7588\"><img loading=\"lazy\" decoding=\"async\" class=\"alignleft size-medium wp-image-7588\" alt=\"11\" src=\"https:\/\/seryhumano.com\/web\/wp-content\/uploads\/2013\/09\/11-300x169.jpg\" width=\"300\" height=\"169\" srcset=\"https:\/\/seryhumano.com\/web\/wp-content\/uploads\/2013\/09\/11-300x169.jpg 300w, https:\/\/seryhumano.com\/web\/wp-content\/uploads\/2013\/09\/11-265x150.jpg 265w, https:\/\/seryhumano.com\/web\/wp-content\/uploads\/2013\/09\/11.jpg 635w\" sizes=\"auto, (max-width: 300px) 100vw, 300px\" \/><\/a>El Des-Concierto ha tenido exitosas presentaciones en Caracas, Puerto La Cruz, Acarigua, y despu\u00e9s de cumplir con los compromisos en nuestra ciudad capital, en el mes de octubre ir\u00e1 a Barquisimeto, Puerto Ordaz y Maracay. El pr\u00f3ximo 27 de septiembre El Des-Concierto abrir\u00e1 el tel\u00f3n en el hotel Ucaima de Valencia. Las entradas para el espect\u00e1culo ya est\u00e1n a la venta en las taquillas del Teatro Chacao y a trav\u00e9s de la p\u00e1gina web www.ticketmundo.com. Tambi\u00e9n puedes escribir a @mariacasemprun @leonardopadron @aquiles_baez<\/p>\n<p>[youtube]http:\/\/www.youtube.com\/watch?v=ZCsRh53CrXE[\/youtube]<\/p>\n<p>seryhuamno.com Nota de Prensa<\/p>\n","protected":false},"excerpt":{"rendered":"<p>Los talentos de tres venezolanos de post\u00edn: Mariaca Sempr\u00fan, Leonardo Padr\u00f3n y Aquiles B\u00e1ez, se fusionan en un solo arte para dar forma al show El Des-Concierto, puesta en escena que mezcla sabiamente el canto, la poes\u00eda y la m\u00fasica. Este espect\u00e1culo se llevar\u00e1 a cabo viernes 4 de octubre 8pm y el s\u00e1bado 5&hellip;<\/p>\n","protected":false},"author":2,"featured_media":7613,"comment_status":"closed","ping_status":"closed","sticky":false,"template":"","format":"standard","meta":{"footnotes":""},"categories":[110,114],"tags":[111],"class_list":["post-7583","post","type-post","status-publish","format-standard","has-post-thumbnail","hentry","category-noticias","category-sonidos","tag-slider","category-110","category-114","description-off"],"yoast_head":"<!-- This site is optimized with the Yoast SEO plugin v25.4 - https:\/\/yoast.com\/wordpress\/plugins\/seo\/ -->\n<title>EL DES-CONCIERTO CON LEONARDO PADRON, MARIACA SEMPRUN Y AQUILES BAEZ &#187; SeryHumano.com<\/title>\n<meta name=\"robots\" content=\"index, follow, max-snippet:-1, max-image-preview:large, max-video-preview:-1\" \/>\n<link rel=\"canonical\" href=\"https:\/\/seryhumano.com\/web\/?p=7583\" \/>\n<meta property=\"og:locale\" content=\"es_ES\" \/>\n<meta property=\"og:type\" content=\"article\" \/>\n<meta property=\"og:title\" content=\"EL DES-CONCIERTO CON LEONARDO PADRON, MARIACA SEMPRUN Y AQUILES BAEZ &#187; SeryHumano.com\" \/>\n<meta property=\"og:description\" content=\"Los talentos de tres venezolanos de post\u00edn: Mariaca Sempr\u00fan, Leonardo Padr\u00f3n y Aquiles B\u00e1ez, se fusionan en un solo arte para dar forma al show El Des-Concierto, puesta en escena que mezcla sabiamente el canto, la poes\u00eda y la m\u00fasica. Este espect\u00e1culo se llevar\u00e1 a cabo viernes 4 de octubre 8pm y el s\u00e1bado 5&hellip;\" \/>\n<meta property=\"og:url\" content=\"https:\/\/seryhumano.com\/web\/?p=7583\" \/>\n<meta property=\"og:site_name\" content=\"SeryHumano.com\" \/>\n<meta property=\"article:publisher\" content=\"https:\/\/www.facebook.com\/seryhumano\/\" \/>\n<meta property=\"article:published_time\" content=\"2013-09-25T01:44:47+00:00\" \/>\n<meta property=\"article:modified_time\" content=\"2013-09-25T04:24:53+00:00\" \/>\n<meta property=\"og:image\" content=\"https:\/\/seryhumano.com\/web\/wp-content\/uploads\/2013\/09\/featureslider_padron.jpg\" \/>\n\t<meta property=\"og:image:width\" content=\"910\" \/>\n\t<meta property=\"og:image:height\" content=\"227\" \/>\n\t<meta property=\"og:image:type\" content=\"image\/jpeg\" \/>\n<meta name=\"author\" content=\"@herrera_yosmar\" \/>\n<meta name=\"twitter:card\" content=\"summary_large_image\" \/>\n<meta name=\"twitter:creator\" content=\"@SeryHumano\" \/>\n<meta name=\"twitter:site\" content=\"@SeryHumano\" \/>\n<meta name=\"twitter:label1\" content=\"Escrito por\" \/>\n\t<meta name=\"twitter:data1\" content=\"@herrera_yosmar\" \/>\n\t<meta name=\"twitter:label2\" content=\"Tiempo de lectura\" \/>\n\t<meta name=\"twitter:data2\" content=\"3 minutos\" \/>\n<script type=\"application\/ld+json\" class=\"yoast-schema-graph\">{\"@context\":\"https:\/\/schema.org\",\"@graph\":[{\"@type\":\"Article\",\"@id\":\"https:\/\/seryhumano.com\/web\/?p=7583#article\",\"isPartOf\":{\"@id\":\"https:\/\/seryhumano.com\/web\/?p=7583\"},\"author\":{\"name\":\"@herrera_yosmar\",\"@id\":\"https:\/\/seryhumano.com\/web\/#\/schema\/person\/fd30e8e0b394a62344b44d9b0fe75795\"},\"headline\":\"EL DES-CONCIERTO CON LEONARDO PADRON, MARIACA SEMPRUN Y AQUILES BAEZ\",\"datePublished\":\"2013-09-25T01:44:47+00:00\",\"dateModified\":\"2013-09-25T04:24:53+00:00\",\"mainEntityOfPage\":{\"@id\":\"https:\/\/seryhumano.com\/web\/?p=7583\"},\"wordCount\":549,\"publisher\":{\"@id\":\"https:\/\/seryhumano.com\/web\/#organization\"},\"image\":{\"@id\":\"https:\/\/seryhumano.com\/web\/?p=7583#primaryimage\"},\"thumbnailUrl\":\"https:\/\/seryhumano.com\/web\/wp-content\/uploads\/2013\/09\/featureslider_padron.jpg\",\"keywords\":[\"Slider\"],\"articleSection\":[\"Noticias\",\"Sonidos del Ser\"],\"inLanguage\":\"es\"},{\"@type\":\"WebPage\",\"@id\":\"https:\/\/seryhumano.com\/web\/?p=7583\",\"url\":\"https:\/\/seryhumano.com\/web\/?p=7583\",\"name\":\"EL DES-CONCIERTO CON LEONARDO PADRON, MARIACA SEMPRUN Y AQUILES BAEZ &#187; SeryHumano.com\",\"isPartOf\":{\"@id\":\"https:\/\/seryhumano.com\/web\/#website\"},\"primaryImageOfPage\":{\"@id\":\"https:\/\/seryhumano.com\/web\/?p=7583#primaryimage\"},\"image\":{\"@id\":\"https:\/\/seryhumano.com\/web\/?p=7583#primaryimage\"},\"thumbnailUrl\":\"https:\/\/seryhumano.com\/web\/wp-content\/uploads\/2013\/09\/featureslider_padron.jpg\",\"datePublished\":\"2013-09-25T01:44:47+00:00\",\"dateModified\":\"2013-09-25T04:24:53+00:00\",\"breadcrumb\":{\"@id\":\"https:\/\/seryhumano.com\/web\/?p=7583#breadcrumb\"},\"inLanguage\":\"es\",\"potentialAction\":[{\"@type\":\"ReadAction\",\"target\":[\"https:\/\/seryhumano.com\/web\/?p=7583\"]}]},{\"@type\":\"ImageObject\",\"inLanguage\":\"es\",\"@id\":\"https:\/\/seryhumano.com\/web\/?p=7583#primaryimage\",\"url\":\"https:\/\/seryhumano.com\/web\/wp-content\/uploads\/2013\/09\/featureslider_padron.jpg\",\"contentUrl\":\"https:\/\/seryhumano.com\/web\/wp-content\/uploads\/2013\/09\/featureslider_padron.jpg\",\"width\":910,\"height\":227},{\"@type\":\"BreadcrumbList\",\"@id\":\"https:\/\/seryhumano.com\/web\/?p=7583#breadcrumb\",\"itemListElement\":[{\"@type\":\"ListItem\",\"position\":1,\"name\":\"Portada\",\"item\":\"https:\/\/seryhumano.com\/web\/\"},{\"@type\":\"ListItem\",\"position\":2,\"name\":\"EL DES-CONCIERTO CON LEONARDO PADRON, MARIACA SEMPRUN Y AQUILES BAEZ\"}]},{\"@type\":\"WebSite\",\"@id\":\"https:\/\/seryhumano.com\/web\/#website\",\"url\":\"https:\/\/seryhumano.com\/web\/\",\"name\":\"SeryHumano.com\",\"description\":\"Revista digital muy humana, donde lo mas importante es el Ser...\",\"publisher\":{\"@id\":\"https:\/\/seryhumano.com\/web\/#organization\"},\"potentialAction\":[{\"@type\":\"SearchAction\",\"target\":{\"@type\":\"EntryPoint\",\"urlTemplate\":\"https:\/\/seryhumano.com\/web\/?s={search_term_string}\"},\"query-input\":{\"@type\":\"PropertyValueSpecification\",\"valueRequired\":true,\"valueName\":\"search_term_string\"}}],\"inLanguage\":\"es\"},{\"@type\":\"Organization\",\"@id\":\"https:\/\/seryhumano.com\/web\/#organization\",\"name\":\"SeryHumano.com\",\"url\":\"https:\/\/seryhumano.com\/web\/\",\"logo\":{\"@type\":\"ImageObject\",\"inLanguage\":\"es\",\"@id\":\"https:\/\/seryhumano.com\/web\/#\/schema\/logo\/image\/\",\"url\":\"https:\/\/seryhumano.com\/web\/wp-content\/uploads\/2020\/02\/JNe5VRwH_400x400-2.jpg\",\"contentUrl\":\"https:\/\/seryhumano.com\/web\/wp-content\/uploads\/2020\/02\/JNe5VRwH_400x400-2.jpg\",\"width\":400,\"height\":400,\"caption\":\"SeryHumano.com\"},\"image\":{\"@id\":\"https:\/\/seryhumano.com\/web\/#\/schema\/logo\/image\/\"},\"sameAs\":[\"https:\/\/www.facebook.com\/seryhumano\/\",\"https:\/\/x.com\/SeryHumano\",\"https:\/\/www.instagram.com\/seryhumano\/\",\"https:\/\/www.linkedin.com\/company\/seryhumano-com\/\",\"https:\/\/www.youtube.com\/channel\/UCYfgIGSxygVnJAW0e9ZBZWg\"]},{\"@type\":\"Person\",\"@id\":\"https:\/\/seryhumano.com\/web\/#\/schema\/person\/fd30e8e0b394a62344b44d9b0fe75795\",\"name\":\"@herrera_yosmar\",\"description\":\"Eterna enamorada de la vida, comunicadora, mam\u00e1 de tres\",\"sameAs\":[\"http:\/\/seryhumano.com\"],\"url\":\"https:\/\/seryhumano.com\/web\/?author=2\"}]}<\/script>\n<!-- \/ Yoast SEO plugin. -->","yoast_head_json":{"title":"EL DES-CONCIERTO CON LEONARDO PADRON, MARIACA SEMPRUN Y AQUILES BAEZ &#187; SeryHumano.com","robots":{"index":"index","follow":"follow","max-snippet":"max-snippet:-1","max-image-preview":"max-image-preview:large","max-video-preview":"max-video-preview:-1"},"canonical":"https:\/\/seryhumano.com\/web\/?p=7583","og_locale":"es_ES","og_type":"article","og_title":"EL DES-CONCIERTO CON LEONARDO PADRON, MARIACA SEMPRUN Y AQUILES BAEZ &#187; SeryHumano.com","og_description":"Los talentos de tres venezolanos de post\u00edn: Mariaca Sempr\u00fan, Leonardo Padr\u00f3n y Aquiles B\u00e1ez, se fusionan en un solo arte para dar forma al show El Des-Concierto, puesta en escena que mezcla sabiamente el canto, la poes\u00eda y la m\u00fasica. Este espect\u00e1culo se llevar\u00e1 a cabo viernes 4 de octubre 8pm y el s\u00e1bado 5&hellip;","og_url":"https:\/\/seryhumano.com\/web\/?p=7583","og_site_name":"SeryHumano.com","article_publisher":"https:\/\/www.facebook.com\/seryhumano\/","article_published_time":"2013-09-25T01:44:47+00:00","article_modified_time":"2013-09-25T04:24:53+00:00","og_image":[{"width":910,"height":227,"url":"https:\/\/seryhumano.com\/web\/wp-content\/uploads\/2013\/09\/featureslider_padron.jpg","type":"image\/jpeg"}],"author":"@herrera_yosmar","twitter_card":"summary_large_image","twitter_creator":"@SeryHumano","twitter_site":"@SeryHumano","twitter_misc":{"Escrito por":"@herrera_yosmar","Tiempo de lectura":"3 minutos"},"schema":{"@context":"https:\/\/schema.org","@graph":[{"@type":"Article","@id":"https:\/\/seryhumano.com\/web\/?p=7583#article","isPartOf":{"@id":"https:\/\/seryhumano.com\/web\/?p=7583"},"author":{"name":"@herrera_yosmar","@id":"https:\/\/seryhumano.com\/web\/#\/schema\/person\/fd30e8e0b394a62344b44d9b0fe75795"},"headline":"EL DES-CONCIERTO CON LEONARDO PADRON, MARIACA SEMPRUN Y AQUILES BAEZ","datePublished":"2013-09-25T01:44:47+00:00","dateModified":"2013-09-25T04:24:53+00:00","mainEntityOfPage":{"@id":"https:\/\/seryhumano.com\/web\/?p=7583"},"wordCount":549,"publisher":{"@id":"https:\/\/seryhumano.com\/web\/#organization"},"image":{"@id":"https:\/\/seryhumano.com\/web\/?p=7583#primaryimage"},"thumbnailUrl":"https:\/\/seryhumano.com\/web\/wp-content\/uploads\/2013\/09\/featureslider_padron.jpg","keywords":["Slider"],"articleSection":["Noticias","Sonidos del Ser"],"inLanguage":"es"},{"@type":"WebPage","@id":"https:\/\/seryhumano.com\/web\/?p=7583","url":"https:\/\/seryhumano.com\/web\/?p=7583","name":"EL DES-CONCIERTO CON LEONARDO PADRON, MARIACA SEMPRUN Y AQUILES BAEZ &#187; SeryHumano.com","isPartOf":{"@id":"https:\/\/seryhumano.com\/web\/#website"},"primaryImageOfPage":{"@id":"https:\/\/seryhumano.com\/web\/?p=7583#primaryimage"},"image":{"@id":"https:\/\/seryhumano.com\/web\/?p=7583#primaryimage"},"thumbnailUrl":"https:\/\/seryhumano.com\/web\/wp-content\/uploads\/2013\/09\/featureslider_padron.jpg","datePublished":"2013-09-25T01:44:47+00:00","dateModified":"2013-09-25T04:24:53+00:00","breadcrumb":{"@id":"https:\/\/seryhumano.com\/web\/?p=7583#breadcrumb"},"inLanguage":"es","potentialAction":[{"@type":"ReadAction","target":["https:\/\/seryhumano.com\/web\/?p=7583"]}]},{"@type":"ImageObject","inLanguage":"es","@id":"https:\/\/seryhumano.com\/web\/?p=7583#primaryimage","url":"https:\/\/seryhumano.com\/web\/wp-content\/uploads\/2013\/09\/featureslider_padron.jpg","contentUrl":"https:\/\/seryhumano.com\/web\/wp-content\/uploads\/2013\/09\/featureslider_padron.jpg","width":910,"height":227},{"@type":"BreadcrumbList","@id":"https:\/\/seryhumano.com\/web\/?p=7583#breadcrumb","itemListElement":[{"@type":"ListItem","position":1,"name":"Portada","item":"https:\/\/seryhumano.com\/web\/"},{"@type":"ListItem","position":2,"name":"EL DES-CONCIERTO CON LEONARDO PADRON, MARIACA SEMPRUN Y AQUILES BAEZ"}]},{"@type":"WebSite","@id":"https:\/\/seryhumano.com\/web\/#website","url":"https:\/\/seryhumano.com\/web\/","name":"SeryHumano.com","description":"Revista digital muy humana, donde lo mas importante es el Ser...","publisher":{"@id":"https:\/\/seryhumano.com\/web\/#organization"},"potentialAction":[{"@type":"SearchAction","target":{"@type":"EntryPoint","urlTemplate":"https:\/\/seryhumano.com\/web\/?s={search_term_string}"},"query-input":{"@type":"PropertyValueSpecification","valueRequired":true,"valueName":"search_term_string"}}],"inLanguage":"es"},{"@type":"Organization","@id":"https:\/\/seryhumano.com\/web\/#organization","name":"SeryHumano.com","url":"https:\/\/seryhumano.com\/web\/","logo":{"@type":"ImageObject","inLanguage":"es","@id":"https:\/\/seryhumano.com\/web\/#\/schema\/logo\/image\/","url":"https:\/\/seryhumano.com\/web\/wp-content\/uploads\/2020\/02\/JNe5VRwH_400x400-2.jpg","contentUrl":"https:\/\/seryhumano.com\/web\/wp-content\/uploads\/2020\/02\/JNe5VRwH_400x400-2.jpg","width":400,"height":400,"caption":"SeryHumano.com"},"image":{"@id":"https:\/\/seryhumano.com\/web\/#\/schema\/logo\/image\/"},"sameAs":["https:\/\/www.facebook.com\/seryhumano\/","https:\/\/x.com\/SeryHumano","https:\/\/www.instagram.com\/seryhumano\/","https:\/\/www.linkedin.com\/company\/seryhumano-com\/","https:\/\/www.youtube.com\/channel\/UCYfgIGSxygVnJAW0e9ZBZWg"]},{"@type":"Person","@id":"https:\/\/seryhumano.com\/web\/#\/schema\/person\/fd30e8e0b394a62344b44d9b0fe75795","name":"@herrera_yosmar","description":"Eterna enamorada de la vida, comunicadora, mam\u00e1 de tres","sameAs":["http:\/\/seryhumano.com"],"url":"https:\/\/seryhumano.com\/web\/?author=2"}]}},"_links":{"self":[{"href":"https:\/\/seryhumano.com\/web\/index.php?rest_route=\/wp\/v2\/posts\/7583","targetHints":{"allow":["GET"]}}],"collection":[{"href":"https:\/\/seryhumano.com\/web\/index.php?rest_route=\/wp\/v2\/posts"}],"about":[{"href":"https:\/\/seryhumano.com\/web\/index.php?rest_route=\/wp\/v2\/types\/post"}],"author":[{"embeddable":true,"href":"https:\/\/seryhumano.com\/web\/index.php?rest_route=\/wp\/v2\/users\/2"}],"replies":[{"embeddable":true,"href":"https:\/\/seryhumano.com\/web\/index.php?rest_route=%2Fwp%2Fv2%2Fcomments&post=7583"}],"version-history":[{"count":0,"href":"https:\/\/seryhumano.com\/web\/index.php?rest_route=\/wp\/v2\/posts\/7583\/revisions"}],"wp:featuredmedia":[{"embeddable":true,"href":"https:\/\/seryhumano.com\/web\/index.php?rest_route=\/wp\/v2\/media\/7613"}],"wp:attachment":[{"href":"https:\/\/seryhumano.com\/web\/index.php?rest_route=%2Fwp%2Fv2%2Fmedia&parent=7583"}],"wp:term":[{"taxonomy":"category","embeddable":true,"href":"https:\/\/seryhumano.com\/web\/index.php?rest_route=%2Fwp%2Fv2%2Fcategories&post=7583"},{"taxonomy":"post_tag","embeddable":true,"href":"https:\/\/seryhumano.com\/web\/index.php?rest_route=%2Fwp%2Fv2%2Ftags&post=7583"}],"curies":[{"name":"wp","href":"https:\/\/api.w.org\/{rel}","templated":true}]}}