{"id":7598,"date":"2013-09-24T22:23:31","date_gmt":"2013-09-25T02:53:31","guid":{"rendered":"https:\/\/seryhumano.com\/web\/?p=7598"},"modified":"2013-09-24T23:57:31","modified_gmt":"2013-09-25T04:27:31","slug":"ultramaratonista-venezolano-correra-254-km","status":"publish","type":"post","link":"https:\/\/seryhumano.com\/web\/?p=7598","title":{"rendered":"ULTRAMARATONISTA VENEZOLANO CORRER\u00c1 254 KM"},"content":{"rendered":"<p><a href=\"https:\/\/seryhumano.com\/web\/?attachment_id=7599\" rel=\"attachment wp-att-7599\"><img loading=\"lazy\" decoding=\"async\" class=\"alignright size-medium wp-image-7599\" alt=\"Pedro Vera_ultramaratonista en el Cruce de Columbia\" src=\"https:\/\/seryhumano.com\/web\/wp-content\/uploads\/2013\/09\/Pedro-Vera_ultramaratonista-en-el-Cruce-de-Columbia-300x199.jpg\" width=\"300\" height=\"199\" srcset=\"https:\/\/seryhumano.com\/web\/wp-content\/uploads\/2013\/09\/Pedro-Vera_ultramaratonista-en-el-Cruce-de-Columbia-300x199.jpg 300w, https:\/\/seryhumano.com\/web\/wp-content\/uploads\/2013\/09\/Pedro-Vera_ultramaratonista-en-el-Cruce-de-Columbia.jpg 720w\" sizes=\"auto, (max-width: 300px) 100vw, 300px\" \/><\/a>Desde que naci\u00f3, su vida fue sellada con la palabra \u201creto\u201d, cuando su madre recibi\u00f3 un diagn\u00f3stico m\u00e9dico en el que se indicaba que su hijo padec\u00eda una enfermedad card\u00edaca, el \u201cS\u00edndrome de Wolf Parkinson White\u201d, por lo cual el pron\u00f3stico no era alentador y le informaron que no llegar\u00eda hasta los 18 a\u00f1os. Sin embargo, a los 14 a\u00f1os, en Maracay, Pedro Vera comenz\u00f3 a practicar aerobics a nivel competitivo, deporte que le dio la base y la resistencia necesaria para fortalecer el coraz\u00f3n y soportar taquicardias de hasta 270 pulsaciones por minutos. De all\u00ed en adelante, su vida estar\u00eda marcada por la superaci\u00f3n deportiva: hace 5 a\u00f1os hizo el camino de Santiago de Compostela, ha participado en varios ultramaratones y ahora va por su mayor reto, 254 km, la distancia mayor en \u201cThe Jungle Marathon\u201d.<\/p>\n<p>La descripci\u00f3n de esta competencia internacional -con tres distancias: marat\u00f3n de 42 km y ultramaratones de 122 km y 254 km- indica que buena parte del recorrido es dentro de la selva, con temperaturas alrededor de 40 <sup>\u00ba<\/sup>C y 90% de humedad, en un terreno duro y dif\u00edcil, de lento avance, cruzando en ocasiones cauces de r\u00edos a veces cortos, de apenas metros y otros de m\u00e1s de 100 metros de ancho. Existe el riesgo, aunque controlado, de que los corredores se encuentren con pira\u00f1as, cocodrilos, jaguares, ara\u00f1as, culebras y otros animales venenosos. \u201cPor encima de todo es una aventura, y s\u00f3lo despu\u00e9s, una carrera\u201d, dicen los organizadores.<\/p>\n<p><a href=\"https:\/\/seryhumano.com\/web\/?attachment_id=7600\" rel=\"attachment wp-att-7600\"><img loading=\"lazy\" decoding=\"async\" class=\"alignleft size-medium wp-image-7600\" alt=\"DCIM100GOPRO\" src=\"https:\/\/seryhumano.com\/web\/wp-content\/uploads\/2013\/09\/Pedro-Vera_ultramaratonista-en-entrenamiento_2-300x225.jpg\" width=\"300\" height=\"225\" srcset=\"https:\/\/seryhumano.com\/web\/wp-content\/uploads\/2013\/09\/Pedro-Vera_ultramaratonista-en-entrenamiento_2-300x225.jpg 300w, https:\/\/seryhumano.com\/web\/wp-content\/uploads\/2013\/09\/Pedro-Vera_ultramaratonista-en-entrenamiento_2.jpg 768w\" sizes=\"auto, (max-width: 300px) 100vw, 300px\" \/><\/a>Catalogada por CNN como la carrera m\u00e1s dura del mundo,<b> <\/b>las caracter\u00edsticas del desaf\u00edo fueron las que motivaron en Vera las ganas de vivir la distancia mayor del ultramarat\u00f3n, por ser original, diferente y muy retador. Participar\u00e1n corredores de Australia, Austria, Argentina, Brasil, China, Chile, France, Alemania, Pa\u00edses Bajos, Polonia, Rusia, Serbia, Jap\u00f3n, Estados Unidos, Reino Unido y por Venezuela, s\u00f3lo \u00e9l, por lo cual el incentivo es triple, tal y como lo transmite en sus palabras: \u201cCorrer\u00e9 por un reto personal, por mi pa\u00eds y Victoria Teresa, mi hija que estar\u00e1 cumpliendo tres a\u00f1os, el 6 de octubre, justo el d\u00eda que comienza la carrera\u201d.<b><\/b><\/p>\n<p><b>Estrategia y constancia<\/b><\/p>\n<p>Hace varios a\u00f1os, trabajando en la Guardia Real Espa\u00f1ola, un m\u00e9dico especialista le dijo que podr\u00eda operarle el coraz\u00f3n, siguiendo sus consejos acept\u00f3 y se hicieron dos intervenciones quir\u00fargicas. Despu\u00e9s de la primera operaci\u00f3n, Vera tom\u00f3 su mochila y se fue a hacer el camino de Santiago de Compostela, pero cuando ten\u00eda aproximadamente 300 km le dio una taquicardia muy fuerte y tuvo que quedarse dos d\u00edas de reposo en un albergue.<a href=\"https:\/\/seryhumano.com\/web\/?attachment_id=7602\" rel=\"attachment wp-att-7602\"><img loading=\"lazy\" decoding=\"async\" class=\"alignright size-medium wp-image-7602\" alt=\"Pedro Vera_ultramaratonista venezolano 2\" src=\"https:\/\/seryhumano.com\/web\/wp-content\/uploads\/2013\/09\/Pedro-Vera_ultramaratonista-venezolano-2-200x300.jpg\" width=\"200\" height=\"300\" srcset=\"https:\/\/seryhumano.com\/web\/wp-content\/uploads\/2013\/09\/Pedro-Vera_ultramaratonista-venezolano-2-200x300.jpg 200w, https:\/\/seryhumano.com\/web\/wp-content\/uploads\/2013\/09\/Pedro-Vera_ultramaratonista-venezolano-2.jpg 467w\" sizes=\"auto, (max-width: 200px) 100vw, 200px\" \/><\/a><\/p>\n<p>Pasado un tiempo le practican la segunda operaci\u00f3n del coraz\u00f3n y posteriormente decide volver a intentar el camino de Santiago, hasta que logr\u00f3 el recorrido de 820 km, en 17 d\u00edas. \u201cFue cuando me di cuenta que el cuerpo humano no tiene l\u00edmites y es a partir de ese momento que me planteo realizar carreras de larga distancias, superiores a los 42 km (las m\u00e1s conocidas comprenden distancias de 50 km, 80 km, 100 km y 160 km) conocidas como ultramaratones. Siempre con una base de preparaci\u00f3n f\u00edsica, porque esto no es que un d\u00eda lo decido y al otro d\u00eda lo hago. Actualmente, estoy bajo la tutela de RXejercicio, a trav\u00e9s de Gerardo Cellis, quien es mi entrenador; y de Nutrisport, con Gabriel Le\u00f3n, nutricionista deportivo\u201d.<\/p>\n<p>En 2012, Vera, quien es atleta Helly Hansen y del PF Team Trail Runner, particip\u00f3 en el Cruce de Columbia 105 km, en equipo, junto al tambi\u00e9n ultramaratonista Leonardo Celis, quedando 19 en la categor\u00eda, 42 en la general. \u201cSab\u00edamos que \u00e9ramos el \u00fanico equipo con dos venezolanos y si hab\u00eda partes en las que nos cans\u00e1ramos yo le dec\u00eda a mi compa\u00f1ero: \u00a1Vamos que somos Venezuela!\u201d, agrega. Este a\u00f1o repitieron la experiencia, el Cruce de Columbia 2013, 102 km, esta vez desde el volc\u00e1n de Villarica, en Chile, hasta el volc\u00e1n Lanin, en Argentina, con el resultado: 19 en la categor\u00eda, 30 en la general.<\/p>\n<p>Ya \u00a0ha sumado varios ultramaratones internacionales y m\u00faltiples competencias nacionales. Ahora el reto en \u201cThe Jungle Marathon\u201d es muy diferente al ser una carrera de autosuficiencia total, en la que deber\u00e1 correr con todo lo necesario y saber administrar muy bien sus fuerzas. \u201cEl principal desaf\u00edo es ser lo suficientemente inteligente para calcular un peso ideal con toda la comida necesaria y que est\u00e9 bien proporcionada en el bolso. El tiempo ser\u00e1 un gran reto para superar, porque hasta ahora no hab\u00eda realizado una carrera de esta envergadura y con tantos d\u00edas de duraci\u00f3n. Ah\u00ed es m\u00e1s que todo aplicar la estrategia, como un juego de ajedrez. El cuarto y quinto d\u00eda parece que ser\u00e1n\u00a0los m\u00e1s duros, porque tendremos que recorrer 108 km sin parar; siempre la parte mental ser\u00e1 fundamental para poder mantenerme durante los siete d\u00edas de competencia\u201d, destaca el ultramaratonista.<\/p>\n<p><a href=\"https:\/\/seryhumano.com\/web\/?attachment_id=7604\" rel=\"attachment wp-att-7604\"><img loading=\"lazy\" decoding=\"async\" class=\"alignleft size-medium wp-image-7604\" alt=\"Pedro Vera_ultramaratonista venezolano_4\" src=\"https:\/\/seryhumano.com\/web\/wp-content\/uploads\/2013\/09\/Pedro-Vera_ultramaratonista-venezolano_4-199x300.jpg\" width=\"199\" height=\"300\" srcset=\"https:\/\/seryhumano.com\/web\/wp-content\/uploads\/2013\/09\/Pedro-Vera_ultramaratonista-venezolano_4-199x300.jpg 199w, https:\/\/seryhumano.com\/web\/wp-content\/uploads\/2013\/09\/Pedro-Vera_ultramaratonista-venezolano_4-680x1024.jpg 680w, https:\/\/seryhumano.com\/web\/wp-content\/uploads\/2013\/09\/Pedro-Vera_ultramaratonista-venezolano_4.jpg 2000w\" sizes=\"auto, (max-width: 199px) 100vw, 199px\" \/><\/a>Cada d\u00eda en \u201cThe Jungle Marathon\u201d ser\u00e1 una peque\u00f1a carrera y la Organizaci\u00f3n ir\u00e1 publicando quienes son los ganadores de cada etapa. Por la dificultad de las conexiones inal\u00e1mbricas se intentar\u00e1 publicar una cr\u00f3nica, clasificaciones y fotos por telefon\u00eda v\u00eda sat\u00e9lite, informaci\u00f3n que estar\u00e1 disponible en los siguientes enlaces: <a href=\"http:\/\/junglemarathon.com\/\">http:\/\/junglemarathon.com\/<\/a> y <a href=\"http:\/\/www.facebook.com\/junglemarathon\" target=\"_blank\">www.facebook.com\/junglemarathon<\/a><\/p>\n<p>seryhumano.com<\/p>\n","protected":false},"excerpt":{"rendered":"<p>Desde que naci\u00f3, su vida fue sellada con la palabra \u201creto\u201d, cuando su madre recibi\u00f3 un diagn\u00f3stico m\u00e9dico en el que se indicaba que su hijo padec\u00eda una enfermedad card\u00edaca, el \u201cS\u00edndrome de Wolf Parkinson White\u201d, por lo cual el pron\u00f3stico no era alentador y le informaron que no llegar\u00eda hasta los 18 a\u00f1os. Sin&hellip;<\/p>\n","protected":false},"author":2,"featured_media":7616,"comment_status":"closed","ping_status":"closed","sticky":false,"template":"","format":"standard","meta":{"footnotes":""},"categories":[113],"tags":[111],"class_list":["post-7598","post","type-post","status-publish","format-standard","has-post-thumbnail","hentry","category-gente","tag-slider","category-113","description-off"],"yoast_head":"<!-- This site is optimized with the Yoast SEO plugin v25.4 - https:\/\/yoast.com\/wordpress\/plugins\/seo\/ -->\n<title>ULTRAMARATONISTA VENEZOLANO CORRER\u00c1 254 KM  &#187; SeryHumano.com<\/title>\n<meta name=\"robots\" content=\"index, follow, max-snippet:-1, max-image-preview:large, max-video-preview:-1\" \/>\n<link rel=\"canonical\" href=\"https:\/\/seryhumano.com\/web\/?p=7598\" \/>\n<meta property=\"og:locale\" content=\"es_ES\" \/>\n<meta property=\"og:type\" content=\"article\" \/>\n<meta property=\"og:title\" content=\"ULTRAMARATONISTA VENEZOLANO CORRER\u00c1 254 KM  &#187; SeryHumano.com\" \/>\n<meta property=\"og:description\" content=\"Desde que naci\u00f3, su vida fue sellada con la palabra \u201creto\u201d, cuando su madre recibi\u00f3 un diagn\u00f3stico m\u00e9dico en el que se indicaba que su hijo padec\u00eda una enfermedad card\u00edaca, el \u201cS\u00edndrome de Wolf Parkinson White\u201d, por lo cual el pron\u00f3stico no era alentador y le informaron que no llegar\u00eda hasta los 18 a\u00f1os. Sin&hellip;\" \/>\n<meta property=\"og:url\" content=\"https:\/\/seryhumano.com\/web\/?p=7598\" \/>\n<meta property=\"og:site_name\" content=\"SeryHumano.com\" \/>\n<meta property=\"article:publisher\" content=\"https:\/\/www.facebook.com\/seryhumano\/\" \/>\n<meta property=\"article:published_time\" content=\"2013-09-25T02:53:31+00:00\" \/>\n<meta property=\"article:modified_time\" content=\"2013-09-25T04:27:31+00:00\" \/>\n<meta property=\"og:image\" content=\"https:\/\/seryhumano.com\/web\/wp-content\/uploads\/2013\/09\/featureslider_trainig.jpg\" \/>\n\t<meta property=\"og:image:width\" content=\"910\" \/>\n\t<meta property=\"og:image:height\" content=\"227\" \/>\n\t<meta property=\"og:image:type\" content=\"image\/jpeg\" \/>\n<meta name=\"author\" content=\"@herrera_yosmar\" \/>\n<meta name=\"twitter:card\" content=\"summary_large_image\" \/>\n<meta name=\"twitter:creator\" content=\"@SeryHumano\" \/>\n<meta name=\"twitter:site\" content=\"@SeryHumano\" \/>\n<meta name=\"twitter:label1\" content=\"Escrito por\" \/>\n\t<meta name=\"twitter:data1\" content=\"@herrera_yosmar\" \/>\n\t<meta name=\"twitter:label2\" content=\"Tiempo de lectura\" \/>\n\t<meta name=\"twitter:data2\" content=\"5 minutos\" \/>\n<script type=\"application\/ld+json\" class=\"yoast-schema-graph\">{\"@context\":\"https:\/\/schema.org\",\"@graph\":[{\"@type\":\"Article\",\"@id\":\"https:\/\/seryhumano.com\/web\/?p=7598#article\",\"isPartOf\":{\"@id\":\"https:\/\/seryhumano.com\/web\/?p=7598\"},\"author\":{\"name\":\"@herrera_yosmar\",\"@id\":\"https:\/\/seryhumano.com\/web\/#\/schema\/person\/fd30e8e0b394a62344b44d9b0fe75795\"},\"headline\":\"ULTRAMARATONISTA VENEZOLANO CORRER\u00c1 254 KM\",\"datePublished\":\"2013-09-25T02:53:31+00:00\",\"dateModified\":\"2013-09-25T04:27:31+00:00\",\"mainEntityOfPage\":{\"@id\":\"https:\/\/seryhumano.com\/web\/?p=7598\"},\"wordCount\":921,\"publisher\":{\"@id\":\"https:\/\/seryhumano.com\/web\/#organization\"},\"image\":{\"@id\":\"https:\/\/seryhumano.com\/web\/?p=7598#primaryimage\"},\"thumbnailUrl\":\"https:\/\/seryhumano.com\/web\/wp-content\/uploads\/2013\/09\/featureslider_trainig.jpg\",\"keywords\":[\"Slider\"],\"articleSection\":[\"Gente\"],\"inLanguage\":\"es\"},{\"@type\":\"WebPage\",\"@id\":\"https:\/\/seryhumano.com\/web\/?p=7598\",\"url\":\"https:\/\/seryhumano.com\/web\/?p=7598\",\"name\":\"ULTRAMARATONISTA VENEZOLANO CORRER\u00c1 254 KM &#187; SeryHumano.com\",\"isPartOf\":{\"@id\":\"https:\/\/seryhumano.com\/web\/#website\"},\"primaryImageOfPage\":{\"@id\":\"https:\/\/seryhumano.com\/web\/?p=7598#primaryimage\"},\"image\":{\"@id\":\"https:\/\/seryhumano.com\/web\/?p=7598#primaryimage\"},\"thumbnailUrl\":\"https:\/\/seryhumano.com\/web\/wp-content\/uploads\/2013\/09\/featureslider_trainig.jpg\",\"datePublished\":\"2013-09-25T02:53:31+00:00\",\"dateModified\":\"2013-09-25T04:27:31+00:00\",\"breadcrumb\":{\"@id\":\"https:\/\/seryhumano.com\/web\/?p=7598#breadcrumb\"},\"inLanguage\":\"es\",\"potentialAction\":[{\"@type\":\"ReadAction\",\"target\":[\"https:\/\/seryhumano.com\/web\/?p=7598\"]}]},{\"@type\":\"ImageObject\",\"inLanguage\":\"es\",\"@id\":\"https:\/\/seryhumano.com\/web\/?p=7598#primaryimage\",\"url\":\"https:\/\/seryhumano.com\/web\/wp-content\/uploads\/2013\/09\/featureslider_trainig.jpg\",\"contentUrl\":\"https:\/\/seryhumano.com\/web\/wp-content\/uploads\/2013\/09\/featureslider_trainig.jpg\",\"width\":910,\"height\":227},{\"@type\":\"BreadcrumbList\",\"@id\":\"https:\/\/seryhumano.com\/web\/?p=7598#breadcrumb\",\"itemListElement\":[{\"@type\":\"ListItem\",\"position\":1,\"name\":\"Portada\",\"item\":\"https:\/\/seryhumano.com\/web\/\"},{\"@type\":\"ListItem\",\"position\":2,\"name\":\"ULTRAMARATONISTA VENEZOLANO CORRER\u00c1 254 KM\"}]},{\"@type\":\"WebSite\",\"@id\":\"https:\/\/seryhumano.com\/web\/#website\",\"url\":\"https:\/\/seryhumano.com\/web\/\",\"name\":\"SeryHumano.com\",\"description\":\"Revista digital muy humana, donde lo mas importante es el Ser...\",\"publisher\":{\"@id\":\"https:\/\/seryhumano.com\/web\/#organization\"},\"potentialAction\":[{\"@type\":\"SearchAction\",\"target\":{\"@type\":\"EntryPoint\",\"urlTemplate\":\"https:\/\/seryhumano.com\/web\/?s={search_term_string}\"},\"query-input\":{\"@type\":\"PropertyValueSpecification\",\"valueRequired\":true,\"valueName\":\"search_term_string\"}}],\"inLanguage\":\"es\"},{\"@type\":\"Organization\",\"@id\":\"https:\/\/seryhumano.com\/web\/#organization\",\"name\":\"SeryHumano.com\",\"url\":\"https:\/\/seryhumano.com\/web\/\",\"logo\":{\"@type\":\"ImageObject\",\"inLanguage\":\"es\",\"@id\":\"https:\/\/seryhumano.com\/web\/#\/schema\/logo\/image\/\",\"url\":\"https:\/\/seryhumano.com\/web\/wp-content\/uploads\/2020\/02\/JNe5VRwH_400x400-2.jpg\",\"contentUrl\":\"https:\/\/seryhumano.com\/web\/wp-content\/uploads\/2020\/02\/JNe5VRwH_400x400-2.jpg\",\"width\":400,\"height\":400,\"caption\":\"SeryHumano.com\"},\"image\":{\"@id\":\"https:\/\/seryhumano.com\/web\/#\/schema\/logo\/image\/\"},\"sameAs\":[\"https:\/\/www.facebook.com\/seryhumano\/\",\"https:\/\/x.com\/SeryHumano\",\"https:\/\/www.instagram.com\/seryhumano\/\",\"https:\/\/www.linkedin.com\/company\/seryhumano-com\/\",\"https:\/\/www.youtube.com\/channel\/UCYfgIGSxygVnJAW0e9ZBZWg\"]},{\"@type\":\"Person\",\"@id\":\"https:\/\/seryhumano.com\/web\/#\/schema\/person\/fd30e8e0b394a62344b44d9b0fe75795\",\"name\":\"@herrera_yosmar\",\"description\":\"Eterna enamorada de la vida, comunicadora, mam\u00e1 de tres\",\"sameAs\":[\"http:\/\/seryhumano.com\"],\"url\":\"https:\/\/seryhumano.com\/web\/?author=2\"}]}<\/script>\n<!-- \/ Yoast SEO plugin. -->","yoast_head_json":{"title":"ULTRAMARATONISTA VENEZOLANO CORRER\u00c1 254 KM  &#187; SeryHumano.com","robots":{"index":"index","follow":"follow","max-snippet":"max-snippet:-1","max-image-preview":"max-image-preview:large","max-video-preview":"max-video-preview:-1"},"canonical":"https:\/\/seryhumano.com\/web\/?p=7598","og_locale":"es_ES","og_type":"article","og_title":"ULTRAMARATONISTA VENEZOLANO CORRER\u00c1 254 KM  &#187; SeryHumano.com","og_description":"Desde que naci\u00f3, su vida fue sellada con la palabra \u201creto\u201d, cuando su madre recibi\u00f3 un diagn\u00f3stico m\u00e9dico en el que se indicaba que su hijo padec\u00eda una enfermedad card\u00edaca, el \u201cS\u00edndrome de Wolf Parkinson White\u201d, por lo cual el pron\u00f3stico no era alentador y le informaron que no llegar\u00eda hasta los 18 a\u00f1os. Sin&hellip;","og_url":"https:\/\/seryhumano.com\/web\/?p=7598","og_site_name":"SeryHumano.com","article_publisher":"https:\/\/www.facebook.com\/seryhumano\/","article_published_time":"2013-09-25T02:53:31+00:00","article_modified_time":"2013-09-25T04:27:31+00:00","og_image":[{"width":910,"height":227,"url":"https:\/\/seryhumano.com\/web\/wp-content\/uploads\/2013\/09\/featureslider_trainig.jpg","type":"image\/jpeg"}],"author":"@herrera_yosmar","twitter_card":"summary_large_image","twitter_creator":"@SeryHumano","twitter_site":"@SeryHumano","twitter_misc":{"Escrito por":"@herrera_yosmar","Tiempo de lectura":"5 minutos"},"schema":{"@context":"https:\/\/schema.org","@graph":[{"@type":"Article","@id":"https:\/\/seryhumano.com\/web\/?p=7598#article","isPartOf":{"@id":"https:\/\/seryhumano.com\/web\/?p=7598"},"author":{"name":"@herrera_yosmar","@id":"https:\/\/seryhumano.com\/web\/#\/schema\/person\/fd30e8e0b394a62344b44d9b0fe75795"},"headline":"ULTRAMARATONISTA VENEZOLANO CORRER\u00c1 254 KM","datePublished":"2013-09-25T02:53:31+00:00","dateModified":"2013-09-25T04:27:31+00:00","mainEntityOfPage":{"@id":"https:\/\/seryhumano.com\/web\/?p=7598"},"wordCount":921,"publisher":{"@id":"https:\/\/seryhumano.com\/web\/#organization"},"image":{"@id":"https:\/\/seryhumano.com\/web\/?p=7598#primaryimage"},"thumbnailUrl":"https:\/\/seryhumano.com\/web\/wp-content\/uploads\/2013\/09\/featureslider_trainig.jpg","keywords":["Slider"],"articleSection":["Gente"],"inLanguage":"es"},{"@type":"WebPage","@id":"https:\/\/seryhumano.com\/web\/?p=7598","url":"https:\/\/seryhumano.com\/web\/?p=7598","name":"ULTRAMARATONISTA VENEZOLANO CORRER\u00c1 254 KM &#187; SeryHumano.com","isPartOf":{"@id":"https:\/\/seryhumano.com\/web\/#website"},"primaryImageOfPage":{"@id":"https:\/\/seryhumano.com\/web\/?p=7598#primaryimage"},"image":{"@id":"https:\/\/seryhumano.com\/web\/?p=7598#primaryimage"},"thumbnailUrl":"https:\/\/seryhumano.com\/web\/wp-content\/uploads\/2013\/09\/featureslider_trainig.jpg","datePublished":"2013-09-25T02:53:31+00:00","dateModified":"2013-09-25T04:27:31+00:00","breadcrumb":{"@id":"https:\/\/seryhumano.com\/web\/?p=7598#breadcrumb"},"inLanguage":"es","potentialAction":[{"@type":"ReadAction","target":["https:\/\/seryhumano.com\/web\/?p=7598"]}]},{"@type":"ImageObject","inLanguage":"es","@id":"https:\/\/seryhumano.com\/web\/?p=7598#primaryimage","url":"https:\/\/seryhumano.com\/web\/wp-content\/uploads\/2013\/09\/featureslider_trainig.jpg","contentUrl":"https:\/\/seryhumano.com\/web\/wp-content\/uploads\/2013\/09\/featureslider_trainig.jpg","width":910,"height":227},{"@type":"BreadcrumbList","@id":"https:\/\/seryhumano.com\/web\/?p=7598#breadcrumb","itemListElement":[{"@type":"ListItem","position":1,"name":"Portada","item":"https:\/\/seryhumano.com\/web\/"},{"@type":"ListItem","position":2,"name":"ULTRAMARATONISTA VENEZOLANO CORRER\u00c1 254 KM"}]},{"@type":"WebSite","@id":"https:\/\/seryhumano.com\/web\/#website","url":"https:\/\/seryhumano.com\/web\/","name":"SeryHumano.com","description":"Revista digital muy humana, donde lo mas importante es el Ser...","publisher":{"@id":"https:\/\/seryhumano.com\/web\/#organization"},"potentialAction":[{"@type":"SearchAction","target":{"@type":"EntryPoint","urlTemplate":"https:\/\/seryhumano.com\/web\/?s={search_term_string}"},"query-input":{"@type":"PropertyValueSpecification","valueRequired":true,"valueName":"search_term_string"}}],"inLanguage":"es"},{"@type":"Organization","@id":"https:\/\/seryhumano.com\/web\/#organization","name":"SeryHumano.com","url":"https:\/\/seryhumano.com\/web\/","logo":{"@type":"ImageObject","inLanguage":"es","@id":"https:\/\/seryhumano.com\/web\/#\/schema\/logo\/image\/","url":"https:\/\/seryhumano.com\/web\/wp-content\/uploads\/2020\/02\/JNe5VRwH_400x400-2.jpg","contentUrl":"https:\/\/seryhumano.com\/web\/wp-content\/uploads\/2020\/02\/JNe5VRwH_400x400-2.jpg","width":400,"height":400,"caption":"SeryHumano.com"},"image":{"@id":"https:\/\/seryhumano.com\/web\/#\/schema\/logo\/image\/"},"sameAs":["https:\/\/www.facebook.com\/seryhumano\/","https:\/\/x.com\/SeryHumano","https:\/\/www.instagram.com\/seryhumano\/","https:\/\/www.linkedin.com\/company\/seryhumano-com\/","https:\/\/www.youtube.com\/channel\/UCYfgIGSxygVnJAW0e9ZBZWg"]},{"@type":"Person","@id":"https:\/\/seryhumano.com\/web\/#\/schema\/person\/fd30e8e0b394a62344b44d9b0fe75795","name":"@herrera_yosmar","description":"Eterna enamorada de la vida, comunicadora, mam\u00e1 de tres","sameAs":["http:\/\/seryhumano.com"],"url":"https:\/\/seryhumano.com\/web\/?author=2"}]}},"_links":{"self":[{"href":"https:\/\/seryhumano.com\/web\/index.php?rest_route=\/wp\/v2\/posts\/7598","targetHints":{"allow":["GET"]}}],"collection":[{"href":"https:\/\/seryhumano.com\/web\/index.php?rest_route=\/wp\/v2\/posts"}],"about":[{"href":"https:\/\/seryhumano.com\/web\/index.php?rest_route=\/wp\/v2\/types\/post"}],"author":[{"embeddable":true,"href":"https:\/\/seryhumano.com\/web\/index.php?rest_route=\/wp\/v2\/users\/2"}],"replies":[{"embeddable":true,"href":"https:\/\/seryhumano.com\/web\/index.php?rest_route=%2Fwp%2Fv2%2Fcomments&post=7598"}],"version-history":[{"count":0,"href":"https:\/\/seryhumano.com\/web\/index.php?rest_route=\/wp\/v2\/posts\/7598\/revisions"}],"wp:featuredmedia":[{"embeddable":true,"href":"https:\/\/seryhumano.com\/web\/index.php?rest_route=\/wp\/v2\/media\/7616"}],"wp:attachment":[{"href":"https:\/\/seryhumano.com\/web\/index.php?rest_route=%2Fwp%2Fv2%2Fmedia&parent=7598"}],"wp:term":[{"taxonomy":"category","embeddable":true,"href":"https:\/\/seryhumano.com\/web\/index.php?rest_route=%2Fwp%2Fv2%2Fcategories&post=7598"},{"taxonomy":"post_tag","embeddable":true,"href":"https:\/\/seryhumano.com\/web\/index.php?rest_route=%2Fwp%2Fv2%2Ftags&post=7598"}],"curies":[{"name":"wp","href":"https:\/\/api.w.org\/{rel}","templated":true}]}}