{"id":7606,"date":"2013-09-24T22:52:11","date_gmt":"2013-09-25T03:22:11","guid":{"rendered":"https:\/\/seryhumano.com\/web\/?p=7606"},"modified":"2013-09-24T23:57:35","modified_gmt":"2013-09-25T04:27:35","slug":"azu-se-alzo-con-seis-premios","status":"publish","type":"post","link":"https:\/\/seryhumano.com\/web\/?p=7606","title":{"rendered":"Az\u00fa  se alz\u00f3 con seis premios"},"content":{"rendered":"<p><a href=\"https:\/\/seryhumano.com\/web\/?attachment_id=7607\" rel=\"attachment wp-att-7607\"><img loading=\"lazy\" decoding=\"async\" class=\"alignleft size-medium wp-image-7607\" alt=\"flora y pedro duran con los premios\" src=\"https:\/\/seryhumano.com\/web\/wp-content\/uploads\/2013\/09\/flora-y-pedro-duran-con-los-premios-300x200.jpg\" width=\"300\" height=\"200\" srcset=\"https:\/\/seryhumano.com\/web\/wp-content\/uploads\/2013\/09\/flora-y-pedro-duran-con-los-premios-300x200.jpg 300w, https:\/\/seryhumano.com\/web\/wp-content\/uploads\/2013\/09\/flora-y-pedro-duran-con-los-premios.jpg 960w\" sizes=\"auto, (max-width: 300px) 100vw, 300px\" \/><\/a>Tras una semana de proyecciones, cursos y actividades, concluy\u00f3 la Tercera Edici\u00f3n del <i>Festival Entre Largos y Cortos de Oriente (ELCO<\/i>) 2013; en medio de sonrisas, aplausos y grandes expectativas se dio inicio, a las 8:30 de la noche, a la clausura en el Museo Dimitrius de Lecher\u00eda en la ciudad de Puerto la Cruz, con palabras de Mar\u00eda Eugenia Gir\u00f3n.<\/p>\n<p>Este a\u00f1o el Festival Elco logr\u00f3 superar la asistencia esperada con m\u00e1s de 5 mil 600 espectadores, brind\u00e1ndoles la posibilidad de disfrutar de 40 cortometrajes y 12 largometrajes participantes, entre los cuales estaban: <i>Az\u00fa, alma de Princesa; la Casa del Fin de\u00a0 los tiempos; Azul y no tan Rosa; Cuidado con lo que Sue\u00f1as; La Ley; Piedra Papel o Tijera; Nena Sal\u00fadame al Diego y El Regreso<\/i>, todas producidas y coproducidas por la Fundaci\u00f3n Villa del Cine.<\/p>\n<p><i>Az\u00fa<\/i> de Luis Alberto Lamata consigui\u00f3 seis galardones: Premio ELCO a Mejor Pel\u00edcula del a\u00f1o 2013, Mejor Largometraje de Ficci\u00f3n, Mejor Direcci\u00f3n (Luis A. Lamata), Mejor Gui\u00f3n, Mejor Actriz Principal (Flora Sylvestre) y Mejor Actor de Reparto (Pedro Dur\u00e1n).<\/p>\n<p><i>Azul y no tan Rosa<\/i> de Miguel Ferrari se llev\u00f3 cinco premios: Premio del P\u00fablico, Mejor afiche, Mejor Producci\u00f3n, Menci\u00f3n Especial Opera Prima, Mejor Actriz de Reparto.<\/p>\n<p><i>El Regreso<\/i> de Patricia Ortega con cuatro galardones: Mejor Opera Prima, Mejor Direcci\u00f3n de Arte, Mejor Fotograf\u00eda y Mejor Actriz principal (premio compartido con Flora Sylvestre del largometraje <i>Az\u00fa<\/i>).<a href=\"https:\/\/seryhumano.com\/web\/?attachment_id=7609\" rel=\"attachment wp-att-7609\"><img loading=\"lazy\" decoding=\"async\" class=\"alignright size-medium wp-image-7609\" alt=\"flora sylvestre y patricia ortega reciben premio de manos de roman chalbaud\" src=\"https:\/\/seryhumano.com\/web\/wp-content\/uploads\/2013\/09\/flora-sylvestre-y-patricia-ortega-reciben-premio-de-manos-de-roman-chalbaud-300x200.jpg\" width=\"300\" height=\"200\" srcset=\"https:\/\/seryhumano.com\/web\/wp-content\/uploads\/2013\/09\/flora-sylvestre-y-patricia-ortega-reciben-premio-de-manos-de-roman-chalbaud-300x200.jpg 300w, https:\/\/seryhumano.com\/web\/wp-content\/uploads\/2013\/09\/flora-sylvestre-y-patricia-ortega-reciben-premio-de-manos-de-roman-chalbaud.jpg 960w\" sizes=\"auto, (max-width: 300px) 100vw, 300px\" \/><\/a><\/p>\n<p><i>La Casa del Fin de los Tiempos<\/i> de Alejandro Hidalgo cont\u00f3 con dos premios: Mejor Banda Sonora y Mejor Sonido.<\/p>\n<p>Por su parte <i>Diario de Bucaramanga<\/i> de Carlos Alberto Fung, fue premiada con Mejor Actor Principal y <i>El Laberinto de lo Posible<\/i> de Wanadi Siso obtuvo Mejor Opera Prima (compartido con el largometraje <i>El Regreso)<\/i>.<\/p>\n<p>De la misma manera, fueron premiados los cortometrajes participantes: cortos ficci\u00f3n, nuevo cine, animaci\u00f3n universitaria, ficci\u00f3n documental y Elco al Mejor Corto. De esta manera se demuestra una vez m\u00e1s, la calidad del cine venezolano y del crecimiento en la cinematogr\u00e1fica del pa\u00eds.<\/p>\n<p>seryhumano.com \/ Paula Correa<b><\/b><\/p>\n<p>&nbsp;<\/p>\n","protected":false},"excerpt":{"rendered":"<p>Tras una semana de proyecciones, cursos y actividades, concluy\u00f3 la Tercera Edici\u00f3n del Festival Entre Largos y Cortos de Oriente (ELCO) 2013; en medio de sonrisas, aplausos y grandes expectativas se dio inicio, a las 8:30 de la noche, a la clausura en el Museo Dimitrius de Lecher\u00eda en la ciudad de Puerto la Cruz,&hellip;<\/p>\n","protected":false},"author":2,"featured_media":7617,"comment_status":"closed","ping_status":"closed","sticky":false,"template":"","format":"standard","meta":{"footnotes":""},"categories":[110],"tags":[111],"class_list":["post-7606","post","type-post","status-publish","format-standard","has-post-thumbnail","hentry","category-noticias","tag-slider","category-110","description-off"],"yoast_head":"<!-- This site is optimized with the Yoast SEO plugin v25.4 - https:\/\/yoast.com\/wordpress\/plugins\/seo\/ -->\n<title>Az\u00fa se alz\u00f3 con seis premios &#187; SeryHumano.com<\/title>\n<meta name=\"robots\" content=\"index, follow, max-snippet:-1, max-image-preview:large, max-video-preview:-1\" \/>\n<link rel=\"canonical\" href=\"https:\/\/seryhumano.com\/web\/?p=7606\" \/>\n<meta property=\"og:locale\" content=\"es_ES\" \/>\n<meta property=\"og:type\" content=\"article\" \/>\n<meta property=\"og:title\" content=\"Az\u00fa se alz\u00f3 con seis premios &#187; SeryHumano.com\" \/>\n<meta property=\"og:description\" content=\"Tras una semana de proyecciones, cursos y actividades, concluy\u00f3 la Tercera Edici\u00f3n del Festival Entre Largos y Cortos de Oriente (ELCO) 2013; en medio de sonrisas, aplausos y grandes expectativas se dio inicio, a las 8:30 de la noche, a la clausura en el Museo Dimitrius de Lecher\u00eda en la ciudad de Puerto la Cruz,&hellip;\" \/>\n<meta property=\"og:url\" content=\"https:\/\/seryhumano.com\/web\/?p=7606\" \/>\n<meta property=\"og:site_name\" content=\"SeryHumano.com\" \/>\n<meta property=\"article:publisher\" content=\"https:\/\/www.facebook.com\/seryhumano\/\" \/>\n<meta property=\"article:published_time\" content=\"2013-09-25T03:22:11+00:00\" \/>\n<meta property=\"article:modified_time\" content=\"2013-09-25T04:27:35+00:00\" \/>\n<meta property=\"og:image\" content=\"https:\/\/seryhumano.com\/web\/wp-content\/uploads\/2013\/09\/featureslider_pedro.jpg\" \/>\n\t<meta property=\"og:image:width\" content=\"910\" \/>\n\t<meta property=\"og:image:height\" content=\"227\" \/>\n\t<meta property=\"og:image:type\" content=\"image\/jpeg\" \/>\n<meta name=\"author\" content=\"@herrera_yosmar\" \/>\n<meta name=\"twitter:card\" content=\"summary_large_image\" \/>\n<meta name=\"twitter:creator\" content=\"@SeryHumano\" \/>\n<meta name=\"twitter:site\" content=\"@SeryHumano\" \/>\n<meta name=\"twitter:label1\" content=\"Escrito por\" \/>\n\t<meta name=\"twitter:data1\" content=\"@herrera_yosmar\" \/>\n\t<meta name=\"twitter:label2\" content=\"Tiempo de lectura\" \/>\n\t<meta name=\"twitter:data2\" content=\"2 minutos\" \/>\n<script type=\"application\/ld+json\" class=\"yoast-schema-graph\">{\"@context\":\"https:\/\/schema.org\",\"@graph\":[{\"@type\":\"Article\",\"@id\":\"https:\/\/seryhumano.com\/web\/?p=7606#article\",\"isPartOf\":{\"@id\":\"https:\/\/seryhumano.com\/web\/?p=7606\"},\"author\":{\"name\":\"@herrera_yosmar\",\"@id\":\"https:\/\/seryhumano.com\/web\/#\/schema\/person\/fd30e8e0b394a62344b44d9b0fe75795\"},\"headline\":\"Az\u00fa se alz\u00f3 con seis premios\",\"datePublished\":\"2013-09-25T03:22:11+00:00\",\"dateModified\":\"2013-09-25T04:27:35+00:00\",\"mainEntityOfPage\":{\"@id\":\"https:\/\/seryhumano.com\/web\/?p=7606\"},\"wordCount\":362,\"publisher\":{\"@id\":\"https:\/\/seryhumano.com\/web\/#organization\"},\"image\":{\"@id\":\"https:\/\/seryhumano.com\/web\/?p=7606#primaryimage\"},\"thumbnailUrl\":\"https:\/\/seryhumano.com\/web\/wp-content\/uploads\/2013\/09\/featureslider_pedro.jpg\",\"keywords\":[\"Slider\"],\"articleSection\":[\"Noticias\"],\"inLanguage\":\"es\"},{\"@type\":\"WebPage\",\"@id\":\"https:\/\/seryhumano.com\/web\/?p=7606\",\"url\":\"https:\/\/seryhumano.com\/web\/?p=7606\",\"name\":\"Az\u00fa se alz\u00f3 con seis premios &#187; SeryHumano.com\",\"isPartOf\":{\"@id\":\"https:\/\/seryhumano.com\/web\/#website\"},\"primaryImageOfPage\":{\"@id\":\"https:\/\/seryhumano.com\/web\/?p=7606#primaryimage\"},\"image\":{\"@id\":\"https:\/\/seryhumano.com\/web\/?p=7606#primaryimage\"},\"thumbnailUrl\":\"https:\/\/seryhumano.com\/web\/wp-content\/uploads\/2013\/09\/featureslider_pedro.jpg\",\"datePublished\":\"2013-09-25T03:22:11+00:00\",\"dateModified\":\"2013-09-25T04:27:35+00:00\",\"breadcrumb\":{\"@id\":\"https:\/\/seryhumano.com\/web\/?p=7606#breadcrumb\"},\"inLanguage\":\"es\",\"potentialAction\":[{\"@type\":\"ReadAction\",\"target\":[\"https:\/\/seryhumano.com\/web\/?p=7606\"]}]},{\"@type\":\"ImageObject\",\"inLanguage\":\"es\",\"@id\":\"https:\/\/seryhumano.com\/web\/?p=7606#primaryimage\",\"url\":\"https:\/\/seryhumano.com\/web\/wp-content\/uploads\/2013\/09\/featureslider_pedro.jpg\",\"contentUrl\":\"https:\/\/seryhumano.com\/web\/wp-content\/uploads\/2013\/09\/featureslider_pedro.jpg\",\"width\":910,\"height\":227},{\"@type\":\"BreadcrumbList\",\"@id\":\"https:\/\/seryhumano.com\/web\/?p=7606#breadcrumb\",\"itemListElement\":[{\"@type\":\"ListItem\",\"position\":1,\"name\":\"Portada\",\"item\":\"https:\/\/seryhumano.com\/web\/\"},{\"@type\":\"ListItem\",\"position\":2,\"name\":\"Az\u00fa se alz\u00f3 con seis premios\"}]},{\"@type\":\"WebSite\",\"@id\":\"https:\/\/seryhumano.com\/web\/#website\",\"url\":\"https:\/\/seryhumano.com\/web\/\",\"name\":\"SeryHumano.com\",\"description\":\"Revista digital muy humana, donde lo mas importante es el Ser...\",\"publisher\":{\"@id\":\"https:\/\/seryhumano.com\/web\/#organization\"},\"potentialAction\":[{\"@type\":\"SearchAction\",\"target\":{\"@type\":\"EntryPoint\",\"urlTemplate\":\"https:\/\/seryhumano.com\/web\/?s={search_term_string}\"},\"query-input\":{\"@type\":\"PropertyValueSpecification\",\"valueRequired\":true,\"valueName\":\"search_term_string\"}}],\"inLanguage\":\"es\"},{\"@type\":\"Organization\",\"@id\":\"https:\/\/seryhumano.com\/web\/#organization\",\"name\":\"SeryHumano.com\",\"url\":\"https:\/\/seryhumano.com\/web\/\",\"logo\":{\"@type\":\"ImageObject\",\"inLanguage\":\"es\",\"@id\":\"https:\/\/seryhumano.com\/web\/#\/schema\/logo\/image\/\",\"url\":\"https:\/\/seryhumano.com\/web\/wp-content\/uploads\/2020\/02\/JNe5VRwH_400x400-2.jpg\",\"contentUrl\":\"https:\/\/seryhumano.com\/web\/wp-content\/uploads\/2020\/02\/JNe5VRwH_400x400-2.jpg\",\"width\":400,\"height\":400,\"caption\":\"SeryHumano.com\"},\"image\":{\"@id\":\"https:\/\/seryhumano.com\/web\/#\/schema\/logo\/image\/\"},\"sameAs\":[\"https:\/\/www.facebook.com\/seryhumano\/\",\"https:\/\/x.com\/SeryHumano\",\"https:\/\/www.instagram.com\/seryhumano\/\",\"https:\/\/www.linkedin.com\/company\/seryhumano-com\/\",\"https:\/\/www.youtube.com\/channel\/UCYfgIGSxygVnJAW0e9ZBZWg\"]},{\"@type\":\"Person\",\"@id\":\"https:\/\/seryhumano.com\/web\/#\/schema\/person\/fd30e8e0b394a62344b44d9b0fe75795\",\"name\":\"@herrera_yosmar\",\"description\":\"Eterna enamorada de la vida, comunicadora, mam\u00e1 de tres\",\"sameAs\":[\"http:\/\/seryhumano.com\"],\"url\":\"https:\/\/seryhumano.com\/web\/?author=2\"}]}<\/script>\n<!-- \/ Yoast SEO plugin. -->","yoast_head_json":{"title":"Az\u00fa se alz\u00f3 con seis premios &#187; SeryHumano.com","robots":{"index":"index","follow":"follow","max-snippet":"max-snippet:-1","max-image-preview":"max-image-preview:large","max-video-preview":"max-video-preview:-1"},"canonical":"https:\/\/seryhumano.com\/web\/?p=7606","og_locale":"es_ES","og_type":"article","og_title":"Az\u00fa se alz\u00f3 con seis premios &#187; SeryHumano.com","og_description":"Tras una semana de proyecciones, cursos y actividades, concluy\u00f3 la Tercera Edici\u00f3n del Festival Entre Largos y Cortos de Oriente (ELCO) 2013; en medio de sonrisas, aplausos y grandes expectativas se dio inicio, a las 8:30 de la noche, a la clausura en el Museo Dimitrius de Lecher\u00eda en la ciudad de Puerto la Cruz,&hellip;","og_url":"https:\/\/seryhumano.com\/web\/?p=7606","og_site_name":"SeryHumano.com","article_publisher":"https:\/\/www.facebook.com\/seryhumano\/","article_published_time":"2013-09-25T03:22:11+00:00","article_modified_time":"2013-09-25T04:27:35+00:00","og_image":[{"width":910,"height":227,"url":"https:\/\/seryhumano.com\/web\/wp-content\/uploads\/2013\/09\/featureslider_pedro.jpg","type":"image\/jpeg"}],"author":"@herrera_yosmar","twitter_card":"summary_large_image","twitter_creator":"@SeryHumano","twitter_site":"@SeryHumano","twitter_misc":{"Escrito por":"@herrera_yosmar","Tiempo de lectura":"2 minutos"},"schema":{"@context":"https:\/\/schema.org","@graph":[{"@type":"Article","@id":"https:\/\/seryhumano.com\/web\/?p=7606#article","isPartOf":{"@id":"https:\/\/seryhumano.com\/web\/?p=7606"},"author":{"name":"@herrera_yosmar","@id":"https:\/\/seryhumano.com\/web\/#\/schema\/person\/fd30e8e0b394a62344b44d9b0fe75795"},"headline":"Az\u00fa se alz\u00f3 con seis premios","datePublished":"2013-09-25T03:22:11+00:00","dateModified":"2013-09-25T04:27:35+00:00","mainEntityOfPage":{"@id":"https:\/\/seryhumano.com\/web\/?p=7606"},"wordCount":362,"publisher":{"@id":"https:\/\/seryhumano.com\/web\/#organization"},"image":{"@id":"https:\/\/seryhumano.com\/web\/?p=7606#primaryimage"},"thumbnailUrl":"https:\/\/seryhumano.com\/web\/wp-content\/uploads\/2013\/09\/featureslider_pedro.jpg","keywords":["Slider"],"articleSection":["Noticias"],"inLanguage":"es"},{"@type":"WebPage","@id":"https:\/\/seryhumano.com\/web\/?p=7606","url":"https:\/\/seryhumano.com\/web\/?p=7606","name":"Az\u00fa se alz\u00f3 con seis premios &#187; SeryHumano.com","isPartOf":{"@id":"https:\/\/seryhumano.com\/web\/#website"},"primaryImageOfPage":{"@id":"https:\/\/seryhumano.com\/web\/?p=7606#primaryimage"},"image":{"@id":"https:\/\/seryhumano.com\/web\/?p=7606#primaryimage"},"thumbnailUrl":"https:\/\/seryhumano.com\/web\/wp-content\/uploads\/2013\/09\/featureslider_pedro.jpg","datePublished":"2013-09-25T03:22:11+00:00","dateModified":"2013-09-25T04:27:35+00:00","breadcrumb":{"@id":"https:\/\/seryhumano.com\/web\/?p=7606#breadcrumb"},"inLanguage":"es","potentialAction":[{"@type":"ReadAction","target":["https:\/\/seryhumano.com\/web\/?p=7606"]}]},{"@type":"ImageObject","inLanguage":"es","@id":"https:\/\/seryhumano.com\/web\/?p=7606#primaryimage","url":"https:\/\/seryhumano.com\/web\/wp-content\/uploads\/2013\/09\/featureslider_pedro.jpg","contentUrl":"https:\/\/seryhumano.com\/web\/wp-content\/uploads\/2013\/09\/featureslider_pedro.jpg","width":910,"height":227},{"@type":"BreadcrumbList","@id":"https:\/\/seryhumano.com\/web\/?p=7606#breadcrumb","itemListElement":[{"@type":"ListItem","position":1,"name":"Portada","item":"https:\/\/seryhumano.com\/web\/"},{"@type":"ListItem","position":2,"name":"Az\u00fa se alz\u00f3 con seis premios"}]},{"@type":"WebSite","@id":"https:\/\/seryhumano.com\/web\/#website","url":"https:\/\/seryhumano.com\/web\/","name":"SeryHumano.com","description":"Revista digital muy humana, donde lo mas importante es el Ser...","publisher":{"@id":"https:\/\/seryhumano.com\/web\/#organization"},"potentialAction":[{"@type":"SearchAction","target":{"@type":"EntryPoint","urlTemplate":"https:\/\/seryhumano.com\/web\/?s={search_term_string}"},"query-input":{"@type":"PropertyValueSpecification","valueRequired":true,"valueName":"search_term_string"}}],"inLanguage":"es"},{"@type":"Organization","@id":"https:\/\/seryhumano.com\/web\/#organization","name":"SeryHumano.com","url":"https:\/\/seryhumano.com\/web\/","logo":{"@type":"ImageObject","inLanguage":"es","@id":"https:\/\/seryhumano.com\/web\/#\/schema\/logo\/image\/","url":"https:\/\/seryhumano.com\/web\/wp-content\/uploads\/2020\/02\/JNe5VRwH_400x400-2.jpg","contentUrl":"https:\/\/seryhumano.com\/web\/wp-content\/uploads\/2020\/02\/JNe5VRwH_400x400-2.jpg","width":400,"height":400,"caption":"SeryHumano.com"},"image":{"@id":"https:\/\/seryhumano.com\/web\/#\/schema\/logo\/image\/"},"sameAs":["https:\/\/www.facebook.com\/seryhumano\/","https:\/\/x.com\/SeryHumano","https:\/\/www.instagram.com\/seryhumano\/","https:\/\/www.linkedin.com\/company\/seryhumano-com\/","https:\/\/www.youtube.com\/channel\/UCYfgIGSxygVnJAW0e9ZBZWg"]},{"@type":"Person","@id":"https:\/\/seryhumano.com\/web\/#\/schema\/person\/fd30e8e0b394a62344b44d9b0fe75795","name":"@herrera_yosmar","description":"Eterna enamorada de la vida, comunicadora, mam\u00e1 de tres","sameAs":["http:\/\/seryhumano.com"],"url":"https:\/\/seryhumano.com\/web\/?author=2"}]}},"_links":{"self":[{"href":"https:\/\/seryhumano.com\/web\/index.php?rest_route=\/wp\/v2\/posts\/7606","targetHints":{"allow":["GET"]}}],"collection":[{"href":"https:\/\/seryhumano.com\/web\/index.php?rest_route=\/wp\/v2\/posts"}],"about":[{"href":"https:\/\/seryhumano.com\/web\/index.php?rest_route=\/wp\/v2\/types\/post"}],"author":[{"embeddable":true,"href":"https:\/\/seryhumano.com\/web\/index.php?rest_route=\/wp\/v2\/users\/2"}],"replies":[{"embeddable":true,"href":"https:\/\/seryhumano.com\/web\/index.php?rest_route=%2Fwp%2Fv2%2Fcomments&post=7606"}],"version-history":[{"count":0,"href":"https:\/\/seryhumano.com\/web\/index.php?rest_route=\/wp\/v2\/posts\/7606\/revisions"}],"wp:featuredmedia":[{"embeddable":true,"href":"https:\/\/seryhumano.com\/web\/index.php?rest_route=\/wp\/v2\/media\/7617"}],"wp:attachment":[{"href":"https:\/\/seryhumano.com\/web\/index.php?rest_route=%2Fwp%2Fv2%2Fmedia&parent=7606"}],"wp:term":[{"taxonomy":"category","embeddable":true,"href":"https:\/\/seryhumano.com\/web\/index.php?rest_route=%2Fwp%2Fv2%2Fcategories&post=7606"},{"taxonomy":"post_tag","embeddable":true,"href":"https:\/\/seryhumano.com\/web\/index.php?rest_route=%2Fwp%2Fv2%2Ftags&post=7606"}],"curies":[{"name":"wp","href":"https:\/\/api.w.org\/{rel}","templated":true}]}}