{"id":7825,"date":"2013-10-01T22:22:04","date_gmt":"2013-10-02T02:52:04","guid":{"rendered":"https:\/\/seryhumano.com\/web\/?p=7825"},"modified":"2013-10-02T23:08:41","modified_gmt":"2013-10-03T03:38:41","slug":"una-de-cada-ocho-personas-en-el-mundo-padece-hambre-segun-la-onu","status":"publish","type":"post","link":"https:\/\/seryhumano.com\/web\/?p=7825","title":{"rendered":"Una de cada ocho personas en el mundo padece hambre, seg\u00fan la ONU"},"content":{"rendered":"<p><a href=\"https:\/\/seryhumano.com\/web\/?attachment_id=7826\" rel=\"attachment wp-att-7826\"><img loading=\"lazy\" decoding=\"async\" class=\"alignleft size-medium wp-image-7826\" alt=\"hambreonu-660x330\" src=\"https:\/\/seryhumano.com\/web\/wp-content\/uploads\/2013\/10\/hambreonu-660x330-300x150.jpg\" width=\"300\" height=\"150\" srcset=\"https:\/\/seryhumano.com\/web\/wp-content\/uploads\/2013\/10\/hambreonu-660x330-300x150.jpg 300w, https:\/\/seryhumano.com\/web\/wp-content\/uploads\/2013\/10\/hambreonu-660x330.jpg 660w\" sizes=\"auto, (max-width: 300px) 100vw, 300px\" \/><\/a>Una de cada ocho personas en el mundo sufre desnutrici\u00f3n cr\u00f3nica, dijeron las agencias alimentarias de Naciones Unidas, advirtiendo a los l\u00edderes mundiales de que algunas regiones no conseguir\u00e1n reducir a la mitad el n\u00famero de personas afectadas por el hambre para 2015.<\/p>\n<p>En su \u00faltimo informe sobre inseguridad alimentaria, las agencias de la ONU estimaron que 842 millones de personas sufr\u00edan hambre cr\u00f3nica en el per\u00edodo 2011-13, o un 12 por ciento de la poblaci\u00f3n mundial, por debajo del 17 por ciento del per\u00edodo entre 1990-92.<\/p>\n<p>La nueva cifra era menor que la \u00faltima estimaci\u00f3n de 868 millones en 2010-12 y de 1.020 millones en 2009, pero el informe dijo que los progresos para cumplir el Objetivo de Desarrollo del Milenio de reducir a la mitad el hambre para 2015 eran desiguales.<\/p>\n<p>Es poco probable que muchos pa\u00edses cumplan el objetivo adoptado por los l\u00edderes mundiales en Naciones Unidas en 2000, seg\u00fan la Organizaci\u00f3n para la Alimentaci\u00f3n y la Agricultura (FAO), el Programa Mundial de Alimentos (WFP) y el Fondo Internacional de Desarrollo Agr\u00edcola (IFAD).<\/p>\n<p>\u201cEstos (pa\u00edses) que han experimentado conflicto durante las dos d\u00e9cadas pasadas son m\u00e1s propensos a sufrir reveses significativos en la reducci\u00f3n del hambre\u201d, sostuvo el informe.<a href=\"https:\/\/seryhumano.com\/web\/?attachment_id=7828\" rel=\"attachment wp-att-7828\"><img loading=\"lazy\" decoding=\"async\" class=\"alignright size-medium wp-image-7828\" alt=\"F201210101028591712756311\" src=\"https:\/\/seryhumano.com\/web\/wp-content\/uploads\/2013\/10\/F201210101028591712756311-300x202.jpg\" width=\"300\" height=\"202\" srcset=\"https:\/\/seryhumano.com\/web\/wp-content\/uploads\/2013\/10\/F201210101028591712756311-300x202.jpg 300w, https:\/\/seryhumano.com\/web\/wp-content\/uploads\/2013\/10\/F201210101028591712756311.jpg 550w\" sizes=\"auto, (max-width: 300px) 100vw, 300px\" \/><\/a><\/p>\n<p>\u201cLos pa\u00edses sin litoral se enfrentan a desaf\u00edos persistentes en el acceso a los mercados mundiales, mientras que los pa\u00edses con infraestructuras pobres e instituciones d\u00e9biles se enfrentan a restricciones adicionales\u201d.<\/p>\n<p>La FAO, WFP e IFAD definen la desnutrici\u00f3n, o hambre, en el informe del Estado de la Inseguridad Alimentaria en el Mundo 2013 como \u201cno tener suficiente comida para una vida activa y saludable\u201d y la incapacidad para \u201ccumplir los requerimientos de energ\u00eda alimentaria\u201d.<\/p>\n<p>Las pol\u00edticas dirigidas a impulsar la productividad agr\u00edcola y la disponibilidad alimentaria eran cruciales en reducir el hambre incluso donde la pobreza estaba extendida, seg\u00fan las agencias.<\/p>\n<p>\u201cCuando se combinan con la protecci\u00f3n social y otras medidas que aumentan los ingresos de las familias para comprar comida, pueden tener un efecto a\u00fan m\u00e1s positivo e incitar el desarrollo rural\u201d, dijeron.<\/p>\n<p><a href=\"https:\/\/seryhumano.com\/web\/?attachment_id=7830\" rel=\"attachment wp-att-7830\"><img loading=\"lazy\" decoding=\"async\" class=\"alignleft size-medium wp-image-7830\" alt=\"Un-misionero\" src=\"https:\/\/seryhumano.com\/web\/wp-content\/uploads\/2013\/10\/Un-misionero-300x203.jpg\" width=\"300\" height=\"203\" srcset=\"https:\/\/seryhumano.com\/web\/wp-content\/uploads\/2013\/10\/Un-misionero-300x203.jpg 300w, https:\/\/seryhumano.com\/web\/wp-content\/uploads\/2013\/10\/Un-misionero.jpg 580w\" sizes=\"auto, (max-width: 300px) 100vw, 300px\" \/><\/a>Las remesas, tres veces mayores que la ayuda oficial al desarrollo, han tenido un impacto significativo en seguridad alimentaria al conducir a una dieta mejor y a reducir el hambre, afirmaron.<\/p>\n<p>La gran mayor\u00eda de gente que sufre hambre \u2013 827 millones \u2013 viven en pa\u00edses en desarrollo, donde se estima que la desnutrici\u00f3n es de un 14,3 por ciento, hall\u00f3 el informe.<\/p>\n<p>\u00c1frica sigue siendo la regi\u00f3n con la mayor prevalencia de desnutrici\u00f3n, donde se estima que m\u00e1s de una de cada cinco personas est\u00e1n desnutridas, mientras que la mayor\u00eda de las personas desnutridas est\u00e1n en el sur de Asia.<\/p>\n<p>seryhumano.com<\/p>\n<p>Fuente: nuestrascharlasnocturnas.wordpress.com<\/p>\n<p>&nbsp;<\/p>\n","protected":false},"excerpt":{"rendered":"<p>Una de cada ocho personas en el mundo sufre desnutrici\u00f3n cr\u00f3nica, dijeron las agencias alimentarias de Naciones Unidas, advirtiendo a los l\u00edderes mundiales de que algunas regiones no conseguir\u00e1n reducir a la mitad el n\u00famero de personas afectadas por el hambre para 2015. En su \u00faltimo informe sobre inseguridad alimentaria, las agencias de la ONU&hellip;<\/p>\n","protected":false},"author":2,"featured_media":7868,"comment_status":"closed","ping_status":"closed","sticky":false,"template":"","format":"standard","meta":{"footnotes":""},"categories":[110,120],"tags":[111],"class_list":["post-7825","post","type-post","status-publish","format-standard","has-post-thumbnail","hentry","category-noticias","category-ser-saludable","tag-slider","category-110","category-120","description-off"],"yoast_head":"<!-- This site is optimized with the Yoast SEO plugin v25.4 - https:\/\/yoast.com\/wordpress\/plugins\/seo\/ -->\n<title>Una de cada ocho personas en el mundo padece hambre, seg\u00fan la ONU &#187; SeryHumano.com<\/title>\n<meta name=\"robots\" content=\"index, follow, max-snippet:-1, max-image-preview:large, max-video-preview:-1\" \/>\n<link rel=\"canonical\" href=\"https:\/\/seryhumano.com\/web\/?p=7825\" \/>\n<meta property=\"og:locale\" content=\"es_ES\" \/>\n<meta property=\"og:type\" content=\"article\" \/>\n<meta property=\"og:title\" content=\"Una de cada ocho personas en el mundo padece hambre, seg\u00fan la ONU &#187; SeryHumano.com\" \/>\n<meta property=\"og:description\" content=\"Una de cada ocho personas en el mundo sufre desnutrici\u00f3n cr\u00f3nica, dijeron las agencias alimentarias de Naciones Unidas, advirtiendo a los l\u00edderes mundiales de que algunas regiones no conseguir\u00e1n reducir a la mitad el n\u00famero de personas afectadas por el hambre para 2015. En su \u00faltimo informe sobre inseguridad alimentaria, las agencias de la ONU&hellip;\" \/>\n<meta property=\"og:url\" content=\"https:\/\/seryhumano.com\/web\/?p=7825\" \/>\n<meta property=\"og:site_name\" content=\"SeryHumano.com\" \/>\n<meta property=\"article:publisher\" content=\"https:\/\/www.facebook.com\/seryhumano\/\" \/>\n<meta property=\"article:published_time\" content=\"2013-10-02T02:52:04+00:00\" \/>\n<meta property=\"article:modified_time\" content=\"2013-10-03T03:38:41+00:00\" \/>\n<meta property=\"og:image\" content=\"https:\/\/seryhumano.com\/web\/wp-content\/uploads\/2013\/10\/featuresliderhambre.jpg\" \/>\n\t<meta property=\"og:image:width\" content=\"910\" \/>\n\t<meta property=\"og:image:height\" content=\"227\" \/>\n\t<meta property=\"og:image:type\" content=\"image\/jpeg\" \/>\n<meta name=\"author\" content=\"@herrera_yosmar\" \/>\n<meta name=\"twitter:card\" content=\"summary_large_image\" \/>\n<meta name=\"twitter:creator\" content=\"@SeryHumano\" \/>\n<meta name=\"twitter:site\" content=\"@SeryHumano\" \/>\n<meta name=\"twitter:label1\" content=\"Escrito por\" \/>\n\t<meta name=\"twitter:data1\" content=\"@herrera_yosmar\" \/>\n\t<meta name=\"twitter:label2\" content=\"Tiempo de lectura\" \/>\n\t<meta name=\"twitter:data2\" content=\"2 minutos\" \/>\n<script type=\"application\/ld+json\" class=\"yoast-schema-graph\">{\"@context\":\"https:\/\/schema.org\",\"@graph\":[{\"@type\":\"Article\",\"@id\":\"https:\/\/seryhumano.com\/web\/?p=7825#article\",\"isPartOf\":{\"@id\":\"https:\/\/seryhumano.com\/web\/?p=7825\"},\"author\":{\"name\":\"@herrera_yosmar\",\"@id\":\"https:\/\/seryhumano.com\/web\/#\/schema\/person\/fd30e8e0b394a62344b44d9b0fe75795\"},\"headline\":\"Una de cada ocho personas en el mundo padece hambre, seg\u00fan la ONU\",\"datePublished\":\"2013-10-02T02:52:04+00:00\",\"dateModified\":\"2013-10-03T03:38:41+00:00\",\"mainEntityOfPage\":{\"@id\":\"https:\/\/seryhumano.com\/web\/?p=7825\"},\"wordCount\":487,\"publisher\":{\"@id\":\"https:\/\/seryhumano.com\/web\/#organization\"},\"image\":{\"@id\":\"https:\/\/seryhumano.com\/web\/?p=7825#primaryimage\"},\"thumbnailUrl\":\"https:\/\/seryhumano.com\/web\/wp-content\/uploads\/2013\/10\/featuresliderhambre.jpg\",\"keywords\":[\"Slider\"],\"articleSection\":[\"Noticias\",\"Ser Saludable\"],\"inLanguage\":\"es\"},{\"@type\":\"WebPage\",\"@id\":\"https:\/\/seryhumano.com\/web\/?p=7825\",\"url\":\"https:\/\/seryhumano.com\/web\/?p=7825\",\"name\":\"Una de cada ocho personas en el mundo padece hambre, seg\u00fan la ONU &#187; SeryHumano.com\",\"isPartOf\":{\"@id\":\"https:\/\/seryhumano.com\/web\/#website\"},\"primaryImageOfPage\":{\"@id\":\"https:\/\/seryhumano.com\/web\/?p=7825#primaryimage\"},\"image\":{\"@id\":\"https:\/\/seryhumano.com\/web\/?p=7825#primaryimage\"},\"thumbnailUrl\":\"https:\/\/seryhumano.com\/web\/wp-content\/uploads\/2013\/10\/featuresliderhambre.jpg\",\"datePublished\":\"2013-10-02T02:52:04+00:00\",\"dateModified\":\"2013-10-03T03:38:41+00:00\",\"breadcrumb\":{\"@id\":\"https:\/\/seryhumano.com\/web\/?p=7825#breadcrumb\"},\"inLanguage\":\"es\",\"potentialAction\":[{\"@type\":\"ReadAction\",\"target\":[\"https:\/\/seryhumano.com\/web\/?p=7825\"]}]},{\"@type\":\"ImageObject\",\"inLanguage\":\"es\",\"@id\":\"https:\/\/seryhumano.com\/web\/?p=7825#primaryimage\",\"url\":\"https:\/\/seryhumano.com\/web\/wp-content\/uploads\/2013\/10\/featuresliderhambre.jpg\",\"contentUrl\":\"https:\/\/seryhumano.com\/web\/wp-content\/uploads\/2013\/10\/featuresliderhambre.jpg\",\"width\":910,\"height\":227},{\"@type\":\"BreadcrumbList\",\"@id\":\"https:\/\/seryhumano.com\/web\/?p=7825#breadcrumb\",\"itemListElement\":[{\"@type\":\"ListItem\",\"position\":1,\"name\":\"Portada\",\"item\":\"https:\/\/seryhumano.com\/web\/\"},{\"@type\":\"ListItem\",\"position\":2,\"name\":\"Una de cada ocho personas en el mundo padece hambre, seg\u00fan la ONU\"}]},{\"@type\":\"WebSite\",\"@id\":\"https:\/\/seryhumano.com\/web\/#website\",\"url\":\"https:\/\/seryhumano.com\/web\/\",\"name\":\"SeryHumano.com\",\"description\":\"Revista digital muy humana, donde lo mas importante es el Ser...\",\"publisher\":{\"@id\":\"https:\/\/seryhumano.com\/web\/#organization\"},\"potentialAction\":[{\"@type\":\"SearchAction\",\"target\":{\"@type\":\"EntryPoint\",\"urlTemplate\":\"https:\/\/seryhumano.com\/web\/?s={search_term_string}\"},\"query-input\":{\"@type\":\"PropertyValueSpecification\",\"valueRequired\":true,\"valueName\":\"search_term_string\"}}],\"inLanguage\":\"es\"},{\"@type\":\"Organization\",\"@id\":\"https:\/\/seryhumano.com\/web\/#organization\",\"name\":\"SeryHumano.com\",\"url\":\"https:\/\/seryhumano.com\/web\/\",\"logo\":{\"@type\":\"ImageObject\",\"inLanguage\":\"es\",\"@id\":\"https:\/\/seryhumano.com\/web\/#\/schema\/logo\/image\/\",\"url\":\"https:\/\/seryhumano.com\/web\/wp-content\/uploads\/2020\/02\/JNe5VRwH_400x400-2.jpg\",\"contentUrl\":\"https:\/\/seryhumano.com\/web\/wp-content\/uploads\/2020\/02\/JNe5VRwH_400x400-2.jpg\",\"width\":400,\"height\":400,\"caption\":\"SeryHumano.com\"},\"image\":{\"@id\":\"https:\/\/seryhumano.com\/web\/#\/schema\/logo\/image\/\"},\"sameAs\":[\"https:\/\/www.facebook.com\/seryhumano\/\",\"https:\/\/x.com\/SeryHumano\",\"https:\/\/www.instagram.com\/seryhumano\/\",\"https:\/\/www.linkedin.com\/company\/seryhumano-com\/\",\"https:\/\/www.youtube.com\/channel\/UCYfgIGSxygVnJAW0e9ZBZWg\"]},{\"@type\":\"Person\",\"@id\":\"https:\/\/seryhumano.com\/web\/#\/schema\/person\/fd30e8e0b394a62344b44d9b0fe75795\",\"name\":\"@herrera_yosmar\",\"description\":\"Eterna enamorada de la vida, comunicadora, mam\u00e1 de tres\",\"sameAs\":[\"http:\/\/seryhumano.com\"],\"url\":\"https:\/\/seryhumano.com\/web\/?author=2\"}]}<\/script>\n<!-- \/ Yoast SEO plugin. -->","yoast_head_json":{"title":"Una de cada ocho personas en el mundo padece hambre, seg\u00fan la ONU &#187; SeryHumano.com","robots":{"index":"index","follow":"follow","max-snippet":"max-snippet:-1","max-image-preview":"max-image-preview:large","max-video-preview":"max-video-preview:-1"},"canonical":"https:\/\/seryhumano.com\/web\/?p=7825","og_locale":"es_ES","og_type":"article","og_title":"Una de cada ocho personas en el mundo padece hambre, seg\u00fan la ONU &#187; SeryHumano.com","og_description":"Una de cada ocho personas en el mundo sufre desnutrici\u00f3n cr\u00f3nica, dijeron las agencias alimentarias de Naciones Unidas, advirtiendo a los l\u00edderes mundiales de que algunas regiones no conseguir\u00e1n reducir a la mitad el n\u00famero de personas afectadas por el hambre para 2015. En su \u00faltimo informe sobre inseguridad alimentaria, las agencias de la ONU&hellip;","og_url":"https:\/\/seryhumano.com\/web\/?p=7825","og_site_name":"SeryHumano.com","article_publisher":"https:\/\/www.facebook.com\/seryhumano\/","article_published_time":"2013-10-02T02:52:04+00:00","article_modified_time":"2013-10-03T03:38:41+00:00","og_image":[{"width":910,"height":227,"url":"https:\/\/seryhumano.com\/web\/wp-content\/uploads\/2013\/10\/featuresliderhambre.jpg","type":"image\/jpeg"}],"author":"@herrera_yosmar","twitter_card":"summary_large_image","twitter_creator":"@SeryHumano","twitter_site":"@SeryHumano","twitter_misc":{"Escrito por":"@herrera_yosmar","Tiempo de lectura":"2 minutos"},"schema":{"@context":"https:\/\/schema.org","@graph":[{"@type":"Article","@id":"https:\/\/seryhumano.com\/web\/?p=7825#article","isPartOf":{"@id":"https:\/\/seryhumano.com\/web\/?p=7825"},"author":{"name":"@herrera_yosmar","@id":"https:\/\/seryhumano.com\/web\/#\/schema\/person\/fd30e8e0b394a62344b44d9b0fe75795"},"headline":"Una de cada ocho personas en el mundo padece hambre, seg\u00fan la ONU","datePublished":"2013-10-02T02:52:04+00:00","dateModified":"2013-10-03T03:38:41+00:00","mainEntityOfPage":{"@id":"https:\/\/seryhumano.com\/web\/?p=7825"},"wordCount":487,"publisher":{"@id":"https:\/\/seryhumano.com\/web\/#organization"},"image":{"@id":"https:\/\/seryhumano.com\/web\/?p=7825#primaryimage"},"thumbnailUrl":"https:\/\/seryhumano.com\/web\/wp-content\/uploads\/2013\/10\/featuresliderhambre.jpg","keywords":["Slider"],"articleSection":["Noticias","Ser Saludable"],"inLanguage":"es"},{"@type":"WebPage","@id":"https:\/\/seryhumano.com\/web\/?p=7825","url":"https:\/\/seryhumano.com\/web\/?p=7825","name":"Una de cada ocho personas en el mundo padece hambre, seg\u00fan la ONU &#187; SeryHumano.com","isPartOf":{"@id":"https:\/\/seryhumano.com\/web\/#website"},"primaryImageOfPage":{"@id":"https:\/\/seryhumano.com\/web\/?p=7825#primaryimage"},"image":{"@id":"https:\/\/seryhumano.com\/web\/?p=7825#primaryimage"},"thumbnailUrl":"https:\/\/seryhumano.com\/web\/wp-content\/uploads\/2013\/10\/featuresliderhambre.jpg","datePublished":"2013-10-02T02:52:04+00:00","dateModified":"2013-10-03T03:38:41+00:00","breadcrumb":{"@id":"https:\/\/seryhumano.com\/web\/?p=7825#breadcrumb"},"inLanguage":"es","potentialAction":[{"@type":"ReadAction","target":["https:\/\/seryhumano.com\/web\/?p=7825"]}]},{"@type":"ImageObject","inLanguage":"es","@id":"https:\/\/seryhumano.com\/web\/?p=7825#primaryimage","url":"https:\/\/seryhumano.com\/web\/wp-content\/uploads\/2013\/10\/featuresliderhambre.jpg","contentUrl":"https:\/\/seryhumano.com\/web\/wp-content\/uploads\/2013\/10\/featuresliderhambre.jpg","width":910,"height":227},{"@type":"BreadcrumbList","@id":"https:\/\/seryhumano.com\/web\/?p=7825#breadcrumb","itemListElement":[{"@type":"ListItem","position":1,"name":"Portada","item":"https:\/\/seryhumano.com\/web\/"},{"@type":"ListItem","position":2,"name":"Una de cada ocho personas en el mundo padece hambre, seg\u00fan la ONU"}]},{"@type":"WebSite","@id":"https:\/\/seryhumano.com\/web\/#website","url":"https:\/\/seryhumano.com\/web\/","name":"SeryHumano.com","description":"Revista digital muy humana, donde lo mas importante es el Ser...","publisher":{"@id":"https:\/\/seryhumano.com\/web\/#organization"},"potentialAction":[{"@type":"SearchAction","target":{"@type":"EntryPoint","urlTemplate":"https:\/\/seryhumano.com\/web\/?s={search_term_string}"},"query-input":{"@type":"PropertyValueSpecification","valueRequired":true,"valueName":"search_term_string"}}],"inLanguage":"es"},{"@type":"Organization","@id":"https:\/\/seryhumano.com\/web\/#organization","name":"SeryHumano.com","url":"https:\/\/seryhumano.com\/web\/","logo":{"@type":"ImageObject","inLanguage":"es","@id":"https:\/\/seryhumano.com\/web\/#\/schema\/logo\/image\/","url":"https:\/\/seryhumano.com\/web\/wp-content\/uploads\/2020\/02\/JNe5VRwH_400x400-2.jpg","contentUrl":"https:\/\/seryhumano.com\/web\/wp-content\/uploads\/2020\/02\/JNe5VRwH_400x400-2.jpg","width":400,"height":400,"caption":"SeryHumano.com"},"image":{"@id":"https:\/\/seryhumano.com\/web\/#\/schema\/logo\/image\/"},"sameAs":["https:\/\/www.facebook.com\/seryhumano\/","https:\/\/x.com\/SeryHumano","https:\/\/www.instagram.com\/seryhumano\/","https:\/\/www.linkedin.com\/company\/seryhumano-com\/","https:\/\/www.youtube.com\/channel\/UCYfgIGSxygVnJAW0e9ZBZWg"]},{"@type":"Person","@id":"https:\/\/seryhumano.com\/web\/#\/schema\/person\/fd30e8e0b394a62344b44d9b0fe75795","name":"@herrera_yosmar","description":"Eterna enamorada de la vida, comunicadora, mam\u00e1 de tres","sameAs":["http:\/\/seryhumano.com"],"url":"https:\/\/seryhumano.com\/web\/?author=2"}]}},"_links":{"self":[{"href":"https:\/\/seryhumano.com\/web\/index.php?rest_route=\/wp\/v2\/posts\/7825","targetHints":{"allow":["GET"]}}],"collection":[{"href":"https:\/\/seryhumano.com\/web\/index.php?rest_route=\/wp\/v2\/posts"}],"about":[{"href":"https:\/\/seryhumano.com\/web\/index.php?rest_route=\/wp\/v2\/types\/post"}],"author":[{"embeddable":true,"href":"https:\/\/seryhumano.com\/web\/index.php?rest_route=\/wp\/v2\/users\/2"}],"replies":[{"embeddable":true,"href":"https:\/\/seryhumano.com\/web\/index.php?rest_route=%2Fwp%2Fv2%2Fcomments&post=7825"}],"version-history":[{"count":0,"href":"https:\/\/seryhumano.com\/web\/index.php?rest_route=\/wp\/v2\/posts\/7825\/revisions"}],"wp:featuredmedia":[{"embeddable":true,"href":"https:\/\/seryhumano.com\/web\/index.php?rest_route=\/wp\/v2\/media\/7868"}],"wp:attachment":[{"href":"https:\/\/seryhumano.com\/web\/index.php?rest_route=%2Fwp%2Fv2%2Fmedia&parent=7825"}],"wp:term":[{"taxonomy":"category","embeddable":true,"href":"https:\/\/seryhumano.com\/web\/index.php?rest_route=%2Fwp%2Fv2%2Fcategories&post=7825"},{"taxonomy":"post_tag","embeddable":true,"href":"https:\/\/seryhumano.com\/web\/index.php?rest_route=%2Fwp%2Fv2%2Ftags&post=7825"}],"curies":[{"name":"wp","href":"https:\/\/api.w.org\/{rel}","templated":true}]}}