{"id":7840,"date":"2013-10-02T22:03:36","date_gmt":"2013-10-03T02:33:36","guid":{"rendered":"https:\/\/seryhumano.com\/web\/?p=7840"},"modified":"2013-10-02T23:15:07","modified_gmt":"2013-10-03T03:45:07","slug":"el-natalicio-de-richard-wagner-celebrado-por-la-osv","status":"publish","type":"post","link":"https:\/\/seryhumano.com\/web\/?p=7840","title":{"rendered":"El Natalicio de Richard  Wagner celebrado por la OSV"},"content":{"rendered":"<p><a href=\"https:\/\/seryhumano.com\/web\/?attachment_id=7842\" rel=\"attachment wp-att-7842\"><img loading=\"lazy\" decoding=\"async\" class=\"alignleft size-medium wp-image-7842\" alt=\"Wagner\" src=\"https:\/\/seryhumano.com\/web\/wp-content\/uploads\/2013\/10\/Wagner-227x300.jpg\" width=\"227\" height=\"300\" srcset=\"https:\/\/seryhumano.com\/web\/wp-content\/uploads\/2013\/10\/Wagner-227x300.jpg 227w, https:\/\/seryhumano.com\/web\/wp-content\/uploads\/2013\/10\/Wagner.jpg 245w\" sizes=\"auto, (max-width: 227px) 100vw, 227px\" \/><\/a>La\u00a0<b>Orquesta Sinf\u00f3nica de Venezuela<\/b>,\u00a0<i>Patrimonio Art\u00edstico y Cultural de la Naci\u00f3n<\/i>, celebra una gala alemana con un espectacular concierto en conmemoraci\u00f3n del D\u00eda de la Unidad de la Rep\u00fablica Federal Alemana y muy especialmente, del Bicentenario del Natalicio del compositor Richard Wagner. La cita es el jueves 3 de octubre a las 7:00 p.m. en la Sala Jos\u00e9 F\u00e9lix Ribas del Teatro Teresa Carre\u00f1o.<\/p>\n<p>La Orquesta Sinf\u00f3nica de Venezuela, OSV, ser\u00e1 dirigida por el Maestro Francisco Rettig, actual director de la Orquesta Sinf\u00f3nica de la Radio TV Rumana con sede en Bucarest, quien eligi\u00f3 <i>Preludio y Muerte de Amor <\/i>de la \u00d3pera <i>Trist\u00e1n e Isolda<\/i> de Wagner para iniciar el programa de esa noche, y luego <i>Sinfon\u00eda N\u00b04 en mi menor, opus 98<\/i> de Johannes Brahms.<\/p>\n<p>Richard Wagner (1813-1883) escribi\u00f3 el drama musical <i>Trist\u00e1n e Isolda<\/i> bas\u00e1ndose en una antigua leyenda germana que presentaba a trav\u00e9s de estos enamorados la complejidad del amor, el destino, la traici\u00f3n y la muerte, temas que encajaban perfectamente con el esp\u00edritu del per\u00edodo rom\u00e1ntico. En vida, Wagner supo de primera mano lo que las relaciones amorosas implican y eso se traduce en esta obra magn\u00edfica, donde eleva un monumento al que considera el m\u00e1s bello de todos los sue\u00f1os: el amor.<\/p>\n<p>Johannes Brahms (1833-1897) \u00a0escribi\u00f3 tan s\u00f3lo en un a\u00f1o y durante sus vacaciones estivales, su <i>Sinfon\u00eda N\u00b04 en mi menor, opus 98<\/i>. La obra representa su gran madurez como compositor. Su primera Sinfon\u00eda tard\u00f3 20 a\u00f1os en ser escrita, \u00e9sta en cambio no. El clima y la pasi\u00f3n por expresarse se plasmaron en una obra de gran riqueza musical, complejidad t\u00e9cnica y belleza sonora. A la muerte de Wagner se le consider\u00f3 como el compositor m\u00e1s relevante de la \u00e9poca.<a href=\"https:\/\/seryhumano.com\/web\/?attachment_id=7844\" rel=\"attachment wp-att-7844\"><img loading=\"lazy\" decoding=\"async\" class=\"alignright size-medium wp-image-7844\" alt=\"Francisco Rettig - DirectorBR\" src=\"https:\/\/seryhumano.com\/web\/wp-content\/uploads\/2013\/10\/Francisco-Rettig-DirectorBR-199x300.jpg\" width=\"199\" height=\"300\" srcset=\"https:\/\/seryhumano.com\/web\/wp-content\/uploads\/2013\/10\/Francisco-Rettig-DirectorBR-199x300.jpg 199w, https:\/\/seryhumano.com\/web\/wp-content\/uploads\/2013\/10\/Francisco-Rettig-DirectorBR-682x1024.jpg 682w, https:\/\/seryhumano.com\/web\/wp-content\/uploads\/2013\/10\/Francisco-Rettig-DirectorBR.jpg 1685w\" sizes=\"auto, (max-width: 199px) 100vw, 199px\" \/><\/a><\/p>\n<p>Este concierto guarda gran importancia para la OSV, pues ser\u00e1 dirigida por el maestro Francisco Rettig, de origen chileno-italiano, considerado uno de los m\u00e1s destacados directores de orquesta del mundo sinf\u00f3nico.<\/p>\n<p>De gran temperamento y perfecto equilibrio entre t\u00e9cnica y musicalidad, destaca por su elegancia y su gran autoridad musical. Rettig ha sido reconocido por su trabajo en Am\u00e9rica Latina, Europa y Estados Unidos. Su presencia en Venezuela nos llena de orgullo y de all\u00ed la invitaci\u00f3n a celebrar esta hermosa gala alemana en la Sala Jos\u00e9 F\u00e9lix Ribas del Teatro Teresa Carre\u00f1o<\/p>\n<p>Sin duda alguna, el p\u00fablico caraque\u00f1o disfrutar\u00e1 del gran talento del maestro Rettig, con dos obras magn\u00edficas que representan la alegr\u00eda y el drama de existir y amar. \u00a1Los esperamos!<\/p>\n<p>[youtube]http:\/\/www.youtube.com\/watch?v=5owplUAW9E8[\/youtube]<\/p>\n<p>seryhumano.com \/ Evelyn Navas<\/p>\n<p>&nbsp;<\/p>\n","protected":false},"excerpt":{"rendered":"<p>La\u00a0Orquesta Sinf\u00f3nica de Venezuela,\u00a0Patrimonio Art\u00edstico y Cultural de la Naci\u00f3n, celebra una gala alemana con un espectacular concierto en conmemoraci\u00f3n del D\u00eda de la Unidad de la Rep\u00fablica Federal Alemana y muy especialmente, del Bicentenario del Natalicio del compositor Richard Wagner. La cita es el jueves 3 de octubre a las 7:00 p.m. en la&hellip;<\/p>\n","protected":false},"author":2,"featured_media":7873,"comment_status":"closed","ping_status":"closed","sticky":false,"template":"","format":"standard","meta":{"footnotes":""},"categories":[114],"tags":[111],"class_list":["post-7840","post","type-post","status-publish","format-standard","has-post-thumbnail","hentry","category-sonidos","tag-slider","category-114","description-off"],"yoast_head":"<!-- This site is optimized with the Yoast SEO plugin v25.4 - https:\/\/yoast.com\/wordpress\/plugins\/seo\/ -->\n<title>El Natalicio de Richard Wagner celebrado por la OSV &#187; SeryHumano.com<\/title>\n<meta name=\"robots\" content=\"index, follow, max-snippet:-1, max-image-preview:large, max-video-preview:-1\" \/>\n<link rel=\"canonical\" href=\"https:\/\/seryhumano.com\/web\/?p=7840\" \/>\n<meta property=\"og:locale\" content=\"es_ES\" \/>\n<meta property=\"og:type\" content=\"article\" \/>\n<meta property=\"og:title\" content=\"El Natalicio de Richard Wagner celebrado por la OSV &#187; SeryHumano.com\" \/>\n<meta property=\"og:description\" content=\"La\u00a0Orquesta Sinf\u00f3nica de Venezuela,\u00a0Patrimonio Art\u00edstico y Cultural de la Naci\u00f3n, celebra una gala alemana con un espectacular concierto en conmemoraci\u00f3n del D\u00eda de la Unidad de la Rep\u00fablica Federal Alemana y muy especialmente, del Bicentenario del Natalicio del compositor Richard Wagner. La cita es el jueves 3 de octubre a las 7:00 p.m. en la&hellip;\" \/>\n<meta property=\"og:url\" content=\"https:\/\/seryhumano.com\/web\/?p=7840\" \/>\n<meta property=\"og:site_name\" content=\"SeryHumano.com\" \/>\n<meta property=\"article:publisher\" content=\"https:\/\/www.facebook.com\/seryhumano\/\" \/>\n<meta property=\"article:published_time\" content=\"2013-10-03T02:33:36+00:00\" \/>\n<meta property=\"article:modified_time\" content=\"2013-10-03T03:45:07+00:00\" \/>\n<meta property=\"og:image\" content=\"https:\/\/seryhumano.com\/web\/wp-content\/uploads\/2013\/10\/featureslider.jpg\" \/>\n\t<meta property=\"og:image:width\" content=\"910\" \/>\n\t<meta property=\"og:image:height\" content=\"227\" \/>\n\t<meta property=\"og:image:type\" content=\"image\/jpeg\" \/>\n<meta name=\"author\" content=\"@herrera_yosmar\" \/>\n<meta name=\"twitter:card\" content=\"summary_large_image\" \/>\n<meta name=\"twitter:creator\" content=\"@SeryHumano\" \/>\n<meta name=\"twitter:site\" content=\"@SeryHumano\" \/>\n<meta name=\"twitter:label1\" content=\"Escrito por\" \/>\n\t<meta name=\"twitter:data1\" content=\"@herrera_yosmar\" \/>\n\t<meta name=\"twitter:label2\" content=\"Tiempo de lectura\" \/>\n\t<meta name=\"twitter:data2\" content=\"2 minutos\" \/>\n<script type=\"application\/ld+json\" class=\"yoast-schema-graph\">{\"@context\":\"https:\/\/schema.org\",\"@graph\":[{\"@type\":\"Article\",\"@id\":\"https:\/\/seryhumano.com\/web\/?p=7840#article\",\"isPartOf\":{\"@id\":\"https:\/\/seryhumano.com\/web\/?p=7840\"},\"author\":{\"name\":\"@herrera_yosmar\",\"@id\":\"https:\/\/seryhumano.com\/web\/#\/schema\/person\/fd30e8e0b394a62344b44d9b0fe75795\"},\"headline\":\"El Natalicio de Richard Wagner celebrado por la OSV\",\"datePublished\":\"2013-10-03T02:33:36+00:00\",\"dateModified\":\"2013-10-03T03:45:07+00:00\",\"mainEntityOfPage\":{\"@id\":\"https:\/\/seryhumano.com\/web\/?p=7840\"},\"wordCount\":472,\"publisher\":{\"@id\":\"https:\/\/seryhumano.com\/web\/#organization\"},\"image\":{\"@id\":\"https:\/\/seryhumano.com\/web\/?p=7840#primaryimage\"},\"thumbnailUrl\":\"https:\/\/seryhumano.com\/web\/wp-content\/uploads\/2013\/10\/featureslider.jpg\",\"keywords\":[\"Slider\"],\"articleSection\":[\"Sonidos del Ser\"],\"inLanguage\":\"es\"},{\"@type\":\"WebPage\",\"@id\":\"https:\/\/seryhumano.com\/web\/?p=7840\",\"url\":\"https:\/\/seryhumano.com\/web\/?p=7840\",\"name\":\"El Natalicio de Richard Wagner celebrado por la OSV &#187; SeryHumano.com\",\"isPartOf\":{\"@id\":\"https:\/\/seryhumano.com\/web\/#website\"},\"primaryImageOfPage\":{\"@id\":\"https:\/\/seryhumano.com\/web\/?p=7840#primaryimage\"},\"image\":{\"@id\":\"https:\/\/seryhumano.com\/web\/?p=7840#primaryimage\"},\"thumbnailUrl\":\"https:\/\/seryhumano.com\/web\/wp-content\/uploads\/2013\/10\/featureslider.jpg\",\"datePublished\":\"2013-10-03T02:33:36+00:00\",\"dateModified\":\"2013-10-03T03:45:07+00:00\",\"breadcrumb\":{\"@id\":\"https:\/\/seryhumano.com\/web\/?p=7840#breadcrumb\"},\"inLanguage\":\"es\",\"potentialAction\":[{\"@type\":\"ReadAction\",\"target\":[\"https:\/\/seryhumano.com\/web\/?p=7840\"]}]},{\"@type\":\"ImageObject\",\"inLanguage\":\"es\",\"@id\":\"https:\/\/seryhumano.com\/web\/?p=7840#primaryimage\",\"url\":\"https:\/\/seryhumano.com\/web\/wp-content\/uploads\/2013\/10\/featureslider.jpg\",\"contentUrl\":\"https:\/\/seryhumano.com\/web\/wp-content\/uploads\/2013\/10\/featureslider.jpg\",\"width\":910,\"height\":227},{\"@type\":\"BreadcrumbList\",\"@id\":\"https:\/\/seryhumano.com\/web\/?p=7840#breadcrumb\",\"itemListElement\":[{\"@type\":\"ListItem\",\"position\":1,\"name\":\"Portada\",\"item\":\"https:\/\/seryhumano.com\/web\/\"},{\"@type\":\"ListItem\",\"position\":2,\"name\":\"El Natalicio de Richard Wagner celebrado por la OSV\"}]},{\"@type\":\"WebSite\",\"@id\":\"https:\/\/seryhumano.com\/web\/#website\",\"url\":\"https:\/\/seryhumano.com\/web\/\",\"name\":\"SeryHumano.com\",\"description\":\"Revista digital muy humana, donde lo mas importante es el Ser...\",\"publisher\":{\"@id\":\"https:\/\/seryhumano.com\/web\/#organization\"},\"potentialAction\":[{\"@type\":\"SearchAction\",\"target\":{\"@type\":\"EntryPoint\",\"urlTemplate\":\"https:\/\/seryhumano.com\/web\/?s={search_term_string}\"},\"query-input\":{\"@type\":\"PropertyValueSpecification\",\"valueRequired\":true,\"valueName\":\"search_term_string\"}}],\"inLanguage\":\"es\"},{\"@type\":\"Organization\",\"@id\":\"https:\/\/seryhumano.com\/web\/#organization\",\"name\":\"SeryHumano.com\",\"url\":\"https:\/\/seryhumano.com\/web\/\",\"logo\":{\"@type\":\"ImageObject\",\"inLanguage\":\"es\",\"@id\":\"https:\/\/seryhumano.com\/web\/#\/schema\/logo\/image\/\",\"url\":\"https:\/\/seryhumano.com\/web\/wp-content\/uploads\/2020\/02\/JNe5VRwH_400x400-2.jpg\",\"contentUrl\":\"https:\/\/seryhumano.com\/web\/wp-content\/uploads\/2020\/02\/JNe5VRwH_400x400-2.jpg\",\"width\":400,\"height\":400,\"caption\":\"SeryHumano.com\"},\"image\":{\"@id\":\"https:\/\/seryhumano.com\/web\/#\/schema\/logo\/image\/\"},\"sameAs\":[\"https:\/\/www.facebook.com\/seryhumano\/\",\"https:\/\/x.com\/SeryHumano\",\"https:\/\/www.instagram.com\/seryhumano\/\",\"https:\/\/www.linkedin.com\/company\/seryhumano-com\/\",\"https:\/\/www.youtube.com\/channel\/UCYfgIGSxygVnJAW0e9ZBZWg\"]},{\"@type\":\"Person\",\"@id\":\"https:\/\/seryhumano.com\/web\/#\/schema\/person\/fd30e8e0b394a62344b44d9b0fe75795\",\"name\":\"@herrera_yosmar\",\"description\":\"Eterna enamorada de la vida, comunicadora, mam\u00e1 de tres\",\"sameAs\":[\"http:\/\/seryhumano.com\"],\"url\":\"https:\/\/seryhumano.com\/web\/?author=2\"}]}<\/script>\n<!-- \/ Yoast SEO plugin. -->","yoast_head_json":{"title":"El Natalicio de Richard Wagner celebrado por la OSV &#187; SeryHumano.com","robots":{"index":"index","follow":"follow","max-snippet":"max-snippet:-1","max-image-preview":"max-image-preview:large","max-video-preview":"max-video-preview:-1"},"canonical":"https:\/\/seryhumano.com\/web\/?p=7840","og_locale":"es_ES","og_type":"article","og_title":"El Natalicio de Richard Wagner celebrado por la OSV &#187; SeryHumano.com","og_description":"La\u00a0Orquesta Sinf\u00f3nica de Venezuela,\u00a0Patrimonio Art\u00edstico y Cultural de la Naci\u00f3n, celebra una gala alemana con un espectacular concierto en conmemoraci\u00f3n del D\u00eda de la Unidad de la Rep\u00fablica Federal Alemana y muy especialmente, del Bicentenario del Natalicio del compositor Richard Wagner. La cita es el jueves 3 de octubre a las 7:00 p.m. en la&hellip;","og_url":"https:\/\/seryhumano.com\/web\/?p=7840","og_site_name":"SeryHumano.com","article_publisher":"https:\/\/www.facebook.com\/seryhumano\/","article_published_time":"2013-10-03T02:33:36+00:00","article_modified_time":"2013-10-03T03:45:07+00:00","og_image":[{"width":910,"height":227,"url":"https:\/\/seryhumano.com\/web\/wp-content\/uploads\/2013\/10\/featureslider.jpg","type":"image\/jpeg"}],"author":"@herrera_yosmar","twitter_card":"summary_large_image","twitter_creator":"@SeryHumano","twitter_site":"@SeryHumano","twitter_misc":{"Escrito por":"@herrera_yosmar","Tiempo de lectura":"2 minutos"},"schema":{"@context":"https:\/\/schema.org","@graph":[{"@type":"Article","@id":"https:\/\/seryhumano.com\/web\/?p=7840#article","isPartOf":{"@id":"https:\/\/seryhumano.com\/web\/?p=7840"},"author":{"name":"@herrera_yosmar","@id":"https:\/\/seryhumano.com\/web\/#\/schema\/person\/fd30e8e0b394a62344b44d9b0fe75795"},"headline":"El Natalicio de Richard Wagner celebrado por la OSV","datePublished":"2013-10-03T02:33:36+00:00","dateModified":"2013-10-03T03:45:07+00:00","mainEntityOfPage":{"@id":"https:\/\/seryhumano.com\/web\/?p=7840"},"wordCount":472,"publisher":{"@id":"https:\/\/seryhumano.com\/web\/#organization"},"image":{"@id":"https:\/\/seryhumano.com\/web\/?p=7840#primaryimage"},"thumbnailUrl":"https:\/\/seryhumano.com\/web\/wp-content\/uploads\/2013\/10\/featureslider.jpg","keywords":["Slider"],"articleSection":["Sonidos del Ser"],"inLanguage":"es"},{"@type":"WebPage","@id":"https:\/\/seryhumano.com\/web\/?p=7840","url":"https:\/\/seryhumano.com\/web\/?p=7840","name":"El Natalicio de Richard Wagner celebrado por la OSV &#187; SeryHumano.com","isPartOf":{"@id":"https:\/\/seryhumano.com\/web\/#website"},"primaryImageOfPage":{"@id":"https:\/\/seryhumano.com\/web\/?p=7840#primaryimage"},"image":{"@id":"https:\/\/seryhumano.com\/web\/?p=7840#primaryimage"},"thumbnailUrl":"https:\/\/seryhumano.com\/web\/wp-content\/uploads\/2013\/10\/featureslider.jpg","datePublished":"2013-10-03T02:33:36+00:00","dateModified":"2013-10-03T03:45:07+00:00","breadcrumb":{"@id":"https:\/\/seryhumano.com\/web\/?p=7840#breadcrumb"},"inLanguage":"es","potentialAction":[{"@type":"ReadAction","target":["https:\/\/seryhumano.com\/web\/?p=7840"]}]},{"@type":"ImageObject","inLanguage":"es","@id":"https:\/\/seryhumano.com\/web\/?p=7840#primaryimage","url":"https:\/\/seryhumano.com\/web\/wp-content\/uploads\/2013\/10\/featureslider.jpg","contentUrl":"https:\/\/seryhumano.com\/web\/wp-content\/uploads\/2013\/10\/featureslider.jpg","width":910,"height":227},{"@type":"BreadcrumbList","@id":"https:\/\/seryhumano.com\/web\/?p=7840#breadcrumb","itemListElement":[{"@type":"ListItem","position":1,"name":"Portada","item":"https:\/\/seryhumano.com\/web\/"},{"@type":"ListItem","position":2,"name":"El Natalicio de Richard Wagner celebrado por la OSV"}]},{"@type":"WebSite","@id":"https:\/\/seryhumano.com\/web\/#website","url":"https:\/\/seryhumano.com\/web\/","name":"SeryHumano.com","description":"Revista digital muy humana, donde lo mas importante es el Ser...","publisher":{"@id":"https:\/\/seryhumano.com\/web\/#organization"},"potentialAction":[{"@type":"SearchAction","target":{"@type":"EntryPoint","urlTemplate":"https:\/\/seryhumano.com\/web\/?s={search_term_string}"},"query-input":{"@type":"PropertyValueSpecification","valueRequired":true,"valueName":"search_term_string"}}],"inLanguage":"es"},{"@type":"Organization","@id":"https:\/\/seryhumano.com\/web\/#organization","name":"SeryHumano.com","url":"https:\/\/seryhumano.com\/web\/","logo":{"@type":"ImageObject","inLanguage":"es","@id":"https:\/\/seryhumano.com\/web\/#\/schema\/logo\/image\/","url":"https:\/\/seryhumano.com\/web\/wp-content\/uploads\/2020\/02\/JNe5VRwH_400x400-2.jpg","contentUrl":"https:\/\/seryhumano.com\/web\/wp-content\/uploads\/2020\/02\/JNe5VRwH_400x400-2.jpg","width":400,"height":400,"caption":"SeryHumano.com"},"image":{"@id":"https:\/\/seryhumano.com\/web\/#\/schema\/logo\/image\/"},"sameAs":["https:\/\/www.facebook.com\/seryhumano\/","https:\/\/x.com\/SeryHumano","https:\/\/www.instagram.com\/seryhumano\/","https:\/\/www.linkedin.com\/company\/seryhumano-com\/","https:\/\/www.youtube.com\/channel\/UCYfgIGSxygVnJAW0e9ZBZWg"]},{"@type":"Person","@id":"https:\/\/seryhumano.com\/web\/#\/schema\/person\/fd30e8e0b394a62344b44d9b0fe75795","name":"@herrera_yosmar","description":"Eterna enamorada de la vida, comunicadora, mam\u00e1 de tres","sameAs":["http:\/\/seryhumano.com"],"url":"https:\/\/seryhumano.com\/web\/?author=2"}]}},"_links":{"self":[{"href":"https:\/\/seryhumano.com\/web\/index.php?rest_route=\/wp\/v2\/posts\/7840","targetHints":{"allow":["GET"]}}],"collection":[{"href":"https:\/\/seryhumano.com\/web\/index.php?rest_route=\/wp\/v2\/posts"}],"about":[{"href":"https:\/\/seryhumano.com\/web\/index.php?rest_route=\/wp\/v2\/types\/post"}],"author":[{"embeddable":true,"href":"https:\/\/seryhumano.com\/web\/index.php?rest_route=\/wp\/v2\/users\/2"}],"replies":[{"embeddable":true,"href":"https:\/\/seryhumano.com\/web\/index.php?rest_route=%2Fwp%2Fv2%2Fcomments&post=7840"}],"version-history":[{"count":0,"href":"https:\/\/seryhumano.com\/web\/index.php?rest_route=\/wp\/v2\/posts\/7840\/revisions"}],"wp:featuredmedia":[{"embeddable":true,"href":"https:\/\/seryhumano.com\/web\/index.php?rest_route=\/wp\/v2\/media\/7873"}],"wp:attachment":[{"href":"https:\/\/seryhumano.com\/web\/index.php?rest_route=%2Fwp%2Fv2%2Fmedia&parent=7840"}],"wp:term":[{"taxonomy":"category","embeddable":true,"href":"https:\/\/seryhumano.com\/web\/index.php?rest_route=%2Fwp%2Fv2%2Fcategories&post=7840"},{"taxonomy":"post_tag","embeddable":true,"href":"https:\/\/seryhumano.com\/web\/index.php?rest_route=%2Fwp%2Fv2%2Ftags&post=7840"}],"curies":[{"name":"wp","href":"https:\/\/api.w.org\/{rel}","templated":true}]}}