{"id":7863,"date":"2013-10-02T23:00:35","date_gmt":"2013-10-03T03:30:35","guid":{"rendered":"https:\/\/seryhumano.com\/web\/?p=7863"},"modified":"2013-10-02T23:21:24","modified_gmt":"2013-10-03T03:51:24","slug":"el-papa-francisco-narra-lo-que-sintio-y-penso-al-ser-elegido-en-el-conclave","status":"publish","type":"post","link":"https:\/\/seryhumano.com\/web\/?p=7863","title":{"rendered":"El Papa Francisco narra lo que sinti\u00f3 y pens\u00f3 al ser elegido en el C\u00f3nclave"},"content":{"rendered":"<p style=\"text-align: center;\">El Papa Francisco explic\u00f3 en una\u00a0entrevista con el director del diario italiano La Repubblica, Eugenio Scalfari, lo que sinti\u00f3 y pens\u00f3 luego de que fuera elegido como sucesor de San Pedro en el C\u00f3nclave de marzo de este a\u00f1o.<img decoding=\"async\" class=\"aligncenter  wp-image-7864\" alt=\"ppeleccionpapa011013\" src=\"https:\/\/seryhumano.com\/web\/wp-content\/uploads\/2013\/10\/ppeleccionpapa011013-300x204.jpg\" width=\"80%\" srcset=\"https:\/\/seryhumano.com\/web\/wp-content\/uploads\/2013\/10\/ppeleccionpapa011013-300x204.jpg 300w, https:\/\/seryhumano.com\/web\/wp-content\/uploads\/2013\/10\/ppeleccionpapa011013.jpg 500w\" sizes=\"(max-width: 300px) 100vw, 300px\" \/><\/p>\n<p>El Santo Padre recuerda que luego de ser elegido y antes de aceptar la elecci\u00f3n, \u201cped\u00ed poder retirarme por unos minutos en la habitaci\u00f3n contigua a la del balc\u00f3n que da a la plaza. Mi cabeza estaba completamente vac\u00eda y una gran ansiedad me invadi\u00f3\u201d.<\/p>\n<p style=\"text-align: center;\">\u201cPara relajarme cerr\u00e9 los ojos y todos mis pensamientos desaparecieron, tambi\u00e9n el de negarme a aceptar el cargo, tal y como consiente el procedimiento lit\u00fargico. Cerr\u00e9 los ojos y no vi m\u00e1s ansiedad o emotividad\u201d.<img decoding=\"async\" class=\"aligncenter  wp-image-7866\" alt=\"558896_202605179910606_1335384030_n\" src=\"https:\/\/seryhumano.com\/web\/wp-content\/uploads\/2013\/10\/558896_202605179910606_1335384030_n-300x204.jpg\" width=\"80%\" srcset=\"https:\/\/seryhumano.com\/web\/wp-content\/uploads\/2013\/10\/558896_202605179910606_1335384030_n-300x204.jpg 300w, https:\/\/seryhumano.com\/web\/wp-content\/uploads\/2013\/10\/558896_202605179910606_1335384030_n.jpg 500w\" sizes=\"(max-width: 300px) 100vw, 300px\" \/><\/p>\n<p>El Papa dijo luego que \u201cllegado a cierto punto, una gran luz me invadi\u00f3, dur\u00f3 un momento pero a m\u00ed me pareci\u00f3 largu\u00edsimo. Despu\u00e9s la luz se disip\u00f3, me alc\u00e9 de una y me dirig\u00ed a la habitaci\u00f3n donde me esperaban todos los cardenales\u00a0y la mesa sobre la que se encontraba el acta de aceptaci\u00f3n. La firm\u00e9, el Cardenal Camarlengo lo firm\u00f3 y despu\u00e9s, sobre el balc\u00f3n anunciaron el \u2018\u00a1Habemus Papam!\u2019\u201d, relat\u00f3.<\/p>\n<p>Los diarios del mundo entero se hicieron eco de las palabras del Papa Francisco al saludar por primera a los fieles desde el balc\u00f3n del Vaticano, pero no se conoc\u00eda hasta ahora los pensamientos del Papa antes de aceptar su elecci\u00f3n.<\/p>\n<p>\u201cHermanos y hermanas, buenas tardes, como saben el deber del c\u00f3nclave era dar un obispo a Roma, y mis hermanos\u00a0cardenales\u00a0se han ido a buscarlo casi al fin del mundo. Y aqu\u00ed estoy\u201d, dijo el Papa Francisco en sus primeras palabras.<\/p>\n<p>seryhumano.com<\/p>\n<p>Fuente: aciprensa.com<\/p>\n","protected":false},"excerpt":{"rendered":"<p>El Papa Francisco explic\u00f3 en una\u00a0entrevista con el director del diario italiano La Repubblica, Eugenio Scalfari, lo que sinti\u00f3 y pens\u00f3 luego de que fuera elegido como sucesor de San Pedro en el C\u00f3nclave de marzo de este a\u00f1o. El Santo Padre recuerda que luego de ser elegido y antes de aceptar la elecci\u00f3n, \u201cped\u00ed&hellip;<\/p>\n","protected":false},"author":2,"featured_media":7880,"comment_status":"closed","ping_status":"closed","sticky":false,"template":"","format":"standard","meta":{"footnotes":""},"categories":[113],"tags":[111],"class_list":["post-7863","post","type-post","status-publish","format-standard","has-post-thumbnail","hentry","category-gente","tag-slider","category-113","description-off"],"yoast_head":"<!-- This site is optimized with the Yoast SEO plugin v25.4 - https:\/\/yoast.com\/wordpress\/plugins\/seo\/ -->\n<title>El Papa Francisco narra lo que sinti\u00f3 y pens\u00f3 al ser elegido en el C\u00f3nclave &#187; SeryHumano.com<\/title>\n<meta name=\"robots\" content=\"index, follow, max-snippet:-1, max-image-preview:large, max-video-preview:-1\" \/>\n<link rel=\"canonical\" href=\"https:\/\/seryhumano.com\/web\/?p=7863\" \/>\n<meta property=\"og:locale\" content=\"es_ES\" \/>\n<meta property=\"og:type\" content=\"article\" \/>\n<meta property=\"og:title\" content=\"El Papa Francisco narra lo que sinti\u00f3 y pens\u00f3 al ser elegido en el C\u00f3nclave &#187; SeryHumano.com\" \/>\n<meta property=\"og:description\" content=\"El Papa Francisco explic\u00f3 en una\u00a0entrevista con el director del diario italiano La Repubblica, Eugenio Scalfari, lo que sinti\u00f3 y pens\u00f3 luego de que fuera elegido como sucesor de San Pedro en el C\u00f3nclave de marzo de este a\u00f1o. El Santo Padre recuerda que luego de ser elegido y antes de aceptar la elecci\u00f3n, \u201cped\u00ed&hellip;\" \/>\n<meta property=\"og:url\" content=\"https:\/\/seryhumano.com\/web\/?p=7863\" \/>\n<meta property=\"og:site_name\" content=\"SeryHumano.com\" \/>\n<meta property=\"article:publisher\" content=\"https:\/\/www.facebook.com\/seryhumano\/\" \/>\n<meta property=\"article:published_time\" content=\"2013-10-03T03:30:35+00:00\" \/>\n<meta property=\"article:modified_time\" content=\"2013-10-03T03:51:24+00:00\" \/>\n<meta property=\"og:image\" content=\"https:\/\/seryhumano.com\/web\/wp-content\/uploads\/2013\/10\/featureslider_papa.jpg\" \/>\n\t<meta property=\"og:image:width\" content=\"910\" \/>\n\t<meta property=\"og:image:height\" content=\"227\" \/>\n\t<meta property=\"og:image:type\" content=\"image\/jpeg\" \/>\n<meta name=\"author\" content=\"@herrera_yosmar\" \/>\n<meta name=\"twitter:card\" content=\"summary_large_image\" \/>\n<meta name=\"twitter:creator\" content=\"@SeryHumano\" \/>\n<meta name=\"twitter:site\" content=\"@SeryHumano\" \/>\n<meta name=\"twitter:label1\" content=\"Escrito por\" \/>\n\t<meta name=\"twitter:data1\" content=\"@herrera_yosmar\" \/>\n\t<meta name=\"twitter:label2\" content=\"Tiempo de lectura\" \/>\n\t<meta name=\"twitter:data2\" content=\"2 minutos\" \/>\n<script type=\"application\/ld+json\" class=\"yoast-schema-graph\">{\"@context\":\"https:\/\/schema.org\",\"@graph\":[{\"@type\":\"Article\",\"@id\":\"https:\/\/seryhumano.com\/web\/?p=7863#article\",\"isPartOf\":{\"@id\":\"https:\/\/seryhumano.com\/web\/?p=7863\"},\"author\":{\"name\":\"@herrera_yosmar\",\"@id\":\"https:\/\/seryhumano.com\/web\/#\/schema\/person\/fd30e8e0b394a62344b44d9b0fe75795\"},\"headline\":\"El Papa Francisco narra lo que sinti\u00f3 y pens\u00f3 al ser elegido en el C\u00f3nclave\",\"datePublished\":\"2013-10-03T03:30:35+00:00\",\"dateModified\":\"2013-10-03T03:51:24+00:00\",\"mainEntityOfPage\":{\"@id\":\"https:\/\/seryhumano.com\/web\/?p=7863\"},\"wordCount\":316,\"publisher\":{\"@id\":\"https:\/\/seryhumano.com\/web\/#organization\"},\"image\":{\"@id\":\"https:\/\/seryhumano.com\/web\/?p=7863#primaryimage\"},\"thumbnailUrl\":\"https:\/\/seryhumano.com\/web\/wp-content\/uploads\/2013\/10\/featureslider_papa.jpg\",\"keywords\":[\"Slider\"],\"articleSection\":[\"Gente\"],\"inLanguage\":\"es\"},{\"@type\":\"WebPage\",\"@id\":\"https:\/\/seryhumano.com\/web\/?p=7863\",\"url\":\"https:\/\/seryhumano.com\/web\/?p=7863\",\"name\":\"El Papa Francisco narra lo que sinti\u00f3 y pens\u00f3 al ser elegido en el C\u00f3nclave &#187; SeryHumano.com\",\"isPartOf\":{\"@id\":\"https:\/\/seryhumano.com\/web\/#website\"},\"primaryImageOfPage\":{\"@id\":\"https:\/\/seryhumano.com\/web\/?p=7863#primaryimage\"},\"image\":{\"@id\":\"https:\/\/seryhumano.com\/web\/?p=7863#primaryimage\"},\"thumbnailUrl\":\"https:\/\/seryhumano.com\/web\/wp-content\/uploads\/2013\/10\/featureslider_papa.jpg\",\"datePublished\":\"2013-10-03T03:30:35+00:00\",\"dateModified\":\"2013-10-03T03:51:24+00:00\",\"breadcrumb\":{\"@id\":\"https:\/\/seryhumano.com\/web\/?p=7863#breadcrumb\"},\"inLanguage\":\"es\",\"potentialAction\":[{\"@type\":\"ReadAction\",\"target\":[\"https:\/\/seryhumano.com\/web\/?p=7863\"]}]},{\"@type\":\"ImageObject\",\"inLanguage\":\"es\",\"@id\":\"https:\/\/seryhumano.com\/web\/?p=7863#primaryimage\",\"url\":\"https:\/\/seryhumano.com\/web\/wp-content\/uploads\/2013\/10\/featureslider_papa.jpg\",\"contentUrl\":\"https:\/\/seryhumano.com\/web\/wp-content\/uploads\/2013\/10\/featureslider_papa.jpg\",\"width\":910,\"height\":227},{\"@type\":\"BreadcrumbList\",\"@id\":\"https:\/\/seryhumano.com\/web\/?p=7863#breadcrumb\",\"itemListElement\":[{\"@type\":\"ListItem\",\"position\":1,\"name\":\"Portada\",\"item\":\"https:\/\/seryhumano.com\/web\/\"},{\"@type\":\"ListItem\",\"position\":2,\"name\":\"El Papa Francisco narra lo que sinti\u00f3 y pens\u00f3 al ser elegido en el C\u00f3nclave\"}]},{\"@type\":\"WebSite\",\"@id\":\"https:\/\/seryhumano.com\/web\/#website\",\"url\":\"https:\/\/seryhumano.com\/web\/\",\"name\":\"SeryHumano.com\",\"description\":\"Revista digital muy humana, donde lo mas importante es el Ser...\",\"publisher\":{\"@id\":\"https:\/\/seryhumano.com\/web\/#organization\"},\"potentialAction\":[{\"@type\":\"SearchAction\",\"target\":{\"@type\":\"EntryPoint\",\"urlTemplate\":\"https:\/\/seryhumano.com\/web\/?s={search_term_string}\"},\"query-input\":{\"@type\":\"PropertyValueSpecification\",\"valueRequired\":true,\"valueName\":\"search_term_string\"}}],\"inLanguage\":\"es\"},{\"@type\":\"Organization\",\"@id\":\"https:\/\/seryhumano.com\/web\/#organization\",\"name\":\"SeryHumano.com\",\"url\":\"https:\/\/seryhumano.com\/web\/\",\"logo\":{\"@type\":\"ImageObject\",\"inLanguage\":\"es\",\"@id\":\"https:\/\/seryhumano.com\/web\/#\/schema\/logo\/image\/\",\"url\":\"https:\/\/seryhumano.com\/web\/wp-content\/uploads\/2020\/02\/JNe5VRwH_400x400-2.jpg\",\"contentUrl\":\"https:\/\/seryhumano.com\/web\/wp-content\/uploads\/2020\/02\/JNe5VRwH_400x400-2.jpg\",\"width\":400,\"height\":400,\"caption\":\"SeryHumano.com\"},\"image\":{\"@id\":\"https:\/\/seryhumano.com\/web\/#\/schema\/logo\/image\/\"},\"sameAs\":[\"https:\/\/www.facebook.com\/seryhumano\/\",\"https:\/\/x.com\/SeryHumano\",\"https:\/\/www.instagram.com\/seryhumano\/\",\"https:\/\/www.linkedin.com\/company\/seryhumano-com\/\",\"https:\/\/www.youtube.com\/channel\/UCYfgIGSxygVnJAW0e9ZBZWg\"]},{\"@type\":\"Person\",\"@id\":\"https:\/\/seryhumano.com\/web\/#\/schema\/person\/fd30e8e0b394a62344b44d9b0fe75795\",\"name\":\"@herrera_yosmar\",\"description\":\"Eterna enamorada de la vida, comunicadora, mam\u00e1 de tres\",\"sameAs\":[\"http:\/\/seryhumano.com\"],\"url\":\"https:\/\/seryhumano.com\/web\/?author=2\"}]}<\/script>\n<!-- \/ Yoast SEO plugin. -->","yoast_head_json":{"title":"El Papa Francisco narra lo que sinti\u00f3 y pens\u00f3 al ser elegido en el C\u00f3nclave &#187; SeryHumano.com","robots":{"index":"index","follow":"follow","max-snippet":"max-snippet:-1","max-image-preview":"max-image-preview:large","max-video-preview":"max-video-preview:-1"},"canonical":"https:\/\/seryhumano.com\/web\/?p=7863","og_locale":"es_ES","og_type":"article","og_title":"El Papa Francisco narra lo que sinti\u00f3 y pens\u00f3 al ser elegido en el C\u00f3nclave &#187; SeryHumano.com","og_description":"El Papa Francisco explic\u00f3 en una\u00a0entrevista con el director del diario italiano La Repubblica, Eugenio Scalfari, lo que sinti\u00f3 y pens\u00f3 luego de que fuera elegido como sucesor de San Pedro en el C\u00f3nclave de marzo de este a\u00f1o. El Santo Padre recuerda que luego de ser elegido y antes de aceptar la elecci\u00f3n, \u201cped\u00ed&hellip;","og_url":"https:\/\/seryhumano.com\/web\/?p=7863","og_site_name":"SeryHumano.com","article_publisher":"https:\/\/www.facebook.com\/seryhumano\/","article_published_time":"2013-10-03T03:30:35+00:00","article_modified_time":"2013-10-03T03:51:24+00:00","og_image":[{"width":910,"height":227,"url":"https:\/\/seryhumano.com\/web\/wp-content\/uploads\/2013\/10\/featureslider_papa.jpg","type":"image\/jpeg"}],"author":"@herrera_yosmar","twitter_card":"summary_large_image","twitter_creator":"@SeryHumano","twitter_site":"@SeryHumano","twitter_misc":{"Escrito por":"@herrera_yosmar","Tiempo de lectura":"2 minutos"},"schema":{"@context":"https:\/\/schema.org","@graph":[{"@type":"Article","@id":"https:\/\/seryhumano.com\/web\/?p=7863#article","isPartOf":{"@id":"https:\/\/seryhumano.com\/web\/?p=7863"},"author":{"name":"@herrera_yosmar","@id":"https:\/\/seryhumano.com\/web\/#\/schema\/person\/fd30e8e0b394a62344b44d9b0fe75795"},"headline":"El Papa Francisco narra lo que sinti\u00f3 y pens\u00f3 al ser elegido en el C\u00f3nclave","datePublished":"2013-10-03T03:30:35+00:00","dateModified":"2013-10-03T03:51:24+00:00","mainEntityOfPage":{"@id":"https:\/\/seryhumano.com\/web\/?p=7863"},"wordCount":316,"publisher":{"@id":"https:\/\/seryhumano.com\/web\/#organization"},"image":{"@id":"https:\/\/seryhumano.com\/web\/?p=7863#primaryimage"},"thumbnailUrl":"https:\/\/seryhumano.com\/web\/wp-content\/uploads\/2013\/10\/featureslider_papa.jpg","keywords":["Slider"],"articleSection":["Gente"],"inLanguage":"es"},{"@type":"WebPage","@id":"https:\/\/seryhumano.com\/web\/?p=7863","url":"https:\/\/seryhumano.com\/web\/?p=7863","name":"El Papa Francisco narra lo que sinti\u00f3 y pens\u00f3 al ser elegido en el C\u00f3nclave &#187; SeryHumano.com","isPartOf":{"@id":"https:\/\/seryhumano.com\/web\/#website"},"primaryImageOfPage":{"@id":"https:\/\/seryhumano.com\/web\/?p=7863#primaryimage"},"image":{"@id":"https:\/\/seryhumano.com\/web\/?p=7863#primaryimage"},"thumbnailUrl":"https:\/\/seryhumano.com\/web\/wp-content\/uploads\/2013\/10\/featureslider_papa.jpg","datePublished":"2013-10-03T03:30:35+00:00","dateModified":"2013-10-03T03:51:24+00:00","breadcrumb":{"@id":"https:\/\/seryhumano.com\/web\/?p=7863#breadcrumb"},"inLanguage":"es","potentialAction":[{"@type":"ReadAction","target":["https:\/\/seryhumano.com\/web\/?p=7863"]}]},{"@type":"ImageObject","inLanguage":"es","@id":"https:\/\/seryhumano.com\/web\/?p=7863#primaryimage","url":"https:\/\/seryhumano.com\/web\/wp-content\/uploads\/2013\/10\/featureslider_papa.jpg","contentUrl":"https:\/\/seryhumano.com\/web\/wp-content\/uploads\/2013\/10\/featureslider_papa.jpg","width":910,"height":227},{"@type":"BreadcrumbList","@id":"https:\/\/seryhumano.com\/web\/?p=7863#breadcrumb","itemListElement":[{"@type":"ListItem","position":1,"name":"Portada","item":"https:\/\/seryhumano.com\/web\/"},{"@type":"ListItem","position":2,"name":"El Papa Francisco narra lo que sinti\u00f3 y pens\u00f3 al ser elegido en el C\u00f3nclave"}]},{"@type":"WebSite","@id":"https:\/\/seryhumano.com\/web\/#website","url":"https:\/\/seryhumano.com\/web\/","name":"SeryHumano.com","description":"Revista digital muy humana, donde lo mas importante es el Ser...","publisher":{"@id":"https:\/\/seryhumano.com\/web\/#organization"},"potentialAction":[{"@type":"SearchAction","target":{"@type":"EntryPoint","urlTemplate":"https:\/\/seryhumano.com\/web\/?s={search_term_string}"},"query-input":{"@type":"PropertyValueSpecification","valueRequired":true,"valueName":"search_term_string"}}],"inLanguage":"es"},{"@type":"Organization","@id":"https:\/\/seryhumano.com\/web\/#organization","name":"SeryHumano.com","url":"https:\/\/seryhumano.com\/web\/","logo":{"@type":"ImageObject","inLanguage":"es","@id":"https:\/\/seryhumano.com\/web\/#\/schema\/logo\/image\/","url":"https:\/\/seryhumano.com\/web\/wp-content\/uploads\/2020\/02\/JNe5VRwH_400x400-2.jpg","contentUrl":"https:\/\/seryhumano.com\/web\/wp-content\/uploads\/2020\/02\/JNe5VRwH_400x400-2.jpg","width":400,"height":400,"caption":"SeryHumano.com"},"image":{"@id":"https:\/\/seryhumano.com\/web\/#\/schema\/logo\/image\/"},"sameAs":["https:\/\/www.facebook.com\/seryhumano\/","https:\/\/x.com\/SeryHumano","https:\/\/www.instagram.com\/seryhumano\/","https:\/\/www.linkedin.com\/company\/seryhumano-com\/","https:\/\/www.youtube.com\/channel\/UCYfgIGSxygVnJAW0e9ZBZWg"]},{"@type":"Person","@id":"https:\/\/seryhumano.com\/web\/#\/schema\/person\/fd30e8e0b394a62344b44d9b0fe75795","name":"@herrera_yosmar","description":"Eterna enamorada de la vida, comunicadora, mam\u00e1 de tres","sameAs":["http:\/\/seryhumano.com"],"url":"https:\/\/seryhumano.com\/web\/?author=2"}]}},"_links":{"self":[{"href":"https:\/\/seryhumano.com\/web\/index.php?rest_route=\/wp\/v2\/posts\/7863","targetHints":{"allow":["GET"]}}],"collection":[{"href":"https:\/\/seryhumano.com\/web\/index.php?rest_route=\/wp\/v2\/posts"}],"about":[{"href":"https:\/\/seryhumano.com\/web\/index.php?rest_route=\/wp\/v2\/types\/post"}],"author":[{"embeddable":true,"href":"https:\/\/seryhumano.com\/web\/index.php?rest_route=\/wp\/v2\/users\/2"}],"replies":[{"embeddable":true,"href":"https:\/\/seryhumano.com\/web\/index.php?rest_route=%2Fwp%2Fv2%2Fcomments&post=7863"}],"version-history":[{"count":0,"href":"https:\/\/seryhumano.com\/web\/index.php?rest_route=\/wp\/v2\/posts\/7863\/revisions"}],"wp:featuredmedia":[{"embeddable":true,"href":"https:\/\/seryhumano.com\/web\/index.php?rest_route=\/wp\/v2\/media\/7880"}],"wp:attachment":[{"href":"https:\/\/seryhumano.com\/web\/index.php?rest_route=%2Fwp%2Fv2%2Fmedia&parent=7863"}],"wp:term":[{"taxonomy":"category","embeddable":true,"href":"https:\/\/seryhumano.com\/web\/index.php?rest_route=%2Fwp%2Fv2%2Fcategories&post=7863"},{"taxonomy":"post_tag","embeddable":true,"href":"https:\/\/seryhumano.com\/web\/index.php?rest_route=%2Fwp%2Fv2%2Ftags&post=7863"}],"curies":[{"name":"wp","href":"https:\/\/api.w.org\/{rel}","templated":true}]}}