{"id":7918,"date":"2013-10-04T20:43:04","date_gmt":"2013-10-05T01:13:04","guid":{"rendered":"https:\/\/seryhumano.com\/web\/?p=7918"},"modified":"2013-10-05T17:07:02","modified_gmt":"2013-10-05T21:37:02","slug":"brecha-en-el-silencio-de-nuevo-en-las-salas-de-cine","status":"publish","type":"post","link":"https:\/\/seryhumano.com\/web\/?p=7918","title":{"rendered":"Brecha en el Silencio de nuevo en las salas de cine"},"content":{"rendered":"<p><a href=\"https:\/\/seryhumano.com\/web\/?attachment_id=7920\" rel=\"attachment wp-att-7920\"><img loading=\"lazy\" decoding=\"async\" class=\"alignleft size-medium wp-image-7920\" alt=\"fotografia-alexis-perez-luna\" src=\"https:\/\/seryhumano.com\/web\/wp-content\/uploads\/2013\/10\/fotografia-alexis-perez-luna-300x199.jpg\" width=\"300\" height=\"199\" srcset=\"https:\/\/seryhumano.com\/web\/wp-content\/uploads\/2013\/10\/fotografia-alexis-perez-luna-300x199.jpg 300w, https:\/\/seryhumano.com\/web\/wp-content\/uploads\/2013\/10\/fotografia-alexis-perez-luna-1024x682.jpg 1024w, https:\/\/seryhumano.com\/web\/wp-content\/uploads\/2013\/10\/fotografia-alexis-perez-luna.jpg 1201w\" sizes=\"auto, (max-width: 300px) 100vw, 300px\" \/><\/a>Este largometraje cuenta la historia de Ana (Vanesa Di Quattro), una joven que padece discapacidad auditiva y trabaja en una textilera con su madre, quien adem\u00e1s de explotarla, le encarga el cuidado de sus dos hermanos. Ana, es v\u00edctima de innumerables abusos, situaci\u00f3n que le conlleva a tomar decisiones que le dar\u00e1n un rumbo inesperado a su vida.<\/p>\n<p>La pel\u00edcula <i>Brecha en el Silencio<\/i> est\u00e1 postulada por Venezuela para la pr\u00f3xima entrega de los premios \u00d3scar en la categor\u00eda de mejor pel\u00edcula extranjera; debido a esto, la Plataforma de Cine y Medios audiovisuales decidi\u00f3 reprogramarla en dos circuitos de cine alternativos para que los caraque\u00f1os puedan volver a disfrutar de este film.<\/p>\n<p>En la Sala Alternativa La Previsora, se exhibir\u00e1 desde hoy viernes 04 al 17 de octubre, en los horarios: 2:00 pm, 4:15 pm y 6:30 pm. Este cine est\u00e1 ubicado en la Torre La Previsora, Mezzanina 1, Plaza Venezuela.<\/p>\n<p>Igualmente, del 04 al 10 de octubre en la sala de cine del Trasnocho Cultural, ubicado en el Centro Comercial Paseo Las Mercedes, estar\u00e1 en los horarios: 4:00 pm, 6:15 pm y 8:30 pm; el s\u00e1bado y domingo tendr\u00e1 una funci\u00f3n m\u00e1s a las 2:05 pm.<\/p>\n<p><b>Un fruct\u00edfero recorrido por festivales<\/b><\/p>\n<p>Actualmente, la pel\u00edcula se encuentra representando al pa\u00eds en el Festival Internacional de Cine de Vancouver (VIFF), que se lleva a cabo desde el 26 de septiembre hasta el pr\u00f3ximo 11 de octubre en Canad\u00e1.<a href=\"https:\/\/seryhumano.com\/web\/?attachment_id=7922\" rel=\"attachment wp-att-7922\"><img loading=\"lazy\" decoding=\"async\" class=\"alignright size-medium wp-image-7922\" alt=\"brecha-en-el-silencio 1\" src=\"https:\/\/seryhumano.com\/web\/wp-content\/uploads\/2013\/10\/brecha-en-el-silencio-1-300x199.jpg\" width=\"300\" height=\"199\" srcset=\"https:\/\/seryhumano.com\/web\/wp-content\/uploads\/2013\/10\/brecha-en-el-silencio-1-300x199.jpg 300w, https:\/\/seryhumano.com\/web\/wp-content\/uploads\/2013\/10\/brecha-en-el-silencio-1.jpg 327w\" sizes=\"auto, (max-width: 300px) 100vw, 300px\" \/><\/a><\/p>\n<p>Otro de los m\u00e1ximos galardones obtenidos fue en la IV edici\u00f3n del\u00a0 Aruba International Film Festival celebrado en julio de este a\u00f1o. Adem\u00e1s de los otros 20 premios en festivales nacionales e internacionales, entre ellos los 3 obtenidos la edici\u00f3n 35\u00b0 del Festival Internacional del Cairo: Premio de la Cr\u00edtica Internacional FIPRESCI; Premio a la Mejor Actriz, otorgado a su protagonista, Vanessa Di Quattro y el Premio Mejor Opera Prima.<\/p>\n<p><i>Brecha en el Silencio, <\/i>participar\u00e1\u00a0 por el Premio Valent\u00edn Malaver en la categor\u00eda \u00d3pera Prima Largometraje de Ficci\u00f3n en el VI Festival De Cine Latinoamericano y Caribe\u00f1o de Margarita 2013,\u00a0 a celebrarse del 10 al 17 de octubre, en el estado Nueva Esparta.<\/p>\n<p>seryhumano.com \/ prensa MPPPC.<\/p>\n<p>&nbsp;<\/p>\n","protected":false},"excerpt":{"rendered":"<p>Este largometraje cuenta la historia de Ana (Vanesa Di Quattro), una joven que padece discapacidad auditiva y trabaja en una textilera con su madre, quien adem\u00e1s de explotarla, le encarga el cuidado de sus dos hermanos. Ana, es v\u00edctima de innumerables abusos, situaci\u00f3n que le conlleva a tomar decisiones que le dar\u00e1n un rumbo inesperado&hellip;<\/p>\n","protected":false},"author":2,"featured_media":7936,"comment_status":"closed","ping_status":"closed","sticky":false,"template":"","format":"standard","meta":{"footnotes":""},"categories":[122,110],"tags":[111],"class_list":["post-7918","post","type-post","status-publish","format-standard","has-post-thumbnail","hentry","category-cultura","category-noticias","tag-slider","category-122","category-110","description-off"],"yoast_head":"<!-- This site is optimized with the Yoast SEO plugin v25.4 - https:\/\/yoast.com\/wordpress\/plugins\/seo\/ -->\n<title>Brecha en el Silencio de nuevo en las salas de cine &#187; SeryHumano.com<\/title>\n<meta name=\"robots\" content=\"index, follow, max-snippet:-1, max-image-preview:large, max-video-preview:-1\" \/>\n<link rel=\"canonical\" href=\"https:\/\/seryhumano.com\/web\/?p=7918\" \/>\n<meta property=\"og:locale\" content=\"es_ES\" \/>\n<meta property=\"og:type\" content=\"article\" \/>\n<meta property=\"og:title\" content=\"Brecha en el Silencio de nuevo en las salas de cine &#187; SeryHumano.com\" \/>\n<meta property=\"og:description\" content=\"Este largometraje cuenta la historia de Ana (Vanesa Di Quattro), una joven que padece discapacidad auditiva y trabaja en una textilera con su madre, quien adem\u00e1s de explotarla, le encarga el cuidado de sus dos hermanos. Ana, es v\u00edctima de innumerables abusos, situaci\u00f3n que le conlleva a tomar decisiones que le dar\u00e1n un rumbo inesperado&hellip;\" \/>\n<meta property=\"og:url\" content=\"https:\/\/seryhumano.com\/web\/?p=7918\" \/>\n<meta property=\"og:site_name\" content=\"SeryHumano.com\" \/>\n<meta property=\"article:publisher\" content=\"https:\/\/www.facebook.com\/seryhumano\/\" \/>\n<meta property=\"article:published_time\" content=\"2013-10-05T01:13:04+00:00\" \/>\n<meta property=\"article:modified_time\" content=\"2013-10-05T21:37:02+00:00\" \/>\n<meta property=\"og:image\" content=\"https:\/\/seryhumano.com\/web\/wp-content\/uploads\/2013\/10\/featureslider_silencio.jpg\" \/>\n\t<meta property=\"og:image:width\" content=\"910\" \/>\n\t<meta property=\"og:image:height\" content=\"227\" \/>\n\t<meta property=\"og:image:type\" content=\"image\/jpeg\" \/>\n<meta name=\"author\" content=\"@herrera_yosmar\" \/>\n<meta name=\"twitter:card\" content=\"summary_large_image\" \/>\n<meta name=\"twitter:creator\" content=\"@SeryHumano\" \/>\n<meta name=\"twitter:site\" content=\"@SeryHumano\" \/>\n<meta name=\"twitter:label1\" content=\"Escrito por\" \/>\n\t<meta name=\"twitter:data1\" content=\"@herrera_yosmar\" \/>\n\t<meta name=\"twitter:label2\" content=\"Tiempo de lectura\" \/>\n\t<meta name=\"twitter:data2\" content=\"2 minutos\" \/>\n<script type=\"application\/ld+json\" class=\"yoast-schema-graph\">{\"@context\":\"https:\/\/schema.org\",\"@graph\":[{\"@type\":\"Article\",\"@id\":\"https:\/\/seryhumano.com\/web\/?p=7918#article\",\"isPartOf\":{\"@id\":\"https:\/\/seryhumano.com\/web\/?p=7918\"},\"author\":{\"name\":\"@herrera_yosmar\",\"@id\":\"https:\/\/seryhumano.com\/web\/#\/schema\/person\/fd30e8e0b394a62344b44d9b0fe75795\"},\"headline\":\"Brecha en el Silencio de nuevo en las salas de cine\",\"datePublished\":\"2013-10-05T01:13:04+00:00\",\"dateModified\":\"2013-10-05T21:37:02+00:00\",\"mainEntityOfPage\":{\"@id\":\"https:\/\/seryhumano.com\/web\/?p=7918\"},\"wordCount\":372,\"publisher\":{\"@id\":\"https:\/\/seryhumano.com\/web\/#organization\"},\"image\":{\"@id\":\"https:\/\/seryhumano.com\/web\/?p=7918#primaryimage\"},\"thumbnailUrl\":\"https:\/\/seryhumano.com\/web\/wp-content\/uploads\/2013\/10\/featureslider_silencio.jpg\",\"keywords\":[\"Slider\"],\"articleSection\":[\"Cultura del Ser\",\"Noticias\"],\"inLanguage\":\"es\"},{\"@type\":\"WebPage\",\"@id\":\"https:\/\/seryhumano.com\/web\/?p=7918\",\"url\":\"https:\/\/seryhumano.com\/web\/?p=7918\",\"name\":\"Brecha en el Silencio de nuevo en las salas de cine &#187; SeryHumano.com\",\"isPartOf\":{\"@id\":\"https:\/\/seryhumano.com\/web\/#website\"},\"primaryImageOfPage\":{\"@id\":\"https:\/\/seryhumano.com\/web\/?p=7918#primaryimage\"},\"image\":{\"@id\":\"https:\/\/seryhumano.com\/web\/?p=7918#primaryimage\"},\"thumbnailUrl\":\"https:\/\/seryhumano.com\/web\/wp-content\/uploads\/2013\/10\/featureslider_silencio.jpg\",\"datePublished\":\"2013-10-05T01:13:04+00:00\",\"dateModified\":\"2013-10-05T21:37:02+00:00\",\"breadcrumb\":{\"@id\":\"https:\/\/seryhumano.com\/web\/?p=7918#breadcrumb\"},\"inLanguage\":\"es\",\"potentialAction\":[{\"@type\":\"ReadAction\",\"target\":[\"https:\/\/seryhumano.com\/web\/?p=7918\"]}]},{\"@type\":\"ImageObject\",\"inLanguage\":\"es\",\"@id\":\"https:\/\/seryhumano.com\/web\/?p=7918#primaryimage\",\"url\":\"https:\/\/seryhumano.com\/web\/wp-content\/uploads\/2013\/10\/featureslider_silencio.jpg\",\"contentUrl\":\"https:\/\/seryhumano.com\/web\/wp-content\/uploads\/2013\/10\/featureslider_silencio.jpg\",\"width\":910,\"height\":227},{\"@type\":\"BreadcrumbList\",\"@id\":\"https:\/\/seryhumano.com\/web\/?p=7918#breadcrumb\",\"itemListElement\":[{\"@type\":\"ListItem\",\"position\":1,\"name\":\"Portada\",\"item\":\"https:\/\/seryhumano.com\/web\/\"},{\"@type\":\"ListItem\",\"position\":2,\"name\":\"Brecha en el Silencio de nuevo en las salas de cine\"}]},{\"@type\":\"WebSite\",\"@id\":\"https:\/\/seryhumano.com\/web\/#website\",\"url\":\"https:\/\/seryhumano.com\/web\/\",\"name\":\"SeryHumano.com\",\"description\":\"Revista digital muy humana, donde lo mas importante es el Ser...\",\"publisher\":{\"@id\":\"https:\/\/seryhumano.com\/web\/#organization\"},\"potentialAction\":[{\"@type\":\"SearchAction\",\"target\":{\"@type\":\"EntryPoint\",\"urlTemplate\":\"https:\/\/seryhumano.com\/web\/?s={search_term_string}\"},\"query-input\":{\"@type\":\"PropertyValueSpecification\",\"valueRequired\":true,\"valueName\":\"search_term_string\"}}],\"inLanguage\":\"es\"},{\"@type\":\"Organization\",\"@id\":\"https:\/\/seryhumano.com\/web\/#organization\",\"name\":\"SeryHumano.com\",\"url\":\"https:\/\/seryhumano.com\/web\/\",\"logo\":{\"@type\":\"ImageObject\",\"inLanguage\":\"es\",\"@id\":\"https:\/\/seryhumano.com\/web\/#\/schema\/logo\/image\/\",\"url\":\"https:\/\/seryhumano.com\/web\/wp-content\/uploads\/2020\/02\/JNe5VRwH_400x400-2.jpg\",\"contentUrl\":\"https:\/\/seryhumano.com\/web\/wp-content\/uploads\/2020\/02\/JNe5VRwH_400x400-2.jpg\",\"width\":400,\"height\":400,\"caption\":\"SeryHumano.com\"},\"image\":{\"@id\":\"https:\/\/seryhumano.com\/web\/#\/schema\/logo\/image\/\"},\"sameAs\":[\"https:\/\/www.facebook.com\/seryhumano\/\",\"https:\/\/x.com\/SeryHumano\",\"https:\/\/www.instagram.com\/seryhumano\/\",\"https:\/\/www.linkedin.com\/company\/seryhumano-com\/\",\"https:\/\/www.youtube.com\/channel\/UCYfgIGSxygVnJAW0e9ZBZWg\"]},{\"@type\":\"Person\",\"@id\":\"https:\/\/seryhumano.com\/web\/#\/schema\/person\/fd30e8e0b394a62344b44d9b0fe75795\",\"name\":\"@herrera_yosmar\",\"description\":\"Eterna enamorada de la vida, comunicadora, mam\u00e1 de tres\",\"sameAs\":[\"http:\/\/seryhumano.com\"],\"url\":\"https:\/\/seryhumano.com\/web\/?author=2\"}]}<\/script>\n<!-- \/ Yoast SEO plugin. -->","yoast_head_json":{"title":"Brecha en el Silencio de nuevo en las salas de cine &#187; SeryHumano.com","robots":{"index":"index","follow":"follow","max-snippet":"max-snippet:-1","max-image-preview":"max-image-preview:large","max-video-preview":"max-video-preview:-1"},"canonical":"https:\/\/seryhumano.com\/web\/?p=7918","og_locale":"es_ES","og_type":"article","og_title":"Brecha en el Silencio de nuevo en las salas de cine &#187; SeryHumano.com","og_description":"Este largometraje cuenta la historia de Ana (Vanesa Di Quattro), una joven que padece discapacidad auditiva y trabaja en una textilera con su madre, quien adem\u00e1s de explotarla, le encarga el cuidado de sus dos hermanos. Ana, es v\u00edctima de innumerables abusos, situaci\u00f3n que le conlleva a tomar decisiones que le dar\u00e1n un rumbo inesperado&hellip;","og_url":"https:\/\/seryhumano.com\/web\/?p=7918","og_site_name":"SeryHumano.com","article_publisher":"https:\/\/www.facebook.com\/seryhumano\/","article_published_time":"2013-10-05T01:13:04+00:00","article_modified_time":"2013-10-05T21:37:02+00:00","og_image":[{"width":910,"height":227,"url":"https:\/\/seryhumano.com\/web\/wp-content\/uploads\/2013\/10\/featureslider_silencio.jpg","type":"image\/jpeg"}],"author":"@herrera_yosmar","twitter_card":"summary_large_image","twitter_creator":"@SeryHumano","twitter_site":"@SeryHumano","twitter_misc":{"Escrito por":"@herrera_yosmar","Tiempo de lectura":"2 minutos"},"schema":{"@context":"https:\/\/schema.org","@graph":[{"@type":"Article","@id":"https:\/\/seryhumano.com\/web\/?p=7918#article","isPartOf":{"@id":"https:\/\/seryhumano.com\/web\/?p=7918"},"author":{"name":"@herrera_yosmar","@id":"https:\/\/seryhumano.com\/web\/#\/schema\/person\/fd30e8e0b394a62344b44d9b0fe75795"},"headline":"Brecha en el Silencio de nuevo en las salas de cine","datePublished":"2013-10-05T01:13:04+00:00","dateModified":"2013-10-05T21:37:02+00:00","mainEntityOfPage":{"@id":"https:\/\/seryhumano.com\/web\/?p=7918"},"wordCount":372,"publisher":{"@id":"https:\/\/seryhumano.com\/web\/#organization"},"image":{"@id":"https:\/\/seryhumano.com\/web\/?p=7918#primaryimage"},"thumbnailUrl":"https:\/\/seryhumano.com\/web\/wp-content\/uploads\/2013\/10\/featureslider_silencio.jpg","keywords":["Slider"],"articleSection":["Cultura del Ser","Noticias"],"inLanguage":"es"},{"@type":"WebPage","@id":"https:\/\/seryhumano.com\/web\/?p=7918","url":"https:\/\/seryhumano.com\/web\/?p=7918","name":"Brecha en el Silencio de nuevo en las salas de cine &#187; SeryHumano.com","isPartOf":{"@id":"https:\/\/seryhumano.com\/web\/#website"},"primaryImageOfPage":{"@id":"https:\/\/seryhumano.com\/web\/?p=7918#primaryimage"},"image":{"@id":"https:\/\/seryhumano.com\/web\/?p=7918#primaryimage"},"thumbnailUrl":"https:\/\/seryhumano.com\/web\/wp-content\/uploads\/2013\/10\/featureslider_silencio.jpg","datePublished":"2013-10-05T01:13:04+00:00","dateModified":"2013-10-05T21:37:02+00:00","breadcrumb":{"@id":"https:\/\/seryhumano.com\/web\/?p=7918#breadcrumb"},"inLanguage":"es","potentialAction":[{"@type":"ReadAction","target":["https:\/\/seryhumano.com\/web\/?p=7918"]}]},{"@type":"ImageObject","inLanguage":"es","@id":"https:\/\/seryhumano.com\/web\/?p=7918#primaryimage","url":"https:\/\/seryhumano.com\/web\/wp-content\/uploads\/2013\/10\/featureslider_silencio.jpg","contentUrl":"https:\/\/seryhumano.com\/web\/wp-content\/uploads\/2013\/10\/featureslider_silencio.jpg","width":910,"height":227},{"@type":"BreadcrumbList","@id":"https:\/\/seryhumano.com\/web\/?p=7918#breadcrumb","itemListElement":[{"@type":"ListItem","position":1,"name":"Portada","item":"https:\/\/seryhumano.com\/web\/"},{"@type":"ListItem","position":2,"name":"Brecha en el Silencio de nuevo en las salas de cine"}]},{"@type":"WebSite","@id":"https:\/\/seryhumano.com\/web\/#website","url":"https:\/\/seryhumano.com\/web\/","name":"SeryHumano.com","description":"Revista digital muy humana, donde lo mas importante es el Ser...","publisher":{"@id":"https:\/\/seryhumano.com\/web\/#organization"},"potentialAction":[{"@type":"SearchAction","target":{"@type":"EntryPoint","urlTemplate":"https:\/\/seryhumano.com\/web\/?s={search_term_string}"},"query-input":{"@type":"PropertyValueSpecification","valueRequired":true,"valueName":"search_term_string"}}],"inLanguage":"es"},{"@type":"Organization","@id":"https:\/\/seryhumano.com\/web\/#organization","name":"SeryHumano.com","url":"https:\/\/seryhumano.com\/web\/","logo":{"@type":"ImageObject","inLanguage":"es","@id":"https:\/\/seryhumano.com\/web\/#\/schema\/logo\/image\/","url":"https:\/\/seryhumano.com\/web\/wp-content\/uploads\/2020\/02\/JNe5VRwH_400x400-2.jpg","contentUrl":"https:\/\/seryhumano.com\/web\/wp-content\/uploads\/2020\/02\/JNe5VRwH_400x400-2.jpg","width":400,"height":400,"caption":"SeryHumano.com"},"image":{"@id":"https:\/\/seryhumano.com\/web\/#\/schema\/logo\/image\/"},"sameAs":["https:\/\/www.facebook.com\/seryhumano\/","https:\/\/x.com\/SeryHumano","https:\/\/www.instagram.com\/seryhumano\/","https:\/\/www.linkedin.com\/company\/seryhumano-com\/","https:\/\/www.youtube.com\/channel\/UCYfgIGSxygVnJAW0e9ZBZWg"]},{"@type":"Person","@id":"https:\/\/seryhumano.com\/web\/#\/schema\/person\/fd30e8e0b394a62344b44d9b0fe75795","name":"@herrera_yosmar","description":"Eterna enamorada de la vida, comunicadora, mam\u00e1 de tres","sameAs":["http:\/\/seryhumano.com"],"url":"https:\/\/seryhumano.com\/web\/?author=2"}]}},"_links":{"self":[{"href":"https:\/\/seryhumano.com\/web\/index.php?rest_route=\/wp\/v2\/posts\/7918","targetHints":{"allow":["GET"]}}],"collection":[{"href":"https:\/\/seryhumano.com\/web\/index.php?rest_route=\/wp\/v2\/posts"}],"about":[{"href":"https:\/\/seryhumano.com\/web\/index.php?rest_route=\/wp\/v2\/types\/post"}],"author":[{"embeddable":true,"href":"https:\/\/seryhumano.com\/web\/index.php?rest_route=\/wp\/v2\/users\/2"}],"replies":[{"embeddable":true,"href":"https:\/\/seryhumano.com\/web\/index.php?rest_route=%2Fwp%2Fv2%2Fcomments&post=7918"}],"version-history":[{"count":0,"href":"https:\/\/seryhumano.com\/web\/index.php?rest_route=\/wp\/v2\/posts\/7918\/revisions"}],"wp:featuredmedia":[{"embeddable":true,"href":"https:\/\/seryhumano.com\/web\/index.php?rest_route=\/wp\/v2\/media\/7936"}],"wp:attachment":[{"href":"https:\/\/seryhumano.com\/web\/index.php?rest_route=%2Fwp%2Fv2%2Fmedia&parent=7918"}],"wp:term":[{"taxonomy":"category","embeddable":true,"href":"https:\/\/seryhumano.com\/web\/index.php?rest_route=%2Fwp%2Fv2%2Fcategories&post=7918"},{"taxonomy":"post_tag","embeddable":true,"href":"https:\/\/seryhumano.com\/web\/index.php?rest_route=%2Fwp%2Fv2%2Ftags&post=7918"}],"curies":[{"name":"wp","href":"https:\/\/api.w.org\/{rel}","templated":true}]}}