{"id":792,"date":"2012-10-06T07:00:14","date_gmt":"2012-10-06T11:30:14","guid":{"rendered":"https:\/\/seryhumano.com\/web\/?p=792"},"modified":"2013-06-21T11:11:59","modified_gmt":"2013-06-21T15:41:59","slug":"fiestas-del-solsticio-de-verano","status":"publish","type":"post","link":"https:\/\/seryhumano.com\/web\/?p=792","title":{"rendered":"Fiestas del Solsticio de Verano"},"content":{"rendered":"<p><em><a href=\"https:\/\/seryhumano.com\/web\/wp-content\/uploads\/2012\/10\/Solsticio-de-Verano-1.jpg\"><img loading=\"lazy\" decoding=\"async\" class=\"alignleft size-thumbnail wp-image-793\" title=\"Solsticio de Verano 1\" alt=\"\" src=\"https:\/\/seryhumano.com\/web\/wp-content\/uploads\/2012\/10\/Solsticio-de-Verano-1-150x150.jpg\" width=\"150\" height=\"150\" srcset=\"https:\/\/seryhumano.com\/web\/wp-content\/uploads\/2012\/10\/Solsticio-de-Verano-1-150x150.jpg 150w, https:\/\/seryhumano.com\/web\/wp-content\/uploads\/2012\/10\/Solsticio-de-Verano-1-50x50.jpg 50w\" sizes=\"auto, (max-width: 150px) 100vw, 150px\" \/><\/a>\u201cComo el Sol danza su m\u00e1s largo espiral, l\u00edmpianos. Como la naturaleza muestra su abundancia y fertilidad, bend\u00edcenos. Que todas las cosas vivan con intenci\u00f3n amorosa para cumplir con su verdadero destino.\u201d<\/em> <strong>Bendici\u00f3n Wicca para el verano.<\/strong><\/p>\n<p>Las fiestas correspondientes al solsticio de verano abarcan en el hemisferio norte tanto la primavera en toda su extensi\u00f3n como el inicio de la estaci\u00f3n veraniega. Un per\u00edodo caracterizado por la exuberancia de la naturaleza fue desde la antig\u00fcedad para la celebraci\u00f3n de actos propiciadores de la fertilidad.<\/p>\n<p>El ilustre investigador espa\u00f1ol Julio Caro Baroja llam\u00f3 a este lapso \u201cla estaci\u00f3n de amor\u201d, por la presencia preponderante de actos rituales dedicados a congraciar la influencia del sol y de los cursos de agua sobre todos lo seres vivos; la exaltaci\u00f3n de la productividad en las tierras de cultivo con cantos, danzas y otros actos para los cuales se realizan simb\u00f3licas ofrendas vegetales. Es temporada por excelencia para hacer suerte de adivinaci\u00f3n, conjuros amorosos y de particular expresi\u00f3n de erotismos en los bailes.<a href=\"https:\/\/seryhumano.com\/web\/wp-content\/uploads\/2012\/10\/solsticio-de-verano-2.jpg\"><img loading=\"lazy\" decoding=\"async\" class=\"alignright size-full wp-image-794\" title=\"solsticio de verano 2\" alt=\"\" src=\"https:\/\/seryhumano.com\/web\/wp-content\/uploads\/2012\/10\/solsticio-de-verano-2.jpg\" width=\"197\" height=\"140\" \/><\/a><\/p>\n<p>Las fiestas europeas de mayo y junio encontraron en Venezuela momento coincidente con la temporada de inicio de las lluvias, y aunque su pr\u00e1ctica comenz\u00f3 en las principales ciudades, cuando en nuestro pa\u00eds la econom\u00eda se basaba en la producci\u00f3n agr\u00edcola, en la actualidad su permanencia y mayor arraigo est\u00e1 en las zonas rurales, donde mantienen su car\u00e1cter alegre y congregan numerosa asistencia. Algunas de estas celebraciones son testimonios de vigorosas influencias africana e ind\u00edgena, especialmente en la m\u00fasica y la danza.<\/p>\n<p>Otras permanecen como imagen de costumbres ca\u00eddas en desuso en el continente europeo, necesariamente modificadas por el tiempo y los m\u00faltiples contactos culturales. <a href=\"https:\/\/seryhumano.com\/web\/wp-content\/uploads\/2012\/10\/solsticio-de-verano-3.jpg\"><img loading=\"lazy\" decoding=\"async\" class=\"alignleft size-full wp-image-795\" title=\"solsticio de verano 3\" alt=\"\" src=\"https:\/\/seryhumano.com\/web\/wp-content\/uploads\/2012\/10\/solsticio-de-verano-3.jpg\" width=\"259\" height=\"194\" \/><\/a>En todas se evidencia la ornamentaci\u00f3n generosa con ofrendas vegetales que enmarcando altares rodean los s\u00edmbolos de la devoci\u00f3n popular. Cada motivo religioso y festivo posee m\u00faltiples versiones en distintos lugares y ocasiones, reveladores de elementos hist\u00f3ricos de diverso orden en los diferentes aspectos rituales: musicales, danzantes, indumentaria, teatro, dominio tecnol\u00f3gico. Econom\u00eda, en fin, muestra facetas de ese tiempo de celebraci\u00f3n que posee car\u00e1cter sagrado y referencial para quienes en \u00e9l participan.<a href=\"https:\/\/seryhumano.com\/web\/wp-content\/uploads\/2012\/10\/solsticio-de-verano-41.jpg\"><img loading=\"lazy\" decoding=\"async\" class=\"alignright size-thumbnail wp-image-797\" title=\"solsticio de verano 4\" alt=\"\" src=\"https:\/\/seryhumano.com\/web\/wp-content\/uploads\/2012\/10\/solsticio-de-verano-41-150x150.jpg\" width=\"150\" height=\"150\" srcset=\"https:\/\/seryhumano.com\/web\/wp-content\/uploads\/2012\/10\/solsticio-de-verano-41-150x150.jpg 150w, https:\/\/seryhumano.com\/web\/wp-content\/uploads\/2012\/10\/solsticio-de-verano-41-50x50.jpg 50w\" sizes=\"auto, (max-width: 150px) 100vw, 150px\" \/><\/a><\/p>\n<p>Es el ciclo de la ofrenda de la Cruz, de las enramadas para San Isidro, la diablada de Corpus, de los bailes de los Negros de San Antonio\u00a0(<a href=\"https:\/\/seryhumano.com\/web\/?p=1398\">https:\/\/seryhumano.com\/web\/?p=1398<\/a>).\u00a0De la alegr\u00eda en la fiesta de San Juan Bautista y la Parranda de San Pedro, de nuevas flores y cantos por la fertilidad.<\/p>\n<p>Seryhumano.com \/ Cecilia Fuentes y Dar\u00eda Hern\u00e1ndez<\/p>\n","protected":false},"excerpt":{"rendered":"<p>\u201cComo el Sol danza su m\u00e1s largo espiral, l\u00edmpianos. Como la naturaleza muestra su abundancia y fertilidad, bend\u00edcenos. Que todas las cosas vivan con intenci\u00f3n amorosa para cumplir con su verdadero destino.\u201d Bendici\u00f3n Wicca para el verano. Las fiestas correspondientes al solsticio de verano abarcan en el hemisferio norte tanto la primavera en toda su&hellip;<\/p>\n","protected":false},"author":2,"featured_media":804,"comment_status":"closed","ping_status":"closed","sticky":false,"template":"","format":"standard","meta":{"footnotes":""},"categories":[122,119],"tags":[111],"class_list":["post-792","post","type-post","status-publish","format-standard","has-post-thumbnail","hentry","category-cultura","category-el-ser-y-yo","tag-slider","category-122","category-119","description-off"],"yoast_head":"<!-- This site is optimized with the Yoast SEO plugin v25.4 - https:\/\/yoast.com\/wordpress\/plugins\/seo\/ -->\n<title>Fiestas del Solsticio de Verano  &#187; SeryHumano.com<\/title>\n<meta name=\"robots\" content=\"index, follow, max-snippet:-1, max-image-preview:large, max-video-preview:-1\" \/>\n<link rel=\"canonical\" href=\"https:\/\/seryhumano.com\/web\/?p=792\" \/>\n<meta property=\"og:locale\" content=\"es_ES\" \/>\n<meta property=\"og:type\" content=\"article\" \/>\n<meta property=\"og:title\" content=\"Fiestas del Solsticio de Verano  &#187; SeryHumano.com\" \/>\n<meta property=\"og:description\" content=\"\u201cComo el Sol danza su m\u00e1s largo espiral, l\u00edmpianos. Como la naturaleza muestra su abundancia y fertilidad, bend\u00edcenos. Que todas las cosas vivan con intenci\u00f3n amorosa para cumplir con su verdadero destino.\u201d Bendici\u00f3n Wicca para el verano. Las fiestas correspondientes al solsticio de verano abarcan en el hemisferio norte tanto la primavera en toda su&hellip;\" \/>\n<meta property=\"og:url\" content=\"https:\/\/seryhumano.com\/web\/?p=792\" \/>\n<meta property=\"og:site_name\" content=\"SeryHumano.com\" \/>\n<meta property=\"article:publisher\" content=\"https:\/\/www.facebook.com\/seryhumano\/\" \/>\n<meta property=\"article:published_time\" content=\"2012-10-06T11:30:14+00:00\" \/>\n<meta property=\"article:modified_time\" content=\"2013-06-21T15:41:59+00:00\" \/>\n<meta property=\"og:image\" content=\"https:\/\/seryhumano.com\/web\/wp-content\/uploads\/2012\/10\/featureslide_solticio.jpg\" \/>\n\t<meta property=\"og:image:width\" content=\"910\" \/>\n\t<meta property=\"og:image:height\" content=\"227\" \/>\n\t<meta property=\"og:image:type\" content=\"image\/jpeg\" \/>\n<meta name=\"author\" content=\"@herrera_yosmar\" \/>\n<meta name=\"twitter:card\" content=\"summary_large_image\" \/>\n<meta name=\"twitter:creator\" content=\"@SeryHumano\" \/>\n<meta name=\"twitter:site\" content=\"@SeryHumano\" \/>\n<meta name=\"twitter:label1\" content=\"Escrito por\" \/>\n\t<meta name=\"twitter:data1\" content=\"@herrera_yosmar\" \/>\n\t<meta name=\"twitter:label2\" content=\"Tiempo de lectura\" \/>\n\t<meta name=\"twitter:data2\" content=\"2 minutos\" \/>\n<script type=\"application\/ld+json\" class=\"yoast-schema-graph\">{\"@context\":\"https:\/\/schema.org\",\"@graph\":[{\"@type\":\"Article\",\"@id\":\"https:\/\/seryhumano.com\/web\/?p=792#article\",\"isPartOf\":{\"@id\":\"https:\/\/seryhumano.com\/web\/?p=792\"},\"author\":{\"name\":\"@herrera_yosmar\",\"@id\":\"https:\/\/seryhumano.com\/web\/#\/schema\/person\/fd30e8e0b394a62344b44d9b0fe75795\"},\"headline\":\"Fiestas del Solsticio de Verano\",\"datePublished\":\"2012-10-06T11:30:14+00:00\",\"dateModified\":\"2013-06-21T15:41:59+00:00\",\"mainEntityOfPage\":{\"@id\":\"https:\/\/seryhumano.com\/web\/?p=792\"},\"wordCount\":453,\"publisher\":{\"@id\":\"https:\/\/seryhumano.com\/web\/#organization\"},\"image\":{\"@id\":\"https:\/\/seryhumano.com\/web\/?p=792#primaryimage\"},\"thumbnailUrl\":\"https:\/\/seryhumano.com\/web\/wp-content\/uploads\/2012\/10\/featureslide_solticio.jpg\",\"keywords\":[\"Slider\"],\"articleSection\":[\"Cultura del Ser\",\"El Ser y YO\"],\"inLanguage\":\"es\"},{\"@type\":\"WebPage\",\"@id\":\"https:\/\/seryhumano.com\/web\/?p=792\",\"url\":\"https:\/\/seryhumano.com\/web\/?p=792\",\"name\":\"Fiestas del Solsticio de Verano &#187; SeryHumano.com\",\"isPartOf\":{\"@id\":\"https:\/\/seryhumano.com\/web\/#website\"},\"primaryImageOfPage\":{\"@id\":\"https:\/\/seryhumano.com\/web\/?p=792#primaryimage\"},\"image\":{\"@id\":\"https:\/\/seryhumano.com\/web\/?p=792#primaryimage\"},\"thumbnailUrl\":\"https:\/\/seryhumano.com\/web\/wp-content\/uploads\/2012\/10\/featureslide_solticio.jpg\",\"datePublished\":\"2012-10-06T11:30:14+00:00\",\"dateModified\":\"2013-06-21T15:41:59+00:00\",\"breadcrumb\":{\"@id\":\"https:\/\/seryhumano.com\/web\/?p=792#breadcrumb\"},\"inLanguage\":\"es\",\"potentialAction\":[{\"@type\":\"ReadAction\",\"target\":[\"https:\/\/seryhumano.com\/web\/?p=792\"]}]},{\"@type\":\"ImageObject\",\"inLanguage\":\"es\",\"@id\":\"https:\/\/seryhumano.com\/web\/?p=792#primaryimage\",\"url\":\"https:\/\/seryhumano.com\/web\/wp-content\/uploads\/2012\/10\/featureslide_solticio.jpg\",\"contentUrl\":\"https:\/\/seryhumano.com\/web\/wp-content\/uploads\/2012\/10\/featureslide_solticio.jpg\",\"width\":\"910\",\"height\":\"227\"},{\"@type\":\"BreadcrumbList\",\"@id\":\"https:\/\/seryhumano.com\/web\/?p=792#breadcrumb\",\"itemListElement\":[{\"@type\":\"ListItem\",\"position\":1,\"name\":\"Portada\",\"item\":\"https:\/\/seryhumano.com\/web\/\"},{\"@type\":\"ListItem\",\"position\":2,\"name\":\"Fiestas del Solsticio de Verano\"}]},{\"@type\":\"WebSite\",\"@id\":\"https:\/\/seryhumano.com\/web\/#website\",\"url\":\"https:\/\/seryhumano.com\/web\/\",\"name\":\"SeryHumano.com\",\"description\":\"Revista digital muy humana, donde lo mas importante es el Ser...\",\"publisher\":{\"@id\":\"https:\/\/seryhumano.com\/web\/#organization\"},\"potentialAction\":[{\"@type\":\"SearchAction\",\"target\":{\"@type\":\"EntryPoint\",\"urlTemplate\":\"https:\/\/seryhumano.com\/web\/?s={search_term_string}\"},\"query-input\":{\"@type\":\"PropertyValueSpecification\",\"valueRequired\":true,\"valueName\":\"search_term_string\"}}],\"inLanguage\":\"es\"},{\"@type\":\"Organization\",\"@id\":\"https:\/\/seryhumano.com\/web\/#organization\",\"name\":\"SeryHumano.com\",\"url\":\"https:\/\/seryhumano.com\/web\/\",\"logo\":{\"@type\":\"ImageObject\",\"inLanguage\":\"es\",\"@id\":\"https:\/\/seryhumano.com\/web\/#\/schema\/logo\/image\/\",\"url\":\"https:\/\/seryhumano.com\/web\/wp-content\/uploads\/2020\/02\/JNe5VRwH_400x400-2.jpg\",\"contentUrl\":\"https:\/\/seryhumano.com\/web\/wp-content\/uploads\/2020\/02\/JNe5VRwH_400x400-2.jpg\",\"width\":400,\"height\":400,\"caption\":\"SeryHumano.com\"},\"image\":{\"@id\":\"https:\/\/seryhumano.com\/web\/#\/schema\/logo\/image\/\"},\"sameAs\":[\"https:\/\/www.facebook.com\/seryhumano\/\",\"https:\/\/x.com\/SeryHumano\",\"https:\/\/www.instagram.com\/seryhumano\/\",\"https:\/\/www.linkedin.com\/company\/seryhumano-com\/\",\"https:\/\/www.youtube.com\/channel\/UCYfgIGSxygVnJAW0e9ZBZWg\"]},{\"@type\":\"Person\",\"@id\":\"https:\/\/seryhumano.com\/web\/#\/schema\/person\/fd30e8e0b394a62344b44d9b0fe75795\",\"name\":\"@herrera_yosmar\",\"description\":\"Eterna enamorada de la vida, comunicadora, mam\u00e1 de tres\",\"sameAs\":[\"http:\/\/seryhumano.com\"],\"url\":\"https:\/\/seryhumano.com\/web\/?author=2\"}]}<\/script>\n<!-- \/ Yoast SEO plugin. -->","yoast_head_json":{"title":"Fiestas del Solsticio de Verano  &#187; SeryHumano.com","robots":{"index":"index","follow":"follow","max-snippet":"max-snippet:-1","max-image-preview":"max-image-preview:large","max-video-preview":"max-video-preview:-1"},"canonical":"https:\/\/seryhumano.com\/web\/?p=792","og_locale":"es_ES","og_type":"article","og_title":"Fiestas del Solsticio de Verano  &#187; SeryHumano.com","og_description":"\u201cComo el Sol danza su m\u00e1s largo espiral, l\u00edmpianos. Como la naturaleza muestra su abundancia y fertilidad, bend\u00edcenos. Que todas las cosas vivan con intenci\u00f3n amorosa para cumplir con su verdadero destino.\u201d Bendici\u00f3n Wicca para el verano. Las fiestas correspondientes al solsticio de verano abarcan en el hemisferio norte tanto la primavera en toda su&hellip;","og_url":"https:\/\/seryhumano.com\/web\/?p=792","og_site_name":"SeryHumano.com","article_publisher":"https:\/\/www.facebook.com\/seryhumano\/","article_published_time":"2012-10-06T11:30:14+00:00","article_modified_time":"2013-06-21T15:41:59+00:00","og_image":[{"width":910,"height":227,"url":"https:\/\/seryhumano.com\/web\/wp-content\/uploads\/2012\/10\/featureslide_solticio.jpg","type":"image\/jpeg"}],"author":"@herrera_yosmar","twitter_card":"summary_large_image","twitter_creator":"@SeryHumano","twitter_site":"@SeryHumano","twitter_misc":{"Escrito por":"@herrera_yosmar","Tiempo de lectura":"2 minutos"},"schema":{"@context":"https:\/\/schema.org","@graph":[{"@type":"Article","@id":"https:\/\/seryhumano.com\/web\/?p=792#article","isPartOf":{"@id":"https:\/\/seryhumano.com\/web\/?p=792"},"author":{"name":"@herrera_yosmar","@id":"https:\/\/seryhumano.com\/web\/#\/schema\/person\/fd30e8e0b394a62344b44d9b0fe75795"},"headline":"Fiestas del Solsticio de Verano","datePublished":"2012-10-06T11:30:14+00:00","dateModified":"2013-06-21T15:41:59+00:00","mainEntityOfPage":{"@id":"https:\/\/seryhumano.com\/web\/?p=792"},"wordCount":453,"publisher":{"@id":"https:\/\/seryhumano.com\/web\/#organization"},"image":{"@id":"https:\/\/seryhumano.com\/web\/?p=792#primaryimage"},"thumbnailUrl":"https:\/\/seryhumano.com\/web\/wp-content\/uploads\/2012\/10\/featureslide_solticio.jpg","keywords":["Slider"],"articleSection":["Cultura del Ser","El Ser y YO"],"inLanguage":"es"},{"@type":"WebPage","@id":"https:\/\/seryhumano.com\/web\/?p=792","url":"https:\/\/seryhumano.com\/web\/?p=792","name":"Fiestas del Solsticio de Verano &#187; SeryHumano.com","isPartOf":{"@id":"https:\/\/seryhumano.com\/web\/#website"},"primaryImageOfPage":{"@id":"https:\/\/seryhumano.com\/web\/?p=792#primaryimage"},"image":{"@id":"https:\/\/seryhumano.com\/web\/?p=792#primaryimage"},"thumbnailUrl":"https:\/\/seryhumano.com\/web\/wp-content\/uploads\/2012\/10\/featureslide_solticio.jpg","datePublished":"2012-10-06T11:30:14+00:00","dateModified":"2013-06-21T15:41:59+00:00","breadcrumb":{"@id":"https:\/\/seryhumano.com\/web\/?p=792#breadcrumb"},"inLanguage":"es","potentialAction":[{"@type":"ReadAction","target":["https:\/\/seryhumano.com\/web\/?p=792"]}]},{"@type":"ImageObject","inLanguage":"es","@id":"https:\/\/seryhumano.com\/web\/?p=792#primaryimage","url":"https:\/\/seryhumano.com\/web\/wp-content\/uploads\/2012\/10\/featureslide_solticio.jpg","contentUrl":"https:\/\/seryhumano.com\/web\/wp-content\/uploads\/2012\/10\/featureslide_solticio.jpg","width":"910","height":"227"},{"@type":"BreadcrumbList","@id":"https:\/\/seryhumano.com\/web\/?p=792#breadcrumb","itemListElement":[{"@type":"ListItem","position":1,"name":"Portada","item":"https:\/\/seryhumano.com\/web\/"},{"@type":"ListItem","position":2,"name":"Fiestas del Solsticio de Verano"}]},{"@type":"WebSite","@id":"https:\/\/seryhumano.com\/web\/#website","url":"https:\/\/seryhumano.com\/web\/","name":"SeryHumano.com","description":"Revista digital muy humana, donde lo mas importante es el Ser...","publisher":{"@id":"https:\/\/seryhumano.com\/web\/#organization"},"potentialAction":[{"@type":"SearchAction","target":{"@type":"EntryPoint","urlTemplate":"https:\/\/seryhumano.com\/web\/?s={search_term_string}"},"query-input":{"@type":"PropertyValueSpecification","valueRequired":true,"valueName":"search_term_string"}}],"inLanguage":"es"},{"@type":"Organization","@id":"https:\/\/seryhumano.com\/web\/#organization","name":"SeryHumano.com","url":"https:\/\/seryhumano.com\/web\/","logo":{"@type":"ImageObject","inLanguage":"es","@id":"https:\/\/seryhumano.com\/web\/#\/schema\/logo\/image\/","url":"https:\/\/seryhumano.com\/web\/wp-content\/uploads\/2020\/02\/JNe5VRwH_400x400-2.jpg","contentUrl":"https:\/\/seryhumano.com\/web\/wp-content\/uploads\/2020\/02\/JNe5VRwH_400x400-2.jpg","width":400,"height":400,"caption":"SeryHumano.com"},"image":{"@id":"https:\/\/seryhumano.com\/web\/#\/schema\/logo\/image\/"},"sameAs":["https:\/\/www.facebook.com\/seryhumano\/","https:\/\/x.com\/SeryHumano","https:\/\/www.instagram.com\/seryhumano\/","https:\/\/www.linkedin.com\/company\/seryhumano-com\/","https:\/\/www.youtube.com\/channel\/UCYfgIGSxygVnJAW0e9ZBZWg"]},{"@type":"Person","@id":"https:\/\/seryhumano.com\/web\/#\/schema\/person\/fd30e8e0b394a62344b44d9b0fe75795","name":"@herrera_yosmar","description":"Eterna enamorada de la vida, comunicadora, mam\u00e1 de tres","sameAs":["http:\/\/seryhumano.com"],"url":"https:\/\/seryhumano.com\/web\/?author=2"}]}},"_links":{"self":[{"href":"https:\/\/seryhumano.com\/web\/index.php?rest_route=\/wp\/v2\/posts\/792","targetHints":{"allow":["GET"]}}],"collection":[{"href":"https:\/\/seryhumano.com\/web\/index.php?rest_route=\/wp\/v2\/posts"}],"about":[{"href":"https:\/\/seryhumano.com\/web\/index.php?rest_route=\/wp\/v2\/types\/post"}],"author":[{"embeddable":true,"href":"https:\/\/seryhumano.com\/web\/index.php?rest_route=\/wp\/v2\/users\/2"}],"replies":[{"embeddable":true,"href":"https:\/\/seryhumano.com\/web\/index.php?rest_route=%2Fwp%2Fv2%2Fcomments&post=792"}],"version-history":[{"count":0,"href":"https:\/\/seryhumano.com\/web\/index.php?rest_route=\/wp\/v2\/posts\/792\/revisions"}],"wp:featuredmedia":[{"embeddable":true,"href":"https:\/\/seryhumano.com\/web\/index.php?rest_route=\/wp\/v2\/media\/804"}],"wp:attachment":[{"href":"https:\/\/seryhumano.com\/web\/index.php?rest_route=%2Fwp%2Fv2%2Fmedia&parent=792"}],"wp:term":[{"taxonomy":"category","embeddable":true,"href":"https:\/\/seryhumano.com\/web\/index.php?rest_route=%2Fwp%2Fv2%2Fcategories&post=792"},{"taxonomy":"post_tag","embeddable":true,"href":"https:\/\/seryhumano.com\/web\/index.php?rest_route=%2Fwp%2Fv2%2Ftags&post=792"}],"curies":[{"name":"wp","href":"https:\/\/api.w.org\/{rel}","templated":true}]}}