{"id":810,"date":"2012-10-08T10:31:01","date_gmt":"2012-10-08T15:01:01","guid":{"rendered":"https:\/\/seryhumano.com\/web\/?p=810"},"modified":"2019-08-13T07:47:36","modified_gmt":"2019-08-13T12:17:36","slug":"responsabilidad-la-habilidad-para-responder","status":"publish","type":"post","link":"https:\/\/seryhumano.com\/web\/?p=810","title":{"rendered":"RESPONSABILIDAD: la habilidad para responder"},"content":{"rendered":"<p><em><a href=\"https:\/\/seryhumano.com\/web\/wp-content\/uploads\/2012\/10\/Responsabilidad-1.jpg\"><img loading=\"lazy\" decoding=\"async\" class=\"alignleft size-full wp-image-811\" title=\"Responsabilidad 1\" src=\"https:\/\/seryhumano.com\/web\/wp-content\/uploads\/2012\/10\/Responsabilidad-1.jpg\" alt=\"\" width=\"310\" height=\"163\" srcset=\"https:\/\/seryhumano.com\/web\/wp-content\/uploads\/2012\/10\/Responsabilidad-1.jpg 310w, https:\/\/seryhumano.com\/web\/wp-content\/uploads\/2012\/10\/Responsabilidad-1-300x157.jpg 300w, https:\/\/seryhumano.com\/web\/wp-content\/uploads\/2012\/10\/Responsabilidad-1-170x90.jpg 170w\" sizes=\"auto, (max-width: 310px) 100vw, 310px\" \/><\/a>\u201cEl verdadero buscador crece y aprende, y descubre que siempre es el principal responsable de lo que sucede\u201d<\/em><strong>\u00a0 Jorge Bucay<\/strong><\/p>\n<p>Responsabilidad\u00a0significa\u00a0responder, dar respuesta al llamado de otro. Est\u00e1 \u00edntimamente ligada a la\u00a0vocaci\u00f3n, palabra proveniente del lat\u00edn\u00a0vocatio\u00a0o acci\u00f3n de llamar. Tiene que ver con cumplir con las obligaciones personales, familiares, laborales y ciudadanas; con rendir cuentas; con obedecer a la propia conciencia, a las autoridades y a Dios, no como un acto pasivo de esclavitud, sino como el ejercicio del compromiso que dignifica a cada persona.<\/p>\n<p>Responsabilidad tambi\u00e9n tiene que ver con asumir las consecuencias de nuestras decisiones y acciones. Una persona responsable es aquella que respondiendo al llamado de su conciencia, de Dios o de sus semejantes, cumple integralmente las obligaciones que se derivan de sus propios talentos y capacidades y del puesto que ocupa en el espacio social en que se desarrolla.<a href=\"https:\/\/seryhumano.com\/web\/wp-content\/uploads\/2012\/10\/responsabilidad-2.jpg\"><img loading=\"lazy\" decoding=\"async\" class=\"alignright size-full wp-image-812\" title=\"responsabilidad 2\" src=\"https:\/\/seryhumano.com\/web\/wp-content\/uploads\/2012\/10\/responsabilidad-2.jpg\" alt=\"\" width=\"153\" height=\"180\" \/><\/a><\/p>\n<p>Se ha dicho que el hombre es la s\u00edntesis de una llamada y de una respuesta. Escribiendo nuestra biograf\u00eda encontraremos cada d\u00eda una llamada, una tarea, una invitaci\u00f3n, una exigencia de amor. Esto requiere que en toda vida haya una respuesta, una decisi\u00f3n generosa que conteste esa llamada, que cumpla la tarea, que acepte la invitaci\u00f3n,&#8230; en resumen que llene las exigencias de amor que el mundo requiere.<\/p>\n<p>As\u00ed como la llamada es personal; a cada uno por su nombre y apellido, la respuesta tambi\u00e9n es personal. La que deja tu huella, la que hace que este mundo est\u00e9 mejor o peor gracias a tu presencia. La que hace la diferencia entre el \u00e9xito o el fracaso. \u00bfCu\u00e1ntas llamadas en tu vida han quedado sin respuesta? \u00bfCu\u00e1ntos est\u00e1n esperando lo que \u00fanicamente t\u00fa puedes darles? \u00bfEn cu\u00e1nto cambiar\u00eda tu mundo personal, tu mundo familiar y tu pa\u00eds si en cada instante estuvieras dispuesto a dar tu mejor respuesta?<\/p>\n<p>Cada respuesta tiene un estilo \u00fanico, sale de ti, es tu respuesta. Esto exige preparaci\u00f3n y formaci\u00f3n de la conciencia moral.<\/p>\n<p>Para desarrollar el sentido de la responsabilidad y que este valor crezca dentro de nosotros, es necesario revisar tareas y deberes, despertar el af\u00e1n de superarnos d\u00eda a d\u00eda y ayudar a otros a ser m\u00e1s responsables. De esta manera aparecer\u00e1 en el mundo la grandeza de la libertad, la gloria del deber cumplido y la nobleza de servir a Dios y a nuestros semejantes.<\/p>\n<p><a href=\"https:\/\/seryhumano.com\/web\/wp-content\/uploads\/2012\/10\/oir.jpg\"><img loading=\"lazy\" decoding=\"async\" class=\"alignleft size-full wp-image-813\" title=\"oir\" src=\"https:\/\/seryhumano.com\/web\/wp-content\/uploads\/2012\/10\/oir.jpg\" alt=\"\" width=\"266\" height=\"190\" \/><\/a>Para responder hay que haber\u00a0aprendido a o\u00edr,\u00a0a interpretar la llamada\u00a0y a\u00a0tener capacidad para emitir la respuesta. Son tres pasos que agregar\u00e1n excelencia a nuestra actitud y aptitud de responder.<\/p>\n<p>\u00bfC\u00f3mo mejorar nuestra capacidad de respuesta fundamentada en \u00e9stas tres facetas del desarrollo de la responsabilidad?<\/p>\n<p><span style=\"text-decoration: underline;\">Demos el primer paso<\/span>:\u00a0<em>aprender a o\u00edr:<\/em><strong>\u00a0<\/strong>mejorar nuestra forma de aceptar los est\u00edmulos auditivos y de interpretar el mensaje que nos transmiten dichos est\u00edmulos. Los est\u00edmulos auditivos son palabras, frases, sonidos que impactan el cerebro y hacen que dicho \u00f3rgano emita una respuesta. Saber o\u00edr, significa adem\u00e1s de percibir e interpretar sonidos,\u00a0hacerse cargo de lo que se oye.<\/p>\n<p>Las siguientes preguntas le permitir\u00e1n revisar de qu\u00e9 manera percibe su mundo exterior y como est\u00e1 su responsabilidad en funci\u00f3n de las respuestas que emite en cada circunstancia: \u00bfO\u00edr a tu pareja, a tus hijos, a tus compa\u00f1eros es un h\u00e1bito en tu conducta diaria o s\u00f3lo una obligaci\u00f3n por lo dem\u00e1s fastidiosa? \u00bfCu\u00e1nta atenci\u00f3n prestas cuando te hablan? \u00bfPermites que te hablen, o siempre interrumpes, adivinas lo que te van a decir e inmediatamente respondes? \u00bfCu\u00e1ntas veces te has sentido mal por no haber emitido la respuesta oportuna, y no haber sabido interpretar la necesidad del otro? \u00bfCu\u00e1ndo respondes, asume las consecuencias?<a href=\"https:\/\/seryhumano.com\/web\/wp-content\/uploads\/2012\/10\/oir-1.jpg\"><img loading=\"lazy\" decoding=\"async\" class=\"alignright size-full wp-image-814\" title=\"oir 1\" src=\"https:\/\/seryhumano.com\/web\/wp-content\/uploads\/2012\/10\/oir-1.jpg\" alt=\"\" width=\"186\" height=\"271\" \/><\/a><\/p>\n<p>Se puede afirmar que el noventa y nueve por ciento de los problemas del ser humano provienen de la comunicaci\u00f3n, en ambas direcciones: recibir e interpretar el mensaje y emitir la respuesta. Dios ha colocado en cada ser humano dos orejas y una boca. Esto significa que debemos o\u00edr el doble de lo que hablamos.\u00a0<strong>Aprenda a o\u00edr, sea m\u00e1s receptivo<\/strong>. No sea reactivo. Piense, analice y sobre todo est\u00e9 consciente de que cada respuesta deja una huella en quien la recibe.<\/p>\n<p>Cuando se tiene conciencia del acto de o\u00edr, se toma tiempo entre la recepci\u00f3n del est\u00edmulo y la emisi\u00f3n de la respuesta, esto impide la impulsividad y permite meditar, reflexionar y decidir qu\u00e9 es lo mejor que debo transmitir en mi conducta.<\/p>\n<p>Sea m\u00e1s anal\u00edtico y desp\u00f3jese de tanta emotividad negativa al momento de responder. Usted puede decidir hoy cambiar sus patrones de vida. Dedique unos minutos a pensar en s\u00ed mismo, en su familia, en su ambiente. \u00bfEst\u00e1s satisfecho con la forma como respondes a tus necesidades y responsabilidades?<\/p>\n<p><strong>O\u00edr, interpretar la llamada y responder forma un todo \u00fanico que se convierte en tu manera de ser responsable<\/strong>. En tu interior existen infinitas posibilidades para crecer hacia un mayor nivel de bienestar personal y comunitario, dependiendo de cu\u00e1n responsable decidas ser. No esperes el minuto siguiente nadie sabe si existir\u00e1.<\/p>\n<p><span style=\"text-decoration: underline;\"><a href=\"https:\/\/seryhumano.com\/web\/wp-content\/uploads\/2012\/10\/responsabildad-3.jpg\"><img loading=\"lazy\" decoding=\"async\" class=\"alignleft size-full wp-image-815\" title=\"responsabildad 3\" src=\"https:\/\/seryhumano.com\/web\/wp-content\/uploads\/2012\/10\/responsabildad-3.jpg\" alt=\"\" width=\"276\" height=\"182\" \/><\/a>En el segundo paso<\/span>\u00a0vamos a revisar\u00a0<em>la capacidad y la calidad de las respuestas que emitimos.<\/em><\/p>\n<p>El ser humano por su inteligencia y voluntad decide su conducta. El camino hacia una vida feliz, hacia la plenitud interior, hacia la perfecci\u00f3n personal, pasa necesariamente por la capacidad para asumir y enfrentar los retos que cada d\u00eda trae consigo ya que como dec\u00eda Arist\u00f3teles:\u00a0\u201cser feliz, bien obrar y vivir bien son una misma cosa\u201d.<\/p>\n<p>Responder, o tener responsabilidad, es una postura mental, una filosof\u00eda de vida, una actitud marcada por el conocimiento y dominio interior y por la conciencia plena de dar lo mejor de nosotros en cada momento, sin importar la circunstancia.<\/p>\n<p>\u00bfQui\u00e9n decide tu capacidad de respuesta, tu conducta responsable? Todo lo que sale de ti te pertenece.\u00a0<strong>Las actitudes ego\u00edstas, la falta de compromiso, el no cumplir las obligaciones adquiridas o no asumir las consecuencias de las acciones realizadas, empobrece al ser humano y lo conduce al fracaso, impidi\u00e9ndole hacer el bien que le corresponde<\/strong>.<\/p>\n<p>Cada respuesta est\u00e1 matizada de experiencias previas, de emociones, pensamientos y acciones.<a href=\"https:\/\/seryhumano.com\/web\/wp-content\/uploads\/2012\/10\/responsabilidad-4.jpg\"><img loading=\"lazy\" decoding=\"async\" class=\"alignright size-full wp-image-816\" title=\"responsabilidad 4\" src=\"https:\/\/seryhumano.com\/web\/wp-content\/uploads\/2012\/10\/responsabilidad-4.jpg\" alt=\"\" width=\"275\" height=\"183\" \/><\/a><\/p>\n<p>En cuanto a las experiencias vividas: \u00bftratas de almacenar en tu mente y un tu coraz\u00f3n lo que te hace crecer y ser feliz o por el contrario almacenas rencores, odios, venganzas, sentimientos negativos? \u00bfC\u00f3mo est\u00e1 tu inteligencia emocional? \u00bfAct\u00faas por impulso manifestando conductas netamente emotivas provenientes del yo ni\u00f1o que convive contigo o existe un equilibrio en tu interior entre el yo ni\u00f1o, el yo padre y el yo adulto y cada respuesta contiene un balance emotivo- racional?<\/p>\n<p><strong>Ser responsable es tener conciencia plena de que cada acci\u00f3n es tu respuesta, que cada palabra y cada gesto que sale de ti puede mejorar o empeorar el mundo que te rodea<\/strong>. Que cada respuesta expresa tu personalidad, tu car\u00e1cter, tu inteligencia y tus emociones. Que parte de nuestra responsabilidad personal es mejorar cada d\u00eda en todos los aspectos de la vida, salir de los propios obst\u00e1culos y limitaciones para crecer sin l\u00edmites sabiendo que el mundo es mejor por la respuesta que has sabido dar. Que cada acci\u00f3n tuya es una siembra de bien que cosechar\u00e1 la eternidad.<\/p>\n<p>Que este fragmento de Amado Nervo, exprese po\u00e9ticamente lo que se ha pretendido transmitir a nuestros queridos lectores:<\/p>\n<p>\u201c&#8230; Porque veo al final de mi rudo camino que yo fui el arquitecto de mi\u00a0 propio destino; que si\u00a0 extraje las mieles o la hiel de las cosas, fue porque\u00a0 en\u00a0 ellas puse\u00a0 hiel o mieles sabrosas, cuando\u00a0 plant\u00e9\u00a0\u00a0 rosales cosech\u00e9 siempre rosas\u201d<\/p>\n<p>seryhumano.com \/ <a href=\"https:\/\/twitter.com\/andland35\">Andr\u00e9s Manuel Landaeta<\/a>\u00a0\u00b7<\/p>\n","protected":false},"excerpt":{"rendered":"<p>\u201cEl verdadero buscador crece y aprende, y descubre que siempre es el principal responsable de lo que sucede\u201d\u00a0 Jorge Bucay Responsabilidad\u00a0significa\u00a0responder, dar respuesta al llamado de otro. Est\u00e1 \u00edntimamente ligada a la\u00a0vocaci\u00f3n, palabra proveniente del lat\u00edn\u00a0vocatio\u00a0o acci\u00f3n de llamar. Tiene que ver con cumplir con las obligaciones personales, familiares, laborales y ciudadanas; con rendir cuentas;&hellip;<\/p>\n","protected":false},"author":12,"featured_media":820,"comment_status":"closed","ping_status":"closed","sticky":false,"template":"","format":"standard","meta":{"footnotes":""},"categories":[119],"tags":[],"class_list":["post-810","post","type-post","status-publish","format-standard","has-post-thumbnail","hentry","category-el-ser-y-yo","category-119","description-off"],"yoast_head":"<!-- This site is optimized with the Yoast SEO plugin v25.4 - https:\/\/yoast.com\/wordpress\/plugins\/seo\/ -->\n<title>RESPONSABILIDAD: la habilidad para responder &#187; SeryHumano.com<\/title>\n<meta name=\"robots\" content=\"index, follow, max-snippet:-1, max-image-preview:large, max-video-preview:-1\" \/>\n<link rel=\"canonical\" href=\"https:\/\/seryhumano.com\/web\/?p=810\" \/>\n<meta property=\"og:locale\" content=\"es_ES\" \/>\n<meta property=\"og:type\" content=\"article\" \/>\n<meta property=\"og:title\" content=\"RESPONSABILIDAD: la habilidad para responder &#187; SeryHumano.com\" \/>\n<meta property=\"og:description\" content=\"\u201cEl verdadero buscador crece y aprende, y descubre que siempre es el principal responsable de lo que sucede\u201d\u00a0 Jorge Bucay Responsabilidad\u00a0significa\u00a0responder, dar respuesta al llamado de otro. Est\u00e1 \u00edntimamente ligada a la\u00a0vocaci\u00f3n, palabra proveniente del lat\u00edn\u00a0vocatio\u00a0o acci\u00f3n de llamar. Tiene que ver con cumplir con las obligaciones personales, familiares, laborales y ciudadanas; con rendir cuentas;&hellip;\" \/>\n<meta property=\"og:url\" content=\"https:\/\/seryhumano.com\/web\/?p=810\" \/>\n<meta property=\"og:site_name\" content=\"SeryHumano.com\" \/>\n<meta property=\"article:publisher\" content=\"https:\/\/www.facebook.com\/seryhumano\/\" \/>\n<meta property=\"article:published_time\" content=\"2012-10-08T15:01:01+00:00\" \/>\n<meta property=\"article:modified_time\" content=\"2019-08-13T12:17:36+00:00\" \/>\n<meta property=\"og:image\" content=\"https:\/\/seryhumano.com\/web\/wp-content\/uploads\/2012\/10\/featureslider_responsabilty.jpg\" \/>\n\t<meta property=\"og:image:width\" content=\"910\" \/>\n\t<meta property=\"og:image:height\" content=\"227\" \/>\n\t<meta property=\"og:image:type\" content=\"image\/jpeg\" \/>\n<meta name=\"author\" content=\"Andr\u00e9s Manuel Landaeta\" \/>\n<meta name=\"twitter:card\" content=\"summary_large_image\" \/>\n<meta name=\"twitter:creator\" content=\"@SeryHumano\" \/>\n<meta name=\"twitter:site\" content=\"@SeryHumano\" \/>\n<meta name=\"twitter:label1\" content=\"Escrito por\" \/>\n\t<meta name=\"twitter:data1\" content=\"Andr\u00e9s Manuel Landaeta\" \/>\n\t<meta name=\"twitter:label2\" content=\"Tiempo de lectura\" \/>\n\t<meta name=\"twitter:data2\" content=\"7 minutos\" \/>\n<script type=\"application\/ld+json\" class=\"yoast-schema-graph\">{\"@context\":\"https:\/\/schema.org\",\"@graph\":[{\"@type\":\"Article\",\"@id\":\"https:\/\/seryhumano.com\/web\/?p=810#article\",\"isPartOf\":{\"@id\":\"https:\/\/seryhumano.com\/web\/?p=810\"},\"author\":{\"name\":\"Andr\u00e9s Manuel Landaeta\",\"@id\":\"https:\/\/seryhumano.com\/web\/#\/schema\/person\/a0edd6e0f3bcd3f4f003f0cd4b730929\"},\"headline\":\"RESPONSABILIDAD: la habilidad para responder\",\"datePublished\":\"2012-10-08T15:01:01+00:00\",\"dateModified\":\"2019-08-13T12:17:36+00:00\",\"mainEntityOfPage\":{\"@id\":\"https:\/\/seryhumano.com\/web\/?p=810\"},\"wordCount\":1335,\"publisher\":{\"@id\":\"https:\/\/seryhumano.com\/web\/#organization\"},\"image\":{\"@id\":\"https:\/\/seryhumano.com\/web\/?p=810#primaryimage\"},\"thumbnailUrl\":\"https:\/\/seryhumano.com\/web\/wp-content\/uploads\/2012\/10\/featureslider_responsabilty.jpg\",\"articleSection\":[\"El Ser y YO\"],\"inLanguage\":\"es\"},{\"@type\":\"WebPage\",\"@id\":\"https:\/\/seryhumano.com\/web\/?p=810\",\"url\":\"https:\/\/seryhumano.com\/web\/?p=810\",\"name\":\"RESPONSABILIDAD: la habilidad para responder &#187; SeryHumano.com\",\"isPartOf\":{\"@id\":\"https:\/\/seryhumano.com\/web\/#website\"},\"primaryImageOfPage\":{\"@id\":\"https:\/\/seryhumano.com\/web\/?p=810#primaryimage\"},\"image\":{\"@id\":\"https:\/\/seryhumano.com\/web\/?p=810#primaryimage\"},\"thumbnailUrl\":\"https:\/\/seryhumano.com\/web\/wp-content\/uploads\/2012\/10\/featureslider_responsabilty.jpg\",\"datePublished\":\"2012-10-08T15:01:01+00:00\",\"dateModified\":\"2019-08-13T12:17:36+00:00\",\"breadcrumb\":{\"@id\":\"https:\/\/seryhumano.com\/web\/?p=810#breadcrumb\"},\"inLanguage\":\"es\",\"potentialAction\":[{\"@type\":\"ReadAction\",\"target\":[\"https:\/\/seryhumano.com\/web\/?p=810\"]}]},{\"@type\":\"ImageObject\",\"inLanguage\":\"es\",\"@id\":\"https:\/\/seryhumano.com\/web\/?p=810#primaryimage\",\"url\":\"https:\/\/seryhumano.com\/web\/wp-content\/uploads\/2012\/10\/featureslider_responsabilty.jpg\",\"contentUrl\":\"https:\/\/seryhumano.com\/web\/wp-content\/uploads\/2012\/10\/featureslider_responsabilty.jpg\",\"width\":\"910\",\"height\":\"227\"},{\"@type\":\"BreadcrumbList\",\"@id\":\"https:\/\/seryhumano.com\/web\/?p=810#breadcrumb\",\"itemListElement\":[{\"@type\":\"ListItem\",\"position\":1,\"name\":\"Portada\",\"item\":\"https:\/\/seryhumano.com\/web\/\"},{\"@type\":\"ListItem\",\"position\":2,\"name\":\"RESPONSABILIDAD: la habilidad para responder\"}]},{\"@type\":\"WebSite\",\"@id\":\"https:\/\/seryhumano.com\/web\/#website\",\"url\":\"https:\/\/seryhumano.com\/web\/\",\"name\":\"SeryHumano.com\",\"description\":\"Revista digital muy humana, donde lo mas importante es el Ser...\",\"publisher\":{\"@id\":\"https:\/\/seryhumano.com\/web\/#organization\"},\"potentialAction\":[{\"@type\":\"SearchAction\",\"target\":{\"@type\":\"EntryPoint\",\"urlTemplate\":\"https:\/\/seryhumano.com\/web\/?s={search_term_string}\"},\"query-input\":{\"@type\":\"PropertyValueSpecification\",\"valueRequired\":true,\"valueName\":\"search_term_string\"}}],\"inLanguage\":\"es\"},{\"@type\":\"Organization\",\"@id\":\"https:\/\/seryhumano.com\/web\/#organization\",\"name\":\"SeryHumano.com\",\"url\":\"https:\/\/seryhumano.com\/web\/\",\"logo\":{\"@type\":\"ImageObject\",\"inLanguage\":\"es\",\"@id\":\"https:\/\/seryhumano.com\/web\/#\/schema\/logo\/image\/\",\"url\":\"https:\/\/seryhumano.com\/web\/wp-content\/uploads\/2020\/02\/JNe5VRwH_400x400-2.jpg\",\"contentUrl\":\"https:\/\/seryhumano.com\/web\/wp-content\/uploads\/2020\/02\/JNe5VRwH_400x400-2.jpg\",\"width\":400,\"height\":400,\"caption\":\"SeryHumano.com\"},\"image\":{\"@id\":\"https:\/\/seryhumano.com\/web\/#\/schema\/logo\/image\/\"},\"sameAs\":[\"https:\/\/www.facebook.com\/seryhumano\/\",\"https:\/\/x.com\/SeryHumano\",\"https:\/\/www.instagram.com\/seryhumano\/\",\"https:\/\/www.linkedin.com\/company\/seryhumano-com\/\",\"https:\/\/www.youtube.com\/channel\/UCYfgIGSxygVnJAW0e9ZBZWg\"]},{\"@type\":\"Person\",\"@id\":\"https:\/\/seryhumano.com\/web\/#\/schema\/person\/a0edd6e0f3bcd3f4f003f0cd4b730929\",\"name\":\"Andr\u00e9s Manuel Landaeta\",\"sameAs\":[\"http:\/\/seryhumano.com\"],\"url\":\"https:\/\/seryhumano.com\/web\/?author=12\"}]}<\/script>\n<!-- \/ Yoast SEO plugin. -->","yoast_head_json":{"title":"RESPONSABILIDAD: la habilidad para responder &#187; SeryHumano.com","robots":{"index":"index","follow":"follow","max-snippet":"max-snippet:-1","max-image-preview":"max-image-preview:large","max-video-preview":"max-video-preview:-1"},"canonical":"https:\/\/seryhumano.com\/web\/?p=810","og_locale":"es_ES","og_type":"article","og_title":"RESPONSABILIDAD: la habilidad para responder &#187; SeryHumano.com","og_description":"\u201cEl verdadero buscador crece y aprende, y descubre que siempre es el principal responsable de lo que sucede\u201d\u00a0 Jorge Bucay Responsabilidad\u00a0significa\u00a0responder, dar respuesta al llamado de otro. Est\u00e1 \u00edntimamente ligada a la\u00a0vocaci\u00f3n, palabra proveniente del lat\u00edn\u00a0vocatio\u00a0o acci\u00f3n de llamar. Tiene que ver con cumplir con las obligaciones personales, familiares, laborales y ciudadanas; con rendir cuentas;&hellip;","og_url":"https:\/\/seryhumano.com\/web\/?p=810","og_site_name":"SeryHumano.com","article_publisher":"https:\/\/www.facebook.com\/seryhumano\/","article_published_time":"2012-10-08T15:01:01+00:00","article_modified_time":"2019-08-13T12:17:36+00:00","og_image":[{"width":910,"height":227,"url":"https:\/\/seryhumano.com\/web\/wp-content\/uploads\/2012\/10\/featureslider_responsabilty.jpg","type":"image\/jpeg"}],"author":"Andr\u00e9s Manuel Landaeta","twitter_card":"summary_large_image","twitter_creator":"@SeryHumano","twitter_site":"@SeryHumano","twitter_misc":{"Escrito por":"Andr\u00e9s Manuel Landaeta","Tiempo de lectura":"7 minutos"},"schema":{"@context":"https:\/\/schema.org","@graph":[{"@type":"Article","@id":"https:\/\/seryhumano.com\/web\/?p=810#article","isPartOf":{"@id":"https:\/\/seryhumano.com\/web\/?p=810"},"author":{"name":"Andr\u00e9s Manuel Landaeta","@id":"https:\/\/seryhumano.com\/web\/#\/schema\/person\/a0edd6e0f3bcd3f4f003f0cd4b730929"},"headline":"RESPONSABILIDAD: la habilidad para responder","datePublished":"2012-10-08T15:01:01+00:00","dateModified":"2019-08-13T12:17:36+00:00","mainEntityOfPage":{"@id":"https:\/\/seryhumano.com\/web\/?p=810"},"wordCount":1335,"publisher":{"@id":"https:\/\/seryhumano.com\/web\/#organization"},"image":{"@id":"https:\/\/seryhumano.com\/web\/?p=810#primaryimage"},"thumbnailUrl":"https:\/\/seryhumano.com\/web\/wp-content\/uploads\/2012\/10\/featureslider_responsabilty.jpg","articleSection":["El Ser y YO"],"inLanguage":"es"},{"@type":"WebPage","@id":"https:\/\/seryhumano.com\/web\/?p=810","url":"https:\/\/seryhumano.com\/web\/?p=810","name":"RESPONSABILIDAD: la habilidad para responder &#187; SeryHumano.com","isPartOf":{"@id":"https:\/\/seryhumano.com\/web\/#website"},"primaryImageOfPage":{"@id":"https:\/\/seryhumano.com\/web\/?p=810#primaryimage"},"image":{"@id":"https:\/\/seryhumano.com\/web\/?p=810#primaryimage"},"thumbnailUrl":"https:\/\/seryhumano.com\/web\/wp-content\/uploads\/2012\/10\/featureslider_responsabilty.jpg","datePublished":"2012-10-08T15:01:01+00:00","dateModified":"2019-08-13T12:17:36+00:00","breadcrumb":{"@id":"https:\/\/seryhumano.com\/web\/?p=810#breadcrumb"},"inLanguage":"es","potentialAction":[{"@type":"ReadAction","target":["https:\/\/seryhumano.com\/web\/?p=810"]}]},{"@type":"ImageObject","inLanguage":"es","@id":"https:\/\/seryhumano.com\/web\/?p=810#primaryimage","url":"https:\/\/seryhumano.com\/web\/wp-content\/uploads\/2012\/10\/featureslider_responsabilty.jpg","contentUrl":"https:\/\/seryhumano.com\/web\/wp-content\/uploads\/2012\/10\/featureslider_responsabilty.jpg","width":"910","height":"227"},{"@type":"BreadcrumbList","@id":"https:\/\/seryhumano.com\/web\/?p=810#breadcrumb","itemListElement":[{"@type":"ListItem","position":1,"name":"Portada","item":"https:\/\/seryhumano.com\/web\/"},{"@type":"ListItem","position":2,"name":"RESPONSABILIDAD: la habilidad para responder"}]},{"@type":"WebSite","@id":"https:\/\/seryhumano.com\/web\/#website","url":"https:\/\/seryhumano.com\/web\/","name":"SeryHumano.com","description":"Revista digital muy humana, donde lo mas importante es el Ser...","publisher":{"@id":"https:\/\/seryhumano.com\/web\/#organization"},"potentialAction":[{"@type":"SearchAction","target":{"@type":"EntryPoint","urlTemplate":"https:\/\/seryhumano.com\/web\/?s={search_term_string}"},"query-input":{"@type":"PropertyValueSpecification","valueRequired":true,"valueName":"search_term_string"}}],"inLanguage":"es"},{"@type":"Organization","@id":"https:\/\/seryhumano.com\/web\/#organization","name":"SeryHumano.com","url":"https:\/\/seryhumano.com\/web\/","logo":{"@type":"ImageObject","inLanguage":"es","@id":"https:\/\/seryhumano.com\/web\/#\/schema\/logo\/image\/","url":"https:\/\/seryhumano.com\/web\/wp-content\/uploads\/2020\/02\/JNe5VRwH_400x400-2.jpg","contentUrl":"https:\/\/seryhumano.com\/web\/wp-content\/uploads\/2020\/02\/JNe5VRwH_400x400-2.jpg","width":400,"height":400,"caption":"SeryHumano.com"},"image":{"@id":"https:\/\/seryhumano.com\/web\/#\/schema\/logo\/image\/"},"sameAs":["https:\/\/www.facebook.com\/seryhumano\/","https:\/\/x.com\/SeryHumano","https:\/\/www.instagram.com\/seryhumano\/","https:\/\/www.linkedin.com\/company\/seryhumano-com\/","https:\/\/www.youtube.com\/channel\/UCYfgIGSxygVnJAW0e9ZBZWg"]},{"@type":"Person","@id":"https:\/\/seryhumano.com\/web\/#\/schema\/person\/a0edd6e0f3bcd3f4f003f0cd4b730929","name":"Andr\u00e9s Manuel Landaeta","sameAs":["http:\/\/seryhumano.com"],"url":"https:\/\/seryhumano.com\/web\/?author=12"}]}},"_links":{"self":[{"href":"https:\/\/seryhumano.com\/web\/index.php?rest_route=\/wp\/v2\/posts\/810","targetHints":{"allow":["GET"]}}],"collection":[{"href":"https:\/\/seryhumano.com\/web\/index.php?rest_route=\/wp\/v2\/posts"}],"about":[{"href":"https:\/\/seryhumano.com\/web\/index.php?rest_route=\/wp\/v2\/types\/post"}],"author":[{"embeddable":true,"href":"https:\/\/seryhumano.com\/web\/index.php?rest_route=\/wp\/v2\/users\/12"}],"replies":[{"embeddable":true,"href":"https:\/\/seryhumano.com\/web\/index.php?rest_route=%2Fwp%2Fv2%2Fcomments&post=810"}],"version-history":[{"count":0,"href":"https:\/\/seryhumano.com\/web\/index.php?rest_route=\/wp\/v2\/posts\/810\/revisions"}],"wp:featuredmedia":[{"embeddable":true,"href":"https:\/\/seryhumano.com\/web\/index.php?rest_route=\/wp\/v2\/media\/820"}],"wp:attachment":[{"href":"https:\/\/seryhumano.com\/web\/index.php?rest_route=%2Fwp%2Fv2%2Fmedia&parent=810"}],"wp:term":[{"taxonomy":"category","embeddable":true,"href":"https:\/\/seryhumano.com\/web\/index.php?rest_route=%2Fwp%2Fv2%2Fcategories&post=810"},{"taxonomy":"post_tag","embeddable":true,"href":"https:\/\/seryhumano.com\/web\/index.php?rest_route=%2Fwp%2Fv2%2Ftags&post=810"}],"curies":[{"name":"wp","href":"https:\/\/api.w.org\/{rel}","templated":true}]}}