{"id":8257,"date":"2013-10-17T08:46:35","date_gmt":"2013-10-17T13:16:35","guid":{"rendered":"https:\/\/seryhumano.com\/web\/?p=8257"},"modified":"2013-10-17T09:31:08","modified_gmt":"2013-10-17T14:01:08","slug":"maickel-melamed-yo-soy-lo-que-soy-por-haber-nacido-en-una-tierra-increible-llamada-venezuela","status":"publish","type":"post","link":"https:\/\/seryhumano.com\/web\/?p=8257","title":{"rendered":"MAICKEL MELAMED: \u00abYo soy lo que soy por haber nacido en una tierra incre\u00edble llamada Venezuela\u00bb"},"content":{"rendered":"<p><b><a href=\"https:\/\/seryhumano.com\/web\/?attachment_id=8259\" rel=\"attachment wp-att-8259\"><img loading=\"lazy\" decoding=\"async\" class=\"alignleft size-medium wp-image-8259\" alt=\"Maickel Melamed #VamosChicago\" src=\"https:\/\/seryhumano.com\/web\/wp-content\/uploads\/2013\/10\/Maickel-Melamed-VamosChicago-225x300.jpg\" width=\"225\" height=\"300\" srcset=\"https:\/\/seryhumano.com\/web\/wp-content\/uploads\/2013\/10\/Maickel-Melamed-VamosChicago-225x300.jpg 225w, https:\/\/seryhumano.com\/web\/wp-content\/uploads\/2013\/10\/Maickel-Melamed-VamosChicago.jpg 600w\" sizes=\"auto, (max-width: 225px) 100vw, 225px\" \/><\/a>Maickel Melamed junto a su Equipo Vamos<\/b>\u00a0conquist\u00f3 su tercer <i>Majors, <\/i>el Marat\u00f3n de Chicago,<i> <\/i>con tiempo extraoficial de 16 horas y 46 minutos. Apenas finalizado este desaf\u00edo el atleta ya piensa en su preparaci\u00f3n para Tokio que ser\u00e1 en febrero del 2014.<\/p>\n<p><b>Maickel Melamed y su Equipo Vamos<\/b> partieron desde el Corral K a las 8:30 a.m. hora venezolana y los acompa\u00f1\u00f3 un buen clima, sin embargo sufri\u00f3 varias dificultades, como una ca\u00edda en el kil\u00f3metro 16 y la apertura de las calles que lo forzaron a completar el recorrido subiendo y bajando de las aceras.<\/p>\n<p>Venezolanos residentes en la llamada ciudad de los vientos le acompa\u00f1aron y auparon desde el kil\u00f3metro 40 hasta una vez finalizada la prueba, plenando la madrugada de Chicago con mucha alegr\u00eda. La polic\u00eda de Chicago escolt\u00f3 al atleta en los \u00faltimos kil\u00f3metros de la prueba y el oficial Holmes le coloc\u00f3 la medalla que \u00e9l a su vez entreg\u00f3 a su padre como lo hizo tambi\u00e9n en Nueva York\u00a0 y Berl\u00edn.<\/p>\n<p>Al llegar a la meta y ser entrevistado por medios internacionales expres\u00f3: \u00abYo soy lo que soy por haber nacido en una tierra incre\u00edble llamada Venezuela\u00bb y \u201cEsta es mi verdadera medalla (bandera de Venezuela), mi mensaje para todos, mi mensaje son todos ustedes \u00a1son unos duros!\u201d.<\/p>\n<p>Cabe destacar que luego de haber conquistado Nueva York en el 2011, Berl\u00edn el a\u00f1o pasado y ahora Chicago, el pr\u00f3ximo reto ser\u00e1 Tokio para el 2014 y as\u00ed seguir sumando y multiplicando un mensaje que cada vez llega a m\u00e1s alrededor del mundo. En esta ocasi\u00f3n fue <b>\u201cTu inspiraci\u00f3n, Inspira\u201d.<a href=\"https:\/\/seryhumano.com\/web\/?attachment_id=8261\" rel=\"attachment wp-att-8261\"><img loading=\"lazy\" decoding=\"async\" class=\"alignright size-medium wp-image-8261\" alt=\"VAMOSCHICAGO_MARATON_ROMINAHENDLIN_1\" src=\"https:\/\/seryhumano.com\/web\/wp-content\/uploads\/2013\/10\/VAMOSCHICAGO_MARATON_ROMINAHENDLIN_1-300x199.jpg\" width=\"300\" height=\"199\" srcset=\"https:\/\/seryhumano.com\/web\/wp-content\/uploads\/2013\/10\/VAMOSCHICAGO_MARATON_ROMINAHENDLIN_1-300x199.jpg 300w, https:\/\/seryhumano.com\/web\/wp-content\/uploads\/2013\/10\/VAMOSCHICAGO_MARATON_ROMINAHENDLIN_1.jpg 1024w\" sizes=\"auto, (max-width: 300px) 100vw, 300px\" \/><\/a> <\/b><\/p>\n<p>Entretanto, <b>Vamos<\/b> desarroll\u00f3 un minisite donde m\u00e1s de <b>3 mil personas<\/b> realizaron acciones para inspirar y contagiar a otros. A trav\u00e9s de la etiqueta #VamosChicago en twitter se pod\u00edan ver los avances del equipo y mensajes de alegr\u00eda, motivaci\u00f3n y de aliento al atleta y su equipo en Chicago, la misma fue tendencia en Venezuela durante el d\u00eda y en el mundo para las horas cercanas a la llegada. Tambi\u00e9n el recorrido fue visto de cerca y en vivo por Ustream cada dos kil\u00f3metros, as\u00ed como en fotos y v\u00eddeos v\u00eda Instagram.<\/p>\n<p>Esta haza\u00f1a se lleva a cabo gracias al apoyo de <b>Banco Exterior<\/b> a trav\u00e9s de su programa de <b>Responsabilidad Social \u201cUn Mundo sin Igual\u201d<\/b> quienes no solo aportan financieramente al proyecto, sino que se conectan desde su esencia, siendo multiplicadores del mensaje dentro de su cultura corporativa.<\/p>\n<p style=\"text-align: center;\">[youtube]http:\/\/www.youtube.com\/watch?v=R_QaOfpbiyM[\/youtube]<\/p>\n<p>seryhumano.com<\/p>\n<p>Nota de Prensa<\/p>\n<p>&nbsp;<\/p>\n","protected":false},"excerpt":{"rendered":"<p>Maickel Melamed junto a su Equipo Vamos\u00a0conquist\u00f3 su tercer Majors, el Marat\u00f3n de Chicago, con tiempo extraoficial de 16 horas y 46 minutos. Apenas finalizado este desaf\u00edo el atleta ya piensa en su preparaci\u00f3n para Tokio que ser\u00e1 en febrero del 2014. Maickel Melamed y su Equipo Vamos partieron desde el Corral K a las&hellip;<\/p>\n","protected":false},"author":2,"featured_media":8264,"comment_status":"closed","ping_status":"closed","sticky":false,"template":"","format":"standard","meta":{"footnotes":""},"categories":[130],"tags":[111],"class_list":["post-8257","post","type-post","status-publish","format-standard","has-post-thumbnail","hentry","category-ser-deportivo","tag-slider","category-130","description-off"],"yoast_head":"<!-- This site is optimized with the Yoast SEO plugin v25.4 - https:\/\/yoast.com\/wordpress\/plugins\/seo\/ -->\n<title>MAICKEL MELAMED: &quot;Yo soy lo que soy por haber nacido en una tierra incre\u00edble llamada Venezuela&quot; &#187; SeryHumano.com<\/title>\n<meta name=\"robots\" content=\"index, follow, max-snippet:-1, max-image-preview:large, max-video-preview:-1\" \/>\n<link rel=\"canonical\" href=\"https:\/\/seryhumano.com\/web\/?p=8257\" \/>\n<meta property=\"og:locale\" content=\"es_ES\" \/>\n<meta property=\"og:type\" content=\"article\" \/>\n<meta property=\"og:title\" content=\"MAICKEL MELAMED: &quot;Yo soy lo que soy por haber nacido en una tierra incre\u00edble llamada Venezuela&quot; &#187; SeryHumano.com\" \/>\n<meta property=\"og:description\" content=\"Maickel Melamed junto a su Equipo Vamos\u00a0conquist\u00f3 su tercer Majors, el Marat\u00f3n de Chicago, con tiempo extraoficial de 16 horas y 46 minutos. Apenas finalizado este desaf\u00edo el atleta ya piensa en su preparaci\u00f3n para Tokio que ser\u00e1 en febrero del 2014. Maickel Melamed y su Equipo Vamos partieron desde el Corral K a las&hellip;\" \/>\n<meta property=\"og:url\" content=\"https:\/\/seryhumano.com\/web\/?p=8257\" \/>\n<meta property=\"og:site_name\" content=\"SeryHumano.com\" \/>\n<meta property=\"article:publisher\" content=\"https:\/\/www.facebook.com\/seryhumano\/\" \/>\n<meta property=\"article:published_time\" content=\"2013-10-17T13:16:35+00:00\" \/>\n<meta property=\"article:modified_time\" content=\"2013-10-17T14:01:08+00:00\" \/>\n<meta property=\"og:image\" content=\"https:\/\/seryhumano.com\/web\/wp-content\/uploads\/2013\/10\/featureslider_melamedreloaded.jpg\" \/>\n\t<meta property=\"og:image:width\" content=\"910\" \/>\n\t<meta property=\"og:image:height\" content=\"227\" \/>\n\t<meta property=\"og:image:type\" content=\"image\/jpeg\" \/>\n<meta name=\"author\" content=\"@herrera_yosmar\" \/>\n<meta name=\"twitter:card\" content=\"summary_large_image\" \/>\n<meta name=\"twitter:creator\" content=\"@SeryHumano\" \/>\n<meta name=\"twitter:site\" content=\"@SeryHumano\" \/>\n<meta name=\"twitter:label1\" content=\"Escrito por\" \/>\n\t<meta name=\"twitter:data1\" content=\"@herrera_yosmar\" \/>\n\t<meta name=\"twitter:label2\" content=\"Tiempo de lectura\" \/>\n\t<meta name=\"twitter:data2\" content=\"2 minutos\" \/>\n<script type=\"application\/ld+json\" class=\"yoast-schema-graph\">{\"@context\":\"https:\/\/schema.org\",\"@graph\":[{\"@type\":\"Article\",\"@id\":\"https:\/\/seryhumano.com\/web\/?p=8257#article\",\"isPartOf\":{\"@id\":\"https:\/\/seryhumano.com\/web\/?p=8257\"},\"author\":{\"name\":\"@herrera_yosmar\",\"@id\":\"https:\/\/seryhumano.com\/web\/#\/schema\/person\/fd30e8e0b394a62344b44d9b0fe75795\"},\"headline\":\"MAICKEL MELAMED: \u00abYo soy lo que soy por haber nacido en una tierra incre\u00edble llamada Venezuela\u00bb\",\"datePublished\":\"2013-10-17T13:16:35+00:00\",\"dateModified\":\"2013-10-17T14:01:08+00:00\",\"mainEntityOfPage\":{\"@id\":\"https:\/\/seryhumano.com\/web\/?p=8257\"},\"wordCount\":461,\"publisher\":{\"@id\":\"https:\/\/seryhumano.com\/web\/#organization\"},\"image\":{\"@id\":\"https:\/\/seryhumano.com\/web\/?p=8257#primaryimage\"},\"thumbnailUrl\":\"https:\/\/seryhumano.com\/web\/wp-content\/uploads\/2013\/10\/featureslider_melamedreloaded.jpg\",\"keywords\":[\"Slider\"],\"articleSection\":[\"Ser Deportivo\"],\"inLanguage\":\"es\"},{\"@type\":\"WebPage\",\"@id\":\"https:\/\/seryhumano.com\/web\/?p=8257\",\"url\":\"https:\/\/seryhumano.com\/web\/?p=8257\",\"name\":\"MAICKEL MELAMED: \\\"Yo soy lo que soy por haber nacido en una tierra incre\u00edble llamada Venezuela\\\" &#187; SeryHumano.com\",\"isPartOf\":{\"@id\":\"https:\/\/seryhumano.com\/web\/#website\"},\"primaryImageOfPage\":{\"@id\":\"https:\/\/seryhumano.com\/web\/?p=8257#primaryimage\"},\"image\":{\"@id\":\"https:\/\/seryhumano.com\/web\/?p=8257#primaryimage\"},\"thumbnailUrl\":\"https:\/\/seryhumano.com\/web\/wp-content\/uploads\/2013\/10\/featureslider_melamedreloaded.jpg\",\"datePublished\":\"2013-10-17T13:16:35+00:00\",\"dateModified\":\"2013-10-17T14:01:08+00:00\",\"breadcrumb\":{\"@id\":\"https:\/\/seryhumano.com\/web\/?p=8257#breadcrumb\"},\"inLanguage\":\"es\",\"potentialAction\":[{\"@type\":\"ReadAction\",\"target\":[\"https:\/\/seryhumano.com\/web\/?p=8257\"]}]},{\"@type\":\"ImageObject\",\"inLanguage\":\"es\",\"@id\":\"https:\/\/seryhumano.com\/web\/?p=8257#primaryimage\",\"url\":\"https:\/\/seryhumano.com\/web\/wp-content\/uploads\/2013\/10\/featureslider_melamedreloaded.jpg\",\"contentUrl\":\"https:\/\/seryhumano.com\/web\/wp-content\/uploads\/2013\/10\/featureslider_melamedreloaded.jpg\",\"width\":910,\"height\":227},{\"@type\":\"BreadcrumbList\",\"@id\":\"https:\/\/seryhumano.com\/web\/?p=8257#breadcrumb\",\"itemListElement\":[{\"@type\":\"ListItem\",\"position\":1,\"name\":\"Portada\",\"item\":\"https:\/\/seryhumano.com\/web\/\"},{\"@type\":\"ListItem\",\"position\":2,\"name\":\"MAICKEL MELAMED: \u00abYo soy lo que soy por haber nacido en una tierra incre\u00edble llamada Venezuela\u00bb\"}]},{\"@type\":\"WebSite\",\"@id\":\"https:\/\/seryhumano.com\/web\/#website\",\"url\":\"https:\/\/seryhumano.com\/web\/\",\"name\":\"SeryHumano.com\",\"description\":\"Revista digital muy humana, donde lo mas importante es el Ser...\",\"publisher\":{\"@id\":\"https:\/\/seryhumano.com\/web\/#organization\"},\"potentialAction\":[{\"@type\":\"SearchAction\",\"target\":{\"@type\":\"EntryPoint\",\"urlTemplate\":\"https:\/\/seryhumano.com\/web\/?s={search_term_string}\"},\"query-input\":{\"@type\":\"PropertyValueSpecification\",\"valueRequired\":true,\"valueName\":\"search_term_string\"}}],\"inLanguage\":\"es\"},{\"@type\":\"Organization\",\"@id\":\"https:\/\/seryhumano.com\/web\/#organization\",\"name\":\"SeryHumano.com\",\"url\":\"https:\/\/seryhumano.com\/web\/\",\"logo\":{\"@type\":\"ImageObject\",\"inLanguage\":\"es\",\"@id\":\"https:\/\/seryhumano.com\/web\/#\/schema\/logo\/image\/\",\"url\":\"https:\/\/seryhumano.com\/web\/wp-content\/uploads\/2020\/02\/JNe5VRwH_400x400-2.jpg\",\"contentUrl\":\"https:\/\/seryhumano.com\/web\/wp-content\/uploads\/2020\/02\/JNe5VRwH_400x400-2.jpg\",\"width\":400,\"height\":400,\"caption\":\"SeryHumano.com\"},\"image\":{\"@id\":\"https:\/\/seryhumano.com\/web\/#\/schema\/logo\/image\/\"},\"sameAs\":[\"https:\/\/www.facebook.com\/seryhumano\/\",\"https:\/\/x.com\/SeryHumano\",\"https:\/\/www.instagram.com\/seryhumano\/\",\"https:\/\/www.linkedin.com\/company\/seryhumano-com\/\",\"https:\/\/www.youtube.com\/channel\/UCYfgIGSxygVnJAW0e9ZBZWg\"]},{\"@type\":\"Person\",\"@id\":\"https:\/\/seryhumano.com\/web\/#\/schema\/person\/fd30e8e0b394a62344b44d9b0fe75795\",\"name\":\"@herrera_yosmar\",\"description\":\"Eterna enamorada de la vida, comunicadora, mam\u00e1 de tres\",\"sameAs\":[\"http:\/\/seryhumano.com\"],\"url\":\"https:\/\/seryhumano.com\/web\/?author=2\"}]}<\/script>\n<!-- \/ Yoast SEO plugin. -->","yoast_head_json":{"title":"MAICKEL MELAMED: \"Yo soy lo que soy por haber nacido en una tierra incre\u00edble llamada Venezuela\" &#187; SeryHumano.com","robots":{"index":"index","follow":"follow","max-snippet":"max-snippet:-1","max-image-preview":"max-image-preview:large","max-video-preview":"max-video-preview:-1"},"canonical":"https:\/\/seryhumano.com\/web\/?p=8257","og_locale":"es_ES","og_type":"article","og_title":"MAICKEL MELAMED: \"Yo soy lo que soy por haber nacido en una tierra incre\u00edble llamada Venezuela\" &#187; SeryHumano.com","og_description":"Maickel Melamed junto a su Equipo Vamos\u00a0conquist\u00f3 su tercer Majors, el Marat\u00f3n de Chicago, con tiempo extraoficial de 16 horas y 46 minutos. Apenas finalizado este desaf\u00edo el atleta ya piensa en su preparaci\u00f3n para Tokio que ser\u00e1 en febrero del 2014. Maickel Melamed y su Equipo Vamos partieron desde el Corral K a las&hellip;","og_url":"https:\/\/seryhumano.com\/web\/?p=8257","og_site_name":"SeryHumano.com","article_publisher":"https:\/\/www.facebook.com\/seryhumano\/","article_published_time":"2013-10-17T13:16:35+00:00","article_modified_time":"2013-10-17T14:01:08+00:00","og_image":[{"width":910,"height":227,"url":"https:\/\/seryhumano.com\/web\/wp-content\/uploads\/2013\/10\/featureslider_melamedreloaded.jpg","type":"image\/jpeg"}],"author":"@herrera_yosmar","twitter_card":"summary_large_image","twitter_creator":"@SeryHumano","twitter_site":"@SeryHumano","twitter_misc":{"Escrito por":"@herrera_yosmar","Tiempo de lectura":"2 minutos"},"schema":{"@context":"https:\/\/schema.org","@graph":[{"@type":"Article","@id":"https:\/\/seryhumano.com\/web\/?p=8257#article","isPartOf":{"@id":"https:\/\/seryhumano.com\/web\/?p=8257"},"author":{"name":"@herrera_yosmar","@id":"https:\/\/seryhumano.com\/web\/#\/schema\/person\/fd30e8e0b394a62344b44d9b0fe75795"},"headline":"MAICKEL MELAMED: \u00abYo soy lo que soy por haber nacido en una tierra incre\u00edble llamada Venezuela\u00bb","datePublished":"2013-10-17T13:16:35+00:00","dateModified":"2013-10-17T14:01:08+00:00","mainEntityOfPage":{"@id":"https:\/\/seryhumano.com\/web\/?p=8257"},"wordCount":461,"publisher":{"@id":"https:\/\/seryhumano.com\/web\/#organization"},"image":{"@id":"https:\/\/seryhumano.com\/web\/?p=8257#primaryimage"},"thumbnailUrl":"https:\/\/seryhumano.com\/web\/wp-content\/uploads\/2013\/10\/featureslider_melamedreloaded.jpg","keywords":["Slider"],"articleSection":["Ser Deportivo"],"inLanguage":"es"},{"@type":"WebPage","@id":"https:\/\/seryhumano.com\/web\/?p=8257","url":"https:\/\/seryhumano.com\/web\/?p=8257","name":"MAICKEL MELAMED: \"Yo soy lo que soy por haber nacido en una tierra incre\u00edble llamada Venezuela\" &#187; SeryHumano.com","isPartOf":{"@id":"https:\/\/seryhumano.com\/web\/#website"},"primaryImageOfPage":{"@id":"https:\/\/seryhumano.com\/web\/?p=8257#primaryimage"},"image":{"@id":"https:\/\/seryhumano.com\/web\/?p=8257#primaryimage"},"thumbnailUrl":"https:\/\/seryhumano.com\/web\/wp-content\/uploads\/2013\/10\/featureslider_melamedreloaded.jpg","datePublished":"2013-10-17T13:16:35+00:00","dateModified":"2013-10-17T14:01:08+00:00","breadcrumb":{"@id":"https:\/\/seryhumano.com\/web\/?p=8257#breadcrumb"},"inLanguage":"es","potentialAction":[{"@type":"ReadAction","target":["https:\/\/seryhumano.com\/web\/?p=8257"]}]},{"@type":"ImageObject","inLanguage":"es","@id":"https:\/\/seryhumano.com\/web\/?p=8257#primaryimage","url":"https:\/\/seryhumano.com\/web\/wp-content\/uploads\/2013\/10\/featureslider_melamedreloaded.jpg","contentUrl":"https:\/\/seryhumano.com\/web\/wp-content\/uploads\/2013\/10\/featureslider_melamedreloaded.jpg","width":910,"height":227},{"@type":"BreadcrumbList","@id":"https:\/\/seryhumano.com\/web\/?p=8257#breadcrumb","itemListElement":[{"@type":"ListItem","position":1,"name":"Portada","item":"https:\/\/seryhumano.com\/web\/"},{"@type":"ListItem","position":2,"name":"MAICKEL MELAMED: \u00abYo soy lo que soy por haber nacido en una tierra incre\u00edble llamada Venezuela\u00bb"}]},{"@type":"WebSite","@id":"https:\/\/seryhumano.com\/web\/#website","url":"https:\/\/seryhumano.com\/web\/","name":"SeryHumano.com","description":"Revista digital muy humana, donde lo mas importante es el Ser...","publisher":{"@id":"https:\/\/seryhumano.com\/web\/#organization"},"potentialAction":[{"@type":"SearchAction","target":{"@type":"EntryPoint","urlTemplate":"https:\/\/seryhumano.com\/web\/?s={search_term_string}"},"query-input":{"@type":"PropertyValueSpecification","valueRequired":true,"valueName":"search_term_string"}}],"inLanguage":"es"},{"@type":"Organization","@id":"https:\/\/seryhumano.com\/web\/#organization","name":"SeryHumano.com","url":"https:\/\/seryhumano.com\/web\/","logo":{"@type":"ImageObject","inLanguage":"es","@id":"https:\/\/seryhumano.com\/web\/#\/schema\/logo\/image\/","url":"https:\/\/seryhumano.com\/web\/wp-content\/uploads\/2020\/02\/JNe5VRwH_400x400-2.jpg","contentUrl":"https:\/\/seryhumano.com\/web\/wp-content\/uploads\/2020\/02\/JNe5VRwH_400x400-2.jpg","width":400,"height":400,"caption":"SeryHumano.com"},"image":{"@id":"https:\/\/seryhumano.com\/web\/#\/schema\/logo\/image\/"},"sameAs":["https:\/\/www.facebook.com\/seryhumano\/","https:\/\/x.com\/SeryHumano","https:\/\/www.instagram.com\/seryhumano\/","https:\/\/www.linkedin.com\/company\/seryhumano-com\/","https:\/\/www.youtube.com\/channel\/UCYfgIGSxygVnJAW0e9ZBZWg"]},{"@type":"Person","@id":"https:\/\/seryhumano.com\/web\/#\/schema\/person\/fd30e8e0b394a62344b44d9b0fe75795","name":"@herrera_yosmar","description":"Eterna enamorada de la vida, comunicadora, mam\u00e1 de tres","sameAs":["http:\/\/seryhumano.com"],"url":"https:\/\/seryhumano.com\/web\/?author=2"}]}},"_links":{"self":[{"href":"https:\/\/seryhumano.com\/web\/index.php?rest_route=\/wp\/v2\/posts\/8257","targetHints":{"allow":["GET"]}}],"collection":[{"href":"https:\/\/seryhumano.com\/web\/index.php?rest_route=\/wp\/v2\/posts"}],"about":[{"href":"https:\/\/seryhumano.com\/web\/index.php?rest_route=\/wp\/v2\/types\/post"}],"author":[{"embeddable":true,"href":"https:\/\/seryhumano.com\/web\/index.php?rest_route=\/wp\/v2\/users\/2"}],"replies":[{"embeddable":true,"href":"https:\/\/seryhumano.com\/web\/index.php?rest_route=%2Fwp%2Fv2%2Fcomments&post=8257"}],"version-history":[{"count":0,"href":"https:\/\/seryhumano.com\/web\/index.php?rest_route=\/wp\/v2\/posts\/8257\/revisions"}],"wp:featuredmedia":[{"embeddable":true,"href":"https:\/\/seryhumano.com\/web\/index.php?rest_route=\/wp\/v2\/media\/8264"}],"wp:attachment":[{"href":"https:\/\/seryhumano.com\/web\/index.php?rest_route=%2Fwp%2Fv2%2Fmedia&parent=8257"}],"wp:term":[{"taxonomy":"category","embeddable":true,"href":"https:\/\/seryhumano.com\/web\/index.php?rest_route=%2Fwp%2Fv2%2Fcategories&post=8257"},{"taxonomy":"post_tag","embeddable":true,"href":"https:\/\/seryhumano.com\/web\/index.php?rest_route=%2Fwp%2Fv2%2Ftags&post=8257"}],"curies":[{"name":"wp","href":"https:\/\/api.w.org\/{rel}","templated":true}]}}