{"id":8265,"date":"2013-10-17T09:20:24","date_gmt":"2013-10-17T13:50:24","guid":{"rendered":"https:\/\/seryhumano.com\/web\/?p=8265"},"modified":"2013-10-17T09:37:07","modified_gmt":"2013-10-17T14:07:07","slug":"vii-edicion-del-festival-internacional-la-siembra-del-cuatro","status":"publish","type":"post","link":"https:\/\/seryhumano.com\/web\/?p=8265","title":{"rendered":"VII edici\u00f3n del Festival Internacional La Siembra del Cuatro"},"content":{"rendered":"<p><a href=\"https:\/\/seryhumano.com\/web\/?attachment_id=8267\" rel=\"attachment wp-att-8267\"><img loading=\"lazy\" decoding=\"async\" class=\"alignleft size-medium wp-image-8267\" alt=\"FOTO 5, EXPOSICION DEL ARTE SONORO DONDE EL PUBLICO ASISTENTE PODR\u00b5 ADQUIRIR ESTAS MARAVILLOSOS INSTRUMENTOS, foto victor melendez\" src=\"https:\/\/seryhumano.com\/web\/wp-content\/uploads\/2013\/10\/FOTO-5-EXPOSICION-DEL-ARTE-SONORO-DONDE-EL-PUBLICO-ASISTENTE-PODR\u00b5-ADQUIRIR-ESTAS-MARAVILLOSOS-INSTRUMENTOS-foto-victor-melendez-225x300.jpeg\" width=\"225\" height=\"300\" srcset=\"https:\/\/seryhumano.com\/web\/wp-content\/uploads\/2013\/10\/FOTO-5-EXPOSICION-DEL-ARTE-SONORO-DONDE-EL-PUBLICO-ASISTENTE-PODR\u00b5-ADQUIRIR-ESTAS-MARAVILLOSOS-INSTRUMENTOS-foto-victor-melendez-225x300.jpeg 225w, https:\/\/seryhumano.com\/web\/wp-content\/uploads\/2013\/10\/FOTO-5-EXPOSICION-DEL-ARTE-SONORO-DONDE-EL-PUBLICO-ASISTENTE-PODR\u00b5-ADQUIRIR-ESTAS-MARAVILLOSOS-INSTRUMENTOS-foto-victor-melendez.jpeg 426w\" sizes=\"auto, (max-width: 225px) 100vw, 225px\" \/><\/a>La versatilidad, fuerza y riqueza sonora del instrumento nacional volver\u00e1 a conquistar al p\u00fablico citadino en la fase final de la s\u00e9ptima edici\u00f3n del Festival Internacional La Siembra del Cuatro, que cierra su musical recorrido que desde mediados de este a\u00f1o ha seguido una ruta que va desde el sur del pa\u00eds, pasando por todo el oriente, centro, llanos, centro occidente y occidente.<\/p>\n<p>Tres intensas jornadas de eventos llenar\u00e1n con las sonoridades del instrumento nacional y mucho talento joven, el Teatro Teresa Carre\u00f1o, en Caracas, del 24 al 26 de octubre pr\u00f3ximos.<\/p>\n<p>El Festival comienza el <b>jueves 24 de octubre<\/b>,\u00a0 a las 6:00 pm, con la inauguraci\u00f3n<b> <\/b>de la exposici\u00f3n del <i>Arte Sonoro<\/i>, en los espacios abiertos del complejo cultural de Los Caobos. El p\u00fablico podr\u00e1 disfrutar de la variedad de instrumentos construidos por artesanos y luthiers de diferentes lugares del pa\u00eds quienes, durante tres d\u00edas, mostrar\u00e1n su obra creativa.<\/p>\n<p>El <b>viernes 25<\/b>, a partir de las 6:00 pm, la sala Jos\u00e9 F\u00e9lix Ribas recibir\u00e1 a los 29 clasificados nacionales que participan en la final del V Concurso Internacional La Siembra del Cuatro. Ese d\u00eda, el jurado, integrado por m\u00fasicos de Colombia, Aruba, Trinidad y Venezuela, evaluar\u00e1 a los participantes para seleccionar los 12 finalistas que optar\u00e1n por los tres primeros lugares del certamen.<\/p>\n<p>El <b>s\u00e1bado 26<\/b>, en el mismo horario, los clasificados se presentar\u00e1n ante el p\u00fablico y el jurado en la Sala Jos\u00e9 F\u00e9lix Ribas para demostrar las cualidades t\u00e9cnicas, improvisatorias y creativas que los har\u00e1n merecedores de un lugar en el cuadro de honor del concurso.<\/p>\n<p>Como ya es tradici\u00f3n en el evento, reconocidos artistas actuar\u00e1n en su marco, tocando turno este a\u00f1o a Cruz Ram\u00f3n Peraza, el bien llamado \u201cDiablo del Cuatro\u201d, cultor proveniente del estado Portuguesa que impactar\u00e1 con su virtuosismo e ingenio; el cuatrista y vocalista larense Tico P\u00e1ez, la destacada agrupaci\u00f3n vocal Los Cu\u00f1ao\u2019s y el cantante l\u00edrico Idwer \u00c1lvarez, los cuatristas Miguel Siso y Nelson Gonz\u00e1lez, y los ni\u00f1os Jimmy Alz\u00faru e Isidro Landaeta, entre otros.<a href=\"https:\/\/seryhumano.com\/web\/?attachment_id=8269\" rel=\"attachment wp-att-8269\"><img loading=\"lazy\" decoding=\"async\" class=\"alignright size-medium wp-image-8269\" alt=\"SONY DSC\" src=\"https:\/\/seryhumano.com\/web\/wp-content\/uploads\/2013\/10\/Exposici\u00a2n-10-570x319-2-300x167.jpeg\" width=\"300\" height=\"167\" srcset=\"https:\/\/seryhumano.com\/web\/wp-content\/uploads\/2013\/10\/Exposici\u00a2n-10-570x319-2-300x167.jpeg 300w, https:\/\/seryhumano.com\/web\/wp-content\/uploads\/2013\/10\/Exposici\u00a2n-10-570x319-2.jpeg 570w\" sizes=\"auto, (max-width: 300px) 100vw, 300px\" \/><\/a><\/p>\n<p><b>Cosecha de grandes talentos<\/b><\/p>\n<p>El Concurso Internacional La Siembra del Cuatro, concebido y dirigido por el Maestro <b>Cheo Hurtado<\/b>, \u00a0ha sido terreno fertil para una inmejorable cosecha de instrumentistas que, tras su participaci\u00f3n en el evento, cuya primera edici\u00f3n se celebr\u00f3 en 2004, han emprendido su carrera musical, bien sea como solista o como acompa\u00f1ante.<\/p>\n<p><b>Carlos Capacho<\/b> gan\u00f3 con 15 a\u00f1os de edad la primera edici\u00f3n del evento, celebrada en julio de 2004. Hoy brilla con su talento en el Berkllee College de Boston, formando parte del cuadro de honor de ese prestigioso instituto. Reconocido por haber introducido en sus conciertos el cuatro el\u00e9ctrico, antes de salir a perfeccionar sus estudios musicales en el exterior, dirigi\u00f3 la c\u00e1tedra de cuatro en el Conservatorio Sim\u00f3n Bol\u00edvar, la c\u00e1tedra de m\u00fasica venezolana y dirige la Orquesta de M\u00fasica Venezolana Sim\u00f3n Bol\u00edvar del Sistema Nacional de Orquestas.<\/p>\n<p><b>Jorge Glem<\/b>, entretanto, ganador de la segunda edici\u00f3n del concurso, realizada en noviembre de 2005, es uno de los instrumentistas de mayor proyecci\u00f3n del pa\u00eds, trascendiendo fronteras con su virtuosismo y creatividad, que lo ha llevado a explorar las posibilidades del cuatro en g\u00e9neros como el jazz.<a href=\"https:\/\/seryhumano.com\/web\/?attachment_id=8271\" rel=\"attachment wp-att-8271\"><img loading=\"lazy\" decoding=\"async\" class=\"alignright size-full wp-image-8271\" alt=\"Afiche Siembra 2013\" src=\"https:\/\/seryhumano.com\/web\/wp-content\/uploads\/2013\/10\/Afiche-Siembra-2013.jpeg\" width=\"154\" height=\"220\" \/><\/a><\/p>\n<p>Invitado frecuente de grandes solistas internacionales, consolidada su carrera solista en paralelo a la ascendente carrera de <b>C4 Tr\u00edo<\/b>, agrupaci\u00f3n que fund\u00f3 en 2005 junto a <b>Edward Ram\u00edrez<\/b> (tercer lugar en la primera y segunda edici\u00f3n del evento) y <b>H\u00e9ctor Molina<\/b> (clasificado en la primera versi\u00f3n), cuyos talentos se unieron a partir de su participaci\u00f3n en La Siembra del Cuatro y que hoy ven sus frutos con una nominaci\u00f3n al Grammy Latino.<\/p>\n<p><b>Miguel Siso<\/b>, ganador del tercer concurso, celebrado en noviembre de 2007, tambi\u00e9n ha destacado como solista y acompa\u00f1ante de grandes artistas. Algo similar ocurre con <b>Nelson Gonz\u00e1lez<\/b>, primer lugar en la cuarta edici\u00f3n del concurso, realizada en diciembre de 2012, quien est\u00e1 pr\u00f3ximo a lanzar al mercado su primer disco solista donde muestra su gusto y talento para los m\u00e1s diversos g\u00e9neros de la m\u00fasica nacional.<\/p>\n<p><b>Albert Hern\u00e1ndez, Roney Silva y Jos\u00e9 Luis Lara<\/b>, ganaodes del primer lugar en la edici\u00f3n 2004, 2005 y 2007 del certamen, respectivamente;<b> Liceth Hern\u00e1ndez<\/b>, ganadora del concurso en 2004 en la categor\u00eda femenina; <b>Luis Pino y Leonidas Rond\u00f3n, <\/b>son otros de los muchos talentos emergidos de este evento.<\/p>\n<p>El quinto Concurso, y s\u00e9ptima edici\u00f3n del Festival, impulsado desde su creaci\u00f3n por la Fundaci\u00f3n Guayana Es\u2026,\u00a0 se enmarca dentro de las actividades del A\u00f1o Nacional del Cuatro, promovido por el Ministerio del Poder Popular para la Cultura y\u00a0 el Instituto de Patrimonio Cultural.<\/p>\n<p style=\"text-align: center;\">[youtube]http:\/\/www.youtube.com\/watch?v=7xAbF6Wkq8k[\/youtube]<\/p>\n<p>La entrada para todas las actividades estar\u00e1 abierta a todo p\u00fablico de manera gratuita.<\/p>\n<p>seryhumano.com<\/p>\n<p>Nota de Prensa<\/p>\n<p>&nbsp;<\/p>\n","protected":false},"excerpt":{"rendered":"<p>La versatilidad, fuerza y riqueza sonora del instrumento nacional volver\u00e1 a conquistar al p\u00fablico citadino en la fase final de la s\u00e9ptima edici\u00f3n del Festival Internacional La Siembra del Cuatro, que cierra su musical recorrido que desde mediados de este a\u00f1o ha seguido una ruta que va desde el sur del pa\u00eds, pasando por todo&hellip;<\/p>\n","protected":false},"author":2,"featured_media":8275,"comment_status":"closed","ping_status":"closed","sticky":false,"template":"","format":"standard","meta":{"footnotes":""},"categories":[110,114],"tags":[111],"class_list":["post-8265","post","type-post","status-publish","format-standard","has-post-thumbnail","hentry","category-noticias","category-sonidos","tag-slider","category-110","category-114","description-off"],"yoast_head":"<!-- This site is optimized with the Yoast SEO plugin v25.4 - https:\/\/yoast.com\/wordpress\/plugins\/seo\/ -->\n<title>VII edici\u00f3n del Festival Internacional La Siembra del Cuatro  &#187; SeryHumano.com<\/title>\n<meta name=\"robots\" content=\"index, follow, max-snippet:-1, max-image-preview:large, max-video-preview:-1\" \/>\n<link rel=\"canonical\" href=\"https:\/\/seryhumano.com\/web\/?p=8265\" \/>\n<meta property=\"og:locale\" content=\"es_ES\" \/>\n<meta property=\"og:type\" content=\"article\" \/>\n<meta property=\"og:title\" content=\"VII edici\u00f3n del Festival Internacional La Siembra del Cuatro  &#187; SeryHumano.com\" \/>\n<meta property=\"og:description\" content=\"La versatilidad, fuerza y riqueza sonora del instrumento nacional volver\u00e1 a conquistar al p\u00fablico citadino en la fase final de la s\u00e9ptima edici\u00f3n del Festival Internacional La Siembra del Cuatro, que cierra su musical recorrido que desde mediados de este a\u00f1o ha seguido una ruta que va desde el sur del pa\u00eds, pasando por todo&hellip;\" \/>\n<meta property=\"og:url\" content=\"https:\/\/seryhumano.com\/web\/?p=8265\" \/>\n<meta property=\"og:site_name\" content=\"SeryHumano.com\" \/>\n<meta property=\"article:publisher\" content=\"https:\/\/www.facebook.com\/seryhumano\/\" \/>\n<meta property=\"article:published_time\" content=\"2013-10-17T13:50:24+00:00\" \/>\n<meta property=\"article:modified_time\" content=\"2013-10-17T14:07:07+00:00\" \/>\n<meta property=\"og:image\" content=\"https:\/\/seryhumano.com\/web\/wp-content\/uploads\/2013\/10\/featureslider_cheo.jpg\" \/>\n\t<meta property=\"og:image:width\" content=\"910\" \/>\n\t<meta property=\"og:image:height\" content=\"227\" \/>\n\t<meta property=\"og:image:type\" content=\"image\/jpeg\" \/>\n<meta name=\"author\" content=\"@herrera_yosmar\" \/>\n<meta name=\"twitter:card\" content=\"summary_large_image\" \/>\n<meta name=\"twitter:creator\" content=\"@SeryHumano\" \/>\n<meta name=\"twitter:site\" content=\"@SeryHumano\" \/>\n<meta name=\"twitter:label1\" content=\"Escrito por\" \/>\n\t<meta name=\"twitter:data1\" content=\"@herrera_yosmar\" \/>\n\t<meta name=\"twitter:label2\" content=\"Tiempo de lectura\" \/>\n\t<meta name=\"twitter:data2\" content=\"4 minutos\" \/>\n<script type=\"application\/ld+json\" class=\"yoast-schema-graph\">{\"@context\":\"https:\/\/schema.org\",\"@graph\":[{\"@type\":\"Article\",\"@id\":\"https:\/\/seryhumano.com\/web\/?p=8265#article\",\"isPartOf\":{\"@id\":\"https:\/\/seryhumano.com\/web\/?p=8265\"},\"author\":{\"name\":\"@herrera_yosmar\",\"@id\":\"https:\/\/seryhumano.com\/web\/#\/schema\/person\/fd30e8e0b394a62344b44d9b0fe75795\"},\"headline\":\"VII edici\u00f3n del Festival Internacional La Siembra del Cuatro\",\"datePublished\":\"2013-10-17T13:50:24+00:00\",\"dateModified\":\"2013-10-17T14:07:07+00:00\",\"mainEntityOfPage\":{\"@id\":\"https:\/\/seryhumano.com\/web\/?p=8265\"},\"wordCount\":857,\"publisher\":{\"@id\":\"https:\/\/seryhumano.com\/web\/#organization\"},\"image\":{\"@id\":\"https:\/\/seryhumano.com\/web\/?p=8265#primaryimage\"},\"thumbnailUrl\":\"https:\/\/seryhumano.com\/web\/wp-content\/uploads\/2013\/10\/featureslider_cheo.jpg\",\"keywords\":[\"Slider\"],\"articleSection\":[\"Noticias\",\"Sonidos del Ser\"],\"inLanguage\":\"es\"},{\"@type\":\"WebPage\",\"@id\":\"https:\/\/seryhumano.com\/web\/?p=8265\",\"url\":\"https:\/\/seryhumano.com\/web\/?p=8265\",\"name\":\"VII edici\u00f3n del Festival Internacional La Siembra del Cuatro &#187; SeryHumano.com\",\"isPartOf\":{\"@id\":\"https:\/\/seryhumano.com\/web\/#website\"},\"primaryImageOfPage\":{\"@id\":\"https:\/\/seryhumano.com\/web\/?p=8265#primaryimage\"},\"image\":{\"@id\":\"https:\/\/seryhumano.com\/web\/?p=8265#primaryimage\"},\"thumbnailUrl\":\"https:\/\/seryhumano.com\/web\/wp-content\/uploads\/2013\/10\/featureslider_cheo.jpg\",\"datePublished\":\"2013-10-17T13:50:24+00:00\",\"dateModified\":\"2013-10-17T14:07:07+00:00\",\"breadcrumb\":{\"@id\":\"https:\/\/seryhumano.com\/web\/?p=8265#breadcrumb\"},\"inLanguage\":\"es\",\"potentialAction\":[{\"@type\":\"ReadAction\",\"target\":[\"https:\/\/seryhumano.com\/web\/?p=8265\"]}]},{\"@type\":\"ImageObject\",\"inLanguage\":\"es\",\"@id\":\"https:\/\/seryhumano.com\/web\/?p=8265#primaryimage\",\"url\":\"https:\/\/seryhumano.com\/web\/wp-content\/uploads\/2013\/10\/featureslider_cheo.jpg\",\"contentUrl\":\"https:\/\/seryhumano.com\/web\/wp-content\/uploads\/2013\/10\/featureslider_cheo.jpg\",\"width\":910,\"height\":227},{\"@type\":\"BreadcrumbList\",\"@id\":\"https:\/\/seryhumano.com\/web\/?p=8265#breadcrumb\",\"itemListElement\":[{\"@type\":\"ListItem\",\"position\":1,\"name\":\"Portada\",\"item\":\"https:\/\/seryhumano.com\/web\/\"},{\"@type\":\"ListItem\",\"position\":2,\"name\":\"VII edici\u00f3n del Festival Internacional La Siembra del Cuatro\"}]},{\"@type\":\"WebSite\",\"@id\":\"https:\/\/seryhumano.com\/web\/#website\",\"url\":\"https:\/\/seryhumano.com\/web\/\",\"name\":\"SeryHumano.com\",\"description\":\"Revista digital muy humana, donde lo mas importante es el Ser...\",\"publisher\":{\"@id\":\"https:\/\/seryhumano.com\/web\/#organization\"},\"potentialAction\":[{\"@type\":\"SearchAction\",\"target\":{\"@type\":\"EntryPoint\",\"urlTemplate\":\"https:\/\/seryhumano.com\/web\/?s={search_term_string}\"},\"query-input\":{\"@type\":\"PropertyValueSpecification\",\"valueRequired\":true,\"valueName\":\"search_term_string\"}}],\"inLanguage\":\"es\"},{\"@type\":\"Organization\",\"@id\":\"https:\/\/seryhumano.com\/web\/#organization\",\"name\":\"SeryHumano.com\",\"url\":\"https:\/\/seryhumano.com\/web\/\",\"logo\":{\"@type\":\"ImageObject\",\"inLanguage\":\"es\",\"@id\":\"https:\/\/seryhumano.com\/web\/#\/schema\/logo\/image\/\",\"url\":\"https:\/\/seryhumano.com\/web\/wp-content\/uploads\/2020\/02\/JNe5VRwH_400x400-2.jpg\",\"contentUrl\":\"https:\/\/seryhumano.com\/web\/wp-content\/uploads\/2020\/02\/JNe5VRwH_400x400-2.jpg\",\"width\":400,\"height\":400,\"caption\":\"SeryHumano.com\"},\"image\":{\"@id\":\"https:\/\/seryhumano.com\/web\/#\/schema\/logo\/image\/\"},\"sameAs\":[\"https:\/\/www.facebook.com\/seryhumano\/\",\"https:\/\/x.com\/SeryHumano\",\"https:\/\/www.instagram.com\/seryhumano\/\",\"https:\/\/www.linkedin.com\/company\/seryhumano-com\/\",\"https:\/\/www.youtube.com\/channel\/UCYfgIGSxygVnJAW0e9ZBZWg\"]},{\"@type\":\"Person\",\"@id\":\"https:\/\/seryhumano.com\/web\/#\/schema\/person\/fd30e8e0b394a62344b44d9b0fe75795\",\"name\":\"@herrera_yosmar\",\"description\":\"Eterna enamorada de la vida, comunicadora, mam\u00e1 de tres\",\"sameAs\":[\"http:\/\/seryhumano.com\"],\"url\":\"https:\/\/seryhumano.com\/web\/?author=2\"}]}<\/script>\n<!-- \/ Yoast SEO plugin. -->","yoast_head_json":{"title":"VII edici\u00f3n del Festival Internacional La Siembra del Cuatro  &#187; SeryHumano.com","robots":{"index":"index","follow":"follow","max-snippet":"max-snippet:-1","max-image-preview":"max-image-preview:large","max-video-preview":"max-video-preview:-1"},"canonical":"https:\/\/seryhumano.com\/web\/?p=8265","og_locale":"es_ES","og_type":"article","og_title":"VII edici\u00f3n del Festival Internacional La Siembra del Cuatro  &#187; SeryHumano.com","og_description":"La versatilidad, fuerza y riqueza sonora del instrumento nacional volver\u00e1 a conquistar al p\u00fablico citadino en la fase final de la s\u00e9ptima edici\u00f3n del Festival Internacional La Siembra del Cuatro, que cierra su musical recorrido que desde mediados de este a\u00f1o ha seguido una ruta que va desde el sur del pa\u00eds, pasando por todo&hellip;","og_url":"https:\/\/seryhumano.com\/web\/?p=8265","og_site_name":"SeryHumano.com","article_publisher":"https:\/\/www.facebook.com\/seryhumano\/","article_published_time":"2013-10-17T13:50:24+00:00","article_modified_time":"2013-10-17T14:07:07+00:00","og_image":[{"width":910,"height":227,"url":"https:\/\/seryhumano.com\/web\/wp-content\/uploads\/2013\/10\/featureslider_cheo.jpg","type":"image\/jpeg"}],"author":"@herrera_yosmar","twitter_card":"summary_large_image","twitter_creator":"@SeryHumano","twitter_site":"@SeryHumano","twitter_misc":{"Escrito por":"@herrera_yosmar","Tiempo de lectura":"4 minutos"},"schema":{"@context":"https:\/\/schema.org","@graph":[{"@type":"Article","@id":"https:\/\/seryhumano.com\/web\/?p=8265#article","isPartOf":{"@id":"https:\/\/seryhumano.com\/web\/?p=8265"},"author":{"name":"@herrera_yosmar","@id":"https:\/\/seryhumano.com\/web\/#\/schema\/person\/fd30e8e0b394a62344b44d9b0fe75795"},"headline":"VII edici\u00f3n del Festival Internacional La Siembra del Cuatro","datePublished":"2013-10-17T13:50:24+00:00","dateModified":"2013-10-17T14:07:07+00:00","mainEntityOfPage":{"@id":"https:\/\/seryhumano.com\/web\/?p=8265"},"wordCount":857,"publisher":{"@id":"https:\/\/seryhumano.com\/web\/#organization"},"image":{"@id":"https:\/\/seryhumano.com\/web\/?p=8265#primaryimage"},"thumbnailUrl":"https:\/\/seryhumano.com\/web\/wp-content\/uploads\/2013\/10\/featureslider_cheo.jpg","keywords":["Slider"],"articleSection":["Noticias","Sonidos del Ser"],"inLanguage":"es"},{"@type":"WebPage","@id":"https:\/\/seryhumano.com\/web\/?p=8265","url":"https:\/\/seryhumano.com\/web\/?p=8265","name":"VII edici\u00f3n del Festival Internacional La Siembra del Cuatro &#187; SeryHumano.com","isPartOf":{"@id":"https:\/\/seryhumano.com\/web\/#website"},"primaryImageOfPage":{"@id":"https:\/\/seryhumano.com\/web\/?p=8265#primaryimage"},"image":{"@id":"https:\/\/seryhumano.com\/web\/?p=8265#primaryimage"},"thumbnailUrl":"https:\/\/seryhumano.com\/web\/wp-content\/uploads\/2013\/10\/featureslider_cheo.jpg","datePublished":"2013-10-17T13:50:24+00:00","dateModified":"2013-10-17T14:07:07+00:00","breadcrumb":{"@id":"https:\/\/seryhumano.com\/web\/?p=8265#breadcrumb"},"inLanguage":"es","potentialAction":[{"@type":"ReadAction","target":["https:\/\/seryhumano.com\/web\/?p=8265"]}]},{"@type":"ImageObject","inLanguage":"es","@id":"https:\/\/seryhumano.com\/web\/?p=8265#primaryimage","url":"https:\/\/seryhumano.com\/web\/wp-content\/uploads\/2013\/10\/featureslider_cheo.jpg","contentUrl":"https:\/\/seryhumano.com\/web\/wp-content\/uploads\/2013\/10\/featureslider_cheo.jpg","width":910,"height":227},{"@type":"BreadcrumbList","@id":"https:\/\/seryhumano.com\/web\/?p=8265#breadcrumb","itemListElement":[{"@type":"ListItem","position":1,"name":"Portada","item":"https:\/\/seryhumano.com\/web\/"},{"@type":"ListItem","position":2,"name":"VII edici\u00f3n del Festival Internacional La Siembra del Cuatro"}]},{"@type":"WebSite","@id":"https:\/\/seryhumano.com\/web\/#website","url":"https:\/\/seryhumano.com\/web\/","name":"SeryHumano.com","description":"Revista digital muy humana, donde lo mas importante es el Ser...","publisher":{"@id":"https:\/\/seryhumano.com\/web\/#organization"},"potentialAction":[{"@type":"SearchAction","target":{"@type":"EntryPoint","urlTemplate":"https:\/\/seryhumano.com\/web\/?s={search_term_string}"},"query-input":{"@type":"PropertyValueSpecification","valueRequired":true,"valueName":"search_term_string"}}],"inLanguage":"es"},{"@type":"Organization","@id":"https:\/\/seryhumano.com\/web\/#organization","name":"SeryHumano.com","url":"https:\/\/seryhumano.com\/web\/","logo":{"@type":"ImageObject","inLanguage":"es","@id":"https:\/\/seryhumano.com\/web\/#\/schema\/logo\/image\/","url":"https:\/\/seryhumano.com\/web\/wp-content\/uploads\/2020\/02\/JNe5VRwH_400x400-2.jpg","contentUrl":"https:\/\/seryhumano.com\/web\/wp-content\/uploads\/2020\/02\/JNe5VRwH_400x400-2.jpg","width":400,"height":400,"caption":"SeryHumano.com"},"image":{"@id":"https:\/\/seryhumano.com\/web\/#\/schema\/logo\/image\/"},"sameAs":["https:\/\/www.facebook.com\/seryhumano\/","https:\/\/x.com\/SeryHumano","https:\/\/www.instagram.com\/seryhumano\/","https:\/\/www.linkedin.com\/company\/seryhumano-com\/","https:\/\/www.youtube.com\/channel\/UCYfgIGSxygVnJAW0e9ZBZWg"]},{"@type":"Person","@id":"https:\/\/seryhumano.com\/web\/#\/schema\/person\/fd30e8e0b394a62344b44d9b0fe75795","name":"@herrera_yosmar","description":"Eterna enamorada de la vida, comunicadora, mam\u00e1 de tres","sameAs":["http:\/\/seryhumano.com"],"url":"https:\/\/seryhumano.com\/web\/?author=2"}]}},"_links":{"self":[{"href":"https:\/\/seryhumano.com\/web\/index.php?rest_route=\/wp\/v2\/posts\/8265","targetHints":{"allow":["GET"]}}],"collection":[{"href":"https:\/\/seryhumano.com\/web\/index.php?rest_route=\/wp\/v2\/posts"}],"about":[{"href":"https:\/\/seryhumano.com\/web\/index.php?rest_route=\/wp\/v2\/types\/post"}],"author":[{"embeddable":true,"href":"https:\/\/seryhumano.com\/web\/index.php?rest_route=\/wp\/v2\/users\/2"}],"replies":[{"embeddable":true,"href":"https:\/\/seryhumano.com\/web\/index.php?rest_route=%2Fwp%2Fv2%2Fcomments&post=8265"}],"version-history":[{"count":0,"href":"https:\/\/seryhumano.com\/web\/index.php?rest_route=\/wp\/v2\/posts\/8265\/revisions"}],"wp:featuredmedia":[{"embeddable":true,"href":"https:\/\/seryhumano.com\/web\/index.php?rest_route=\/wp\/v2\/media\/8275"}],"wp:attachment":[{"href":"https:\/\/seryhumano.com\/web\/index.php?rest_route=%2Fwp%2Fv2%2Fmedia&parent=8265"}],"wp:term":[{"taxonomy":"category","embeddable":true,"href":"https:\/\/seryhumano.com\/web\/index.php?rest_route=%2Fwp%2Fv2%2Fcategories&post=8265"},{"taxonomy":"post_tag","embeddable":true,"href":"https:\/\/seryhumano.com\/web\/index.php?rest_route=%2Fwp%2Fv2%2Ftags&post=8265"}],"curies":[{"name":"wp","href":"https:\/\/api.w.org\/{rel}","templated":true}]}}