{"id":8355,"date":"2013-10-21T08:33:58","date_gmt":"2013-10-21T13:03:58","guid":{"rendered":"https:\/\/seryhumano.com\/web\/?p=8355"},"modified":"2013-10-21T08:54:18","modified_gmt":"2013-10-21T13:24:18","slug":"una-traviata-accidentada-y-reflotada","status":"publish","type":"post","link":"https:\/\/seryhumano.com\/web\/?p=8355","title":{"rendered":"Una \u2018Traviata\u2019 accidentada y reflotada"},"content":{"rendered":"<p><a href=\"https:\/\/seryhumano.com\/web\/?attachment_id=8358\" rel=\"attachment wp-att-8358\"><img loading=\"lazy\" decoding=\"async\" class=\"alignright size-medium wp-image-8358\" alt=\"2013_10_20_LM1ESlZWZmomyTjz0gP614\" src=\"https:\/\/seryhumano.com\/web\/wp-content\/uploads\/2013\/10\/2013_10_20_LM1ESlZWZmomyTjz0gP614-300x199.jpg\" width=\"300\" height=\"199\" srcset=\"https:\/\/seryhumano.com\/web\/wp-content\/uploads\/2013\/10\/2013_10_20_LM1ESlZWZmomyTjz0gP614-300x199.jpg 300w, https:\/\/seryhumano.com\/web\/wp-content\/uploads\/2013\/10\/2013_10_20_LM1ESlZWZmomyTjz0gP614.jpg 642w\" sizes=\"auto, (max-width: 300px) 100vw, 300px\" \/><\/a>Modul\u00f3 su registro dram\u00e1tico wagneriano y rescat\u00f3 la l\u00edrica verdiana de su repertorio. As\u00ed atac\u00f3 Nikolai Schukoff el personaje de Alfredo de\u00a0<i>La traviata<\/i>\u00a0en el estreno de la temporada del Palau de les Arts de Valencia del pasado s\u00e1bado. Y no le fue mal. El tenor austriaco estaba en la \u00f3pera valenciana ensayando su Sigmund para\u00a0<i>La valquiria<\/i>, de Wagner, del pr\u00f3ximo mes, pero se subi\u00f3 antes de tiempo al escenario por una indisposici\u00f3n del cantante titular de la obra de Verdi, Ivan Magri. Fue un inesperado maridaje de compositores cuando se celebra el bicentenario del nacimiento de ambos.<\/p>\n<p>Al comienzo del segundo acto de\u00a0<i>La traviata<\/i>, dirigida por Zubin Mehta, Magri acab\u00f3 de cantar y se march\u00f3 a bambalinas. All\u00ed cay\u00f3 desplomado al suelo a causa de contractura cervical que arrastraba desde hace d\u00edas. No pod\u00eda seguir. Entonces se suspendi\u00f3 la \u00f3pera durante unos 20 minutos, en los que hubo algunos silbidos del p\u00fablico, y se activ\u00f3 un plan para cubrir la baja. No hab\u00eda\u00a0<i>cover<\/i>\u00a0(sustituto contratado), pero s\u00ed se hab\u00eda previsto tal eventualidad avisando a un tenor valenciano, que conoce bien el papel de Alfredo, sin descartar a Schukoff. Este, de hecho, hab\u00eda interpretado al personaje en el ensayo pregeneral, como anta\u00f1o hab\u00eda hecho en otros montajes, debido a los dolores de espalda y cabeza de Magri.<\/p>\n<p><a href=\"https:\/\/seryhumano.com\/web\/?attachment_id=8360\" rel=\"attachment wp-att-8360\"><img loading=\"lazy\" decoding=\"async\" class=\"alignleft size-medium wp-image-8360\" alt=\"nikolai-schukoff_anaclase_2_0\" src=\"https:\/\/seryhumano.com\/web\/wp-content\/uploads\/2013\/10\/nikolai-schukoff_anaclase_2_0-300x300.jpg\" width=\"300\" height=\"300\" srcset=\"https:\/\/seryhumano.com\/web\/wp-content\/uploads\/2013\/10\/nikolai-schukoff_anaclase_2_0-300x300.jpg 300w, https:\/\/seryhumano.com\/web\/wp-content\/uploads\/2013\/10\/nikolai-schukoff_anaclase_2_0-150x150.jpg 150w, https:\/\/seryhumano.com\/web\/wp-content\/uploads\/2013\/10\/nikolai-schukoff_anaclase_2_0-50x50.jpg 50w, https:\/\/seryhumano.com\/web\/wp-content\/uploads\/2013\/10\/nikolai-schukoff_anaclase_2_0.jpg 375w\" sizes=\"auto, (max-width: 300px) 100vw, 300px\" \/><\/a>Se opt\u00f3 por el tenor austriaco, al que Mehta dirige tambi\u00e9n en el montaje wagneriano, y Schukoff cant\u00f3 todo el resto de la \u00f3pera desde un atril, en un extremo del escenario, sin actuar. Su sombra teatral fue el core\u00f3grafo Christian David Krumm, que interpret\u00f3 el papel que ense\u00f1a a otros. Sin cantar, claro. Al final, pas\u00f3 lo que se tem\u00eda, porque ya en el inicio de la funci\u00f3n, el Palau de les Arts advirti\u00f3 al p\u00fablico de los posibles problemas de salud del tenor titular de la obra con la que arranc\u00f3 su octava temporada.<\/p>\n<p>A pesar de todos los contratiempos, el p\u00fablico acab\u00f3 aplaudiendo y ovacionando a los int\u00e9rpretes, incluido el tenor sustituto y a su\u00a0<i>alter ego<\/i>esc\u00e9nico. La soprano Jessica Nuccio, fue especialmente aclamada en su papel de Violetta Val\u00e9ry, al igual que Mehta, la Orquestra y el Cor de la Generalitat, como es habitual.<\/p>\n<p>Fuentes de la \u00f3pera valenciana explicaron que, a veces, cuentan con un <i>cover<\/i>\u00a0procedente de su Centro de Perfeccionamiento Pl\u00e1cido Domingo. Y si no, disponen de una lista de contrastados cantantes, localizados y advertidos, capaces de afrontar el papel si acontece alg\u00fan imprevisto. El Palau deslig\u00f3 la falta de\u00a0<i>cover<\/i>\u00a0de la gran reducci\u00f3n presupuestaria que sufre y del ERE.<\/p>\n<p>[youtube]http:\/\/www.youtube.com\/watch?v=hA9aQ9KkpPQ&amp;list=PLF2C35FF381C09A84[\/youtube]<\/p>\n<p>Magri, sacado en ambulancia del teatro, se encontraba ayer en buen estado y de su evoluci\u00f3n depender\u00e1 si canta en la pr\u00f3xima funci\u00f3n, el 24 de octubre. Schukoff se centrar\u00e1 en Wagner.<\/p>\n<p>seryhumano.com \/ Ferran Bono<\/p>\n<p>Fuente: elpais.com<\/p>\n<p>&nbsp;<\/p>\n","protected":false},"excerpt":{"rendered":"<p>Modul\u00f3 su registro dram\u00e1tico wagneriano y rescat\u00f3 la l\u00edrica verdiana de su repertorio. As\u00ed atac\u00f3 Nikolai Schukoff el personaje de Alfredo de\u00a0La traviata\u00a0en el estreno de la temporada del Palau de les Arts de Valencia del pasado s\u00e1bado. Y no le fue mal. El tenor austriaco estaba en la \u00f3pera valenciana ensayando su Sigmund para\u00a0La&hellip;<\/p>\n","protected":false},"author":2,"featured_media":8366,"comment_status":"closed","ping_status":"closed","sticky":false,"template":"","format":"standard","meta":{"footnotes":""},"categories":[122,110],"tags":[111],"class_list":["post-8355","post","type-post","status-publish","format-standard","has-post-thumbnail","hentry","category-cultura","category-noticias","tag-slider","category-122","category-110","description-off"],"yoast_head":"<!-- This site is optimized with the Yoast SEO plugin v25.4 - https:\/\/yoast.com\/wordpress\/plugins\/seo\/ -->\n<title>Una \u2018Traviata\u2019 accidentada y reflotada &#187; SeryHumano.com<\/title>\n<meta name=\"robots\" content=\"index, follow, max-snippet:-1, max-image-preview:large, max-video-preview:-1\" \/>\n<link rel=\"canonical\" href=\"https:\/\/seryhumano.com\/web\/?p=8355\" \/>\n<meta property=\"og:locale\" content=\"es_ES\" \/>\n<meta property=\"og:type\" content=\"article\" \/>\n<meta property=\"og:title\" content=\"Una \u2018Traviata\u2019 accidentada y reflotada &#187; SeryHumano.com\" \/>\n<meta property=\"og:description\" content=\"Modul\u00f3 su registro dram\u00e1tico wagneriano y rescat\u00f3 la l\u00edrica verdiana de su repertorio. As\u00ed atac\u00f3 Nikolai Schukoff el personaje de Alfredo de\u00a0La traviata\u00a0en el estreno de la temporada del Palau de les Arts de Valencia del pasado s\u00e1bado. Y no le fue mal. El tenor austriaco estaba en la \u00f3pera valenciana ensayando su Sigmund para\u00a0La&hellip;\" \/>\n<meta property=\"og:url\" content=\"https:\/\/seryhumano.com\/web\/?p=8355\" \/>\n<meta property=\"og:site_name\" content=\"SeryHumano.com\" \/>\n<meta property=\"article:publisher\" content=\"https:\/\/www.facebook.com\/seryhumano\/\" \/>\n<meta property=\"article:published_time\" content=\"2013-10-21T13:03:58+00:00\" \/>\n<meta property=\"article:modified_time\" content=\"2013-10-21T13:24:18+00:00\" \/>\n<meta property=\"og:image\" content=\"https:\/\/seryhumano.com\/web\/wp-content\/uploads\/2013\/10\/featureslider3.jpg\" \/>\n\t<meta property=\"og:image:width\" content=\"910\" \/>\n\t<meta property=\"og:image:height\" content=\"227\" \/>\n\t<meta property=\"og:image:type\" content=\"image\/jpeg\" \/>\n<meta name=\"author\" content=\"@herrera_yosmar\" \/>\n<meta name=\"twitter:card\" content=\"summary_large_image\" \/>\n<meta name=\"twitter:creator\" content=\"@SeryHumano\" \/>\n<meta name=\"twitter:site\" content=\"@SeryHumano\" \/>\n<meta name=\"twitter:label1\" content=\"Escrito por\" \/>\n\t<meta name=\"twitter:data1\" content=\"@herrera_yosmar\" \/>\n\t<meta name=\"twitter:label2\" content=\"Tiempo de lectura\" \/>\n\t<meta name=\"twitter:data2\" content=\"3 minutos\" \/>\n<script type=\"application\/ld+json\" class=\"yoast-schema-graph\">{\"@context\":\"https:\/\/schema.org\",\"@graph\":[{\"@type\":\"Article\",\"@id\":\"https:\/\/seryhumano.com\/web\/?p=8355#article\",\"isPartOf\":{\"@id\":\"https:\/\/seryhumano.com\/web\/?p=8355\"},\"author\":{\"name\":\"@herrera_yosmar\",\"@id\":\"https:\/\/seryhumano.com\/web\/#\/schema\/person\/fd30e8e0b394a62344b44d9b0fe75795\"},\"headline\":\"Una \u2018Traviata\u2019 accidentada y reflotada\",\"datePublished\":\"2013-10-21T13:03:58+00:00\",\"dateModified\":\"2013-10-21T13:24:18+00:00\",\"mainEntityOfPage\":{\"@id\":\"https:\/\/seryhumano.com\/web\/?p=8355\"},\"wordCount\":519,\"publisher\":{\"@id\":\"https:\/\/seryhumano.com\/web\/#organization\"},\"image\":{\"@id\":\"https:\/\/seryhumano.com\/web\/?p=8355#primaryimage\"},\"thumbnailUrl\":\"https:\/\/seryhumano.com\/web\/wp-content\/uploads\/2013\/10\/featureslider3.jpg\",\"keywords\":[\"Slider\"],\"articleSection\":[\"Cultura del Ser\",\"Noticias\"],\"inLanguage\":\"es\"},{\"@type\":\"WebPage\",\"@id\":\"https:\/\/seryhumano.com\/web\/?p=8355\",\"url\":\"https:\/\/seryhumano.com\/web\/?p=8355\",\"name\":\"Una \u2018Traviata\u2019 accidentada y reflotada &#187; SeryHumano.com\",\"isPartOf\":{\"@id\":\"https:\/\/seryhumano.com\/web\/#website\"},\"primaryImageOfPage\":{\"@id\":\"https:\/\/seryhumano.com\/web\/?p=8355#primaryimage\"},\"image\":{\"@id\":\"https:\/\/seryhumano.com\/web\/?p=8355#primaryimage\"},\"thumbnailUrl\":\"https:\/\/seryhumano.com\/web\/wp-content\/uploads\/2013\/10\/featureslider3.jpg\",\"datePublished\":\"2013-10-21T13:03:58+00:00\",\"dateModified\":\"2013-10-21T13:24:18+00:00\",\"breadcrumb\":{\"@id\":\"https:\/\/seryhumano.com\/web\/?p=8355#breadcrumb\"},\"inLanguage\":\"es\",\"potentialAction\":[{\"@type\":\"ReadAction\",\"target\":[\"https:\/\/seryhumano.com\/web\/?p=8355\"]}]},{\"@type\":\"ImageObject\",\"inLanguage\":\"es\",\"@id\":\"https:\/\/seryhumano.com\/web\/?p=8355#primaryimage\",\"url\":\"https:\/\/seryhumano.com\/web\/wp-content\/uploads\/2013\/10\/featureslider3.jpg\",\"contentUrl\":\"https:\/\/seryhumano.com\/web\/wp-content\/uploads\/2013\/10\/featureslider3.jpg\",\"width\":910,\"height\":227},{\"@type\":\"BreadcrumbList\",\"@id\":\"https:\/\/seryhumano.com\/web\/?p=8355#breadcrumb\",\"itemListElement\":[{\"@type\":\"ListItem\",\"position\":1,\"name\":\"Portada\",\"item\":\"https:\/\/seryhumano.com\/web\/\"},{\"@type\":\"ListItem\",\"position\":2,\"name\":\"Una \u2018Traviata\u2019 accidentada y reflotada\"}]},{\"@type\":\"WebSite\",\"@id\":\"https:\/\/seryhumano.com\/web\/#website\",\"url\":\"https:\/\/seryhumano.com\/web\/\",\"name\":\"SeryHumano.com\",\"description\":\"Revista digital muy humana, donde lo mas importante es el Ser...\",\"publisher\":{\"@id\":\"https:\/\/seryhumano.com\/web\/#organization\"},\"potentialAction\":[{\"@type\":\"SearchAction\",\"target\":{\"@type\":\"EntryPoint\",\"urlTemplate\":\"https:\/\/seryhumano.com\/web\/?s={search_term_string}\"},\"query-input\":{\"@type\":\"PropertyValueSpecification\",\"valueRequired\":true,\"valueName\":\"search_term_string\"}}],\"inLanguage\":\"es\"},{\"@type\":\"Organization\",\"@id\":\"https:\/\/seryhumano.com\/web\/#organization\",\"name\":\"SeryHumano.com\",\"url\":\"https:\/\/seryhumano.com\/web\/\",\"logo\":{\"@type\":\"ImageObject\",\"inLanguage\":\"es\",\"@id\":\"https:\/\/seryhumano.com\/web\/#\/schema\/logo\/image\/\",\"url\":\"https:\/\/seryhumano.com\/web\/wp-content\/uploads\/2020\/02\/JNe5VRwH_400x400-2.jpg\",\"contentUrl\":\"https:\/\/seryhumano.com\/web\/wp-content\/uploads\/2020\/02\/JNe5VRwH_400x400-2.jpg\",\"width\":400,\"height\":400,\"caption\":\"SeryHumano.com\"},\"image\":{\"@id\":\"https:\/\/seryhumano.com\/web\/#\/schema\/logo\/image\/\"},\"sameAs\":[\"https:\/\/www.facebook.com\/seryhumano\/\",\"https:\/\/x.com\/SeryHumano\",\"https:\/\/www.instagram.com\/seryhumano\/\",\"https:\/\/www.linkedin.com\/company\/seryhumano-com\/\",\"https:\/\/www.youtube.com\/channel\/UCYfgIGSxygVnJAW0e9ZBZWg\"]},{\"@type\":\"Person\",\"@id\":\"https:\/\/seryhumano.com\/web\/#\/schema\/person\/fd30e8e0b394a62344b44d9b0fe75795\",\"name\":\"@herrera_yosmar\",\"description\":\"Eterna enamorada de la vida, comunicadora, mam\u00e1 de tres\",\"sameAs\":[\"http:\/\/seryhumano.com\"],\"url\":\"https:\/\/seryhumano.com\/web\/?author=2\"}]}<\/script>\n<!-- \/ Yoast SEO plugin. -->","yoast_head_json":{"title":"Una \u2018Traviata\u2019 accidentada y reflotada &#187; SeryHumano.com","robots":{"index":"index","follow":"follow","max-snippet":"max-snippet:-1","max-image-preview":"max-image-preview:large","max-video-preview":"max-video-preview:-1"},"canonical":"https:\/\/seryhumano.com\/web\/?p=8355","og_locale":"es_ES","og_type":"article","og_title":"Una \u2018Traviata\u2019 accidentada y reflotada &#187; SeryHumano.com","og_description":"Modul\u00f3 su registro dram\u00e1tico wagneriano y rescat\u00f3 la l\u00edrica verdiana de su repertorio. As\u00ed atac\u00f3 Nikolai Schukoff el personaje de Alfredo de\u00a0La traviata\u00a0en el estreno de la temporada del Palau de les Arts de Valencia del pasado s\u00e1bado. Y no le fue mal. El tenor austriaco estaba en la \u00f3pera valenciana ensayando su Sigmund para\u00a0La&hellip;","og_url":"https:\/\/seryhumano.com\/web\/?p=8355","og_site_name":"SeryHumano.com","article_publisher":"https:\/\/www.facebook.com\/seryhumano\/","article_published_time":"2013-10-21T13:03:58+00:00","article_modified_time":"2013-10-21T13:24:18+00:00","og_image":[{"width":910,"height":227,"url":"https:\/\/seryhumano.com\/web\/wp-content\/uploads\/2013\/10\/featureslider3.jpg","type":"image\/jpeg"}],"author":"@herrera_yosmar","twitter_card":"summary_large_image","twitter_creator":"@SeryHumano","twitter_site":"@SeryHumano","twitter_misc":{"Escrito por":"@herrera_yosmar","Tiempo de lectura":"3 minutos"},"schema":{"@context":"https:\/\/schema.org","@graph":[{"@type":"Article","@id":"https:\/\/seryhumano.com\/web\/?p=8355#article","isPartOf":{"@id":"https:\/\/seryhumano.com\/web\/?p=8355"},"author":{"name":"@herrera_yosmar","@id":"https:\/\/seryhumano.com\/web\/#\/schema\/person\/fd30e8e0b394a62344b44d9b0fe75795"},"headline":"Una \u2018Traviata\u2019 accidentada y reflotada","datePublished":"2013-10-21T13:03:58+00:00","dateModified":"2013-10-21T13:24:18+00:00","mainEntityOfPage":{"@id":"https:\/\/seryhumano.com\/web\/?p=8355"},"wordCount":519,"publisher":{"@id":"https:\/\/seryhumano.com\/web\/#organization"},"image":{"@id":"https:\/\/seryhumano.com\/web\/?p=8355#primaryimage"},"thumbnailUrl":"https:\/\/seryhumano.com\/web\/wp-content\/uploads\/2013\/10\/featureslider3.jpg","keywords":["Slider"],"articleSection":["Cultura del Ser","Noticias"],"inLanguage":"es"},{"@type":"WebPage","@id":"https:\/\/seryhumano.com\/web\/?p=8355","url":"https:\/\/seryhumano.com\/web\/?p=8355","name":"Una \u2018Traviata\u2019 accidentada y reflotada &#187; SeryHumano.com","isPartOf":{"@id":"https:\/\/seryhumano.com\/web\/#website"},"primaryImageOfPage":{"@id":"https:\/\/seryhumano.com\/web\/?p=8355#primaryimage"},"image":{"@id":"https:\/\/seryhumano.com\/web\/?p=8355#primaryimage"},"thumbnailUrl":"https:\/\/seryhumano.com\/web\/wp-content\/uploads\/2013\/10\/featureslider3.jpg","datePublished":"2013-10-21T13:03:58+00:00","dateModified":"2013-10-21T13:24:18+00:00","breadcrumb":{"@id":"https:\/\/seryhumano.com\/web\/?p=8355#breadcrumb"},"inLanguage":"es","potentialAction":[{"@type":"ReadAction","target":["https:\/\/seryhumano.com\/web\/?p=8355"]}]},{"@type":"ImageObject","inLanguage":"es","@id":"https:\/\/seryhumano.com\/web\/?p=8355#primaryimage","url":"https:\/\/seryhumano.com\/web\/wp-content\/uploads\/2013\/10\/featureslider3.jpg","contentUrl":"https:\/\/seryhumano.com\/web\/wp-content\/uploads\/2013\/10\/featureslider3.jpg","width":910,"height":227},{"@type":"BreadcrumbList","@id":"https:\/\/seryhumano.com\/web\/?p=8355#breadcrumb","itemListElement":[{"@type":"ListItem","position":1,"name":"Portada","item":"https:\/\/seryhumano.com\/web\/"},{"@type":"ListItem","position":2,"name":"Una \u2018Traviata\u2019 accidentada y reflotada"}]},{"@type":"WebSite","@id":"https:\/\/seryhumano.com\/web\/#website","url":"https:\/\/seryhumano.com\/web\/","name":"SeryHumano.com","description":"Revista digital muy humana, donde lo mas importante es el Ser...","publisher":{"@id":"https:\/\/seryhumano.com\/web\/#organization"},"potentialAction":[{"@type":"SearchAction","target":{"@type":"EntryPoint","urlTemplate":"https:\/\/seryhumano.com\/web\/?s={search_term_string}"},"query-input":{"@type":"PropertyValueSpecification","valueRequired":true,"valueName":"search_term_string"}}],"inLanguage":"es"},{"@type":"Organization","@id":"https:\/\/seryhumano.com\/web\/#organization","name":"SeryHumano.com","url":"https:\/\/seryhumano.com\/web\/","logo":{"@type":"ImageObject","inLanguage":"es","@id":"https:\/\/seryhumano.com\/web\/#\/schema\/logo\/image\/","url":"https:\/\/seryhumano.com\/web\/wp-content\/uploads\/2020\/02\/JNe5VRwH_400x400-2.jpg","contentUrl":"https:\/\/seryhumano.com\/web\/wp-content\/uploads\/2020\/02\/JNe5VRwH_400x400-2.jpg","width":400,"height":400,"caption":"SeryHumano.com"},"image":{"@id":"https:\/\/seryhumano.com\/web\/#\/schema\/logo\/image\/"},"sameAs":["https:\/\/www.facebook.com\/seryhumano\/","https:\/\/x.com\/SeryHumano","https:\/\/www.instagram.com\/seryhumano\/","https:\/\/www.linkedin.com\/company\/seryhumano-com\/","https:\/\/www.youtube.com\/channel\/UCYfgIGSxygVnJAW0e9ZBZWg"]},{"@type":"Person","@id":"https:\/\/seryhumano.com\/web\/#\/schema\/person\/fd30e8e0b394a62344b44d9b0fe75795","name":"@herrera_yosmar","description":"Eterna enamorada de la vida, comunicadora, mam\u00e1 de tres","sameAs":["http:\/\/seryhumano.com"],"url":"https:\/\/seryhumano.com\/web\/?author=2"}]}},"_links":{"self":[{"href":"https:\/\/seryhumano.com\/web\/index.php?rest_route=\/wp\/v2\/posts\/8355","targetHints":{"allow":["GET"]}}],"collection":[{"href":"https:\/\/seryhumano.com\/web\/index.php?rest_route=\/wp\/v2\/posts"}],"about":[{"href":"https:\/\/seryhumano.com\/web\/index.php?rest_route=\/wp\/v2\/types\/post"}],"author":[{"embeddable":true,"href":"https:\/\/seryhumano.com\/web\/index.php?rest_route=\/wp\/v2\/users\/2"}],"replies":[{"embeddable":true,"href":"https:\/\/seryhumano.com\/web\/index.php?rest_route=%2Fwp%2Fv2%2Fcomments&post=8355"}],"version-history":[{"count":0,"href":"https:\/\/seryhumano.com\/web\/index.php?rest_route=\/wp\/v2\/posts\/8355\/revisions"}],"wp:featuredmedia":[{"embeddable":true,"href":"https:\/\/seryhumano.com\/web\/index.php?rest_route=\/wp\/v2\/media\/8366"}],"wp:attachment":[{"href":"https:\/\/seryhumano.com\/web\/index.php?rest_route=%2Fwp%2Fv2%2Fmedia&parent=8355"}],"wp:term":[{"taxonomy":"category","embeddable":true,"href":"https:\/\/seryhumano.com\/web\/index.php?rest_route=%2Fwp%2Fv2%2Fcategories&post=8355"},{"taxonomy":"post_tag","embeddable":true,"href":"https:\/\/seryhumano.com\/web\/index.php?rest_route=%2Fwp%2Fv2%2Ftags&post=8355"}],"curies":[{"name":"wp","href":"https:\/\/api.w.org\/{rel}","templated":true}]}}