{"id":8369,"date":"2013-10-21T09:11:06","date_gmt":"2013-10-21T13:41:06","guid":{"rendered":"https:\/\/seryhumano.com\/web\/?p=8369"},"modified":"2013-10-21T09:25:43","modified_gmt":"2013-10-21T13:55:43","slug":"mario-vargas-llosa-insta-a-defender-la-lengua-espanola","status":"publish","type":"post","link":"https:\/\/seryhumano.com\/web\/?p=8369","title":{"rendered":"Mario Vargas Llosa insta a defender la lengua espa\u00f1ola"},"content":{"rendered":"<p><a href=\"https:\/\/seryhumano.com\/web\/?attachment_id=8372\" rel=\"attachment wp-att-8372\"><img loading=\"lazy\" decoding=\"async\" class=\"alignleft size-medium wp-image-8372\" alt=\"mario-vargas-llosa-insta-defender-la-lengua-espanola\" src=\"https:\/\/seryhumano.com\/web\/wp-content\/uploads\/2013\/10\/mario-vargas-llosa-insta-defender-la-lengua-espanola-300x225.jpg\" width=\"300\" height=\"225\" srcset=\"https:\/\/seryhumano.com\/web\/wp-content\/uploads\/2013\/10\/mario-vargas-llosa-insta-defender-la-lengua-espanola-300x225.jpg 300w, https:\/\/seryhumano.com\/web\/wp-content\/uploads\/2013\/10\/mario-vargas-llosa-insta-defender-la-lengua-espanola.jpg 640w\" sizes=\"auto, (max-width: 300px) 100vw, 300px\" \/><\/a>En la sesi\u00f3n inaugural del VI Congreso Internacional de la Lengua Espa\u00f1ola, en presencia del Pr\u00edncipe de Asturias y el presidente paname\u00f1o, Ricardo Martinelli, Vargas Llosa asegur\u00f3 que el espa\u00f1ol \u00absigue creciendo, rebasando fronteras y ocupando con una fuerza natural cabezas de playa en muchos otros pa\u00edses\u00bb.<\/p>\n<p>El Congreso, bajo el lema \u00abEl espa\u00f1ol en el libro: del Atl\u00e1ntico al Mar del Sur\u00bb, reunir\u00e1 hasta el mi\u00e9rcoles en un centro de convenciones de la capital paname\u00f1a a escritores, profesores y acad\u00e9micos, incluidos los directores del Instituto Cervantes, V\u00edctor Garc\u00eda de la Concha, y de la Real Academia Espa\u00f1ola (RAE), Jos\u00e9 Manuel Blecua, quienes tambi\u00e9n participaron en la inauguraci\u00f3n.<\/p>\n<p>El narrador peruano, que acaba de publicar la novela \u00abEl h\u00e9roe discreto\u00bb, dijo que el avance permanente del espa\u00f1ol demuestra el \u00abdinamismo, utilidad y fecundidad\u00bb de esta lengua.<\/p>\n<p>De acuerdo con el autor de \u00abConversaci\u00f3n en la catedral\u00bb, tener una lengua de estas caracter\u00edsticas \u00abimplica tambi\u00e9n una obligaci\u00f3n.<\/p>\n<p>Vargas Llosa indic\u00f3 que esto es as\u00ed \u00abporque las lenguas, como la vocaci\u00f3n, como la amistad, como el amor, esas grandes experiencias humanas, necesita ser cuidada y respetada para durar, crecer y mejorar\u00bb.<\/p>\n<p>En ese sentido, afirm\u00f3, \u00abnecesitamos defender y cuidar nuestra lengua, no cerr\u00e1ndola, desde luego, a las influencias extranjeras\u00bb.<\/p>\n<p>A\u00f1adi\u00f3 que es importante el esfuerzo por mantener su cohesi\u00f3n y \u00abal mismo tiempo que dinamizando su modernidad y actualidad, respetando esa riqu\u00edsima, esa maravillosa tradici\u00f3n que la ha constituido\u00bb.<a href=\"https:\/\/seryhumano.com\/web\/?attachment_id=8374\" rel=\"attachment wp-att-8374\"><img loading=\"lazy\" decoding=\"async\" class=\"alignright size-medium wp-image-8374\" alt=\"5670261w\" src=\"https:\/\/seryhumano.com\/web\/wp-content\/uploads\/2013\/10\/5670261w-300x181.jpg\" width=\"300\" height=\"181\" srcset=\"https:\/\/seryhumano.com\/web\/wp-content\/uploads\/2013\/10\/5670261w-300x181.jpg 300w, https:\/\/seryhumano.com\/web\/wp-content\/uploads\/2013\/10\/5670261w.jpg 610w\" sizes=\"auto, (max-width: 300px) 100vw, 300px\" \/><\/a><\/p>\n<p>En este camino est\u00e1n grandes escritores \u00abque tienden puentes entre todos los hispanohablantes del mundo\u00bb, destac\u00f3 Vargas Llosa.<\/p>\n<p>\u00abEsos grandes artistas y escritores (son los) que con su palabra han mantenido la unidad y fecundidad de nuestro idioma\u00bb, subray\u00f3 el novelista peruano.<\/p>\n<p>Agreg\u00f3, por otro lado, que entre las maneras de querer, respetar y enriquecer el idioma espa\u00f1ol, impidi\u00e9ndole que se empobrezca y se degrade, est\u00e1n actividades como el Congreso de la Lengua Espa\u00f1ola.<\/p>\n<p>\u00abEl libro entre el Atl\u00e1ntico y el Pac\u00edfico\u00bb; \u00abLa industria del libro\u00bb; \u00abLibro, lectura y educaci\u00f3n\u00bb, y \u00abEl libro entre la creaci\u00f3n y la comunicaci\u00f3n\u00bb son las secciones en las que girar\u00e1n los debates del Congreso sobre derechos de autor y propiedad intelectual, la era digital, el papel del blog y la cr\u00edtica literaria.<\/p>\n<p><a href=\"https:\/\/seryhumano.com\/web\/?attachment_id=8376\" rel=\"attachment wp-att-8376\"><img loading=\"lazy\" decoding=\"async\" class=\"alignleft size-medium wp-image-8376\" alt=\"MVLL\" src=\"https:\/\/seryhumano.com\/web\/wp-content\/uploads\/2013\/10\/MVLL-300x187.jpg\" width=\"300\" height=\"187\" srcset=\"https:\/\/seryhumano.com\/web\/wp-content\/uploads\/2013\/10\/MVLL-300x187.jpg 300w, https:\/\/seryhumano.com\/web\/wp-content\/uploads\/2013\/10\/MVLL.jpg 602w\" sizes=\"auto, (max-width: 300px) 100vw, 300px\" \/><\/a>Vargas Llosa, quien estuvo acompa\u00f1ado en el acto inaugural por los escritores Sergio Ram\u00edrez, de Nicaragua, y Juan David Morgan, de Panam\u00e1, presentar\u00e1 en el marco del Congreso de la Lengua su \u00faltima novela, \u00abEl h\u00e9roe discreto\u00bb, en un coloquio con la escritora espa\u00f1ola Rosa Montero.<\/p>\n<p>seryhumano.com<\/p>\n<p>Fuente: ultimahora.com<\/p>\n<p>&nbsp;<\/p>\n","protected":false},"excerpt":{"rendered":"<p>En la sesi\u00f3n inaugural del VI Congreso Internacional de la Lengua Espa\u00f1ola, en presencia del Pr\u00edncipe de Asturias y el presidente paname\u00f1o, Ricardo Martinelli, Vargas Llosa asegur\u00f3 que el espa\u00f1ol \u00absigue creciendo, rebasando fronteras y ocupando con una fuerza natural cabezas de playa en muchos otros pa\u00edses\u00bb. El Congreso, bajo el lema \u00abEl espa\u00f1ol en&hellip;<\/p>\n","protected":false},"author":2,"featured_media":8378,"comment_status":"closed","ping_status":"closed","sticky":false,"template":"","format":"standard","meta":{"footnotes":""},"categories":[122,110],"tags":[111],"class_list":["post-8369","post","type-post","status-publish","format-standard","has-post-thumbnail","hentry","category-cultura","category-noticias","tag-slider","category-122","category-110","description-off"],"yoast_head":"<!-- This site is optimized with the Yoast SEO plugin v25.4 - https:\/\/yoast.com\/wordpress\/plugins\/seo\/ -->\n<title>Mario Vargas Llosa insta a defender la lengua espa\u00f1ola &#187; SeryHumano.com<\/title>\n<meta name=\"robots\" content=\"index, follow, max-snippet:-1, max-image-preview:large, max-video-preview:-1\" \/>\n<link rel=\"canonical\" href=\"https:\/\/seryhumano.com\/web\/?p=8369\" \/>\n<meta property=\"og:locale\" content=\"es_ES\" \/>\n<meta property=\"og:type\" content=\"article\" \/>\n<meta property=\"og:title\" content=\"Mario Vargas Llosa insta a defender la lengua espa\u00f1ola &#187; SeryHumano.com\" \/>\n<meta property=\"og:description\" content=\"En la sesi\u00f3n inaugural del VI Congreso Internacional de la Lengua Espa\u00f1ola, en presencia del Pr\u00edncipe de Asturias y el presidente paname\u00f1o, Ricardo Martinelli, Vargas Llosa asegur\u00f3 que el espa\u00f1ol \u00absigue creciendo, rebasando fronteras y ocupando con una fuerza natural cabezas de playa en muchos otros pa\u00edses\u00bb. El Congreso, bajo el lema \u00abEl espa\u00f1ol en&hellip;\" \/>\n<meta property=\"og:url\" content=\"https:\/\/seryhumano.com\/web\/?p=8369\" \/>\n<meta property=\"og:site_name\" content=\"SeryHumano.com\" \/>\n<meta property=\"article:publisher\" content=\"https:\/\/www.facebook.com\/seryhumano\/\" \/>\n<meta property=\"article:published_time\" content=\"2013-10-21T13:41:06+00:00\" \/>\n<meta property=\"article:modified_time\" content=\"2013-10-21T13:55:43+00:00\" \/>\n<meta property=\"og:image\" content=\"https:\/\/seryhumano.com\/web\/wp-content\/uploads\/2013\/10\/featureslider_vargas.jpg\" \/>\n\t<meta property=\"og:image:width\" content=\"910\" \/>\n\t<meta property=\"og:image:height\" content=\"227\" \/>\n\t<meta property=\"og:image:type\" content=\"image\/jpeg\" \/>\n<meta name=\"author\" content=\"@herrera_yosmar\" \/>\n<meta name=\"twitter:card\" content=\"summary_large_image\" \/>\n<meta name=\"twitter:creator\" content=\"@SeryHumano\" \/>\n<meta name=\"twitter:site\" content=\"@SeryHumano\" \/>\n<meta name=\"twitter:label1\" content=\"Escrito por\" \/>\n\t<meta name=\"twitter:data1\" content=\"@herrera_yosmar\" \/>\n\t<meta name=\"twitter:label2\" content=\"Tiempo de lectura\" \/>\n\t<meta name=\"twitter:data2\" content=\"2 minutos\" \/>\n<script type=\"application\/ld+json\" class=\"yoast-schema-graph\">{\"@context\":\"https:\/\/schema.org\",\"@graph\":[{\"@type\":\"Article\",\"@id\":\"https:\/\/seryhumano.com\/web\/?p=8369#article\",\"isPartOf\":{\"@id\":\"https:\/\/seryhumano.com\/web\/?p=8369\"},\"author\":{\"name\":\"@herrera_yosmar\",\"@id\":\"https:\/\/seryhumano.com\/web\/#\/schema\/person\/fd30e8e0b394a62344b44d9b0fe75795\"},\"headline\":\"Mario Vargas Llosa insta a defender la lengua espa\u00f1ola\",\"datePublished\":\"2013-10-21T13:41:06+00:00\",\"dateModified\":\"2013-10-21T13:55:43+00:00\",\"mainEntityOfPage\":{\"@id\":\"https:\/\/seryhumano.com\/web\/?p=8369\"},\"wordCount\":471,\"publisher\":{\"@id\":\"https:\/\/seryhumano.com\/web\/#organization\"},\"image\":{\"@id\":\"https:\/\/seryhumano.com\/web\/?p=8369#primaryimage\"},\"thumbnailUrl\":\"https:\/\/seryhumano.com\/web\/wp-content\/uploads\/2013\/10\/featureslider_vargas.jpg\",\"keywords\":[\"Slider\"],\"articleSection\":[\"Cultura del Ser\",\"Noticias\"],\"inLanguage\":\"es\"},{\"@type\":\"WebPage\",\"@id\":\"https:\/\/seryhumano.com\/web\/?p=8369\",\"url\":\"https:\/\/seryhumano.com\/web\/?p=8369\",\"name\":\"Mario Vargas Llosa insta a defender la lengua espa\u00f1ola &#187; SeryHumano.com\",\"isPartOf\":{\"@id\":\"https:\/\/seryhumano.com\/web\/#website\"},\"primaryImageOfPage\":{\"@id\":\"https:\/\/seryhumano.com\/web\/?p=8369#primaryimage\"},\"image\":{\"@id\":\"https:\/\/seryhumano.com\/web\/?p=8369#primaryimage\"},\"thumbnailUrl\":\"https:\/\/seryhumano.com\/web\/wp-content\/uploads\/2013\/10\/featureslider_vargas.jpg\",\"datePublished\":\"2013-10-21T13:41:06+00:00\",\"dateModified\":\"2013-10-21T13:55:43+00:00\",\"breadcrumb\":{\"@id\":\"https:\/\/seryhumano.com\/web\/?p=8369#breadcrumb\"},\"inLanguage\":\"es\",\"potentialAction\":[{\"@type\":\"ReadAction\",\"target\":[\"https:\/\/seryhumano.com\/web\/?p=8369\"]}]},{\"@type\":\"ImageObject\",\"inLanguage\":\"es\",\"@id\":\"https:\/\/seryhumano.com\/web\/?p=8369#primaryimage\",\"url\":\"https:\/\/seryhumano.com\/web\/wp-content\/uploads\/2013\/10\/featureslider_vargas.jpg\",\"contentUrl\":\"https:\/\/seryhumano.com\/web\/wp-content\/uploads\/2013\/10\/featureslider_vargas.jpg\",\"width\":910,\"height\":227},{\"@type\":\"BreadcrumbList\",\"@id\":\"https:\/\/seryhumano.com\/web\/?p=8369#breadcrumb\",\"itemListElement\":[{\"@type\":\"ListItem\",\"position\":1,\"name\":\"Portada\",\"item\":\"https:\/\/seryhumano.com\/web\/\"},{\"@type\":\"ListItem\",\"position\":2,\"name\":\"Mario Vargas Llosa insta a defender la lengua espa\u00f1ola\"}]},{\"@type\":\"WebSite\",\"@id\":\"https:\/\/seryhumano.com\/web\/#website\",\"url\":\"https:\/\/seryhumano.com\/web\/\",\"name\":\"SeryHumano.com\",\"description\":\"Revista digital muy humana, donde lo mas importante es el Ser...\",\"publisher\":{\"@id\":\"https:\/\/seryhumano.com\/web\/#organization\"},\"potentialAction\":[{\"@type\":\"SearchAction\",\"target\":{\"@type\":\"EntryPoint\",\"urlTemplate\":\"https:\/\/seryhumano.com\/web\/?s={search_term_string}\"},\"query-input\":{\"@type\":\"PropertyValueSpecification\",\"valueRequired\":true,\"valueName\":\"search_term_string\"}}],\"inLanguage\":\"es\"},{\"@type\":\"Organization\",\"@id\":\"https:\/\/seryhumano.com\/web\/#organization\",\"name\":\"SeryHumano.com\",\"url\":\"https:\/\/seryhumano.com\/web\/\",\"logo\":{\"@type\":\"ImageObject\",\"inLanguage\":\"es\",\"@id\":\"https:\/\/seryhumano.com\/web\/#\/schema\/logo\/image\/\",\"url\":\"https:\/\/seryhumano.com\/web\/wp-content\/uploads\/2020\/02\/JNe5VRwH_400x400-2.jpg\",\"contentUrl\":\"https:\/\/seryhumano.com\/web\/wp-content\/uploads\/2020\/02\/JNe5VRwH_400x400-2.jpg\",\"width\":400,\"height\":400,\"caption\":\"SeryHumano.com\"},\"image\":{\"@id\":\"https:\/\/seryhumano.com\/web\/#\/schema\/logo\/image\/\"},\"sameAs\":[\"https:\/\/www.facebook.com\/seryhumano\/\",\"https:\/\/x.com\/SeryHumano\",\"https:\/\/www.instagram.com\/seryhumano\/\",\"https:\/\/www.linkedin.com\/company\/seryhumano-com\/\",\"https:\/\/www.youtube.com\/channel\/UCYfgIGSxygVnJAW0e9ZBZWg\"]},{\"@type\":\"Person\",\"@id\":\"https:\/\/seryhumano.com\/web\/#\/schema\/person\/fd30e8e0b394a62344b44d9b0fe75795\",\"name\":\"@herrera_yosmar\",\"description\":\"Eterna enamorada de la vida, comunicadora, mam\u00e1 de tres\",\"sameAs\":[\"http:\/\/seryhumano.com\"],\"url\":\"https:\/\/seryhumano.com\/web\/?author=2\"}]}<\/script>\n<!-- \/ Yoast SEO plugin. -->","yoast_head_json":{"title":"Mario Vargas Llosa insta a defender la lengua espa\u00f1ola &#187; SeryHumano.com","robots":{"index":"index","follow":"follow","max-snippet":"max-snippet:-1","max-image-preview":"max-image-preview:large","max-video-preview":"max-video-preview:-1"},"canonical":"https:\/\/seryhumano.com\/web\/?p=8369","og_locale":"es_ES","og_type":"article","og_title":"Mario Vargas Llosa insta a defender la lengua espa\u00f1ola &#187; SeryHumano.com","og_description":"En la sesi\u00f3n inaugural del VI Congreso Internacional de la Lengua Espa\u00f1ola, en presencia del Pr\u00edncipe de Asturias y el presidente paname\u00f1o, Ricardo Martinelli, Vargas Llosa asegur\u00f3 que el espa\u00f1ol \u00absigue creciendo, rebasando fronteras y ocupando con una fuerza natural cabezas de playa en muchos otros pa\u00edses\u00bb. El Congreso, bajo el lema \u00abEl espa\u00f1ol en&hellip;","og_url":"https:\/\/seryhumano.com\/web\/?p=8369","og_site_name":"SeryHumano.com","article_publisher":"https:\/\/www.facebook.com\/seryhumano\/","article_published_time":"2013-10-21T13:41:06+00:00","article_modified_time":"2013-10-21T13:55:43+00:00","og_image":[{"width":910,"height":227,"url":"https:\/\/seryhumano.com\/web\/wp-content\/uploads\/2013\/10\/featureslider_vargas.jpg","type":"image\/jpeg"}],"author":"@herrera_yosmar","twitter_card":"summary_large_image","twitter_creator":"@SeryHumano","twitter_site":"@SeryHumano","twitter_misc":{"Escrito por":"@herrera_yosmar","Tiempo de lectura":"2 minutos"},"schema":{"@context":"https:\/\/schema.org","@graph":[{"@type":"Article","@id":"https:\/\/seryhumano.com\/web\/?p=8369#article","isPartOf":{"@id":"https:\/\/seryhumano.com\/web\/?p=8369"},"author":{"name":"@herrera_yosmar","@id":"https:\/\/seryhumano.com\/web\/#\/schema\/person\/fd30e8e0b394a62344b44d9b0fe75795"},"headline":"Mario Vargas Llosa insta a defender la lengua espa\u00f1ola","datePublished":"2013-10-21T13:41:06+00:00","dateModified":"2013-10-21T13:55:43+00:00","mainEntityOfPage":{"@id":"https:\/\/seryhumano.com\/web\/?p=8369"},"wordCount":471,"publisher":{"@id":"https:\/\/seryhumano.com\/web\/#organization"},"image":{"@id":"https:\/\/seryhumano.com\/web\/?p=8369#primaryimage"},"thumbnailUrl":"https:\/\/seryhumano.com\/web\/wp-content\/uploads\/2013\/10\/featureslider_vargas.jpg","keywords":["Slider"],"articleSection":["Cultura del Ser","Noticias"],"inLanguage":"es"},{"@type":"WebPage","@id":"https:\/\/seryhumano.com\/web\/?p=8369","url":"https:\/\/seryhumano.com\/web\/?p=8369","name":"Mario Vargas Llosa insta a defender la lengua espa\u00f1ola &#187; SeryHumano.com","isPartOf":{"@id":"https:\/\/seryhumano.com\/web\/#website"},"primaryImageOfPage":{"@id":"https:\/\/seryhumano.com\/web\/?p=8369#primaryimage"},"image":{"@id":"https:\/\/seryhumano.com\/web\/?p=8369#primaryimage"},"thumbnailUrl":"https:\/\/seryhumano.com\/web\/wp-content\/uploads\/2013\/10\/featureslider_vargas.jpg","datePublished":"2013-10-21T13:41:06+00:00","dateModified":"2013-10-21T13:55:43+00:00","breadcrumb":{"@id":"https:\/\/seryhumano.com\/web\/?p=8369#breadcrumb"},"inLanguage":"es","potentialAction":[{"@type":"ReadAction","target":["https:\/\/seryhumano.com\/web\/?p=8369"]}]},{"@type":"ImageObject","inLanguage":"es","@id":"https:\/\/seryhumano.com\/web\/?p=8369#primaryimage","url":"https:\/\/seryhumano.com\/web\/wp-content\/uploads\/2013\/10\/featureslider_vargas.jpg","contentUrl":"https:\/\/seryhumano.com\/web\/wp-content\/uploads\/2013\/10\/featureslider_vargas.jpg","width":910,"height":227},{"@type":"BreadcrumbList","@id":"https:\/\/seryhumano.com\/web\/?p=8369#breadcrumb","itemListElement":[{"@type":"ListItem","position":1,"name":"Portada","item":"https:\/\/seryhumano.com\/web\/"},{"@type":"ListItem","position":2,"name":"Mario Vargas Llosa insta a defender la lengua espa\u00f1ola"}]},{"@type":"WebSite","@id":"https:\/\/seryhumano.com\/web\/#website","url":"https:\/\/seryhumano.com\/web\/","name":"SeryHumano.com","description":"Revista digital muy humana, donde lo mas importante es el Ser...","publisher":{"@id":"https:\/\/seryhumano.com\/web\/#organization"},"potentialAction":[{"@type":"SearchAction","target":{"@type":"EntryPoint","urlTemplate":"https:\/\/seryhumano.com\/web\/?s={search_term_string}"},"query-input":{"@type":"PropertyValueSpecification","valueRequired":true,"valueName":"search_term_string"}}],"inLanguage":"es"},{"@type":"Organization","@id":"https:\/\/seryhumano.com\/web\/#organization","name":"SeryHumano.com","url":"https:\/\/seryhumano.com\/web\/","logo":{"@type":"ImageObject","inLanguage":"es","@id":"https:\/\/seryhumano.com\/web\/#\/schema\/logo\/image\/","url":"https:\/\/seryhumano.com\/web\/wp-content\/uploads\/2020\/02\/JNe5VRwH_400x400-2.jpg","contentUrl":"https:\/\/seryhumano.com\/web\/wp-content\/uploads\/2020\/02\/JNe5VRwH_400x400-2.jpg","width":400,"height":400,"caption":"SeryHumano.com"},"image":{"@id":"https:\/\/seryhumano.com\/web\/#\/schema\/logo\/image\/"},"sameAs":["https:\/\/www.facebook.com\/seryhumano\/","https:\/\/x.com\/SeryHumano","https:\/\/www.instagram.com\/seryhumano\/","https:\/\/www.linkedin.com\/company\/seryhumano-com\/","https:\/\/www.youtube.com\/channel\/UCYfgIGSxygVnJAW0e9ZBZWg"]},{"@type":"Person","@id":"https:\/\/seryhumano.com\/web\/#\/schema\/person\/fd30e8e0b394a62344b44d9b0fe75795","name":"@herrera_yosmar","description":"Eterna enamorada de la vida, comunicadora, mam\u00e1 de tres","sameAs":["http:\/\/seryhumano.com"],"url":"https:\/\/seryhumano.com\/web\/?author=2"}]}},"_links":{"self":[{"href":"https:\/\/seryhumano.com\/web\/index.php?rest_route=\/wp\/v2\/posts\/8369","targetHints":{"allow":["GET"]}}],"collection":[{"href":"https:\/\/seryhumano.com\/web\/index.php?rest_route=\/wp\/v2\/posts"}],"about":[{"href":"https:\/\/seryhumano.com\/web\/index.php?rest_route=\/wp\/v2\/types\/post"}],"author":[{"embeddable":true,"href":"https:\/\/seryhumano.com\/web\/index.php?rest_route=\/wp\/v2\/users\/2"}],"replies":[{"embeddable":true,"href":"https:\/\/seryhumano.com\/web\/index.php?rest_route=%2Fwp%2Fv2%2Fcomments&post=8369"}],"version-history":[{"count":0,"href":"https:\/\/seryhumano.com\/web\/index.php?rest_route=\/wp\/v2\/posts\/8369\/revisions"}],"wp:featuredmedia":[{"embeddable":true,"href":"https:\/\/seryhumano.com\/web\/index.php?rest_route=\/wp\/v2\/media\/8378"}],"wp:attachment":[{"href":"https:\/\/seryhumano.com\/web\/index.php?rest_route=%2Fwp%2Fv2%2Fmedia&parent=8369"}],"wp:term":[{"taxonomy":"category","embeddable":true,"href":"https:\/\/seryhumano.com\/web\/index.php?rest_route=%2Fwp%2Fv2%2Fcategories&post=8369"},{"taxonomy":"post_tag","embeddable":true,"href":"https:\/\/seryhumano.com\/web\/index.php?rest_route=%2Fwp%2Fv2%2Ftags&post=8369"}],"curies":[{"name":"wp","href":"https:\/\/api.w.org\/{rel}","templated":true}]}}